{"id":1009,"date":"2023-11-29T12:04:17","date_gmt":"2023-11-29T16:04:17","guid":{"rendered":"https:\/\/wilsonsantosmt.com.br\/?p=1009"},"modified":"2023-11-29T12:11:49","modified_gmt":"2023-11-29T16:11:49","slug":"populacao-de-pocone-sofre-com-a-falta-de-agua-constata-wilson","status":"publish","type":"post","link":"https:\/\/wilsonsantosmt.com.br\/index.php\/2023\/11\/29\/populacao-de-pocone-sofre-com-a-falta-de-agua-constata-wilson\/","title":{"rendered":"Popula\u00e7\u00e3o de Pocon\u00e9 sofre com a falta de \u00e1gua, constata Wilson"},"content":{"rendered":"\n<p><em>O deputado vistoriou o Rio Bento Gomes que abastece a vcidade e est\u00e1 completamente seco<\/em><\/p>\n\n\n\n<p>A popula\u00e7\u00e3o de Pocon\u00e9 (a 103 km de Cuiab\u00e1)&nbsp; pode estar em risco. \u00c9 o que alerta o deputado estadual Wilson Santos (PSD) que constatou que h\u00e1 cerca de 30 dias, os 28 mil moradores t\u00eam bebido \u00e1gua retirada de uma cava garimperia; um antigo e abandonado buraco aberto para garimpagem de ouro.<\/p>\n\n\n\n<p>O problema foi constato in loco nesta ter\u00e7a-feira (28), quando parlamentar esteve na cidade e visitou o rio Rio Bento Gomes, onde est\u00e1 instalada a captadora principal da concession\u00e1ria \u00c1guas de Pocon\u00e9. A estrutura est\u00e1 abandonada, j\u00e1 que o rio est\u00e1 seco. No leito, apenas pedras, galhos secos e animais mortos.<\/p>\n\n\n\n<p>\u201cO rio secou e a&nbsp;\u201c\u00c1guas de Pocon\u00e9\u201d decidiu captar a \u00e1gua de uma antiga cava de garimpagem, um perigo. Suspeito que o produto possa estar contaminado por metais pesados, como chumbo e merc\u00fario. Materiais usados na extra\u00e7\u00e3o de ouro&#8221;, explicou.<\/p>\n\n\n\n<p>Wilson esteve na sede da empresa. Uma funcion\u00e1ria garantiu que a \u00e1gua \u00e9 limpa, tratada com cloro e fl\u00faor. Disse que a cada hora a \u00e1gua \u00e9 testada para garantir sua qualidade, mas n\u00e3o p\u00f4de dar ais informa\u00e7\u00f5es porque n\u00e3o tinha autoriza\u00e7\u00e3o da empresa.<\/p>\n\n\n\n<p>Por fim, o deputado esteve na esta\u00e7\u00e3o de tratamento de \u00e1gua, mas a seguran\u00e7a n\u00e3o permitiu a entrada.<\/p>\n\n\n\n<p>\u201cA seca do Rio \u00e9 provoca por a\u00e7\u00f5es clim\u00e1ticas, pelas agress\u00f5es \u00e0 natureza e pela falta de preserva\u00e7\u00e3o e manuten\u00e7\u00e3o do rio por parte do poder p\u00fablico. Vamos investigar o que est\u00e1 acontecendo. Levar o caso \u00e0s autoridades competentes, como \u00e0 Secretaria de Estado de Meio Ambiente, para que verifique o problema e tome provid\u00eancias para que a popula\u00e7\u00e3o n\u00e3o corra riscos. [&#8230;] Estive com o prefeito Tat\u00e1 Amaral (DEM) que disse que n\u00e3o tem interesse em renocar concess\u00e3o com esta empresa apor mais 15 anos\u201d, disse.<\/p>\n\n\n\n<p>\u201cEsperamos que o problema seja resolvido. Mas, mais que trocar a empresa, \u00e9 preciso cuidar do rio, da popula\u00e7\u00e3o e do nosso pantanal que est\u00e1 acabando. N\u00e3o temo grandes aqu\u00edferos&nbsp; na regi\u00e3o e as \u00e1guas superficiais precisam ser cuidadas, isso se faz com preserva\u00e7\u00e3o dos leitos dos rios, com mata ciliar adequada, segrega\u00e7\u00e3o do esgoto in natura, muito trabalho e amor \u00e0 natureza\u201d, completou.<\/p>\n\n\n\n<figure class=\"wp-block-gallery has-nested-images columns-default is-cropped wp-block-gallery-1 is-layout-flex wp-block-gallery-is-layout-flex\">\n<figure data-wp-context=\"{ &quot;core&quot;:\n\t\t\t\t{ &quot;image&quot;:\n\t\t\t\t\t{   &quot;imageLoaded&quot;: false,\n\t\t\t\t\t\t&quot;initialized&quot;: false,\n\t\t\t\t\t\t&quot;lightboxEnabled&quot;: false,\n\t\t\t\t\t\t&quot;hideAnimationEnabled&quot;: false,\n\t\t\t\t\t\t&quot;preloadInitialized&quot;: false,\n\t\t\t\t\t\t&quot;lightboxAnimation&quot;: &quot;zoom&quot;,\n\t\t\t\t\t\t&quot;imageUploadedSrc&quot;: &quot;https:\/\/wilsonsantosmt.com.br\/wp-content\/uploads\/2023\/11\/amp-8.jpeg&quot;,\n\t\t\t\t\t\t&quot;imageCurrentSrc&quot;: &quot;&quot;,\n\t\t\t\t\t\t&quot;targetWidth&quot;: &quot;920&quot;,\n\t\t\t\t\t\t&quot;targetHeight&quot;: &quot;690&quot;,\n\t\t\t\t\t\t&quot;scaleAttr&quot;: &quot;&quot;,\n\t\t\t\t\t\t&quot;dialogLabel&quot;: &quot;Imagem aumentada&quot;\n\t\t\t\t\t}\n\t\t\t\t}\n\t\t\t}\" data-wp-interactive class=\"wp-block-image size-large wp-lightbox-container\"><img fetchpriority=\"high\" decoding=\"async\" width=\"920\" height=\"690\" data-wp-effect--setStylesOnResize=\"effects.core.image.setStylesOnResize\" data-wp-effect=\"effects.core.image.setButtonStyles\" data-wp-init=\"effects.core.image.initOriginImage\" data-wp-on--click=\"actions.core.image.showLightbox\" data-wp-on--load=\"actions.core.image.handleLoad\" data-id=\"1011\" src=\"https:\/\/wilsonsantosmt.com.br\/wp-content\/uploads\/2023\/11\/amp-8.jpeg\" alt=\"\" class=\"wp-image-1011\" srcset=\"https:\/\/wilsonsantosmt.com.br\/wp-content\/uploads\/2023\/11\/amp-8.jpeg 920w, https:\/\/wilsonsantosmt.com.br\/wp-content\/uploads\/2023\/11\/amp-8-300x225.jpeg 300w, https:\/\/wilsonsantosmt.com.br\/wp-content\/uploads\/2023\/11\/amp-8-768x576.jpeg 768w, https:\/\/wilsonsantosmt.com.br\/wp-content\/uploads\/2023\/11\/amp-8-600x450.jpeg 600w\" sizes=\"(max-width: 920px) 100vw, 920px\" \/><button\n\t\t\tclass=\"lightbox-trigger\"\n\t\t\ttype=\"button\"\n\t\t\taria-haspopup=\"dialog\"\n\t\t\taria-label=\"Aumentar imagem\"\n\t\t\tdata-wp-on--click=\"actions.core.image.showLightbox\"\n\t\t\tdata-wp-style--right=\"context.core.image.imageButtonRight\"\n\t\t\tdata-wp-style--top=\"context.core.image.imageButtonTop\"\n\t\t>\n\t\t\t<svg xmlns=\"http:\/\/www.w3.org\/2000\/svg\" width=\"12\" height=\"12\" fill=\"none\" viewBox=\"0 0 12 12\">\n\t\t\t\t<path fill=\"#fff\" d=\"M2 0a2 2 0 0 0-2 2v2h1.5V2a.5.5 0 0 1 .5-.5h2V0H2Zm2 10.5H2a.5.5 0 0 1-.5-.5V8H0v2a2 2 0 0 0 2 2h2v-1.5ZM8 12v-1.5h2a.5.5 0 0 0 .5-.5V8H12v2a2 2 0 0 1-2 2H8Zm2-12a2 2 0 0 1 2 2v2h-1.5V2a.5.5 0 0 0-.5-.5H8V0h2Z\" \/>\n\t\t\t<\/svg>\n\t\t<\/button>        <div data-wp-body=\"\" class=\"wp-lightbox-overlay zoom\"\n            data-wp-bind--role=\"selectors.core.image.roleAttribute\"\n            data-wp-bind--aria-label=\"selectors.core.image.dialogLabel\"\n            data-wp-class--initialized=\"context.core.image.initialized\"\n            data-wp-class--active=\"context.core.image.lightboxEnabled\"\n            data-wp-class--hideAnimationEnabled=\"context.core.image.hideAnimationEnabled\"\n            data-wp-bind--aria-modal=\"selectors.core.image.ariaModal\"\n            data-wp-effect=\"effects.core.image.initLightbox\"\n            data-wp-on--keydown=\"actions.core.image.handleKeydown\"\n            data-wp-on--touchstart=\"actions.core.image.handleTouchStart\"\n            data-wp-on--touchmove=\"actions.core.image.handleTouchMove\"\n            data-wp-on--touchend=\"actions.core.image.handleTouchEnd\"\n            data-wp-on--click=\"actions.core.image.hideLightbox\"\n            tabindex=\"-1\"\n            >\n                <button type=\"button\" aria-label=\"Fechar\" style=\"fill: #000\" class=\"close-button\" data-wp-on--click=\"actions.core.image.hideLightbox\">\n                    <svg xmlns=\"http:\/\/www.w3.org\/2000\/svg\" viewBox=\"0 0 24 24\" width=\"20\" height=\"20\" aria-hidden=\"true\" focusable=\"false\"><path d=\"M13 11.8l6.1-6.3-1-1-6.1 6.2-6.1-6.2-1 1 6.1 6.3-6.5 6.7 1 1 6.5-6.6 6.5 6.6 1-1z\"><\/path><\/svg>\n                <\/button>\n                <div class=\"lightbox-image-container\">\n<figure class=\"wp-block-image size-large responsive-image\"><img decoding=\"async\" data-wp-bind--src=\"context.core.image.imageCurrentSrc\" data-wp-style--object-fit=\"selectors.core.image.lightboxObjectFit\" data-id=\"1011\" src=\"\" alt=\"\" class=\"wp-image-1011\"\/><\/figure>\n<\/div>\n                <div class=\"lightbox-image-container\">\n<figure class=\"wp-block-image size-large enlarged-image\"><img decoding=\"async\" data-wp-bind--src=\"selectors.core.image.enlargedImgSrc\" data-wp-style--object-fit=\"selectors.core.image.lightboxObjectFit\" data-id=\"1011\" src=\"\" alt=\"\" class=\"wp-image-1011\"\/><\/figure>\n<\/div>\n                <div class=\"scrim\" style=\"background-color: #fff\" aria-hidden=\"true\"><\/div>\n        <\/div><\/figure>\n\n\n\n<figure class=\"wp-block-image size-large\"><img decoding=\"async\" width=\"920\" height=\"690\" data-id=\"1013\" src=\"https:\/\/wilsonsantosmt.com.br\/wp-content\/uploads\/2023\/11\/amp-5.jpeg\" alt=\"\" class=\"wp-image-1013\" srcset=\"https:\/\/wilsonsantosmt.com.br\/wp-content\/uploads\/2023\/11\/amp-5.jpeg 920w, https:\/\/wilsonsantosmt.com.br\/wp-content\/uploads\/2023\/11\/amp-5-300x225.jpeg 300w, https:\/\/wilsonsantosmt.com.br\/wp-content\/uploads\/2023\/11\/amp-5-768x576.jpeg 768w, https:\/\/wilsonsantosmt.com.br\/wp-content\/uploads\/2023\/11\/amp-5-600x450.jpeg 600w\" sizes=\"(max-width: 920px) 100vw, 920px\" \/><\/figure>\n\n\n\n<figure class=\"wp-block-image size-large\"><img decoding=\"async\" width=\"920\" height=\"690\" data-id=\"1014\" src=\"https:\/\/wilsonsantosmt.com.br\/wp-content\/uploads\/2023\/11\/amp-4.jpeg\" alt=\"\" class=\"wp-image-1014\" srcset=\"https:\/\/wilsonsantosmt.com.br\/wp-content\/uploads\/2023\/11\/amp-4.jpeg 920w, https:\/\/wilsonsantosmt.com.br\/wp-content\/uploads\/2023\/11\/amp-4-300x225.jpeg 300w, https:\/\/wilsonsantosmt.com.br\/wp-content\/uploads\/2023\/11\/amp-4-768x576.jpeg 768w, https:\/\/wilsonsantosmt.com.br\/wp-content\/uploads\/2023\/11\/amp-4-600x450.jpeg 600w\" sizes=\"(max-width: 920px) 100vw, 920px\" \/><\/figure>\n\n\n\n<figure class=\"wp-block-image size-large\"><img loading=\"lazy\" decoding=\"async\" width=\"920\" height=\"690\" data-id=\"1012\" src=\"https:\/\/wilsonsantosmt.com.br\/wp-content\/uploads\/2023\/11\/amp-1.jpeg\" alt=\"\" class=\"wp-image-1012\" srcset=\"https:\/\/wilsonsantosmt.com.br\/wp-content\/uploads\/2023\/11\/amp-1.jpeg 920w, https:\/\/wilsonsantosmt.com.br\/wp-content\/uploads\/2023\/11\/amp-1-300x225.jpeg 300w, https:\/\/wilsonsantosmt.com.br\/wp-content\/uploads\/2023\/11\/amp-1-768x576.jpeg 768w, https:\/\/wilsonsantosmt.com.br\/wp-content\/uploads\/2023\/11\/amp-1-600x450.jpeg 600w\" sizes=\"(max-width: 920px) 100vw, 920px\" \/><\/figure>\n<\/figure>\n","protected":false},"excerpt":{"rendered":"<p>\u00c9 o que alerta o deputado estadual Wilson Santos (PSD) que constatou que h\u00e1 cerca de 30 dias, os 28 mil moradores t\u00eam bebido \u00e1gua retirada de uma cava garimperia; um antigo e abandonado buraco aberto para garimpagem de ouro.<\/p>\n","protected":false},"author":2,"featured_media":1010,"comment_status":"closed","ping_status":"open","sticky":false,"template":"","format":"standard","meta":{"footnotes":""},"categories":[69,13],"tags":[70,74,71,72,73],"yoast_head":"<!-- This site is optimized with the Yoast SEO Premium plugin v21.5 (Yoast SEO v21.4) - https:\/\/yoast.com\/wordpress\/plugins\/seo\/ -->\n<title>Popula\u00e7\u00e3o de Pocon\u00e9 sofre com a falta de \u00e1gua, constata Wilson - wilsonsantosmt.com.br<\/title>\n<meta name=\"description\" content=\"\u00c9 o que alerta o deputado estadual Wilson Santos (PSD) que constatou que h\u00e1 cerca de 30 dias, os 28 mil moradores t\u00eam bebido \u00e1gua retirada de uma cava garimperia; um antigo e abandonado buraco aberto para garimpagem de ouro.\" \/>\n<meta name=\"robots\" content=\"index, follow, max-snippet:-1, max-image-preview:large, max-video-preview:-1\" \/>\n<link rel=\"canonical\" href=\"https:\/\/wilsonsantosmt.com.br\/index.php\/2023\/11\/29\/populacao-de-pocone-sofre-com-a-falta-de-agua-constata-wilson\/\" \/>\n<meta property=\"og:locale\" content=\"pt_BR\" \/>\n<meta property=\"og:type\" content=\"article\" \/>\n<meta property=\"og:title\" content=\"Popula\u00e7\u00e3o de Pocon\u00e9 sofre com a falta de \u00e1gua, constata Wilson\" \/>\n<meta property=\"og:description\" content=\"\u00c9 o que alerta o deputado estadual Wilson Santos (PSD) que constatou que h\u00e1 cerca de 30 dias, os 28 mil moradores t\u00eam bebido \u00e1gua retirada de uma cava garimperia; um antigo e abandonado buraco aberto para garimpagem de ouro.\" \/>\n<meta property=\"og:url\" content=\"https:\/\/wilsonsantosmt.com.br\/index.php\/2023\/11\/29\/populacao-de-pocone-sofre-com-a-falta-de-agua-constata-wilson\/\" \/>\n<meta property=\"og:site_name\" content=\"wilsonsantosmt.com.br\" \/>\n<meta property=\"article:publisher\" content=\"https:\/\/www.facebook.com\/WilsonSantosMT\/\" \/>\n<meta property=\"article:published_time\" content=\"2023-11-29T16:04:17+00:00\" \/>\n<meta property=\"article:modified_time\" content=\"2023-11-29T16:11:49+00:00\" \/>\n<meta property=\"og:image\" content=\"http:\/\/wilsonsantosmt.com.br\/wp-content\/uploads\/2023\/11\/we-rio.jpg\" \/>\n\t<meta property=\"og:image:width\" content=\"800\" \/>\n\t<meta property=\"og:image:height\" content=\"533\" \/>\n\t<meta property=\"og:image:type\" content=\"image\/jpeg\" \/>\n<meta name=\"author\" content=\"Robson Fraga\" \/>\n<meta name=\"twitter:card\" content=\"summary_large_image\" \/>\n<meta name=\"twitter:label1\" content=\"Escrito por\" \/>\n\t<meta name=\"twitter:data1\" content=\"Robson Fraga\" \/>\n\t<meta name=\"twitter:label2\" content=\"Est. tempo de leitura\" \/>\n\t<meta name=\"twitter:data2\" content=\"3 minutos\" \/>\n<script type=\"application\/ld+json\" class=\"yoast-schema-graph\">{\"@context\":\"https:\/\/schema.org\",\"@graph\":[{\"@type\":\"Article\",\"@id\":\"https:\/\/wilsonsantosmt.com.br\/index.php\/2023\/11\/29\/populacao-de-pocone-sofre-com-a-falta-de-agua-constata-wilson\/#article\",\"isPartOf\":{\"@id\":\"https:\/\/wilsonsantosmt.com.br\/index.php\/2023\/11\/29\/populacao-de-pocone-sofre-com-a-falta-de-agua-constata-wilson\/\"},\"author\":{\"name\":\"Robson Fraga\",\"@id\":\"https:\/\/wilsonsantosmt.com.br\/#\/schema\/person\/11958d88602764c993af38cd82f10ba7\"},\"headline\":\"Popula\u00e7\u00e3o de Pocon\u00e9 sofre com a falta de \u00e1gua, constata Wilson\",\"datePublished\":\"2023-11-29T16:04:17+00:00\",\"dateModified\":\"2023-11-29T16:11:49+00:00\",\"mainEntityOfPage\":{\"@id\":\"https:\/\/wilsonsantosmt.com.br\/index.php\/2023\/11\/29\/populacao-de-pocone-sofre-com-a-falta-de-agua-constata-wilson\/\"},\"wordCount\":407,\"publisher\":{\"@id\":\"https:\/\/wilsonsantosmt.com.br\/#\/schema\/person\/9de3c54961637a9eadb16bcbf895b1ef\"},\"keywords\":[\"efeitos da seca\",\"falta de \u00e1gua\",\"pocon\u00e9\",\"Rio bento gomes\",\"seca\"],\"articleSection\":[\"Meio Ambiente\",\"Not\u00edcias\"],\"inLanguage\":\"pt-BR\"},{\"@type\":\"WebPage\",\"@id\":\"https:\/\/wilsonsantosmt.com.br\/index.php\/2023\/11\/29\/populacao-de-pocone-sofre-com-a-falta-de-agua-constata-wilson\/\",\"url\":\"https:\/\/wilsonsantosmt.com.br\/index.php\/2023\/11\/29\/populacao-de-pocone-sofre-com-a-falta-de-agua-constata-wilson\/\",\"name\":\"Popula\u00e7\u00e3o de Pocon\u00e9 sofre com a falta de \u00e1gua, constata Wilson - wilsonsantosmt.com.br\",\"isPartOf\":{\"@id\":\"https:\/\/wilsonsantosmt.com.br\/#website\"},\"datePublished\":\"2023-11-29T16:04:17+00:00\",\"dateModified\":\"2023-11-29T16:11:49+00:00\",\"description\":\"\u00c9 o que alerta o deputado estadual Wilson Santos (PSD) que constatou que h\u00e1 cerca de 30 dias, os 28 mil moradores t\u00eam bebido \u00e1gua retirada de uma cava garimperia; um antigo e abandonado buraco aberto para garimpagem de ouro.\",\"breadcrumb\":{\"@id\":\"https:\/\/wilsonsantosmt.com.br\/index.php\/2023\/11\/29\/populacao-de-pocone-sofre-com-a-falta-de-agua-constata-wilson\/#breadcrumb\"},\"inLanguage\":\"pt-BR\",\"potentialAction\":[{\"@type\":\"ReadAction\",\"target\":[\"https:\/\/wilsonsantosmt.com.br\/index.php\/2023\/11\/29\/populacao-de-pocone-sofre-com-a-falta-de-agua-constata-wilson\/\"]}]},{\"@type\":\"BreadcrumbList\",\"@id\":\"https:\/\/wilsonsantosmt.com.br\/index.php\/2023\/11\/29\/populacao-de-pocone-sofre-com-a-falta-de-agua-constata-wilson\/#breadcrumb\",\"itemListElement\":[{\"@type\":\"ListItem\",\"position\":1,\"name\":\"In\u00edcio\",\"item\":\"https:\/\/wilsonsantosmt.com.br\/\"},{\"@type\":\"ListItem\",\"position\":2,\"name\":\"Not\u00edcias\",\"item\":\"https:\/\/wilsonsantosmt.com.br\/index.php\/category\/noticias\/\"},{\"@type\":\"ListItem\",\"position\":3,\"name\":\"Popula\u00e7\u00e3o de Pocon\u00e9 sofre com a falta de \u00e1gua, constata Wilson\"}]},{\"@type\":\"WebSite\",\"@id\":\"https:\/\/wilsonsantosmt.com.br\/#website\",\"url\":\"https:\/\/wilsonsantosmt.com.br\/\",\"name\":\"wilsonsantosmt.com.br\",\"description\":\"\",\"publisher\":{\"@id\":\"https:\/\/wilsonsantosmt.com.br\/#\/schema\/person\/9de3c54961637a9eadb16bcbf895b1ef\"},\"potentialAction\":[{\"@type\":\"SearchAction\",\"target\":{\"@type\":\"EntryPoint\",\"urlTemplate\":\"https:\/\/wilsonsantosmt.com.br\/?s={search_term_string}\"},\"query-input\":\"required name=search_term_string\"}],\"inLanguage\":\"pt-BR\"},{\"@type\":[\"Person\",\"Organization\"],\"@id\":\"https:\/\/wilsonsantosmt.com.br\/#\/schema\/person\/9de3c54961637a9eadb16bcbf895b1ef\",\"name\":\"Wilson Santos\",\"image\":{\"@type\":\"ImageObject\",\"inLanguage\":\"pt-BR\",\"@id\":\"https:\/\/wilsonsantosmt.com.br\/#\/schema\/person\/image\/\",\"url\":\"https:\/\/wilsonsantosmt.com.br\/wp-content\/uploads\/2023\/11\/310828673_653254583023360_8795459643194608438_n.jpg\",\"contentUrl\":\"https:\/\/wilsonsantosmt.com.br\/wp-content\/uploads\/2023\/11\/310828673_653254583023360_8795459643194608438_n.jpg\",\"width\":1078,\"height\":1079,\"caption\":\"Wilson Santos\"},\"logo\":{\"@id\":\"https:\/\/wilsonsantosmt.com.br\/#\/schema\/person\/image\/\"},\"sameAs\":[\"http:\/\/wilsonsantosmt.com.br\",\"https:\/\/www.facebook.com\/WilsonSantosMT\/\",\"https:\/\/www.instagram.com\/wilsonsantosmt\/\",\"https:\/\/www.youtube.com\/@WilsonSantosWS\/videos\",\"https:\/\/pt.wikipedia.org\/wiki\/Wilson_Santos\"],\"honorificPrefix\":\"Sr\",\"gender\":\"masculino\",\"jobTitle\":\"Deputado Estadual\",\"worksFor\":\"Assembleia Legislativa de Mato Grosso\"},{\"@type\":\"Person\",\"@id\":\"https:\/\/wilsonsantosmt.com.br\/#\/schema\/person\/11958d88602764c993af38cd82f10ba7\",\"name\":\"Robson Fraga\",\"image\":{\"@type\":\"ImageObject\",\"inLanguage\":\"pt-BR\",\"@id\":\"https:\/\/wilsonsantosmt.com.br\/#\/schema\/person\/image\/\",\"url\":\"https:\/\/secure.gravatar.com\/avatar\/d0901e2891368a85aa639b5f1aeff522?s=96&d=mm&r=g\",\"contentUrl\":\"https:\/\/secure.gravatar.com\/avatar\/d0901e2891368a85aa639b5f1aeff522?s=96&d=mm&r=g\",\"caption\":\"Robson Fraga\"},\"url\":\"https:\/\/wilsonsantosmt.com.br\/index.php\/author\/robson-fraga\/\"}]}<\/script>\n<!-- \/ Yoast SEO Premium plugin. -->","yoast_head_json":{"title":"Popula\u00e7\u00e3o de Pocon\u00e9 sofre com a falta de \u00e1gua, constata Wilson - wilsonsantosmt.com.br","description":"\u00c9 o que alerta o deputado estadual Wilson Santos (PSD) que constatou que h\u00e1 cerca de 30 dias, os 28 mil moradores t\u00eam bebido \u00e1gua retirada de uma cava garimperia; um antigo e abandonado buraco aberto para garimpagem de ouro.","robots":{"index":"index","follow":"follow","max-snippet":"max-snippet:-1","max-image-preview":"max-image-preview:large","max-video-preview":"max-video-preview:-1"},"canonical":"https:\/\/wilsonsantosmt.com.br\/index.php\/2023\/11\/29\/populacao-de-pocone-sofre-com-a-falta-de-agua-constata-wilson\/","og_locale":"pt_BR","og_type":"article","og_title":"Popula\u00e7\u00e3o de Pocon\u00e9 sofre com a falta de \u00e1gua, constata Wilson","og_description":"\u00c9 o que alerta o deputado estadual Wilson Santos (PSD) que constatou que h\u00e1 cerca de 30 dias, os 28 mil moradores t\u00eam bebido \u00e1gua retirada de uma cava garimperia; um antigo e abandonado buraco aberto para garimpagem de ouro.","og_url":"https:\/\/wilsonsantosmt.com.br\/index.php\/2023\/11\/29\/populacao-de-pocone-sofre-com-a-falta-de-agua-constata-wilson\/","og_site_name":"wilsonsantosmt.com.br","article_publisher":"https:\/\/www.facebook.com\/WilsonSantosMT\/","article_published_time":"2023-11-29T16:04:17+00:00","article_modified_time":"2023-11-29T16:11:49+00:00","og_image":[{"width":800,"height":533,"url":"http:\/\/wilsonsantosmt.com.br\/wp-content\/uploads\/2023\/11\/we-rio.jpg","type":"image\/jpeg"}],"author":"Robson Fraga","twitter_card":"summary_large_image","twitter_misc":{"Escrito por":"Robson Fraga","Est. tempo de leitura":"3 minutos"},"schema":{"@context":"https:\/\/schema.org","@graph":[{"@type":"Article","@id":"https:\/\/wilsonsantosmt.com.br\/index.php\/2023\/11\/29\/populacao-de-pocone-sofre-com-a-falta-de-agua-constata-wilson\/#article","isPartOf":{"@id":"https:\/\/wilsonsantosmt.com.br\/index.php\/2023\/11\/29\/populacao-de-pocone-sofre-com-a-falta-de-agua-constata-wilson\/"},"author":{"name":"Robson Fraga","@id":"https:\/\/wilsonsantosmt.com.br\/#\/schema\/person\/11958d88602764c993af38cd82f10ba7"},"headline":"Popula\u00e7\u00e3o de Pocon\u00e9 sofre com a falta de \u00e1gua, constata Wilson","datePublished":"2023-11-29T16:04:17+00:00","dateModified":"2023-11-29T16:11:49+00:00","mainEntityOfPage":{"@id":"https:\/\/wilsonsantosmt.com.br\/index.php\/2023\/11\/29\/populacao-de-pocone-sofre-com-a-falta-de-agua-constata-wilson\/"},"wordCount":407,"publisher":{"@id":"https:\/\/wilsonsantosmt.com.br\/#\/schema\/person\/9de3c54961637a9eadb16bcbf895b1ef"},"keywords":["efeitos da seca","falta de \u00e1gua","pocon\u00e9","Rio bento gomes","seca"],"articleSection":["Meio Ambiente","Not\u00edcias"],"inLanguage":"pt-BR"},{"@type":"WebPage","@id":"https:\/\/wilsonsantosmt.com.br\/index.php\/2023\/11\/29\/populacao-de-pocone-sofre-com-a-falta-de-agua-constata-wilson\/","url":"https:\/\/wilsonsantosmt.com.br\/index.php\/2023\/11\/29\/populacao-de-pocone-sofre-com-a-falta-de-agua-constata-wilson\/","name":"Popula\u00e7\u00e3o de Pocon\u00e9 sofre com a falta de \u00e1gua, constata Wilson - wilsonsantosmt.com.br","isPartOf":{"@id":"https:\/\/wilsonsantosmt.com.br\/#website"},"datePublished":"2023-11-29T16:04:17+00:00","dateModified":"2023-11-29T16:11:49+00:00","description":"\u00c9 o que alerta o deputado estadual Wilson Santos (PSD) que constatou que h\u00e1 cerca de 30 dias, os 28 mil moradores t\u00eam bebido \u00e1gua retirada de uma cava garimperia; um antigo e abandonado buraco aberto para garimpagem de ouro.","breadcrumb":{"@id":"https:\/\/wilsonsantosmt.com.br\/index.php\/2023\/11\/29\/populacao-de-pocone-sofre-com-a-falta-de-agua-constata-wilson\/#breadcrumb"},"inLanguage":"pt-BR","potentialAction":[{"@type":"ReadAction","target":["https:\/\/wilsonsantosmt.com.br\/index.php\/2023\/11\/29\/populacao-de-pocone-sofre-com-a-falta-de-agua-constata-wilson\/"]}]},{"@type":"BreadcrumbList","@id":"https:\/\/wilsonsantosmt.com.br\/index.php\/2023\/11\/29\/populacao-de-pocone-sofre-com-a-falta-de-agua-constata-wilson\/#breadcrumb","itemListElement":[{"@type":"ListItem","position":1,"name":"In\u00edcio","item":"https:\/\/wilsonsantosmt.com.br\/"},{"@type":"ListItem","position":2,"name":"Not\u00edcias","item":"https:\/\/wilsonsantosmt.com.br\/index.php\/category\/noticias\/"},{"@type":"ListItem","position":3,"name":"Popula\u00e7\u00e3o de Pocon\u00e9 sofre com a falta de \u00e1gua, constata Wilson"}]},{"@type":"WebSite","@id":"https:\/\/wilsonsantosmt.com.br\/#website","url":"https:\/\/wilsonsantosmt.com.br\/","name":"wilsonsantosmt.com.br","description":"","publisher":{"@id":"https:\/\/wilsonsantosmt.com.br\/#\/schema\/person\/9de3c54961637a9eadb16bcbf895b1ef"},"potentialAction":[{"@type":"SearchAction","target":{"@type":"EntryPoint","urlTemplate":"https:\/\/wilsonsantosmt.com.br\/?s={search_term_string}"},"query-input":"required name=search_term_string"}],"inLanguage":"pt-BR"},{"@type":["Person","Organization"],"@id":"https:\/\/wilsonsantosmt.com.br\/#\/schema\/person\/9de3c54961637a9eadb16bcbf895b1ef","name":"Wilson Santos","image":{"@type":"ImageObject","inLanguage":"pt-BR","@id":"https:\/\/wilsonsantosmt.com.br\/#\/schema\/person\/image\/","url":"https:\/\/wilsonsantosmt.com.br\/wp-content\/uploads\/2023\/11\/310828673_653254583023360_8795459643194608438_n.jpg","contentUrl":"https:\/\/wilsonsantosmt.com.br\/wp-content\/uploads\/2023\/11\/310828673_653254583023360_8795459643194608438_n.jpg","width":1078,"height":1079,"caption":"Wilson Santos"},"logo":{"@id":"https:\/\/wilsonsantosmt.com.br\/#\/schema\/person\/image\/"},"sameAs":["http:\/\/wilsonsantosmt.com.br","https:\/\/www.facebook.com\/WilsonSantosMT\/","https:\/\/www.instagram.com\/wilsonsantosmt\/","https:\/\/www.youtube.com\/@WilsonSantosWS\/videos","https:\/\/pt.wikipedia.org\/wiki\/Wilson_Santos"],"honorificPrefix":"Sr","gender":"masculino","jobTitle":"Deputado Estadual","worksFor":"Assembleia Legislativa de Mato Grosso"},{"@type":"Person","@id":"https:\/\/wilsonsantosmt.com.br\/#\/schema\/person\/11958d88602764c993af38cd82f10ba7","name":"Robson Fraga","image":{"@type":"ImageObject","inLanguage":"pt-BR","@id":"https:\/\/wilsonsantosmt.com.br\/#\/schema\/person\/image\/","url":"https:\/\/secure.gravatar.com\/avatar\/d0901e2891368a85aa639b5f1aeff522?s=96&d=mm&r=g","contentUrl":"https:\/\/secure.gravatar.com\/avatar\/d0901e2891368a85aa639b5f1aeff522?s=96&d=mm&r=g","caption":"Robson Fraga"},"url":"https:\/\/wilsonsantosmt.com.br\/index.php\/author\/robson-fraga\/"}]}},"_links":{"self":[{"href":"https:\/\/wilsonsantosmt.com.br\/index.php\/wp-json\/wp\/v2\/posts\/1009"}],"collection":[{"href":"https:\/\/wilsonsantosmt.com.br\/index.php\/wp-json\/wp\/v2\/posts"}],"about":[{"href":"https:\/\/wilsonsantosmt.com.br\/index.php\/wp-json\/wp\/v2\/types\/post"}],"author":[{"embeddable":true,"href":"https:\/\/wilsonsantosmt.com.br\/index.php\/wp-json\/wp\/v2\/users\/2"}],"replies":[{"embeddable":true,"href":"https:\/\/wilsonsantosmt.com.br\/index.php\/wp-json\/wp\/v2\/comments?post=1009"}],"version-history":[{"count":1,"href":"https:\/\/wilsonsantosmt.com.br\/index.php\/wp-json\/wp\/v2\/posts\/1009\/revisions"}],"predecessor-version":[{"id":1015,"href":"https:\/\/wilsonsantosmt.com.br\/index.php\/wp-json\/wp\/v2\/posts\/1009\/revisions\/1015"}],"wp:featuredmedia":[{"embeddable":true,"href":"https:\/\/wilsonsantosmt.com.br\/index.php\/wp-json\/wp\/v2\/media\/1010"}],"wp:attachment":[{"href":"https:\/\/wilsonsantosmt.com.br\/index.php\/wp-json\/wp\/v2\/media?parent=1009"}],"wp:term":[{"taxonomy":"category","embeddable":true,"href":"https:\/\/wilsonsantosmt.com.br\/index.php\/wp-json\/wp\/v2\/categories?post=1009"},{"taxonomy":"post_tag","embeddable":true,"href":"https:\/\/wilsonsantosmt.com.br\/index.php\/wp-json\/wp\/v2\/tags?post=1009"}],"curies":[{"name":"wp","href":"https:\/\/api.w.org\/{rel}","templated":true}]}}