{"id":1035,"date":"2023-12-11T21:18:22","date_gmt":"2023-12-12T01:18:22","guid":{"rendered":"https:\/\/wilsonsantosmt.com.br\/?p=1035"},"modified":"2023-12-11T21:18:23","modified_gmt":"2023-12-12T01:18:23","slug":"equipamentos-apreendidos-em-acoes-ilegais-vao-para-agricultura-familiar","status":"publish","type":"post","link":"https:\/\/wilsonsantosmt.com.br\/index.php\/2023\/12\/11\/equipamentos-apreendidos-em-acoes-ilegais-vao-para-agricultura-familiar\/","title":{"rendered":"Equipamentos apreendidos em a\u00e7\u00f5es ilegais v\u00e3o para agricultura familiar"},"content":{"rendered":"\n<p>O presidente da Assembleia Legislativa, deputado Eduardo Botelho (Uni\u00e3o Brasil), sancionou a lei 12.342\/2023. Ela obriga o estado a doar para a agricultura familiar tratores e demais maquin\u00e1rios e equipamentos apreendidos no combate \u00e0 extra\u00e7\u00e3o de min\u00e9rios e ao desmatamento ilegais.<\/p>\n\n\n\n<p>A legisla\u00e7\u00e3o \u00e9 de autoria dos deputados Gilberto Cattani (PL) e Wilson Santos (PSD) e est\u00e1 em vigor desde o dia 5 de dezembro.<\/p>\n\n\n\n<p>\u201cAs institui\u00e7\u00f5es respons\u00e1veis pela apreens\u00e3o devem entrar em contato com a associa\u00e7\u00e3o da agricultura familiar e concretizar a doa\u00e7\u00e3o\u201d, diz o artigo 2\u00ba.<\/p>\n\n\n\n<p>Ter\u00e3o prioridade empreendimentos que n\u00e3o possuam tais equipamentos e n\u00e3o estejam envolvidos em degrada\u00e7\u00e3o ambiental.<\/p>\n\n\n\n<p>\u201cA concess\u00e3o dos incentivos \u00e0 doa\u00e7\u00e3o e \u00e0 utiliza\u00e7\u00e3o das m\u00e1quinas e equipamentos ser\u00e3o priorit\u00e1rias \u00e0s pequenas propriedades ou \u00e0s propriedade que n\u00e3o possuam, al\u00e9m de terem prefer\u00eancia os empreendimentos que n\u00e3o ocasionam degrada\u00e7\u00e3o ambiental\u201d, diz o artigo 3\u00ba da lei.<\/p>\n\n\n\n<p>\u201cAntes, o \u00f3rg\u00e3o que fazia a apreens\u00e3o, como a Secretaria de Estado de Meio Ambiente (SEMA), por exemplo, optava por destruir ou n\u00e3o os equipamentos. Agora, por iniciativa desta lei, os mesmos passam a ter um fim social e v\u00e3o ajudar no desenvolvimento da agricultura familiar do nosso estado, respons\u00e1vel por cerca de 80% dos alimentos que chegam \u00e0s mesas das fam\u00edlias mato-grossenses. Gente que trabalha duro, honestamente, e que na maior parte das vezes n\u00e3o tem condi\u00e7\u00f5es de adquirir tratores esses equipamentos para sua produ\u00e7\u00e3o\u201d, explicou Wilson Santos.<\/p>\n","protected":false},"excerpt":{"rendered":"<p>A lei 12.342\/23 foi promulgada pelo presidente da Assembleia Legislativa<\/p>\n","protected":false},"author":2,"featured_media":1036,"comment_status":"closed","ping_status":"open","sticky":false,"template":"","format":"standard","meta":{"footnotes":""},"categories":[84,13],"tags":[85,88,89,87,86,63],"yoast_head":"<!-- This site is optimized with the Yoast SEO Premium plugin v21.5 (Yoast SEO v21.4) - https:\/\/yoast.com\/wordpress\/plugins\/seo\/ -->\n<title>Equipamentos apreendidos em a\u00e7\u00f5es ilegais v\u00e3o para agricultura familiar - wilsonsantosmt.com.br<\/title>\n<meta name=\"description\" content=\"A lei 12.342\/23 foi promulgada pelo presidente da Assembleia Legislativa\" \/>\n<meta name=\"robots\" content=\"index, follow, max-snippet:-1, max-image-preview:large, max-video-preview:-1\" \/>\n<link rel=\"canonical\" href=\"https:\/\/wilsonsantosmt.com.br\/index.php\/2023\/12\/11\/equipamentos-apreendidos-em-acoes-ilegais-vao-para-agricultura-familiar\/\" \/>\n<meta property=\"og:locale\" content=\"pt_BR\" \/>\n<meta property=\"og:type\" content=\"article\" \/>\n<meta property=\"og:title\" content=\"Equipamentos apreendidos em a\u00e7\u00f5es ilegais v\u00e3o para agricultura familiar\" \/>\n<meta property=\"og:description\" content=\"A lei 12.342\/23 foi promulgada pelo presidente da Assembleia Legislativa\" \/>\n<meta property=\"og:url\" content=\"https:\/\/wilsonsantosmt.com.br\/index.php\/2023\/12\/11\/equipamentos-apreendidos-em-acoes-ilegais-vao-para-agricultura-familiar\/\" \/>\n<meta property=\"og:site_name\" content=\"wilsonsantosmt.com.br\" \/>\n<meta property=\"article:publisher\" content=\"https:\/\/www.facebook.com\/WilsonSantosMT\/\" \/>\n<meta property=\"article:published_time\" content=\"2023-12-12T01:18:22+00:00\" \/>\n<meta property=\"article:modified_time\" content=\"2023-12-12T01:18:23+00:00\" \/>\n<meta property=\"og:image\" content=\"http:\/\/wilsonsantosmt.com.br\/wp-content\/uploads\/2023\/12\/MAQUINAS-APREENDIDAS.jpg\" \/>\n\t<meta property=\"og:image:width\" content=\"750\" \/>\n\t<meta property=\"og:image:height\" content=\"500\" \/>\n\t<meta property=\"og:image:type\" content=\"image\/jpeg\" \/>\n<meta name=\"author\" content=\"Robson Fraga\" \/>\n<meta name=\"twitter:card\" content=\"summary_large_image\" \/>\n<meta name=\"twitter:label1\" content=\"Escrito por\" \/>\n\t<meta name=\"twitter:data1\" content=\"Robson Fraga\" \/>\n\t<meta name=\"twitter:label2\" content=\"Est. tempo de leitura\" \/>\n\t<meta name=\"twitter:data2\" content=\"2 minutos\" \/>\n<script type=\"application\/ld+json\" class=\"yoast-schema-graph\">{\"@context\":\"https:\/\/schema.org\",\"@graph\":[{\"@type\":\"Article\",\"@id\":\"https:\/\/wilsonsantosmt.com.br\/index.php\/2023\/12\/11\/equipamentos-apreendidos-em-acoes-ilegais-vao-para-agricultura-familiar\/#article\",\"isPartOf\":{\"@id\":\"https:\/\/wilsonsantosmt.com.br\/index.php\/2023\/12\/11\/equipamentos-apreendidos-em-acoes-ilegais-vao-para-agricultura-familiar\/\"},\"author\":{\"name\":\"Robson Fraga\",\"@id\":\"https:\/\/wilsonsantosmt.com.br\/#\/schema\/person\/11958d88602764c993af38cd82f10ba7\"},\"headline\":\"Equipamentos apreendidos em a\u00e7\u00f5es ilegais v\u00e3o para agricultura familiar\",\"datePublished\":\"2023-12-12T01:18:22+00:00\",\"dateModified\":\"2023-12-12T01:18:23+00:00\",\"mainEntityOfPage\":{\"@id\":\"https:\/\/wilsonsantosmt.com.br\/index.php\/2023\/12\/11\/equipamentos-apreendidos-em-acoes-ilegais-vao-para-agricultura-familiar\/\"},\"wordCount\":269,\"publisher\":{\"@id\":\"https:\/\/wilsonsantosmt.com.br\/#\/schema\/person\/9de3c54961637a9eadb16bcbf895b1ef\"},\"keywords\":[\"agora \u00e9 lei\",\"agricultura familias\",\"doa\u00e7\u00e3o\",\"equipamentos apreendidos\",\"lei 12.342\/2023\",\"wilson santos\"],\"articleSection\":[\"Lei\",\"Not\u00edcias\"],\"inLanguage\":\"pt-BR\"},{\"@type\":\"WebPage\",\"@id\":\"https:\/\/wilsonsantosmt.com.br\/index.php\/2023\/12\/11\/equipamentos-apreendidos-em-acoes-ilegais-vao-para-agricultura-familiar\/\",\"url\":\"https:\/\/wilsonsantosmt.com.br\/index.php\/2023\/12\/11\/equipamentos-apreendidos-em-acoes-ilegais-vao-para-agricultura-familiar\/\",\"name\":\"Equipamentos apreendidos em a\u00e7\u00f5es ilegais v\u00e3o para agricultura familiar - wilsonsantosmt.com.br\",\"isPartOf\":{\"@id\":\"https:\/\/wilsonsantosmt.com.br\/#website\"},\"datePublished\":\"2023-12-12T01:18:22+00:00\",\"dateModified\":\"2023-12-12T01:18:23+00:00\",\"description\":\"A lei 12.342\/23 foi promulgada pelo presidente da Assembleia Legislativa\",\"breadcrumb\":{\"@id\":\"https:\/\/wilsonsantosmt.com.br\/index.php\/2023\/12\/11\/equipamentos-apreendidos-em-acoes-ilegais-vao-para-agricultura-familiar\/#breadcrumb\"},\"inLanguage\":\"pt-BR\",\"potentialAction\":[{\"@type\":\"ReadAction\",\"target\":[\"https:\/\/wilsonsantosmt.com.br\/index.php\/2023\/12\/11\/equipamentos-apreendidos-em-acoes-ilegais-vao-para-agricultura-familiar\/\"]}]},{\"@type\":\"BreadcrumbList\",\"@id\":\"https:\/\/wilsonsantosmt.com.br\/index.php\/2023\/12\/11\/equipamentos-apreendidos-em-acoes-ilegais-vao-para-agricultura-familiar\/#breadcrumb\",\"itemListElement\":[{\"@type\":\"ListItem\",\"position\":1,\"name\":\"In\u00edcio\",\"item\":\"https:\/\/wilsonsantosmt.com.br\/\"},{\"@type\":\"ListItem\",\"position\":2,\"name\":\"Not\u00edcias\",\"item\":\"https:\/\/wilsonsantosmt.com.br\/index.php\/category\/noticias\/\"},{\"@type\":\"ListItem\",\"position\":3,\"name\":\"Equipamentos apreendidos em a\u00e7\u00f5es ilegais v\u00e3o para agricultura familiar\"}]},{\"@type\":\"WebSite\",\"@id\":\"https:\/\/wilsonsantosmt.com.br\/#website\",\"url\":\"https:\/\/wilsonsantosmt.com.br\/\",\"name\":\"wilsonsantosmt.com.br\",\"description\":\"\",\"publisher\":{\"@id\":\"https:\/\/wilsonsantosmt.com.br\/#\/schema\/person\/9de3c54961637a9eadb16bcbf895b1ef\"},\"potentialAction\":[{\"@type\":\"SearchAction\",\"target\":{\"@type\":\"EntryPoint\",\"urlTemplate\":\"https:\/\/wilsonsantosmt.com.br\/?s={search_term_string}\"},\"query-input\":\"required name=search_term_string\"}],\"inLanguage\":\"pt-BR\"},{\"@type\":[\"Person\",\"Organization\"],\"@id\":\"https:\/\/wilsonsantosmt.com.br\/#\/schema\/person\/9de3c54961637a9eadb16bcbf895b1ef\",\"name\":\"Wilson Santos\",\"image\":{\"@type\":\"ImageObject\",\"inLanguage\":\"pt-BR\",\"@id\":\"https:\/\/wilsonsantosmt.com.br\/#\/schema\/person\/image\/\",\"url\":\"https:\/\/wilsonsantosmt.com.br\/wp-content\/uploads\/2023\/11\/310828673_653254583023360_8795459643194608438_n.jpg\",\"contentUrl\":\"https:\/\/wilsonsantosmt.com.br\/wp-content\/uploads\/2023\/11\/310828673_653254583023360_8795459643194608438_n.jpg\",\"width\":1078,\"height\":1079,\"caption\":\"Wilson Santos\"},\"logo\":{\"@id\":\"https:\/\/wilsonsantosmt.com.br\/#\/schema\/person\/image\/\"},\"sameAs\":[\"http:\/\/wilsonsantosmt.com.br\",\"https:\/\/www.facebook.com\/WilsonSantosMT\/\",\"https:\/\/www.instagram.com\/wilsonsantosmt\/\",\"https:\/\/www.youtube.com\/@WilsonSantosWS\/videos\",\"https:\/\/pt.wikipedia.org\/wiki\/Wilson_Santos\"],\"honorificPrefix\":\"Sr\",\"gender\":\"masculino\",\"jobTitle\":\"Deputado Estadual\",\"worksFor\":\"Assembleia Legislativa de Mato Grosso\"},{\"@type\":\"Person\",\"@id\":\"https:\/\/wilsonsantosmt.com.br\/#\/schema\/person\/11958d88602764c993af38cd82f10ba7\",\"name\":\"Robson Fraga\",\"image\":{\"@type\":\"ImageObject\",\"inLanguage\":\"pt-BR\",\"@id\":\"https:\/\/wilsonsantosmt.com.br\/#\/schema\/person\/image\/\",\"url\":\"https:\/\/secure.gravatar.com\/avatar\/d0901e2891368a85aa639b5f1aeff522?s=96&d=mm&r=g\",\"contentUrl\":\"https:\/\/secure.gravatar.com\/avatar\/d0901e2891368a85aa639b5f1aeff522?s=96&d=mm&r=g\",\"caption\":\"Robson Fraga\"},\"url\":\"https:\/\/wilsonsantosmt.com.br\/index.php\/author\/robson-fraga\/\"}]}<\/script>\n<!-- \/ Yoast SEO Premium plugin. -->","yoast_head_json":{"title":"Equipamentos apreendidos em a\u00e7\u00f5es ilegais v\u00e3o para agricultura familiar - wilsonsantosmt.com.br","description":"A lei 12.342\/23 foi promulgada pelo presidente da Assembleia Legislativa","robots":{"index":"index","follow":"follow","max-snippet":"max-snippet:-1","max-image-preview":"max-image-preview:large","max-video-preview":"max-video-preview:-1"},"canonical":"https:\/\/wilsonsantosmt.com.br\/index.php\/2023\/12\/11\/equipamentos-apreendidos-em-acoes-ilegais-vao-para-agricultura-familiar\/","og_locale":"pt_BR","og_type":"article","og_title":"Equipamentos apreendidos em a\u00e7\u00f5es ilegais v\u00e3o para agricultura familiar","og_description":"A lei 12.342\/23 foi promulgada pelo presidente da Assembleia Legislativa","og_url":"https:\/\/wilsonsantosmt.com.br\/index.php\/2023\/12\/11\/equipamentos-apreendidos-em-acoes-ilegais-vao-para-agricultura-familiar\/","og_site_name":"wilsonsantosmt.com.br","article_publisher":"https:\/\/www.facebook.com\/WilsonSantosMT\/","article_published_time":"2023-12-12T01:18:22+00:00","article_modified_time":"2023-12-12T01:18:23+00:00","og_image":[{"width":750,"height":500,"url":"http:\/\/wilsonsantosmt.com.br\/wp-content\/uploads\/2023\/12\/MAQUINAS-APREENDIDAS.jpg","type":"image\/jpeg"}],"author":"Robson Fraga","twitter_card":"summary_large_image","twitter_misc":{"Escrito por":"Robson Fraga","Est. tempo de leitura":"2 minutos"},"schema":{"@context":"https:\/\/schema.org","@graph":[{"@type":"Article","@id":"https:\/\/wilsonsantosmt.com.br\/index.php\/2023\/12\/11\/equipamentos-apreendidos-em-acoes-ilegais-vao-para-agricultura-familiar\/#article","isPartOf":{"@id":"https:\/\/wilsonsantosmt.com.br\/index.php\/2023\/12\/11\/equipamentos-apreendidos-em-acoes-ilegais-vao-para-agricultura-familiar\/"},"author":{"name":"Robson Fraga","@id":"https:\/\/wilsonsantosmt.com.br\/#\/schema\/person\/11958d88602764c993af38cd82f10ba7"},"headline":"Equipamentos apreendidos em a\u00e7\u00f5es ilegais v\u00e3o para agricultura familiar","datePublished":"2023-12-12T01:18:22+00:00","dateModified":"2023-12-12T01:18:23+00:00","mainEntityOfPage":{"@id":"https:\/\/wilsonsantosmt.com.br\/index.php\/2023\/12\/11\/equipamentos-apreendidos-em-acoes-ilegais-vao-para-agricultura-familiar\/"},"wordCount":269,"publisher":{"@id":"https:\/\/wilsonsantosmt.com.br\/#\/schema\/person\/9de3c54961637a9eadb16bcbf895b1ef"},"keywords":["agora \u00e9 lei","agricultura familias","doa\u00e7\u00e3o","equipamentos apreendidos","lei 12.342\/2023","wilson santos"],"articleSection":["Lei","Not\u00edcias"],"inLanguage":"pt-BR"},{"@type":"WebPage","@id":"https:\/\/wilsonsantosmt.com.br\/index.php\/2023\/12\/11\/equipamentos-apreendidos-em-acoes-ilegais-vao-para-agricultura-familiar\/","url":"https:\/\/wilsonsantosmt.com.br\/index.php\/2023\/12\/11\/equipamentos-apreendidos-em-acoes-ilegais-vao-para-agricultura-familiar\/","name":"Equipamentos apreendidos em a\u00e7\u00f5es ilegais v\u00e3o para agricultura familiar - wilsonsantosmt.com.br","isPartOf":{"@id":"https:\/\/wilsonsantosmt.com.br\/#website"},"datePublished":"2023-12-12T01:18:22+00:00","dateModified":"2023-12-12T01:18:23+00:00","description":"A lei 12.342\/23 foi promulgada pelo presidente da Assembleia Legislativa","breadcrumb":{"@id":"https:\/\/wilsonsantosmt.com.br\/index.php\/2023\/12\/11\/equipamentos-apreendidos-em-acoes-ilegais-vao-para-agricultura-familiar\/#breadcrumb"},"inLanguage":"pt-BR","potentialAction":[{"@type":"ReadAction","target":["https:\/\/wilsonsantosmt.com.br\/index.php\/2023\/12\/11\/equipamentos-apreendidos-em-acoes-ilegais-vao-para-agricultura-familiar\/"]}]},{"@type":"BreadcrumbList","@id":"https:\/\/wilsonsantosmt.com.br\/index.php\/2023\/12\/11\/equipamentos-apreendidos-em-acoes-ilegais-vao-para-agricultura-familiar\/#breadcrumb","itemListElement":[{"@type":"ListItem","position":1,"name":"In\u00edcio","item":"https:\/\/wilsonsantosmt.com.br\/"},{"@type":"ListItem","position":2,"name":"Not\u00edcias","item":"https:\/\/wilsonsantosmt.com.br\/index.php\/category\/noticias\/"},{"@type":"ListItem","position":3,"name":"Equipamentos apreendidos em a\u00e7\u00f5es ilegais v\u00e3o para agricultura familiar"}]},{"@type":"WebSite","@id":"https:\/\/wilsonsantosmt.com.br\/#website","url":"https:\/\/wilsonsantosmt.com.br\/","name":"wilsonsantosmt.com.br","description":"","publisher":{"@id":"https:\/\/wilsonsantosmt.com.br\/#\/schema\/person\/9de3c54961637a9eadb16bcbf895b1ef"},"potentialAction":[{"@type":"SearchAction","target":{"@type":"EntryPoint","urlTemplate":"https:\/\/wilsonsantosmt.com.br\/?s={search_term_string}"},"query-input":"required name=search_term_string"}],"inLanguage":"pt-BR"},{"@type":["Person","Organization"],"@id":"https:\/\/wilsonsantosmt.com.br\/#\/schema\/person\/9de3c54961637a9eadb16bcbf895b1ef","name":"Wilson Santos","image":{"@type":"ImageObject","inLanguage":"pt-BR","@id":"https:\/\/wilsonsantosmt.com.br\/#\/schema\/person\/image\/","url":"https:\/\/wilsonsantosmt.com.br\/wp-content\/uploads\/2023\/11\/310828673_653254583023360_8795459643194608438_n.jpg","contentUrl":"https:\/\/wilsonsantosmt.com.br\/wp-content\/uploads\/2023\/11\/310828673_653254583023360_8795459643194608438_n.jpg","width":1078,"height":1079,"caption":"Wilson Santos"},"logo":{"@id":"https:\/\/wilsonsantosmt.com.br\/#\/schema\/person\/image\/"},"sameAs":["http:\/\/wilsonsantosmt.com.br","https:\/\/www.facebook.com\/WilsonSantosMT\/","https:\/\/www.instagram.com\/wilsonsantosmt\/","https:\/\/www.youtube.com\/@WilsonSantosWS\/videos","https:\/\/pt.wikipedia.org\/wiki\/Wilson_Santos"],"honorificPrefix":"Sr","gender":"masculino","jobTitle":"Deputado Estadual","worksFor":"Assembleia Legislativa de Mato Grosso"},{"@type":"Person","@id":"https:\/\/wilsonsantosmt.com.br\/#\/schema\/person\/11958d88602764c993af38cd82f10ba7","name":"Robson Fraga","image":{"@type":"ImageObject","inLanguage":"pt-BR","@id":"https:\/\/wilsonsantosmt.com.br\/#\/schema\/person\/image\/","url":"https:\/\/secure.gravatar.com\/avatar\/d0901e2891368a85aa639b5f1aeff522?s=96&d=mm&r=g","contentUrl":"https:\/\/secure.gravatar.com\/avatar\/d0901e2891368a85aa639b5f1aeff522?s=96&d=mm&r=g","caption":"Robson Fraga"},"url":"https:\/\/wilsonsantosmt.com.br\/index.php\/author\/robson-fraga\/"}]}},"_links":{"self":[{"href":"https:\/\/wilsonsantosmt.com.br\/index.php\/wp-json\/wp\/v2\/posts\/1035"}],"collection":[{"href":"https:\/\/wilsonsantosmt.com.br\/index.php\/wp-json\/wp\/v2\/posts"}],"about":[{"href":"https:\/\/wilsonsantosmt.com.br\/index.php\/wp-json\/wp\/v2\/types\/post"}],"author":[{"embeddable":true,"href":"https:\/\/wilsonsantosmt.com.br\/index.php\/wp-json\/wp\/v2\/users\/2"}],"replies":[{"embeddable":true,"href":"https:\/\/wilsonsantosmt.com.br\/index.php\/wp-json\/wp\/v2\/comments?post=1035"}],"version-history":[{"count":1,"href":"https:\/\/wilsonsantosmt.com.br\/index.php\/wp-json\/wp\/v2\/posts\/1035\/revisions"}],"predecessor-version":[{"id":1037,"href":"https:\/\/wilsonsantosmt.com.br\/index.php\/wp-json\/wp\/v2\/posts\/1035\/revisions\/1037"}],"wp:featuredmedia":[{"embeddable":true,"href":"https:\/\/wilsonsantosmt.com.br\/index.php\/wp-json\/wp\/v2\/media\/1036"}],"wp:attachment":[{"href":"https:\/\/wilsonsantosmt.com.br\/index.php\/wp-json\/wp\/v2\/media?parent=1035"}],"wp:term":[{"taxonomy":"category","embeddable":true,"href":"https:\/\/wilsonsantosmt.com.br\/index.php\/wp-json\/wp\/v2\/categories?post=1035"},{"taxonomy":"post_tag","embeddable":true,"href":"https:\/\/wilsonsantosmt.com.br\/index.php\/wp-json\/wp\/v2\/tags?post=1035"}],"curies":[{"name":"wp","href":"https:\/\/api.w.org\/{rel}","templated":true}]}}