{"id":1066,"date":"2024-01-03T16:02:43","date_gmt":"2024-01-03T20:02:43","guid":{"rendered":"https:\/\/wilsonsantosmt.com.br\/?p=1066"},"modified":"2024-01-03T16:02:44","modified_gmt":"2024-01-03T20:02:44","slug":"uso-de-cameras-pelo-bope-do-rj-pode-reacender-as-discussoes-em-mt","status":"publish","type":"post","link":"https:\/\/wilsonsantosmt.com.br\/index.php\/2024\/01\/03\/uso-de-cameras-pelo-bope-do-rj-pode-reacender-as-discussoes-em-mt\/","title":{"rendered":"Uso de c\u00e2meras pelo Bope do RJ pode reacender as discuss\u00f5es em MT"},"content":{"rendered":"\n<p><\/p>\n\n\n\n<p>Policiais militares do Batalh\u00e3o de Opera\u00e7\u00f5es Especiais (Bope) do Rio de Janeiro passar\u00e3o a usar c\u00e2meras nas fardas e viaturas a partir da pr\u00f3xima segunda-feira (8). O objetivo \u00e9 diminuir poss\u00edveis abusos de autoridade e de preservar militares e a popula\u00e7\u00e3o em meio a crescente onda de viol\u00eancia que se espalhou no estado e no pa\u00eds.<\/p>\n\n\n\n<p>O Bope j\u00e1 treina com os equipamentos, segundo o secret\u00e1rio de Estado de Pol\u00edcia Militar, coronel Luiz Henrique Marinho Pires. Isso, depois de quatro anos de intensas discuss\u00f5es para reduzir a letalidade policial nas favelas cariocas e fluminenses.<\/p>\n\n\n\n<p>A medida foi determinada pelo ministro Edson Fachin, do Supremo Tribunal Federal (STF), em julho de 2023, ao analisar a Argui\u00e7\u00e3o de Descumprimento de Preceito Fundamental 635 (ADPF), conhecida como ADPF das Favelas. Ele estabeleceu a obrigatoriedade do uso dos equipamentos por agentes das for\u00e7as especiais das pol\u00edcias Civil e Militar, al\u00e9m da grava\u00e7\u00e3o em \u00e1udio e v\u00eddeo em viaturas. Medida que foi decretada pelo Governo logo em seguida. No RJ, 90% da corpora\u00e7\u00e3o j\u00e1 conta com o equipamento.<\/p>\n\n\n\n<p>O ministro tamb\u00e9m obrigou que o Plano de Redu\u00e7\u00e3o da Letalidade Policial contemple o controle de armas e muni\u00e7\u00f5es, a participa\u00e7\u00e3o das v\u00edtimas na investiga\u00e7\u00e3o, a implementa\u00e7\u00e3o de c\u00e2meras com prioridade para a prote\u00e7\u00e3o de vidas de pessoas negras e moradoras de favelas, al\u00e9m de medidas de enfrentamento ao racismo.<\/p>\n\n\n\n<p>Dados do Instituto de Seguran\u00e7a P\u00fablica (ISP-RJ), mostram que em 2022, 1.327 pessoas morreram em a\u00e7\u00f5es das for\u00e7as de seguran\u00e7a do estado do Rio, equivalente a 29,7% de todas as mortes violentas (homic\u00eddios dolosos, mortes decorrentes de a\u00e7\u00e3o policial, roubo seguido de morte e les\u00e3o corporal seguida de morte) registradas naquele ano, que totalizaram 4.473.<\/p>\n\n\n\n<p>Mato Grosso<\/p>\n\n\n\n<p>Em Mato Grosso, o PL 213\/2023, de autoria do deputado estadual Wilson Santos (PSD), trata do mesmo tema, mas continua engavetado na Assembleia Legislativa. Foi apresentado ap\u00f3s a morte do jovem Diego Kalininski, 25 anos, em 4 fevereiro. O rapaz foi executado por um policial militar ap\u00f3s ser retirado de uma festa no munic\u00edpio de Vera (a 460 km de Cuiab\u00e1). O militar alegou leg\u00edtima defesa, embora imagens gravadas por populares revelassem que n\u00e3o houve qualquer agress\u00e3o por parte da v\u00edtima.<\/p>\n\n\n\n<p>Projeto semelhante j\u00e1 havia sido apresentado pelo parlamentar no ano anterior, mas arquivado na Assembleia Legislativa a pedido do Governo do Estado atrav\u00e9s de sua lideran\u00e7a na Casa de Leis.<\/p>\n\n\n\n<p>Vale lembrar que os abusos n\u00e3o pararam com a morte Diego Kalininski. No dia 5 de agosto do mesmo ano, durante pronunciamento na Comiss\u00e3o de Constitui\u00e7\u00e3o, Justi\u00e7a e Reda\u00e7\u00e3o (CCJR), da Assembleia Legislativa, Wilson Santos repudiou outro caso de viol\u00eancia policial no estado, ocorrido um dia antes de sua fala. Thiago Graciote Moraes, de 29 anos, tamb\u00e9m foi executado pela PM. Desta vez, em uma lanchonete no munic\u00edpio de Cotrigua\u00e7u (955 km de Cuiab\u00e1). &#8220;Abuso de autoridade que tamb\u00e9m poderia ter sido evitado se o militar estivesse usando uma c\u00e2mera em seu uniforme&#8221;.<\/p>\n\n\n\n<p>&#8220;O rapaz havia sido retirado pela PM de uma festa por bebedeira. Quando tudo parecia resolvido, um policial lhe deu um chute e ele caiu no ch\u00e3o. Quando conseguiu se levantar, disse que n\u00e3o era bandido para ser tratado daquele jeito e foi alvejado morrendo no local. Isso \u00e9 um absurdo! A Pol\u00edcia existe para proteger o cidad\u00e3o, n\u00e3o para matar. Se este policial estivesse com uma c\u00e2mera em seu uniforme teria pensado duas, tr\u00eas, quatro vezes antes de agir desta forma&#8221;, disse o deputado.<\/p>\n\n\n\n<p>Wilson tamb\u00e9m chamou a aten\u00e7\u00e3o para a necessidade do uso de armas menos letais.<\/p>\n\n\n\n<p>&#8220;O Governo do Estado precisa investir em treinamento e em tamb\u00e9m armas menos letais que imobilizam sem tirar a vida das pessoas. Pistolas de eletrochoque &#8211; como as Taser, spray de pimenta ou outros equipamentos. N\u00e3o adianta dizer que tem a Pol\u00edcia mais bem equipada do pa\u00eds, se nossos policiais usam sem qualquer controle armas que matam. Ou muda ou o governador vai continuar emitindo notas de pesar, pedindo desculpas \u00e0s fam\u00edlias e \u00e0 sociedade sem qualquer efeito pr\u00e1tico. Desculpas n\u00e3o trazem as v\u00edtimas de volta \u00e0 vida de ningu\u00e9m. Armas menos letais impedem que elas morram&#8221;.<\/p>\n\n\n\n<p>Com o exemplo do Rio de Janeiro, que passar\u00e1 a usar as c\u00e2meras, como j\u00e1 faz S\u00e3o Paulo e outros estados, Wilson espera que o PL 213\/23 ganhe urg\u00eancia em sua tramita\u00e7\u00e3o no Legislativo mato-grossense &#8220;para que o estado tamb\u00e9m n\u00e3o seja for\u00e7ado a aplic\u00e1-lo por determina\u00e7\u00e3o judicial, como foi o Rio de Janeiro&#8221;.<\/p>\n\n\n\n<p>&#8220;Esperamos que o exemplo do Rio sirva para sensibilizar os parlamentares de Mato Grosso para a necessidade de aprova\u00e7\u00e3o do nosso PL. J\u00e1 est\u00e1 mais que provado que o uso das c\u00e2meras diminui a letalidade nas a\u00e7\u00f5es policiais e ajuda a preservar todos os envolvidos. O policial que segue as regras de conduta n\u00e3o tem o que temer, inclusive porque os equipamentos servem tamb\u00e9m para gerar provas a seu favor em casos de desacato, viol\u00eancia provocada por bandidos ou populares e acusa\u00e7\u00f5es infundadas&#8221;.<\/p>\n","protected":false},"excerpt":{"rendered":"<p>PL do deputado Wilson Santos obriga a instala\u00e7\u00e3o de c\u00e2meras em fardas e viaturas<\/p>\n","protected":false},"author":2,"featured_media":1067,"comment_status":"closed","ping_status":"open","sticky":false,"template":"","format":"standard","meta":{"footnotes":""},"categories":[13],"tags":[97,98,63],"yoast_head":"<!-- This site is optimized with the Yoast SEO Premium plugin v21.5 (Yoast SEO v21.4) - https:\/\/yoast.com\/wordpress\/plugins\/seo\/ -->\n<title>Uso de c\u00e2meras pelo Bope do RJ pode reacender as discuss\u00f5es em MT - wilsonsantosmt.com.br<\/title>\n<meta name=\"description\" content=\"Policiais militares do Batalh\u00e3o de Opera\u00e7\u00f5es Especiais (Bope) do Rio de Janeiro passar\u00e3o a usar c\u00e2meras nas fardas e viaturas a partir da pr\u00f3xima segunda-feira (8).\" \/>\n<meta name=\"robots\" content=\"index, follow, max-snippet:-1, max-image-preview:large, max-video-preview:-1\" \/>\n<link rel=\"canonical\" href=\"https:\/\/wilsonsantosmt.com.br\/index.php\/2024\/01\/03\/uso-de-cameras-pelo-bope-do-rj-pode-reacender-as-discussoes-em-mt\/\" \/>\n<meta property=\"og:locale\" content=\"pt_BR\" \/>\n<meta property=\"og:type\" content=\"article\" \/>\n<meta property=\"og:title\" content=\"Uso de c\u00e2meras pelo Bope do RJ pode reacender as discuss\u00f5es em MT\" \/>\n<meta property=\"og:description\" content=\"Policiais militares do Batalh\u00e3o de Opera\u00e7\u00f5es Especiais (Bope) do Rio de Janeiro passar\u00e3o a usar c\u00e2meras nas fardas e viaturas a partir da pr\u00f3xima segunda-feira (8).\" \/>\n<meta property=\"og:url\" content=\"https:\/\/wilsonsantosmt.com.br\/index.php\/2024\/01\/03\/uso-de-cameras-pelo-bope-do-rj-pode-reacender-as-discussoes-em-mt\/\" \/>\n<meta property=\"og:site_name\" content=\"wilsonsantosmt.com.br\" \/>\n<meta property=\"article:publisher\" content=\"https:\/\/www.facebook.com\/WilsonSantosMT\/\" \/>\n<meta property=\"article:published_time\" content=\"2024-01-03T20:02:43+00:00\" \/>\n<meta property=\"article:modified_time\" content=\"2024-01-03T20:02:44+00:00\" \/>\n<meta property=\"og:image\" content=\"http:\/\/wilsonsantosmt.com.br\/wp-content\/uploads\/2024\/01\/image.jpeg\" \/>\n\t<meta property=\"og:image:width\" content=\"800\" \/>\n\t<meta property=\"og:image:height\" content=\"475\" \/>\n\t<meta property=\"og:image:type\" content=\"image\/jpeg\" \/>\n<meta name=\"author\" content=\"Robson Fraga\" \/>\n<meta name=\"twitter:card\" content=\"summary_large_image\" \/>\n<meta name=\"twitter:label1\" content=\"Escrito por\" \/>\n\t<meta name=\"twitter:data1\" content=\"Robson Fraga\" \/>\n\t<meta name=\"twitter:label2\" content=\"Est. tempo de leitura\" \/>\n\t<meta name=\"twitter:data2\" content=\"5 minutos\" \/>\n<script type=\"application\/ld+json\" class=\"yoast-schema-graph\">{\"@context\":\"https:\/\/schema.org\",\"@graph\":[{\"@type\":\"Article\",\"@id\":\"https:\/\/wilsonsantosmt.com.br\/index.php\/2024\/01\/03\/uso-de-cameras-pelo-bope-do-rj-pode-reacender-as-discussoes-em-mt\/#article\",\"isPartOf\":{\"@id\":\"https:\/\/wilsonsantosmt.com.br\/index.php\/2024\/01\/03\/uso-de-cameras-pelo-bope-do-rj-pode-reacender-as-discussoes-em-mt\/\"},\"author\":{\"name\":\"Robson Fraga\",\"@id\":\"https:\/\/wilsonsantosmt.com.br\/#\/schema\/person\/11958d88602764c993af38cd82f10ba7\"},\"headline\":\"Uso de c\u00e2meras pelo Bope do RJ pode reacender as discuss\u00f5es em MT\",\"datePublished\":\"2024-01-03T20:02:43+00:00\",\"dateModified\":\"2024-01-03T20:02:44+00:00\",\"mainEntityOfPage\":{\"@id\":\"https:\/\/wilsonsantosmt.com.br\/index.php\/2024\/01\/03\/uso-de-cameras-pelo-bope-do-rj-pode-reacender-as-discussoes-em-mt\/\"},\"wordCount\":903,\"publisher\":{\"@id\":\"https:\/\/wilsonsantosmt.com.br\/#\/schema\/person\/9de3c54961637a9eadb16bcbf895b1ef\"},\"keywords\":[\"C\u00e2meras fardas\",\"PL 213\/2023\",\"wilson santos\"],\"articleSection\":[\"Not\u00edcias\"],\"inLanguage\":\"pt-BR\"},{\"@type\":\"WebPage\",\"@id\":\"https:\/\/wilsonsantosmt.com.br\/index.php\/2024\/01\/03\/uso-de-cameras-pelo-bope-do-rj-pode-reacender-as-discussoes-em-mt\/\",\"url\":\"https:\/\/wilsonsantosmt.com.br\/index.php\/2024\/01\/03\/uso-de-cameras-pelo-bope-do-rj-pode-reacender-as-discussoes-em-mt\/\",\"name\":\"Uso de c\u00e2meras pelo Bope do RJ pode reacender as discuss\u00f5es em MT - wilsonsantosmt.com.br\",\"isPartOf\":{\"@id\":\"https:\/\/wilsonsantosmt.com.br\/#website\"},\"datePublished\":\"2024-01-03T20:02:43+00:00\",\"dateModified\":\"2024-01-03T20:02:44+00:00\",\"description\":\"Policiais militares do Batalh\u00e3o de Opera\u00e7\u00f5es Especiais (Bope) do Rio de Janeiro passar\u00e3o a usar c\u00e2meras nas fardas e viaturas a partir da pr\u00f3xima segunda-feira (8).\",\"breadcrumb\":{\"@id\":\"https:\/\/wilsonsantosmt.com.br\/index.php\/2024\/01\/03\/uso-de-cameras-pelo-bope-do-rj-pode-reacender-as-discussoes-em-mt\/#breadcrumb\"},\"inLanguage\":\"pt-BR\",\"potentialAction\":[{\"@type\":\"ReadAction\",\"target\":[\"https:\/\/wilsonsantosmt.com.br\/index.php\/2024\/01\/03\/uso-de-cameras-pelo-bope-do-rj-pode-reacender-as-discussoes-em-mt\/\"]}]},{\"@type\":\"BreadcrumbList\",\"@id\":\"https:\/\/wilsonsantosmt.com.br\/index.php\/2024\/01\/03\/uso-de-cameras-pelo-bope-do-rj-pode-reacender-as-discussoes-em-mt\/#breadcrumb\",\"itemListElement\":[{\"@type\":\"ListItem\",\"position\":1,\"name\":\"In\u00edcio\",\"item\":\"https:\/\/wilsonsantosmt.com.br\/\"},{\"@type\":\"ListItem\",\"position\":2,\"name\":\"Not\u00edcias\",\"item\":\"https:\/\/wilsonsantosmt.com.br\/index.php\/category\/noticias\/\"},{\"@type\":\"ListItem\",\"position\":3,\"name\":\"Uso de c\u00e2meras pelo Bope do RJ pode reacender as discuss\u00f5es em MT\"}]},{\"@type\":\"WebSite\",\"@id\":\"https:\/\/wilsonsantosmt.com.br\/#website\",\"url\":\"https:\/\/wilsonsantosmt.com.br\/\",\"name\":\"wilsonsantosmt.com.br\",\"description\":\"\",\"publisher\":{\"@id\":\"https:\/\/wilsonsantosmt.com.br\/#\/schema\/person\/9de3c54961637a9eadb16bcbf895b1ef\"},\"potentialAction\":[{\"@type\":\"SearchAction\",\"target\":{\"@type\":\"EntryPoint\",\"urlTemplate\":\"https:\/\/wilsonsantosmt.com.br\/?s={search_term_string}\"},\"query-input\":\"required name=search_term_string\"}],\"inLanguage\":\"pt-BR\"},{\"@type\":[\"Person\",\"Organization\"],\"@id\":\"https:\/\/wilsonsantosmt.com.br\/#\/schema\/person\/9de3c54961637a9eadb16bcbf895b1ef\",\"name\":\"Wilson Santos\",\"image\":{\"@type\":\"ImageObject\",\"inLanguage\":\"pt-BR\",\"@id\":\"https:\/\/wilsonsantosmt.com.br\/#\/schema\/person\/image\/\",\"url\":\"https:\/\/wilsonsantosmt.com.br\/wp-content\/uploads\/2023\/11\/310828673_653254583023360_8795459643194608438_n.jpg\",\"contentUrl\":\"https:\/\/wilsonsantosmt.com.br\/wp-content\/uploads\/2023\/11\/310828673_653254583023360_8795459643194608438_n.jpg\",\"width\":1078,\"height\":1079,\"caption\":\"Wilson Santos\"},\"logo\":{\"@id\":\"https:\/\/wilsonsantosmt.com.br\/#\/schema\/person\/image\/\"},\"sameAs\":[\"http:\/\/wilsonsantosmt.com.br\",\"https:\/\/www.facebook.com\/WilsonSantosMT\/\",\"https:\/\/www.instagram.com\/wilsonsantosmt\/\",\"https:\/\/www.youtube.com\/@WilsonSantosWS\/videos\",\"https:\/\/pt.wikipedia.org\/wiki\/Wilson_Santos\"],\"honorificPrefix\":\"Sr\",\"gender\":\"masculino\",\"jobTitle\":\"Deputado Estadual\",\"worksFor\":\"Assembleia Legislativa de Mato Grosso\"},{\"@type\":\"Person\",\"@id\":\"https:\/\/wilsonsantosmt.com.br\/#\/schema\/person\/11958d88602764c993af38cd82f10ba7\",\"name\":\"Robson Fraga\",\"image\":{\"@type\":\"ImageObject\",\"inLanguage\":\"pt-BR\",\"@id\":\"https:\/\/wilsonsantosmt.com.br\/#\/schema\/person\/image\/\",\"url\":\"https:\/\/secure.gravatar.com\/avatar\/d0901e2891368a85aa639b5f1aeff522?s=96&d=mm&r=g\",\"contentUrl\":\"https:\/\/secure.gravatar.com\/avatar\/d0901e2891368a85aa639b5f1aeff522?s=96&d=mm&r=g\",\"caption\":\"Robson Fraga\"},\"url\":\"https:\/\/wilsonsantosmt.com.br\/index.php\/author\/robson-fraga\/\"}]}<\/script>\n<!-- \/ Yoast SEO Premium plugin. -->","yoast_head_json":{"title":"Uso de c\u00e2meras pelo Bope do RJ pode reacender as discuss\u00f5es em MT - wilsonsantosmt.com.br","description":"Policiais militares do Batalh\u00e3o de Opera\u00e7\u00f5es Especiais (Bope) do Rio de Janeiro passar\u00e3o a usar c\u00e2meras nas fardas e viaturas a partir da pr\u00f3xima segunda-feira (8).","robots":{"index":"index","follow":"follow","max-snippet":"max-snippet:-1","max-image-preview":"max-image-preview:large","max-video-preview":"max-video-preview:-1"},"canonical":"https:\/\/wilsonsantosmt.com.br\/index.php\/2024\/01\/03\/uso-de-cameras-pelo-bope-do-rj-pode-reacender-as-discussoes-em-mt\/","og_locale":"pt_BR","og_type":"article","og_title":"Uso de c\u00e2meras pelo Bope do RJ pode reacender as discuss\u00f5es em MT","og_description":"Policiais militares do Batalh\u00e3o de Opera\u00e7\u00f5es Especiais (Bope) do Rio de Janeiro passar\u00e3o a usar c\u00e2meras nas fardas e viaturas a partir da pr\u00f3xima segunda-feira (8).","og_url":"https:\/\/wilsonsantosmt.com.br\/index.php\/2024\/01\/03\/uso-de-cameras-pelo-bope-do-rj-pode-reacender-as-discussoes-em-mt\/","og_site_name":"wilsonsantosmt.com.br","article_publisher":"https:\/\/www.facebook.com\/WilsonSantosMT\/","article_published_time":"2024-01-03T20:02:43+00:00","article_modified_time":"2024-01-03T20:02:44+00:00","og_image":[{"width":800,"height":475,"url":"http:\/\/wilsonsantosmt.com.br\/wp-content\/uploads\/2024\/01\/image.jpeg","type":"image\/jpeg"}],"author":"Robson Fraga","twitter_card":"summary_large_image","twitter_misc":{"Escrito por":"Robson Fraga","Est. tempo de leitura":"5 minutos"},"schema":{"@context":"https:\/\/schema.org","@graph":[{"@type":"Article","@id":"https:\/\/wilsonsantosmt.com.br\/index.php\/2024\/01\/03\/uso-de-cameras-pelo-bope-do-rj-pode-reacender-as-discussoes-em-mt\/#article","isPartOf":{"@id":"https:\/\/wilsonsantosmt.com.br\/index.php\/2024\/01\/03\/uso-de-cameras-pelo-bope-do-rj-pode-reacender-as-discussoes-em-mt\/"},"author":{"name":"Robson Fraga","@id":"https:\/\/wilsonsantosmt.com.br\/#\/schema\/person\/11958d88602764c993af38cd82f10ba7"},"headline":"Uso de c\u00e2meras pelo Bope do RJ pode reacender as discuss\u00f5es em MT","datePublished":"2024-01-03T20:02:43+00:00","dateModified":"2024-01-03T20:02:44+00:00","mainEntityOfPage":{"@id":"https:\/\/wilsonsantosmt.com.br\/index.php\/2024\/01\/03\/uso-de-cameras-pelo-bope-do-rj-pode-reacender-as-discussoes-em-mt\/"},"wordCount":903,"publisher":{"@id":"https:\/\/wilsonsantosmt.com.br\/#\/schema\/person\/9de3c54961637a9eadb16bcbf895b1ef"},"keywords":["C\u00e2meras fardas","PL 213\/2023","wilson santos"],"articleSection":["Not\u00edcias"],"inLanguage":"pt-BR"},{"@type":"WebPage","@id":"https:\/\/wilsonsantosmt.com.br\/index.php\/2024\/01\/03\/uso-de-cameras-pelo-bope-do-rj-pode-reacender-as-discussoes-em-mt\/","url":"https:\/\/wilsonsantosmt.com.br\/index.php\/2024\/01\/03\/uso-de-cameras-pelo-bope-do-rj-pode-reacender-as-discussoes-em-mt\/","name":"Uso de c\u00e2meras pelo Bope do RJ pode reacender as discuss\u00f5es em MT - wilsonsantosmt.com.br","isPartOf":{"@id":"https:\/\/wilsonsantosmt.com.br\/#website"},"datePublished":"2024-01-03T20:02:43+00:00","dateModified":"2024-01-03T20:02:44+00:00","description":"Policiais militares do Batalh\u00e3o de Opera\u00e7\u00f5es Especiais (Bope) do Rio de Janeiro passar\u00e3o a usar c\u00e2meras nas fardas e viaturas a partir da pr\u00f3xima segunda-feira (8).","breadcrumb":{"@id":"https:\/\/wilsonsantosmt.com.br\/index.php\/2024\/01\/03\/uso-de-cameras-pelo-bope-do-rj-pode-reacender-as-discussoes-em-mt\/#breadcrumb"},"inLanguage":"pt-BR","potentialAction":[{"@type":"ReadAction","target":["https:\/\/wilsonsantosmt.com.br\/index.php\/2024\/01\/03\/uso-de-cameras-pelo-bope-do-rj-pode-reacender-as-discussoes-em-mt\/"]}]},{"@type":"BreadcrumbList","@id":"https:\/\/wilsonsantosmt.com.br\/index.php\/2024\/01\/03\/uso-de-cameras-pelo-bope-do-rj-pode-reacender-as-discussoes-em-mt\/#breadcrumb","itemListElement":[{"@type":"ListItem","position":1,"name":"In\u00edcio","item":"https:\/\/wilsonsantosmt.com.br\/"},{"@type":"ListItem","position":2,"name":"Not\u00edcias","item":"https:\/\/wilsonsantosmt.com.br\/index.php\/category\/noticias\/"},{"@type":"ListItem","position":3,"name":"Uso de c\u00e2meras pelo Bope do RJ pode reacender as discuss\u00f5es em MT"}]},{"@type":"WebSite","@id":"https:\/\/wilsonsantosmt.com.br\/#website","url":"https:\/\/wilsonsantosmt.com.br\/","name":"wilsonsantosmt.com.br","description":"","publisher":{"@id":"https:\/\/wilsonsantosmt.com.br\/#\/schema\/person\/9de3c54961637a9eadb16bcbf895b1ef"},"potentialAction":[{"@type":"SearchAction","target":{"@type":"EntryPoint","urlTemplate":"https:\/\/wilsonsantosmt.com.br\/?s={search_term_string}"},"query-input":"required name=search_term_string"}],"inLanguage":"pt-BR"},{"@type":["Person","Organization"],"@id":"https:\/\/wilsonsantosmt.com.br\/#\/schema\/person\/9de3c54961637a9eadb16bcbf895b1ef","name":"Wilson Santos","image":{"@type":"ImageObject","inLanguage":"pt-BR","@id":"https:\/\/wilsonsantosmt.com.br\/#\/schema\/person\/image\/","url":"https:\/\/wilsonsantosmt.com.br\/wp-content\/uploads\/2023\/11\/310828673_653254583023360_8795459643194608438_n.jpg","contentUrl":"https:\/\/wilsonsantosmt.com.br\/wp-content\/uploads\/2023\/11\/310828673_653254583023360_8795459643194608438_n.jpg","width":1078,"height":1079,"caption":"Wilson Santos"},"logo":{"@id":"https:\/\/wilsonsantosmt.com.br\/#\/schema\/person\/image\/"},"sameAs":["http:\/\/wilsonsantosmt.com.br","https:\/\/www.facebook.com\/WilsonSantosMT\/","https:\/\/www.instagram.com\/wilsonsantosmt\/","https:\/\/www.youtube.com\/@WilsonSantosWS\/videos","https:\/\/pt.wikipedia.org\/wiki\/Wilson_Santos"],"honorificPrefix":"Sr","gender":"masculino","jobTitle":"Deputado Estadual","worksFor":"Assembleia Legislativa de Mato Grosso"},{"@type":"Person","@id":"https:\/\/wilsonsantosmt.com.br\/#\/schema\/person\/11958d88602764c993af38cd82f10ba7","name":"Robson Fraga","image":{"@type":"ImageObject","inLanguage":"pt-BR","@id":"https:\/\/wilsonsantosmt.com.br\/#\/schema\/person\/image\/","url":"https:\/\/secure.gravatar.com\/avatar\/d0901e2891368a85aa639b5f1aeff522?s=96&d=mm&r=g","contentUrl":"https:\/\/secure.gravatar.com\/avatar\/d0901e2891368a85aa639b5f1aeff522?s=96&d=mm&r=g","caption":"Robson Fraga"},"url":"https:\/\/wilsonsantosmt.com.br\/index.php\/author\/robson-fraga\/"}]}},"_links":{"self":[{"href":"https:\/\/wilsonsantosmt.com.br\/index.php\/wp-json\/wp\/v2\/posts\/1066"}],"collection":[{"href":"https:\/\/wilsonsantosmt.com.br\/index.php\/wp-json\/wp\/v2\/posts"}],"about":[{"href":"https:\/\/wilsonsantosmt.com.br\/index.php\/wp-json\/wp\/v2\/types\/post"}],"author":[{"embeddable":true,"href":"https:\/\/wilsonsantosmt.com.br\/index.php\/wp-json\/wp\/v2\/users\/2"}],"replies":[{"embeddable":true,"href":"https:\/\/wilsonsantosmt.com.br\/index.php\/wp-json\/wp\/v2\/comments?post=1066"}],"version-history":[{"count":1,"href":"https:\/\/wilsonsantosmt.com.br\/index.php\/wp-json\/wp\/v2\/posts\/1066\/revisions"}],"predecessor-version":[{"id":1068,"href":"https:\/\/wilsonsantosmt.com.br\/index.php\/wp-json\/wp\/v2\/posts\/1066\/revisions\/1068"}],"wp:featuredmedia":[{"embeddable":true,"href":"https:\/\/wilsonsantosmt.com.br\/index.php\/wp-json\/wp\/v2\/media\/1067"}],"wp:attachment":[{"href":"https:\/\/wilsonsantosmt.com.br\/index.php\/wp-json\/wp\/v2\/media?parent=1066"}],"wp:term":[{"taxonomy":"category","embeddable":true,"href":"https:\/\/wilsonsantosmt.com.br\/index.php\/wp-json\/wp\/v2\/categories?post=1066"},{"taxonomy":"post_tag","embeddable":true,"href":"https:\/\/wilsonsantosmt.com.br\/index.php\/wp-json\/wp\/v2\/tags?post=1066"}],"curies":[{"name":"wp","href":"https:\/\/api.w.org\/{rel}","templated":true}]}}