{"id":1109,"date":"2024-02-04T19:19:47","date_gmt":"2024-02-04T23:19:47","guid":{"rendered":"https:\/\/wilsonsantosmt.com.br\/?p=1109"},"modified":"2024-02-04T19:23:59","modified_gmt":"2024-02-04T23:23:59","slug":"mutirao-de-limpeza-na-mt-251-tira-caminhao-de-lixo-das-margens-da-rodovia","status":"publish","type":"post","link":"https:\/\/wilsonsantosmt.com.br\/index.php\/2024\/02\/04\/mutirao-de-limpeza-na-mt-251-tira-caminhao-de-lixo-das-margens-da-rodovia\/","title":{"rendered":"Mutir\u00e3o de limpeza na MT-251 tira caminh\u00e3o de lixo das margens da rodovia"},"content":{"rendered":"\n<p>Um caminh\u00e3o lotado de lixo. Este foi o resultado da limpeza ecol\u00f3gica promovida pela Associa\u00e7\u00e3o em Defesa da Bacia do Rio Cuiab\u00e1 e Pantanal em conjunto com o mandato do deputado estadual Wilson Santos (PSD), \u00e0s margens da rodovia Emanuel Pinheiro (MT-251).<\/p>\n\n\n\n<p>A a\u00e7\u00e3o aconteceu neste s\u00e1bado (3), no trecho entre a base da Pol\u00edcia Militar Estadual e o Complexo da Salgadeira. Um grupo de volunt\u00e1rios capitaneados pelo parlamentar recolheu muito lixo e res\u00edduos que al\u00e9m de poluir o meio ambiente podem causar inc\u00eandios \u00e0s margens da rodovia. At\u00e9 um fog\u00e3o e um colch\u00e3o foram recolhidos.<\/p>\n\n\n\n<p>&#8220;Isso al\u00e9m de gerar inc\u00eandios, n\u00e3o \u00e9 uma postura correta. N\u00f3s devemos ensinar \u00e0s novas gera\u00e7\u00f5es, os filhos e netos, um gesto pequeno, simples, que voc\u00ea est\u00e1 cuidando da sua fam\u00edlia e do planeta\u201d, disse Wilson em v\u00eddeo divulgado em suas redes sociais.<\/p>\n\n\n\n<p>\u201cPequenos gestos fazem toda a diferen\u00e7a no cuidado com a fam\u00edlia e o planeta. Hoje, promovemos a conscientiza\u00e7\u00e3o. Que este pequeno gesto inspire outros a come\u00e7ar essa transforma\u00e7\u00e3o. Juntos, cuidamos do meio ambiente para um futuro melhor\u201d, completou.<\/p>\n\n\n\n<p>Motoristas que passavam pela rodovia receberam orienta\u00e7\u00e3o e material informativo.<\/p>\n\n\n\n<p>O presidente da Associa\u00e7\u00e3o, o advogado Andr\u00e9 Rufino, tamb\u00e9m destacou a a\u00e7\u00e3o em suas redes.<\/p>\n\n\n\n<p>&#8220;O lixo descartado de forma incorreta afeta o nosso meio ambiente e as pr\u00f3ximas gera\u00e7\u00f5es.<br>Descarte o lixo corretamente e contribua. Obrigado a todos que participaram!&#8221;<\/p>\n\n\n\n<pre class=\"wp-block-code\"><code><div style=\"box-sizing: inherit; margin: 0px; padding: 0px; border: 0px; font-size: 16px; vertical-align: baseline; color: rgb(68, 68, 68); font-variant-numeric: normal; font-variant-east-asian: normal; font-variant-alternates: normal; font-variant-position: normal; font-kerning: auto; font-optical-sizing: auto; font-feature-settings: normal; font-variation-settings: normal; font-stretch: normal; line-height: inherit; font-family: Montserrat, Arial, Tahoma, Verdana, sans-serif; hyphens: none; white-space-collapse: collapse; text-align: center;\">\u00a0<iframe class=\"instagram-media instagram-media-rendered\" id=\"instagram-embed-0\" src=\"https:\/\/www.instagram.com\/reel\/C25f72rPj4x\/embed\/captioned\/?cr=1&amp;v=14&amp;wp=540&amp;rd=https%3A%2F%2Fwww.fatosdehoje.com.br&amp;rp=%2Fnoticia%2F5312%2Fmutirao-na-mt-251-tira-caminhao-de-lixo-das-margens-da-rodovia#%7B%22ci%22%3A0%2C%22os%22%3A453%2C%22ls%22%3A303.8999999994412%2C%22le%22%3A303.8999999994412%7D\" allowtransparency=\"true\" allowfullscreen=\"true\" frameborder=\"0\" height=\"1077\" data-instgrm-payload-id=\"instagram-media-payload-0\" scrolling=\"no\" style=\"box-sizing: inherit; margin: 0px 0px 12px; padding: 0px; border-width: 1px; border-style: solid; border-color: rgb(219, 219, 219); outline: 0px; font-size: inherit; vertical-align: baseline; color: inherit; line-height: inherit; max-width: 540px; background-image: initial; background-position: initial; background-size: initial; background-repeat: initial; background-attachment: initial; background-origin: initial; background-clip: initial; width: calc(100% - 2px); border-radius: 3px; box-shadow: none; display: block; min-width: 326px;\"><\/iframe><span font-size:=\"\" segoe=\"\" style=\"box-sizing: inherit; margin: 0px; padding: 0px; border: 0px; outline: 0px; font-size: inherit; vertical-align: baseline; color: rgb(0, 0, 0); line-height: inherit;\"><\/span><\/div><div style=\"box-sizing: inherit; margin: 0px; padding: 0px; border: 0px; font-size: 16px; vertical-align: baseline; color: rgb(68, 68, 68); font-variant-numeric: normal; font-variant-east-asian: normal; font-variant-alternates: normal; font-variant-position: normal; font-kerning: auto; font-optical-sizing: auto; font-feature-settings: normal; font-variation-settings: normal; font-stretch: normal; line-height: inherit; font-family: Montserrat, Arial, Tahoma, Verdana, sans-serif; hyphens: none; white-space-collapse: collapse;\"><\/div><span style=\"color: rgb(68, 68, 68); font-family: Montserrat, Arial, Tahoma, Verdana, sans-serif; font-size: 16px; white-space-collapse: collapse; background-color: initial;\">\u00a0<\/span><\/code><\/pre>\n\n\n\n<p> <br><\/p>\n","protected":false},"excerpt":{"rendered":"<p>O movimento foi capitaneado pelo deputado estadual Wilson Santos<\/p>\n","protected":false},"author":2,"featured_media":1110,"comment_status":"closed","ping_status":"open","sticky":false,"template":"","format":"standard","meta":{"footnotes":""},"categories":[69,13],"tags":[],"yoast_head":"<!-- This site is optimized with the Yoast SEO Premium plugin v21.5 (Yoast SEO v21.4) - https:\/\/yoast.com\/wordpress\/plugins\/seo\/ -->\n<title>Mutir\u00e3o de limpeza na MT-251 tira caminh\u00e3o de lixo das margens da rodovia - wilsonsantosmt.com.br<\/title>\n<meta name=\"description\" content=\"A a\u00e7\u00e3o aconteceu neste s\u00e1bado (3), no trecho entre a base da Pol\u00edcia Militar Estadual e o Complexo da Salgadeira.\" \/>\n<meta name=\"robots\" content=\"index, follow, max-snippet:-1, max-image-preview:large, max-video-preview:-1\" \/>\n<link rel=\"canonical\" href=\"https:\/\/wilsonsantosmt.com.br\/index.php\/2024\/02\/04\/mutirao-de-limpeza-na-mt-251-tira-caminhao-de-lixo-das-margens-da-rodovia\/\" \/>\n<meta property=\"og:locale\" content=\"pt_BR\" \/>\n<meta property=\"og:type\" content=\"article\" \/>\n<meta property=\"og:title\" content=\"Mutir\u00e3o de limpeza na MT-251 tira caminh\u00e3o de lixo das margens da rodovia\" \/>\n<meta property=\"og:description\" content=\"A a\u00e7\u00e3o aconteceu neste s\u00e1bado (3), no trecho entre a base da Pol\u00edcia Militar Estadual e o Complexo da Salgadeira.\" \/>\n<meta property=\"og:url\" content=\"https:\/\/wilsonsantosmt.com.br\/index.php\/2024\/02\/04\/mutirao-de-limpeza-na-mt-251-tira-caminhao-de-lixo-das-margens-da-rodovia\/\" \/>\n<meta property=\"og:site_name\" content=\"wilsonsantosmt.com.br\" \/>\n<meta property=\"article:publisher\" content=\"https:\/\/www.facebook.com\/WilsonSantosMT\/\" \/>\n<meta property=\"article:published_time\" content=\"2024-02-04T23:19:47+00:00\" \/>\n<meta property=\"article:modified_time\" content=\"2024-02-04T23:23:59+00:00\" \/>\n<meta property=\"og:image\" content=\"http:\/\/wilsonsantosmt.com.br\/wp-content\/uploads\/2024\/02\/2a230739-9760-4c56-88c9-549f7ae833e8.jpeg\" \/>\n\t<meta property=\"og:image:width\" content=\"799\" \/>\n\t<meta property=\"og:image:height\" content=\"521\" \/>\n\t<meta property=\"og:image:type\" content=\"image\/jpeg\" \/>\n<meta name=\"author\" content=\"Robson Fraga\" \/>\n<meta name=\"twitter:card\" content=\"summary_large_image\" \/>\n<meta name=\"twitter:label1\" content=\"Escrito por\" \/>\n\t<meta name=\"twitter:data1\" content=\"Robson Fraga\" \/>\n\t<meta name=\"twitter:label2\" content=\"Est. tempo de leitura\" \/>\n\t<meta name=\"twitter:data2\" content=\"2 minutos\" \/>\n<script type=\"application\/ld+json\" class=\"yoast-schema-graph\">{\"@context\":\"https:\/\/schema.org\",\"@graph\":[{\"@type\":\"Article\",\"@id\":\"https:\/\/wilsonsantosmt.com.br\/index.php\/2024\/02\/04\/mutirao-de-limpeza-na-mt-251-tira-caminhao-de-lixo-das-margens-da-rodovia\/#article\",\"isPartOf\":{\"@id\":\"https:\/\/wilsonsantosmt.com.br\/index.php\/2024\/02\/04\/mutirao-de-limpeza-na-mt-251-tira-caminhao-de-lixo-das-margens-da-rodovia\/\"},\"author\":{\"name\":\"Robson Fraga\",\"@id\":\"https:\/\/wilsonsantosmt.com.br\/#\/schema\/person\/11958d88602764c993af38cd82f10ba7\"},\"headline\":\"Mutir\u00e3o de limpeza na MT-251 tira caminh\u00e3o de lixo das margens da rodovia\",\"datePublished\":\"2024-02-04T23:19:47+00:00\",\"dateModified\":\"2024-02-04T23:23:59+00:00\",\"mainEntityOfPage\":{\"@id\":\"https:\/\/wilsonsantosmt.com.br\/index.php\/2024\/02\/04\/mutirao-de-limpeza-na-mt-251-tira-caminhao-de-lixo-das-margens-da-rodovia\/\"},\"wordCount\":271,\"publisher\":{\"@id\":\"https:\/\/wilsonsantosmt.com.br\/#\/schema\/person\/9de3c54961637a9eadb16bcbf895b1ef\"},\"articleSection\":[\"Meio Ambiente\",\"Not\u00edcias\"],\"inLanguage\":\"pt-BR\"},{\"@type\":\"WebPage\",\"@id\":\"https:\/\/wilsonsantosmt.com.br\/index.php\/2024\/02\/04\/mutirao-de-limpeza-na-mt-251-tira-caminhao-de-lixo-das-margens-da-rodovia\/\",\"url\":\"https:\/\/wilsonsantosmt.com.br\/index.php\/2024\/02\/04\/mutirao-de-limpeza-na-mt-251-tira-caminhao-de-lixo-das-margens-da-rodovia\/\",\"name\":\"Mutir\u00e3o de limpeza na MT-251 tira caminh\u00e3o de lixo das margens da rodovia - wilsonsantosmt.com.br\",\"isPartOf\":{\"@id\":\"https:\/\/wilsonsantosmt.com.br\/#website\"},\"datePublished\":\"2024-02-04T23:19:47+00:00\",\"dateModified\":\"2024-02-04T23:23:59+00:00\",\"description\":\"A a\u00e7\u00e3o aconteceu neste s\u00e1bado (3), no trecho entre a base da Pol\u00edcia Militar Estadual e o Complexo da Salgadeira.\",\"breadcrumb\":{\"@id\":\"https:\/\/wilsonsantosmt.com.br\/index.php\/2024\/02\/04\/mutirao-de-limpeza-na-mt-251-tira-caminhao-de-lixo-das-margens-da-rodovia\/#breadcrumb\"},\"inLanguage\":\"pt-BR\",\"potentialAction\":[{\"@type\":\"ReadAction\",\"target\":[\"https:\/\/wilsonsantosmt.com.br\/index.php\/2024\/02\/04\/mutirao-de-limpeza-na-mt-251-tira-caminhao-de-lixo-das-margens-da-rodovia\/\"]}]},{\"@type\":\"BreadcrumbList\",\"@id\":\"https:\/\/wilsonsantosmt.com.br\/index.php\/2024\/02\/04\/mutirao-de-limpeza-na-mt-251-tira-caminhao-de-lixo-das-margens-da-rodovia\/#breadcrumb\",\"itemListElement\":[{\"@type\":\"ListItem\",\"position\":1,\"name\":\"In\u00edcio\",\"item\":\"https:\/\/wilsonsantosmt.com.br\/\"},{\"@type\":\"ListItem\",\"position\":2,\"name\":\"Not\u00edcias\",\"item\":\"https:\/\/wilsonsantosmt.com.br\/index.php\/category\/noticias\/\"},{\"@type\":\"ListItem\",\"position\":3,\"name\":\"Mutir\u00e3o de limpeza na MT-251 tira caminh\u00e3o de lixo das margens da rodovia\"}]},{\"@type\":\"WebSite\",\"@id\":\"https:\/\/wilsonsantosmt.com.br\/#website\",\"url\":\"https:\/\/wilsonsantosmt.com.br\/\",\"name\":\"wilsonsantosmt.com.br\",\"description\":\"\",\"publisher\":{\"@id\":\"https:\/\/wilsonsantosmt.com.br\/#\/schema\/person\/9de3c54961637a9eadb16bcbf895b1ef\"},\"potentialAction\":[{\"@type\":\"SearchAction\",\"target\":{\"@type\":\"EntryPoint\",\"urlTemplate\":\"https:\/\/wilsonsantosmt.com.br\/?s={search_term_string}\"},\"query-input\":\"required name=search_term_string\"}],\"inLanguage\":\"pt-BR\"},{\"@type\":[\"Person\",\"Organization\"],\"@id\":\"https:\/\/wilsonsantosmt.com.br\/#\/schema\/person\/9de3c54961637a9eadb16bcbf895b1ef\",\"name\":\"Wilson Santos\",\"image\":{\"@type\":\"ImageObject\",\"inLanguage\":\"pt-BR\",\"@id\":\"https:\/\/wilsonsantosmt.com.br\/#\/schema\/person\/image\/\",\"url\":\"https:\/\/wilsonsantosmt.com.br\/wp-content\/uploads\/2023\/11\/310828673_653254583023360_8795459643194608438_n.jpg\",\"contentUrl\":\"https:\/\/wilsonsantosmt.com.br\/wp-content\/uploads\/2023\/11\/310828673_653254583023360_8795459643194608438_n.jpg\",\"width\":1078,\"height\":1079,\"caption\":\"Wilson Santos\"},\"logo\":{\"@id\":\"https:\/\/wilsonsantosmt.com.br\/#\/schema\/person\/image\/\"},\"sameAs\":[\"http:\/\/wilsonsantosmt.com.br\",\"https:\/\/www.facebook.com\/WilsonSantosMT\/\",\"https:\/\/www.instagram.com\/wilsonsantosmt\/\",\"https:\/\/www.youtube.com\/@WilsonSantosWS\/videos\",\"https:\/\/pt.wikipedia.org\/wiki\/Wilson_Santos\"],\"honorificPrefix\":\"Sr\",\"gender\":\"masculino\",\"jobTitle\":\"Deputado Estadual\",\"worksFor\":\"Assembleia Legislativa de Mato Grosso\"},{\"@type\":\"Person\",\"@id\":\"https:\/\/wilsonsantosmt.com.br\/#\/schema\/person\/11958d88602764c993af38cd82f10ba7\",\"name\":\"Robson Fraga\",\"image\":{\"@type\":\"ImageObject\",\"inLanguage\":\"pt-BR\",\"@id\":\"https:\/\/wilsonsantosmt.com.br\/#\/schema\/person\/image\/\",\"url\":\"https:\/\/secure.gravatar.com\/avatar\/d0901e2891368a85aa639b5f1aeff522?s=96&d=mm&r=g\",\"contentUrl\":\"https:\/\/secure.gravatar.com\/avatar\/d0901e2891368a85aa639b5f1aeff522?s=96&d=mm&r=g\",\"caption\":\"Robson Fraga\"},\"url\":\"https:\/\/wilsonsantosmt.com.br\/index.php\/author\/robson-fraga\/\"}]}<\/script>\n<!-- \/ Yoast SEO Premium plugin. -->","yoast_head_json":{"title":"Mutir\u00e3o de limpeza na MT-251 tira caminh\u00e3o de lixo das margens da rodovia - wilsonsantosmt.com.br","description":"A a\u00e7\u00e3o aconteceu neste s\u00e1bado (3), no trecho entre a base da Pol\u00edcia Militar Estadual e o Complexo da Salgadeira.","robots":{"index":"index","follow":"follow","max-snippet":"max-snippet:-1","max-image-preview":"max-image-preview:large","max-video-preview":"max-video-preview:-1"},"canonical":"https:\/\/wilsonsantosmt.com.br\/index.php\/2024\/02\/04\/mutirao-de-limpeza-na-mt-251-tira-caminhao-de-lixo-das-margens-da-rodovia\/","og_locale":"pt_BR","og_type":"article","og_title":"Mutir\u00e3o de limpeza na MT-251 tira caminh\u00e3o de lixo das margens da rodovia","og_description":"A a\u00e7\u00e3o aconteceu neste s\u00e1bado (3), no trecho entre a base da Pol\u00edcia Militar Estadual e o Complexo da Salgadeira.","og_url":"https:\/\/wilsonsantosmt.com.br\/index.php\/2024\/02\/04\/mutirao-de-limpeza-na-mt-251-tira-caminhao-de-lixo-das-margens-da-rodovia\/","og_site_name":"wilsonsantosmt.com.br","article_publisher":"https:\/\/www.facebook.com\/WilsonSantosMT\/","article_published_time":"2024-02-04T23:19:47+00:00","article_modified_time":"2024-02-04T23:23:59+00:00","og_image":[{"width":799,"height":521,"url":"http:\/\/wilsonsantosmt.com.br\/wp-content\/uploads\/2024\/02\/2a230739-9760-4c56-88c9-549f7ae833e8.jpeg","type":"image\/jpeg"}],"author":"Robson Fraga","twitter_card":"summary_large_image","twitter_misc":{"Escrito por":"Robson Fraga","Est. tempo de leitura":"2 minutos"},"schema":{"@context":"https:\/\/schema.org","@graph":[{"@type":"Article","@id":"https:\/\/wilsonsantosmt.com.br\/index.php\/2024\/02\/04\/mutirao-de-limpeza-na-mt-251-tira-caminhao-de-lixo-das-margens-da-rodovia\/#article","isPartOf":{"@id":"https:\/\/wilsonsantosmt.com.br\/index.php\/2024\/02\/04\/mutirao-de-limpeza-na-mt-251-tira-caminhao-de-lixo-das-margens-da-rodovia\/"},"author":{"name":"Robson Fraga","@id":"https:\/\/wilsonsantosmt.com.br\/#\/schema\/person\/11958d88602764c993af38cd82f10ba7"},"headline":"Mutir\u00e3o de limpeza na MT-251 tira caminh\u00e3o de lixo das margens da rodovia","datePublished":"2024-02-04T23:19:47+00:00","dateModified":"2024-02-04T23:23:59+00:00","mainEntityOfPage":{"@id":"https:\/\/wilsonsantosmt.com.br\/index.php\/2024\/02\/04\/mutirao-de-limpeza-na-mt-251-tira-caminhao-de-lixo-das-margens-da-rodovia\/"},"wordCount":271,"publisher":{"@id":"https:\/\/wilsonsantosmt.com.br\/#\/schema\/person\/9de3c54961637a9eadb16bcbf895b1ef"},"articleSection":["Meio Ambiente","Not\u00edcias"],"inLanguage":"pt-BR"},{"@type":"WebPage","@id":"https:\/\/wilsonsantosmt.com.br\/index.php\/2024\/02\/04\/mutirao-de-limpeza-na-mt-251-tira-caminhao-de-lixo-das-margens-da-rodovia\/","url":"https:\/\/wilsonsantosmt.com.br\/index.php\/2024\/02\/04\/mutirao-de-limpeza-na-mt-251-tira-caminhao-de-lixo-das-margens-da-rodovia\/","name":"Mutir\u00e3o de limpeza na MT-251 tira caminh\u00e3o de lixo das margens da rodovia - wilsonsantosmt.com.br","isPartOf":{"@id":"https:\/\/wilsonsantosmt.com.br\/#website"},"datePublished":"2024-02-04T23:19:47+00:00","dateModified":"2024-02-04T23:23:59+00:00","description":"A a\u00e7\u00e3o aconteceu neste s\u00e1bado (3), no trecho entre a base da Pol\u00edcia Militar Estadual e o Complexo da Salgadeira.","breadcrumb":{"@id":"https:\/\/wilsonsantosmt.com.br\/index.php\/2024\/02\/04\/mutirao-de-limpeza-na-mt-251-tira-caminhao-de-lixo-das-margens-da-rodovia\/#breadcrumb"},"inLanguage":"pt-BR","potentialAction":[{"@type":"ReadAction","target":["https:\/\/wilsonsantosmt.com.br\/index.php\/2024\/02\/04\/mutirao-de-limpeza-na-mt-251-tira-caminhao-de-lixo-das-margens-da-rodovia\/"]}]},{"@type":"BreadcrumbList","@id":"https:\/\/wilsonsantosmt.com.br\/index.php\/2024\/02\/04\/mutirao-de-limpeza-na-mt-251-tira-caminhao-de-lixo-das-margens-da-rodovia\/#breadcrumb","itemListElement":[{"@type":"ListItem","position":1,"name":"In\u00edcio","item":"https:\/\/wilsonsantosmt.com.br\/"},{"@type":"ListItem","position":2,"name":"Not\u00edcias","item":"https:\/\/wilsonsantosmt.com.br\/index.php\/category\/noticias\/"},{"@type":"ListItem","position":3,"name":"Mutir\u00e3o de limpeza na MT-251 tira caminh\u00e3o de lixo das margens da rodovia"}]},{"@type":"WebSite","@id":"https:\/\/wilsonsantosmt.com.br\/#website","url":"https:\/\/wilsonsantosmt.com.br\/","name":"wilsonsantosmt.com.br","description":"","publisher":{"@id":"https:\/\/wilsonsantosmt.com.br\/#\/schema\/person\/9de3c54961637a9eadb16bcbf895b1ef"},"potentialAction":[{"@type":"SearchAction","target":{"@type":"EntryPoint","urlTemplate":"https:\/\/wilsonsantosmt.com.br\/?s={search_term_string}"},"query-input":"required name=search_term_string"}],"inLanguage":"pt-BR"},{"@type":["Person","Organization"],"@id":"https:\/\/wilsonsantosmt.com.br\/#\/schema\/person\/9de3c54961637a9eadb16bcbf895b1ef","name":"Wilson Santos","image":{"@type":"ImageObject","inLanguage":"pt-BR","@id":"https:\/\/wilsonsantosmt.com.br\/#\/schema\/person\/image\/","url":"https:\/\/wilsonsantosmt.com.br\/wp-content\/uploads\/2023\/11\/310828673_653254583023360_8795459643194608438_n.jpg","contentUrl":"https:\/\/wilsonsantosmt.com.br\/wp-content\/uploads\/2023\/11\/310828673_653254583023360_8795459643194608438_n.jpg","width":1078,"height":1079,"caption":"Wilson Santos"},"logo":{"@id":"https:\/\/wilsonsantosmt.com.br\/#\/schema\/person\/image\/"},"sameAs":["http:\/\/wilsonsantosmt.com.br","https:\/\/www.facebook.com\/WilsonSantosMT\/","https:\/\/www.instagram.com\/wilsonsantosmt\/","https:\/\/www.youtube.com\/@WilsonSantosWS\/videos","https:\/\/pt.wikipedia.org\/wiki\/Wilson_Santos"],"honorificPrefix":"Sr","gender":"masculino","jobTitle":"Deputado Estadual","worksFor":"Assembleia Legislativa de Mato Grosso"},{"@type":"Person","@id":"https:\/\/wilsonsantosmt.com.br\/#\/schema\/person\/11958d88602764c993af38cd82f10ba7","name":"Robson Fraga","image":{"@type":"ImageObject","inLanguage":"pt-BR","@id":"https:\/\/wilsonsantosmt.com.br\/#\/schema\/person\/image\/","url":"https:\/\/secure.gravatar.com\/avatar\/d0901e2891368a85aa639b5f1aeff522?s=96&d=mm&r=g","contentUrl":"https:\/\/secure.gravatar.com\/avatar\/d0901e2891368a85aa639b5f1aeff522?s=96&d=mm&r=g","caption":"Robson Fraga"},"url":"https:\/\/wilsonsantosmt.com.br\/index.php\/author\/robson-fraga\/"}]}},"_links":{"self":[{"href":"https:\/\/wilsonsantosmt.com.br\/index.php\/wp-json\/wp\/v2\/posts\/1109"}],"collection":[{"href":"https:\/\/wilsonsantosmt.com.br\/index.php\/wp-json\/wp\/v2\/posts"}],"about":[{"href":"https:\/\/wilsonsantosmt.com.br\/index.php\/wp-json\/wp\/v2\/types\/post"}],"author":[{"embeddable":true,"href":"https:\/\/wilsonsantosmt.com.br\/index.php\/wp-json\/wp\/v2\/users\/2"}],"replies":[{"embeddable":true,"href":"https:\/\/wilsonsantosmt.com.br\/index.php\/wp-json\/wp\/v2\/comments?post=1109"}],"version-history":[{"count":4,"href":"https:\/\/wilsonsantosmt.com.br\/index.php\/wp-json\/wp\/v2\/posts\/1109\/revisions"}],"predecessor-version":[{"id":1116,"href":"https:\/\/wilsonsantosmt.com.br\/index.php\/wp-json\/wp\/v2\/posts\/1109\/revisions\/1116"}],"wp:featuredmedia":[{"embeddable":true,"href":"https:\/\/wilsonsantosmt.com.br\/index.php\/wp-json\/wp\/v2\/media\/1110"}],"wp:attachment":[{"href":"https:\/\/wilsonsantosmt.com.br\/index.php\/wp-json\/wp\/v2\/media?parent=1109"}],"wp:term":[{"taxonomy":"category","embeddable":true,"href":"https:\/\/wilsonsantosmt.com.br\/index.php\/wp-json\/wp\/v2\/categories?post=1109"},{"taxonomy":"post_tag","embeddable":true,"href":"https:\/\/wilsonsantosmt.com.br\/index.php\/wp-json\/wp\/v2\/tags?post=1109"}],"curies":[{"name":"wp","href":"https:\/\/api.w.org\/{rel}","templated":true}]}}