{"id":1118,"date":"2024-02-07T13:20:58","date_gmt":"2024-02-07T17:20:58","guid":{"rendered":"https:\/\/wilsonsantosmt.com.br\/?p=1118"},"modified":"2024-02-07T13:20:59","modified_gmt":"2024-02-07T17:20:59","slug":"ministerio-da-pesca-nao-concorda-com-novas-regras-do-transporte-zero","status":"publish","type":"post","link":"https:\/\/wilsonsantosmt.com.br\/index.php\/2024\/02\/07\/ministerio-da-pesca-nao-concorda-com-novas-regras-do-transporte-zero\/","title":{"rendered":"Minist\u00e9rio da Pesca n\u00e3o concorda com novas regras do &#8220;Transporte Zero&#8221;"},"content":{"rendered":"\n<p>O deputado estadual Wilson Santos (PSD-MT) esteve nesta ter\u00e7a-feira (6), em Bras\u00edlia, como ministro da Pesca e Aquicultura, Andr\u00e9 de Paula. Em pauta, o andamento das discuss\u00f5es no Governo Federal sobre o novo decreto do Governo de Mato Grosso, publicado no dia 1\u00ba de fevereiro, que muda artigos da Lei 12.197\/2023, conhecida como Transporte Zero.<\/p>\n\n\n\n<p>No dia 25 de janeiro deste ano, o Supremo Tribunal Federal, atrav\u00e9s do ministro Andr\u00e9 Mendon\u00e7a, tentou uma concilia\u00e7\u00e3o entre a Uni\u00e3o e o Estado para buscar a flexibiliza\u00e7\u00e3o da Lei 12.197\/23, que pro\u00edbe o transporte, armazenamento e venda de peixes dos rios de Mato Grosso por cinco anos, a partir de janeiro de 2024.<\/p>\n\n\n\n<p>Tal lei \u00e9 alvo de duas A\u00e7\u00f5es Diretas de Inconstitucionalidade (ADIs), movidas pelos partidos pol\u00edticos MDB (ADI 7471\/23) e PSD (ADI 7514\/23) que alegam que a legisla\u00e7\u00e3o estadual se sobrep\u00f5e \u00e0 Lei Nacional da Pesca (11.959\/2009). Al\u00e9m disso, dizem que a lei desrespeita a Conven\u00e7\u00e3o 169, da Organiza\u00e7\u00e3o Internacional do Trabalho (OIT), ao decretar o fim da profiss\u00e3o de pescador profissional, j\u00e1 que tira dele a possibilidade de viver do seu labor. Isso, sem ouvir as popula\u00e7\u00f5es ribeirinhas e povos nativos que vivem desta atividade laboral.<\/p>\n\n\n\n<p>O decreto publicado no dia 1 de fevereiro, libera a pesca de 100 esp\u00e9cies e pro\u00edbe a pescaria das 12 mais comercializadas em Mato Grosso. Portanto, a pesca continua inviabilizada como atividade comercial e laboral. Continua proibida a pesca da Cachara, Caparari, Dourado, Ja\u00fa, Matrinch\u00e3, Pintado\/Surubin, Pira\u00edba, Piraputanga, Pirara, Pirarucu, Trair\u00e3o e Tucunar\u00e9.<\/p>\n\n\n\n<p>De acordo com o decreto, \u201ca atividade pesqueira continuar\u00e1 permitida aos povos ind\u00edgenas, origin\u00e1rios e quilombolas, que a utilizarem para subsist\u00eancia e, tamb\u00e9m para comercializa\u00e7\u00e3o e o transporte de iscas vivas, que dever\u00e3o ser regulamentados por Resolu\u00e7\u00e3o do Cepesca\u201d.<\/p>\n\n\n\n<p>A modalidade \u201cpesque e solte\u201d tamb\u00e9m est\u00e1 liberada.<\/p>\n\n\n\n<p>\u201cComo o texto original ainda est\u00e1 sob an\u00e1lise do STF e na primeira tentativa de concilia\u00e7\u00e3o ficou definido que o governo apresentaria um novo estudo para reformular a lei (uma minuta), o governador Mauro Mendes (Uni\u00e3o Brasil) deveria ter seguido o acordo e n\u00e3o assinado um decreto com as mudan\u00e7as que achou conveniente. Sobretudo, porque deixou liberada apenas a pesca de peixes de baixo valor comercial e pouco consumo no estado\u201d, disse Wilson Santos ao ministro da pesca.<\/p>\n\n\n\n<p>\u201cA minuta sugerida pelo STF deveria ser debatida por todas as partes chamadas para a concilia\u00e7\u00e3o: minist\u00e9rios da Pesca e do Meio Ambiente, INSS, PGR, AGU, Ibama, ICMBio, Governo do Estado e Assembleia Legislativa. Caberia ao ministro relator, ent\u00e3o, diante do resultado do debate, decidir pela inconstitucionalidade ou n\u00e3o da lei, j\u00e1 que o Estado tamb\u00e9m pode dirimir sobre a regula\u00e7\u00e3o da pesca em seu territ\u00f3rio, s\u00f3 n\u00e3o pode infringir lei federal\u201d, completou.<\/p>\n\n\n\n<p>O ministro da Pesca disse que sua pasta n\u00e3o concorda com as mudan\u00e7as apresentadas pelo Governo do Estado e que vai entregar ao STF um novo estudo que possa subsidiar o relator das ADIs, ministro Andr\u00e9 Mendon\u00e7a, em sua decis\u00e3o.<\/p>\n\n\n\n<p>\u201cQuero reafirmar apoio total aos pescadores e pescadoras artesanais de Mato Grosso. N\u00f3s estamos avan\u00e7ando. O minist\u00e9rio agora tem uma outra miss\u00e3o: produzir um novo estudo t\u00e9cnico que possa subsidiar a decis\u00e3o (STF) que vir\u00e1 ap\u00f3s esta tentativa de concilia\u00e7\u00e3o. [\u2026] A proposta do Governo do Estado continua inexequ\u00edvel e n\u00f3s estamos trabalhando para que possamos dar um subs\u00eddio (ao STF) mostrando exatamente isso. [..] Quero reafirmar nosso apoio incondicional aos pescadores e pescadoras\u201d, disse o ministro da pesca.<\/p>\n\n\n\n<p>Ainda an\u00e3o foi publicada a data de uma nova audi\u00eancia no STF ou de publica\u00e7\u00e3o da decis\u00e3o final do relator.<\/p>\n\n\n\n<p>\u201cN\u00f3s precisamos muito deste apoio, ministro\u201d, completou o deputado Wilson Santos.<\/p>\n","protected":false},"excerpt":{"rendered":"<p>A pasta vai entregar ao STF relat\u00f3rio contr\u00e1rio ao decreto do Governo de Mato Grosso<\/p>\n","protected":false},"author":2,"featured_media":1119,"comment_status":"closed","ping_status":"open","sticky":false,"template":"","format":"standard","meta":{"footnotes":""},"categories":[13],"tags":[],"yoast_head":"<!-- This site is optimized with the Yoast SEO Premium plugin v21.5 (Yoast SEO v21.4) - https:\/\/yoast.com\/wordpress\/plugins\/seo\/ -->\n<title>Minist\u00e9rio da Pesca n\u00e3o concorda com novas regras do &quot;Transporte Zero&quot; - wilsonsantosmt.com.br<\/title>\n<meta name=\"description\" content=\"O deputado estadual Wilson Santos (PSD-MT) esteve nesta ter\u00e7a-feira (6), em Bras\u00edlia, como ministro da Pesca e Aquicultura, Andr\u00e9 de Paula. Em pauta, o andamento das discuss\u00f5es no Governo Federal sobre o novo decreto do Governo de Mato Grosso, publicado no dia 1\u00ba de fevereiro, que muda artigos da Lei 12.197\/2023, conhecida como Transporte Zero.\" \/>\n<meta name=\"robots\" content=\"index, follow, max-snippet:-1, max-image-preview:large, max-video-preview:-1\" \/>\n<link rel=\"canonical\" href=\"https:\/\/wilsonsantosmt.com.br\/index.php\/2024\/02\/07\/ministerio-da-pesca-nao-concorda-com-novas-regras-do-transporte-zero\/\" \/>\n<meta property=\"og:locale\" content=\"pt_BR\" \/>\n<meta property=\"og:type\" content=\"article\" \/>\n<meta property=\"og:title\" content=\"Minist\u00e9rio da Pesca n\u00e3o concorda com novas regras do &quot;Transporte Zero&quot;\" \/>\n<meta property=\"og:description\" content=\"O deputado estadual Wilson Santos (PSD-MT) esteve nesta ter\u00e7a-feira (6), em Bras\u00edlia, como ministro da Pesca e Aquicultura, Andr\u00e9 de Paula. Em pauta, o andamento das discuss\u00f5es no Governo Federal sobre o novo decreto do Governo de Mato Grosso, publicado no dia 1\u00ba de fevereiro, que muda artigos da Lei 12.197\/2023, conhecida como Transporte Zero.\" \/>\n<meta property=\"og:url\" content=\"https:\/\/wilsonsantosmt.com.br\/index.php\/2024\/02\/07\/ministerio-da-pesca-nao-concorda-com-novas-regras-do-transporte-zero\/\" \/>\n<meta property=\"og:site_name\" content=\"wilsonsantosmt.com.br\" \/>\n<meta property=\"article:publisher\" content=\"https:\/\/www.facebook.com\/WilsonSantosMT\/\" \/>\n<meta property=\"article:published_time\" content=\"2024-02-07T17:20:58+00:00\" \/>\n<meta property=\"article:modified_time\" content=\"2024-02-07T17:20:59+00:00\" \/>\n<meta property=\"og:image\" content=\"http:\/\/wilsonsantosmt.com.br\/wp-content\/uploads\/2024\/02\/af4882c9-bd26-4b15-a34f-260b92d3b5e7.jpg\" \/>\n\t<meta property=\"og:image:width\" content=\"800\" \/>\n\t<meta property=\"og:image:height\" content=\"486\" \/>\n\t<meta property=\"og:image:type\" content=\"image\/jpeg\" \/>\n<meta name=\"author\" content=\"Robson Fraga\" \/>\n<meta name=\"twitter:card\" content=\"summary_large_image\" \/>\n<meta name=\"twitter:label1\" content=\"Escrito por\" \/>\n\t<meta name=\"twitter:data1\" content=\"Robson Fraga\" \/>\n\t<meta name=\"twitter:label2\" content=\"Est. tempo de leitura\" \/>\n\t<meta name=\"twitter:data2\" content=\"4 minutos\" \/>\n<script type=\"application\/ld+json\" class=\"yoast-schema-graph\">{\"@context\":\"https:\/\/schema.org\",\"@graph\":[{\"@type\":\"Article\",\"@id\":\"https:\/\/wilsonsantosmt.com.br\/index.php\/2024\/02\/07\/ministerio-da-pesca-nao-concorda-com-novas-regras-do-transporte-zero\/#article\",\"isPartOf\":{\"@id\":\"https:\/\/wilsonsantosmt.com.br\/index.php\/2024\/02\/07\/ministerio-da-pesca-nao-concorda-com-novas-regras-do-transporte-zero\/\"},\"author\":{\"name\":\"Robson Fraga\",\"@id\":\"https:\/\/wilsonsantosmt.com.br\/#\/schema\/person\/11958d88602764c993af38cd82f10ba7\"},\"headline\":\"Minist\u00e9rio da Pesca n\u00e3o concorda com novas regras do &#8220;Transporte Zero&#8221;\",\"datePublished\":\"2024-02-07T17:20:58+00:00\",\"dateModified\":\"2024-02-07T17:20:59+00:00\",\"mainEntityOfPage\":{\"@id\":\"https:\/\/wilsonsantosmt.com.br\/index.php\/2024\/02\/07\/ministerio-da-pesca-nao-concorda-com-novas-regras-do-transporte-zero\/\"},\"wordCount\":657,\"publisher\":{\"@id\":\"https:\/\/wilsonsantosmt.com.br\/#\/schema\/person\/9de3c54961637a9eadb16bcbf895b1ef\"},\"articleSection\":[\"Not\u00edcias\"],\"inLanguage\":\"pt-BR\"},{\"@type\":\"WebPage\",\"@id\":\"https:\/\/wilsonsantosmt.com.br\/index.php\/2024\/02\/07\/ministerio-da-pesca-nao-concorda-com-novas-regras-do-transporte-zero\/\",\"url\":\"https:\/\/wilsonsantosmt.com.br\/index.php\/2024\/02\/07\/ministerio-da-pesca-nao-concorda-com-novas-regras-do-transporte-zero\/\",\"name\":\"Minist\u00e9rio da Pesca n\u00e3o concorda com novas regras do \\\"Transporte Zero\\\" - wilsonsantosmt.com.br\",\"isPartOf\":{\"@id\":\"https:\/\/wilsonsantosmt.com.br\/#website\"},\"datePublished\":\"2024-02-07T17:20:58+00:00\",\"dateModified\":\"2024-02-07T17:20:59+00:00\",\"description\":\"O deputado estadual Wilson Santos (PSD-MT) esteve nesta ter\u00e7a-feira (6), em Bras\u00edlia, como ministro da Pesca e Aquicultura, Andr\u00e9 de Paula. Em pauta, o andamento das discuss\u00f5es no Governo Federal sobre o novo decreto do Governo de Mato Grosso, publicado no dia 1\u00ba de fevereiro, que muda artigos da Lei 12.197\/2023, conhecida como Transporte Zero.\",\"breadcrumb\":{\"@id\":\"https:\/\/wilsonsantosmt.com.br\/index.php\/2024\/02\/07\/ministerio-da-pesca-nao-concorda-com-novas-regras-do-transporte-zero\/#breadcrumb\"},\"inLanguage\":\"pt-BR\",\"potentialAction\":[{\"@type\":\"ReadAction\",\"target\":[\"https:\/\/wilsonsantosmt.com.br\/index.php\/2024\/02\/07\/ministerio-da-pesca-nao-concorda-com-novas-regras-do-transporte-zero\/\"]}]},{\"@type\":\"BreadcrumbList\",\"@id\":\"https:\/\/wilsonsantosmt.com.br\/index.php\/2024\/02\/07\/ministerio-da-pesca-nao-concorda-com-novas-regras-do-transporte-zero\/#breadcrumb\",\"itemListElement\":[{\"@type\":\"ListItem\",\"position\":1,\"name\":\"In\u00edcio\",\"item\":\"https:\/\/wilsonsantosmt.com.br\/\"},{\"@type\":\"ListItem\",\"position\":2,\"name\":\"Not\u00edcias\",\"item\":\"https:\/\/wilsonsantosmt.com.br\/index.php\/category\/noticias\/\"},{\"@type\":\"ListItem\",\"position\":3,\"name\":\"Minist\u00e9rio da Pesca n\u00e3o concorda com novas regras do &#8220;Transporte Zero&#8221;\"}]},{\"@type\":\"WebSite\",\"@id\":\"https:\/\/wilsonsantosmt.com.br\/#website\",\"url\":\"https:\/\/wilsonsantosmt.com.br\/\",\"name\":\"wilsonsantosmt.com.br\",\"description\":\"\",\"publisher\":{\"@id\":\"https:\/\/wilsonsantosmt.com.br\/#\/schema\/person\/9de3c54961637a9eadb16bcbf895b1ef\"},\"potentialAction\":[{\"@type\":\"SearchAction\",\"target\":{\"@type\":\"EntryPoint\",\"urlTemplate\":\"https:\/\/wilsonsantosmt.com.br\/?s={search_term_string}\"},\"query-input\":\"required name=search_term_string\"}],\"inLanguage\":\"pt-BR\"},{\"@type\":[\"Person\",\"Organization\"],\"@id\":\"https:\/\/wilsonsantosmt.com.br\/#\/schema\/person\/9de3c54961637a9eadb16bcbf895b1ef\",\"name\":\"Wilson Santos\",\"image\":{\"@type\":\"ImageObject\",\"inLanguage\":\"pt-BR\",\"@id\":\"https:\/\/wilsonsantosmt.com.br\/#\/schema\/person\/image\/\",\"url\":\"https:\/\/wilsonsantosmt.com.br\/wp-content\/uploads\/2023\/11\/310828673_653254583023360_8795459643194608438_n.jpg\",\"contentUrl\":\"https:\/\/wilsonsantosmt.com.br\/wp-content\/uploads\/2023\/11\/310828673_653254583023360_8795459643194608438_n.jpg\",\"width\":1078,\"height\":1079,\"caption\":\"Wilson Santos\"},\"logo\":{\"@id\":\"https:\/\/wilsonsantosmt.com.br\/#\/schema\/person\/image\/\"},\"sameAs\":[\"http:\/\/wilsonsantosmt.com.br\",\"https:\/\/www.facebook.com\/WilsonSantosMT\/\",\"https:\/\/www.instagram.com\/wilsonsantosmt\/\",\"https:\/\/www.youtube.com\/@WilsonSantosWS\/videos\",\"https:\/\/pt.wikipedia.org\/wiki\/Wilson_Santos\"],\"honorificPrefix\":\"Sr\",\"gender\":\"masculino\",\"jobTitle\":\"Deputado Estadual\",\"worksFor\":\"Assembleia Legislativa de Mato Grosso\"},{\"@type\":\"Person\",\"@id\":\"https:\/\/wilsonsantosmt.com.br\/#\/schema\/person\/11958d88602764c993af38cd82f10ba7\",\"name\":\"Robson Fraga\",\"image\":{\"@type\":\"ImageObject\",\"inLanguage\":\"pt-BR\",\"@id\":\"https:\/\/wilsonsantosmt.com.br\/#\/schema\/person\/image\/\",\"url\":\"https:\/\/secure.gravatar.com\/avatar\/d0901e2891368a85aa639b5f1aeff522?s=96&d=mm&r=g\",\"contentUrl\":\"https:\/\/secure.gravatar.com\/avatar\/d0901e2891368a85aa639b5f1aeff522?s=96&d=mm&r=g\",\"caption\":\"Robson Fraga\"},\"url\":\"https:\/\/wilsonsantosmt.com.br\/index.php\/author\/robson-fraga\/\"}]}<\/script>\n<!-- \/ Yoast SEO Premium plugin. -->","yoast_head_json":{"title":"Minist\u00e9rio da Pesca n\u00e3o concorda com novas regras do \"Transporte Zero\" - wilsonsantosmt.com.br","description":"O deputado estadual Wilson Santos (PSD-MT) esteve nesta ter\u00e7a-feira (6), em Bras\u00edlia, como ministro da Pesca e Aquicultura, Andr\u00e9 de Paula. Em pauta, o andamento das discuss\u00f5es no Governo Federal sobre o novo decreto do Governo de Mato Grosso, publicado no dia 1\u00ba de fevereiro, que muda artigos da Lei 12.197\/2023, conhecida como Transporte Zero.","robots":{"index":"index","follow":"follow","max-snippet":"max-snippet:-1","max-image-preview":"max-image-preview:large","max-video-preview":"max-video-preview:-1"},"canonical":"https:\/\/wilsonsantosmt.com.br\/index.php\/2024\/02\/07\/ministerio-da-pesca-nao-concorda-com-novas-regras-do-transporte-zero\/","og_locale":"pt_BR","og_type":"article","og_title":"Minist\u00e9rio da Pesca n\u00e3o concorda com novas regras do \"Transporte Zero\"","og_description":"O deputado estadual Wilson Santos (PSD-MT) esteve nesta ter\u00e7a-feira (6), em Bras\u00edlia, como ministro da Pesca e Aquicultura, Andr\u00e9 de Paula. Em pauta, o andamento das discuss\u00f5es no Governo Federal sobre o novo decreto do Governo de Mato Grosso, publicado no dia 1\u00ba de fevereiro, que muda artigos da Lei 12.197\/2023, conhecida como Transporte Zero.","og_url":"https:\/\/wilsonsantosmt.com.br\/index.php\/2024\/02\/07\/ministerio-da-pesca-nao-concorda-com-novas-regras-do-transporte-zero\/","og_site_name":"wilsonsantosmt.com.br","article_publisher":"https:\/\/www.facebook.com\/WilsonSantosMT\/","article_published_time":"2024-02-07T17:20:58+00:00","article_modified_time":"2024-02-07T17:20:59+00:00","og_image":[{"width":800,"height":486,"url":"http:\/\/wilsonsantosmt.com.br\/wp-content\/uploads\/2024\/02\/af4882c9-bd26-4b15-a34f-260b92d3b5e7.jpg","type":"image\/jpeg"}],"author":"Robson Fraga","twitter_card":"summary_large_image","twitter_misc":{"Escrito por":"Robson Fraga","Est. tempo de leitura":"4 minutos"},"schema":{"@context":"https:\/\/schema.org","@graph":[{"@type":"Article","@id":"https:\/\/wilsonsantosmt.com.br\/index.php\/2024\/02\/07\/ministerio-da-pesca-nao-concorda-com-novas-regras-do-transporte-zero\/#article","isPartOf":{"@id":"https:\/\/wilsonsantosmt.com.br\/index.php\/2024\/02\/07\/ministerio-da-pesca-nao-concorda-com-novas-regras-do-transporte-zero\/"},"author":{"name":"Robson Fraga","@id":"https:\/\/wilsonsantosmt.com.br\/#\/schema\/person\/11958d88602764c993af38cd82f10ba7"},"headline":"Minist\u00e9rio da Pesca n\u00e3o concorda com novas regras do &#8220;Transporte Zero&#8221;","datePublished":"2024-02-07T17:20:58+00:00","dateModified":"2024-02-07T17:20:59+00:00","mainEntityOfPage":{"@id":"https:\/\/wilsonsantosmt.com.br\/index.php\/2024\/02\/07\/ministerio-da-pesca-nao-concorda-com-novas-regras-do-transporte-zero\/"},"wordCount":657,"publisher":{"@id":"https:\/\/wilsonsantosmt.com.br\/#\/schema\/person\/9de3c54961637a9eadb16bcbf895b1ef"},"articleSection":["Not\u00edcias"],"inLanguage":"pt-BR"},{"@type":"WebPage","@id":"https:\/\/wilsonsantosmt.com.br\/index.php\/2024\/02\/07\/ministerio-da-pesca-nao-concorda-com-novas-regras-do-transporte-zero\/","url":"https:\/\/wilsonsantosmt.com.br\/index.php\/2024\/02\/07\/ministerio-da-pesca-nao-concorda-com-novas-regras-do-transporte-zero\/","name":"Minist\u00e9rio da Pesca n\u00e3o concorda com novas regras do \"Transporte Zero\" - wilsonsantosmt.com.br","isPartOf":{"@id":"https:\/\/wilsonsantosmt.com.br\/#website"},"datePublished":"2024-02-07T17:20:58+00:00","dateModified":"2024-02-07T17:20:59+00:00","description":"O deputado estadual Wilson Santos (PSD-MT) esteve nesta ter\u00e7a-feira (6), em Bras\u00edlia, como ministro da Pesca e Aquicultura, Andr\u00e9 de Paula. Em pauta, o andamento das discuss\u00f5es no Governo Federal sobre o novo decreto do Governo de Mato Grosso, publicado no dia 1\u00ba de fevereiro, que muda artigos da Lei 12.197\/2023, conhecida como Transporte Zero.","breadcrumb":{"@id":"https:\/\/wilsonsantosmt.com.br\/index.php\/2024\/02\/07\/ministerio-da-pesca-nao-concorda-com-novas-regras-do-transporte-zero\/#breadcrumb"},"inLanguage":"pt-BR","potentialAction":[{"@type":"ReadAction","target":["https:\/\/wilsonsantosmt.com.br\/index.php\/2024\/02\/07\/ministerio-da-pesca-nao-concorda-com-novas-regras-do-transporte-zero\/"]}]},{"@type":"BreadcrumbList","@id":"https:\/\/wilsonsantosmt.com.br\/index.php\/2024\/02\/07\/ministerio-da-pesca-nao-concorda-com-novas-regras-do-transporte-zero\/#breadcrumb","itemListElement":[{"@type":"ListItem","position":1,"name":"In\u00edcio","item":"https:\/\/wilsonsantosmt.com.br\/"},{"@type":"ListItem","position":2,"name":"Not\u00edcias","item":"https:\/\/wilsonsantosmt.com.br\/index.php\/category\/noticias\/"},{"@type":"ListItem","position":3,"name":"Minist\u00e9rio da Pesca n\u00e3o concorda com novas regras do &#8220;Transporte Zero&#8221;"}]},{"@type":"WebSite","@id":"https:\/\/wilsonsantosmt.com.br\/#website","url":"https:\/\/wilsonsantosmt.com.br\/","name":"wilsonsantosmt.com.br","description":"","publisher":{"@id":"https:\/\/wilsonsantosmt.com.br\/#\/schema\/person\/9de3c54961637a9eadb16bcbf895b1ef"},"potentialAction":[{"@type":"SearchAction","target":{"@type":"EntryPoint","urlTemplate":"https:\/\/wilsonsantosmt.com.br\/?s={search_term_string}"},"query-input":"required name=search_term_string"}],"inLanguage":"pt-BR"},{"@type":["Person","Organization"],"@id":"https:\/\/wilsonsantosmt.com.br\/#\/schema\/person\/9de3c54961637a9eadb16bcbf895b1ef","name":"Wilson Santos","image":{"@type":"ImageObject","inLanguage":"pt-BR","@id":"https:\/\/wilsonsantosmt.com.br\/#\/schema\/person\/image\/","url":"https:\/\/wilsonsantosmt.com.br\/wp-content\/uploads\/2023\/11\/310828673_653254583023360_8795459643194608438_n.jpg","contentUrl":"https:\/\/wilsonsantosmt.com.br\/wp-content\/uploads\/2023\/11\/310828673_653254583023360_8795459643194608438_n.jpg","width":1078,"height":1079,"caption":"Wilson Santos"},"logo":{"@id":"https:\/\/wilsonsantosmt.com.br\/#\/schema\/person\/image\/"},"sameAs":["http:\/\/wilsonsantosmt.com.br","https:\/\/www.facebook.com\/WilsonSantosMT\/","https:\/\/www.instagram.com\/wilsonsantosmt\/","https:\/\/www.youtube.com\/@WilsonSantosWS\/videos","https:\/\/pt.wikipedia.org\/wiki\/Wilson_Santos"],"honorificPrefix":"Sr","gender":"masculino","jobTitle":"Deputado Estadual","worksFor":"Assembleia Legislativa de Mato Grosso"},{"@type":"Person","@id":"https:\/\/wilsonsantosmt.com.br\/#\/schema\/person\/11958d88602764c993af38cd82f10ba7","name":"Robson Fraga","image":{"@type":"ImageObject","inLanguage":"pt-BR","@id":"https:\/\/wilsonsantosmt.com.br\/#\/schema\/person\/image\/","url":"https:\/\/secure.gravatar.com\/avatar\/d0901e2891368a85aa639b5f1aeff522?s=96&d=mm&r=g","contentUrl":"https:\/\/secure.gravatar.com\/avatar\/d0901e2891368a85aa639b5f1aeff522?s=96&d=mm&r=g","caption":"Robson Fraga"},"url":"https:\/\/wilsonsantosmt.com.br\/index.php\/author\/robson-fraga\/"}]}},"_links":{"self":[{"href":"https:\/\/wilsonsantosmt.com.br\/index.php\/wp-json\/wp\/v2\/posts\/1118"}],"collection":[{"href":"https:\/\/wilsonsantosmt.com.br\/index.php\/wp-json\/wp\/v2\/posts"}],"about":[{"href":"https:\/\/wilsonsantosmt.com.br\/index.php\/wp-json\/wp\/v2\/types\/post"}],"author":[{"embeddable":true,"href":"https:\/\/wilsonsantosmt.com.br\/index.php\/wp-json\/wp\/v2\/users\/2"}],"replies":[{"embeddable":true,"href":"https:\/\/wilsonsantosmt.com.br\/index.php\/wp-json\/wp\/v2\/comments?post=1118"}],"version-history":[{"count":1,"href":"https:\/\/wilsonsantosmt.com.br\/index.php\/wp-json\/wp\/v2\/posts\/1118\/revisions"}],"predecessor-version":[{"id":1120,"href":"https:\/\/wilsonsantosmt.com.br\/index.php\/wp-json\/wp\/v2\/posts\/1118\/revisions\/1120"}],"wp:featuredmedia":[{"embeddable":true,"href":"https:\/\/wilsonsantosmt.com.br\/index.php\/wp-json\/wp\/v2\/media\/1119"}],"wp:attachment":[{"href":"https:\/\/wilsonsantosmt.com.br\/index.php\/wp-json\/wp\/v2\/media?parent=1118"}],"wp:term":[{"taxonomy":"category","embeddable":true,"href":"https:\/\/wilsonsantosmt.com.br\/index.php\/wp-json\/wp\/v2\/categories?post=1118"},{"taxonomy":"post_tag","embeddable":true,"href":"https:\/\/wilsonsantosmt.com.br\/index.php\/wp-json\/wp\/v2\/tags?post=1118"}],"curies":[{"name":"wp","href":"https:\/\/api.w.org\/{rel}","templated":true}]}}