{"id":1138,"date":"2024-02-28T10:24:59","date_gmt":"2024-02-28T14:24:59","guid":{"rendered":"https:\/\/wilsonsantosmt.com.br\/?p=1138"},"modified":"2024-02-28T10:25:26","modified_gmt":"2024-02-28T14:25:26","slug":"audiencia-publica-debate-mudancas-no-transporte-zero-nesta-terca-na-al","status":"publish","type":"post","link":"https:\/\/wilsonsantosmt.com.br\/index.php\/2024\/02\/28\/audiencia-publica-debate-mudancas-no-transporte-zero-nesta-terca-na-al\/","title":{"rendered":"Audi\u00eancia P\u00fablica debate mudan\u00e7as no &#8220;Transporte Zero&#8221; nesta ter\u00e7a, na AL"},"content":{"rendered":"\n<p>Assembleia legislativa realiza nesta ter\u00e7a-feira (27), \u00e0s 10h, audi\u00eancia p\u00fablica para debater mudan\u00e7as na lei 12.197\/23, conhecida como \u201cTransporte Zero\u201d. O objetivo \u00e9 debater o decreto estadual que flexibilizou a lei que proibia o transporte, armazenamento e venda de peixes de Mato Grosso por cinco anos, mas acabou por restringir a pesca de apenas 12 esp\u00e9cies.<\/p>\n\n\n\n<p>Centenas de pescadores artesanais\/profissionais j\u00e1 lotam a entrada da Assembleia. No estado, existem 15 mil fam\u00edlias vivendo da pesca artesanal\/profissional.<\/p>\n\n\n\n<p>&#8220;As doze esp\u00e9cies liberadas s\u00e3o as mais rent\u00e1veis \u200b\u200bcomercialmente, portanto a pesca profissional continua inviabilizada. Por isso mesmo, por inviabilizar a pesca profissional\/artesanal, a Lei 12.197\/23 \u00e9 alvo de a\u00e7\u00f5es diretas de inconstitucionalidade no STF. Foi o pr\u00f3prio STF que pediu para que o governo enviasse uma proposta \u00e0 justi\u00e7a federal flexibilizando a lei. Houve avan\u00e7os? Houve, mas precisamos ir al\u00e9m&#8221;, disse o deputado.<\/p>\n\n\n\n<p>O deputado estadual Wilson Santos (PSD), requerente da audi\u00eancia, disse que novas concess\u00f5es precisam ser feitas, principalmente referentes ao pagamento de aux\u00edlio financeiro aos pescadores profissionais, o que vai prejudicar a aposentadoria especial dos mesmos junto ao INSS.<\/p>\n\n\n\n<p>\u201cOs pescadores n\u00e3o podem receber ajuda financeira como est\u00e1 na lei, sob o risco de perderem a contrata\u00e7\u00e3o especial prevista na CLT: 15 anos de trabalho para homens e mulheres + 60 anos de idade para as mulheres e 65 para os homens. Relat\u00f3rio do pr\u00f3prio INS mostra que h\u00e1 perdas caso a lei do Transporte Zero seja mantida como est\u00e1\u201d, completou.<\/p>\n\n\n\n<p>Desde as primeiras horas desta ter\u00e7a-feira (26), Wilson est\u00e1 na Casa Civil conversando com o chefe da pasta, F\u00e1bio Garcia, negociando novas altera\u00e7\u00f5es na lei.<\/p>\n\n\n\n<p>\u201cSe o governo tivesse aberto a possibilidade de di\u00e1logo antes de sancionar a lei, n\u00e3o ter\u00edamos chegado ao STF e essa quest\u00e3o teria sido resolvida aqui na Casa Civil e na Assembleia Legislativa. Faltou conversar um pouquinho com os pescadores, ouvir aquelas pessoas que t\u00eam 40, 50 anos vivendo \u00e0 beira do rio. Eles s\u00e3o os verdadeiros doutores em pesca e sabem tudo do rio\u201d, disse.<\/p>\n\n\n\n<p>\u201cFizemos propostas como aumentar a quantidade de esp\u00e9cies liberadas e at\u00e9 reduzir a cota de peixes que podem ser retiradas dos rios: 125 para o pescador profissional e 5 kg para amadores. Estou muito animado de que chegaremos a um consenso at\u00e9 o in\u00edcio ou no decorrer da audi\u00eancia p\u00fablica. Esperamos a presen\u00e7a de todos os deputados desta Assembleia Legislativa na audi\u00eancia, j\u00e1 que todas as col\u00f4nias de pescadores estar\u00e3o presentes, al\u00e9m de representantes do governo do estado\u201d, disse o deputado.<\/p>\n","protected":false},"excerpt":{"rendered":"<p>Pescadores profissionais j\u00e1 lotam a Assembleia Legislativa<\/p>\n","protected":false},"author":2,"featured_media":1139,"comment_status":"closed","ping_status":"open","sticky":false,"template":"","format":"standard","meta":{"footnotes":""},"categories":[69,13],"tags":[],"yoast_head":"<!-- This site is optimized with the Yoast SEO Premium plugin v21.5 (Yoast SEO v21.4) - https:\/\/yoast.com\/wordpress\/plugins\/seo\/ -->\n<title>Audi\u00eancia P\u00fablica debate mudan\u00e7as no &quot;Transporte Zero&quot; nesta ter\u00e7a, na AL - wilsonsantosmt.com.br<\/title>\n<meta name=\"description\" content=\"Assembleia legislativa realiza nesta ter\u00e7a-feira (27), \u00e0s 10h, audi\u00eancia p\u00fablica para debater mudan\u00e7as na lei 12.197\/23, conhecida como \u201cTransporte Zero\u201d. O objetivo \u00e9 debater o decreto estadual que flexibilizou a lei que proibia o transporte, armazenamento e venda de peixes de Mato Grosso por cinco anos, mas acabou por restringir a pesca de apenas 12 esp\u00e9cies.\" \/>\n<meta name=\"robots\" content=\"index, follow, max-snippet:-1, max-image-preview:large, max-video-preview:-1\" \/>\n<link rel=\"canonical\" href=\"https:\/\/wilsonsantosmt.com.br\/index.php\/2024\/02\/28\/audiencia-publica-debate-mudancas-no-transporte-zero-nesta-terca-na-al\/\" \/>\n<meta property=\"og:locale\" content=\"pt_BR\" \/>\n<meta property=\"og:type\" content=\"article\" \/>\n<meta property=\"og:title\" content=\"Audi\u00eancia P\u00fablica debate mudan\u00e7as no &quot;Transporte Zero&quot; nesta ter\u00e7a, na AL\" \/>\n<meta property=\"og:description\" content=\"Assembleia legislativa realiza nesta ter\u00e7a-feira (27), \u00e0s 10h, audi\u00eancia p\u00fablica para debater mudan\u00e7as na lei 12.197\/23, conhecida como \u201cTransporte Zero\u201d. O objetivo \u00e9 debater o decreto estadual que flexibilizou a lei que proibia o transporte, armazenamento e venda de peixes de Mato Grosso por cinco anos, mas acabou por restringir a pesca de apenas 12 esp\u00e9cies.\" \/>\n<meta property=\"og:url\" content=\"https:\/\/wilsonsantosmt.com.br\/index.php\/2024\/02\/28\/audiencia-publica-debate-mudancas-no-transporte-zero-nesta-terca-na-al\/\" \/>\n<meta property=\"og:site_name\" content=\"wilsonsantosmt.com.br\" \/>\n<meta property=\"article:publisher\" content=\"https:\/\/www.facebook.com\/WilsonSantosMT\/\" \/>\n<meta property=\"article:published_time\" content=\"2024-02-28T14:24:59+00:00\" \/>\n<meta property=\"article:modified_time\" content=\"2024-02-28T14:25:26+00:00\" \/>\n<meta property=\"og:image\" content=\"http:\/\/wilsonsantosmt.com.br\/wp-content\/uploads\/2024\/02\/WhatsApp-Image-2024-02-27-at-09.49.14.jpeg\" \/>\n\t<meta property=\"og:image:width\" content=\"1600\" \/>\n\t<meta property=\"og:image:height\" content=\"1066\" \/>\n\t<meta property=\"og:image:type\" content=\"image\/jpeg\" \/>\n<meta name=\"author\" content=\"Robson Fraga\" \/>\n<meta name=\"twitter:card\" content=\"summary_large_image\" \/>\n<meta name=\"twitter:label1\" content=\"Escrito por\" \/>\n\t<meta name=\"twitter:data1\" content=\"Robson Fraga\" \/>\n\t<meta name=\"twitter:label2\" content=\"Est. tempo de leitura\" \/>\n\t<meta name=\"twitter:data2\" content=\"3 minutos\" \/>\n<script type=\"application\/ld+json\" class=\"yoast-schema-graph\">{\"@context\":\"https:\/\/schema.org\",\"@graph\":[{\"@type\":\"Article\",\"@id\":\"https:\/\/wilsonsantosmt.com.br\/index.php\/2024\/02\/28\/audiencia-publica-debate-mudancas-no-transporte-zero-nesta-terca-na-al\/#article\",\"isPartOf\":{\"@id\":\"https:\/\/wilsonsantosmt.com.br\/index.php\/2024\/02\/28\/audiencia-publica-debate-mudancas-no-transporte-zero-nesta-terca-na-al\/\"},\"author\":{\"name\":\"Robson Fraga\",\"@id\":\"https:\/\/wilsonsantosmt.com.br\/#\/schema\/person\/11958d88602764c993af38cd82f10ba7\"},\"headline\":\"Audi\u00eancia P\u00fablica debate mudan\u00e7as no &#8220;Transporte Zero&#8221; nesta ter\u00e7a, na AL\",\"datePublished\":\"2024-02-28T14:24:59+00:00\",\"dateModified\":\"2024-02-28T14:25:26+00:00\",\"mainEntityOfPage\":{\"@id\":\"https:\/\/wilsonsantosmt.com.br\/index.php\/2024\/02\/28\/audiencia-publica-debate-mudancas-no-transporte-zero-nesta-terca-na-al\/\"},\"wordCount\":451,\"publisher\":{\"@id\":\"https:\/\/wilsonsantosmt.com.br\/#\/schema\/person\/9de3c54961637a9eadb16bcbf895b1ef\"},\"articleSection\":[\"Meio Ambiente\",\"Not\u00edcias\"],\"inLanguage\":\"pt-BR\"},{\"@type\":\"WebPage\",\"@id\":\"https:\/\/wilsonsantosmt.com.br\/index.php\/2024\/02\/28\/audiencia-publica-debate-mudancas-no-transporte-zero-nesta-terca-na-al\/\",\"url\":\"https:\/\/wilsonsantosmt.com.br\/index.php\/2024\/02\/28\/audiencia-publica-debate-mudancas-no-transporte-zero-nesta-terca-na-al\/\",\"name\":\"Audi\u00eancia P\u00fablica debate mudan\u00e7as no \\\"Transporte Zero\\\" nesta ter\u00e7a, na AL - wilsonsantosmt.com.br\",\"isPartOf\":{\"@id\":\"https:\/\/wilsonsantosmt.com.br\/#website\"},\"datePublished\":\"2024-02-28T14:24:59+00:00\",\"dateModified\":\"2024-02-28T14:25:26+00:00\",\"description\":\"Assembleia legislativa realiza nesta ter\u00e7a-feira (27), \u00e0s 10h, audi\u00eancia p\u00fablica para debater mudan\u00e7as na lei 12.197\/23, conhecida como \u201cTransporte Zero\u201d. O objetivo \u00e9 debater o decreto estadual que flexibilizou a lei que proibia o transporte, armazenamento e venda de peixes de Mato Grosso por cinco anos, mas acabou por restringir a pesca de apenas 12 esp\u00e9cies.\",\"breadcrumb\":{\"@id\":\"https:\/\/wilsonsantosmt.com.br\/index.php\/2024\/02\/28\/audiencia-publica-debate-mudancas-no-transporte-zero-nesta-terca-na-al\/#breadcrumb\"},\"inLanguage\":\"pt-BR\",\"potentialAction\":[{\"@type\":\"ReadAction\",\"target\":[\"https:\/\/wilsonsantosmt.com.br\/index.php\/2024\/02\/28\/audiencia-publica-debate-mudancas-no-transporte-zero-nesta-terca-na-al\/\"]}]},{\"@type\":\"BreadcrumbList\",\"@id\":\"https:\/\/wilsonsantosmt.com.br\/index.php\/2024\/02\/28\/audiencia-publica-debate-mudancas-no-transporte-zero-nesta-terca-na-al\/#breadcrumb\",\"itemListElement\":[{\"@type\":\"ListItem\",\"position\":1,\"name\":\"In\u00edcio\",\"item\":\"https:\/\/wilsonsantosmt.com.br\/\"},{\"@type\":\"ListItem\",\"position\":2,\"name\":\"Not\u00edcias\",\"item\":\"https:\/\/wilsonsantosmt.com.br\/index.php\/category\/noticias\/\"},{\"@type\":\"ListItem\",\"position\":3,\"name\":\"Audi\u00eancia P\u00fablica debate mudan\u00e7as no &#8220;Transporte Zero&#8221; nesta ter\u00e7a, na AL\"}]},{\"@type\":\"WebSite\",\"@id\":\"https:\/\/wilsonsantosmt.com.br\/#website\",\"url\":\"https:\/\/wilsonsantosmt.com.br\/\",\"name\":\"wilsonsantosmt.com.br\",\"description\":\"\",\"publisher\":{\"@id\":\"https:\/\/wilsonsantosmt.com.br\/#\/schema\/person\/9de3c54961637a9eadb16bcbf895b1ef\"},\"potentialAction\":[{\"@type\":\"SearchAction\",\"target\":{\"@type\":\"EntryPoint\",\"urlTemplate\":\"https:\/\/wilsonsantosmt.com.br\/?s={search_term_string}\"},\"query-input\":\"required name=search_term_string\"}],\"inLanguage\":\"pt-BR\"},{\"@type\":[\"Person\",\"Organization\"],\"@id\":\"https:\/\/wilsonsantosmt.com.br\/#\/schema\/person\/9de3c54961637a9eadb16bcbf895b1ef\",\"name\":\"Wilson Santos\",\"image\":{\"@type\":\"ImageObject\",\"inLanguage\":\"pt-BR\",\"@id\":\"https:\/\/wilsonsantosmt.com.br\/#\/schema\/person\/image\/\",\"url\":\"https:\/\/wilsonsantosmt.com.br\/wp-content\/uploads\/2023\/11\/310828673_653254583023360_8795459643194608438_n.jpg\",\"contentUrl\":\"https:\/\/wilsonsantosmt.com.br\/wp-content\/uploads\/2023\/11\/310828673_653254583023360_8795459643194608438_n.jpg\",\"width\":1078,\"height\":1079,\"caption\":\"Wilson Santos\"},\"logo\":{\"@id\":\"https:\/\/wilsonsantosmt.com.br\/#\/schema\/person\/image\/\"},\"sameAs\":[\"http:\/\/wilsonsantosmt.com.br\",\"https:\/\/www.facebook.com\/WilsonSantosMT\/\",\"https:\/\/www.instagram.com\/wilsonsantosmt\/\",\"https:\/\/www.youtube.com\/@WilsonSantosWS\/videos\",\"https:\/\/pt.wikipedia.org\/wiki\/Wilson_Santos\"],\"honorificPrefix\":\"Sr\",\"gender\":\"masculino\",\"jobTitle\":\"Deputado Estadual\",\"worksFor\":\"Assembleia Legislativa de Mato Grosso\"},{\"@type\":\"Person\",\"@id\":\"https:\/\/wilsonsantosmt.com.br\/#\/schema\/person\/11958d88602764c993af38cd82f10ba7\",\"name\":\"Robson Fraga\",\"image\":{\"@type\":\"ImageObject\",\"inLanguage\":\"pt-BR\",\"@id\":\"https:\/\/wilsonsantosmt.com.br\/#\/schema\/person\/image\/\",\"url\":\"https:\/\/secure.gravatar.com\/avatar\/d0901e2891368a85aa639b5f1aeff522?s=96&d=mm&r=g\",\"contentUrl\":\"https:\/\/secure.gravatar.com\/avatar\/d0901e2891368a85aa639b5f1aeff522?s=96&d=mm&r=g\",\"caption\":\"Robson Fraga\"},\"url\":\"https:\/\/wilsonsantosmt.com.br\/index.php\/author\/robson-fraga\/\"}]}<\/script>\n<!-- \/ Yoast SEO Premium plugin. -->","yoast_head_json":{"title":"Audi\u00eancia P\u00fablica debate mudan\u00e7as no \"Transporte Zero\" nesta ter\u00e7a, na AL - wilsonsantosmt.com.br","description":"Assembleia legislativa realiza nesta ter\u00e7a-feira (27), \u00e0s 10h, audi\u00eancia p\u00fablica para debater mudan\u00e7as na lei 12.197\/23, conhecida como \u201cTransporte Zero\u201d. O objetivo \u00e9 debater o decreto estadual que flexibilizou a lei que proibia o transporte, armazenamento e venda de peixes de Mato Grosso por cinco anos, mas acabou por restringir a pesca de apenas 12 esp\u00e9cies.","robots":{"index":"index","follow":"follow","max-snippet":"max-snippet:-1","max-image-preview":"max-image-preview:large","max-video-preview":"max-video-preview:-1"},"canonical":"https:\/\/wilsonsantosmt.com.br\/index.php\/2024\/02\/28\/audiencia-publica-debate-mudancas-no-transporte-zero-nesta-terca-na-al\/","og_locale":"pt_BR","og_type":"article","og_title":"Audi\u00eancia P\u00fablica debate mudan\u00e7as no \"Transporte Zero\" nesta ter\u00e7a, na AL","og_description":"Assembleia legislativa realiza nesta ter\u00e7a-feira (27), \u00e0s 10h, audi\u00eancia p\u00fablica para debater mudan\u00e7as na lei 12.197\/23, conhecida como \u201cTransporte Zero\u201d. O objetivo \u00e9 debater o decreto estadual que flexibilizou a lei que proibia o transporte, armazenamento e venda de peixes de Mato Grosso por cinco anos, mas acabou por restringir a pesca de apenas 12 esp\u00e9cies.","og_url":"https:\/\/wilsonsantosmt.com.br\/index.php\/2024\/02\/28\/audiencia-publica-debate-mudancas-no-transporte-zero-nesta-terca-na-al\/","og_site_name":"wilsonsantosmt.com.br","article_publisher":"https:\/\/www.facebook.com\/WilsonSantosMT\/","article_published_time":"2024-02-28T14:24:59+00:00","article_modified_time":"2024-02-28T14:25:26+00:00","og_image":[{"width":1600,"height":1066,"url":"http:\/\/wilsonsantosmt.com.br\/wp-content\/uploads\/2024\/02\/WhatsApp-Image-2024-02-27-at-09.49.14.jpeg","type":"image\/jpeg"}],"author":"Robson Fraga","twitter_card":"summary_large_image","twitter_misc":{"Escrito por":"Robson Fraga","Est. tempo de leitura":"3 minutos"},"schema":{"@context":"https:\/\/schema.org","@graph":[{"@type":"Article","@id":"https:\/\/wilsonsantosmt.com.br\/index.php\/2024\/02\/28\/audiencia-publica-debate-mudancas-no-transporte-zero-nesta-terca-na-al\/#article","isPartOf":{"@id":"https:\/\/wilsonsantosmt.com.br\/index.php\/2024\/02\/28\/audiencia-publica-debate-mudancas-no-transporte-zero-nesta-terca-na-al\/"},"author":{"name":"Robson Fraga","@id":"https:\/\/wilsonsantosmt.com.br\/#\/schema\/person\/11958d88602764c993af38cd82f10ba7"},"headline":"Audi\u00eancia P\u00fablica debate mudan\u00e7as no &#8220;Transporte Zero&#8221; nesta ter\u00e7a, na AL","datePublished":"2024-02-28T14:24:59+00:00","dateModified":"2024-02-28T14:25:26+00:00","mainEntityOfPage":{"@id":"https:\/\/wilsonsantosmt.com.br\/index.php\/2024\/02\/28\/audiencia-publica-debate-mudancas-no-transporte-zero-nesta-terca-na-al\/"},"wordCount":451,"publisher":{"@id":"https:\/\/wilsonsantosmt.com.br\/#\/schema\/person\/9de3c54961637a9eadb16bcbf895b1ef"},"articleSection":["Meio Ambiente","Not\u00edcias"],"inLanguage":"pt-BR"},{"@type":"WebPage","@id":"https:\/\/wilsonsantosmt.com.br\/index.php\/2024\/02\/28\/audiencia-publica-debate-mudancas-no-transporte-zero-nesta-terca-na-al\/","url":"https:\/\/wilsonsantosmt.com.br\/index.php\/2024\/02\/28\/audiencia-publica-debate-mudancas-no-transporte-zero-nesta-terca-na-al\/","name":"Audi\u00eancia P\u00fablica debate mudan\u00e7as no \"Transporte Zero\" nesta ter\u00e7a, na AL - wilsonsantosmt.com.br","isPartOf":{"@id":"https:\/\/wilsonsantosmt.com.br\/#website"},"datePublished":"2024-02-28T14:24:59+00:00","dateModified":"2024-02-28T14:25:26+00:00","description":"Assembleia legislativa realiza nesta ter\u00e7a-feira (27), \u00e0s 10h, audi\u00eancia p\u00fablica para debater mudan\u00e7as na lei 12.197\/23, conhecida como \u201cTransporte Zero\u201d. O objetivo \u00e9 debater o decreto estadual que flexibilizou a lei que proibia o transporte, armazenamento e venda de peixes de Mato Grosso por cinco anos, mas acabou por restringir a pesca de apenas 12 esp\u00e9cies.","breadcrumb":{"@id":"https:\/\/wilsonsantosmt.com.br\/index.php\/2024\/02\/28\/audiencia-publica-debate-mudancas-no-transporte-zero-nesta-terca-na-al\/#breadcrumb"},"inLanguage":"pt-BR","potentialAction":[{"@type":"ReadAction","target":["https:\/\/wilsonsantosmt.com.br\/index.php\/2024\/02\/28\/audiencia-publica-debate-mudancas-no-transporte-zero-nesta-terca-na-al\/"]}]},{"@type":"BreadcrumbList","@id":"https:\/\/wilsonsantosmt.com.br\/index.php\/2024\/02\/28\/audiencia-publica-debate-mudancas-no-transporte-zero-nesta-terca-na-al\/#breadcrumb","itemListElement":[{"@type":"ListItem","position":1,"name":"In\u00edcio","item":"https:\/\/wilsonsantosmt.com.br\/"},{"@type":"ListItem","position":2,"name":"Not\u00edcias","item":"https:\/\/wilsonsantosmt.com.br\/index.php\/category\/noticias\/"},{"@type":"ListItem","position":3,"name":"Audi\u00eancia P\u00fablica debate mudan\u00e7as no &#8220;Transporte Zero&#8221; nesta ter\u00e7a, na AL"}]},{"@type":"WebSite","@id":"https:\/\/wilsonsantosmt.com.br\/#website","url":"https:\/\/wilsonsantosmt.com.br\/","name":"wilsonsantosmt.com.br","description":"","publisher":{"@id":"https:\/\/wilsonsantosmt.com.br\/#\/schema\/person\/9de3c54961637a9eadb16bcbf895b1ef"},"potentialAction":[{"@type":"SearchAction","target":{"@type":"EntryPoint","urlTemplate":"https:\/\/wilsonsantosmt.com.br\/?s={search_term_string}"},"query-input":"required name=search_term_string"}],"inLanguage":"pt-BR"},{"@type":["Person","Organization"],"@id":"https:\/\/wilsonsantosmt.com.br\/#\/schema\/person\/9de3c54961637a9eadb16bcbf895b1ef","name":"Wilson Santos","image":{"@type":"ImageObject","inLanguage":"pt-BR","@id":"https:\/\/wilsonsantosmt.com.br\/#\/schema\/person\/image\/","url":"https:\/\/wilsonsantosmt.com.br\/wp-content\/uploads\/2023\/11\/310828673_653254583023360_8795459643194608438_n.jpg","contentUrl":"https:\/\/wilsonsantosmt.com.br\/wp-content\/uploads\/2023\/11\/310828673_653254583023360_8795459643194608438_n.jpg","width":1078,"height":1079,"caption":"Wilson Santos"},"logo":{"@id":"https:\/\/wilsonsantosmt.com.br\/#\/schema\/person\/image\/"},"sameAs":["http:\/\/wilsonsantosmt.com.br","https:\/\/www.facebook.com\/WilsonSantosMT\/","https:\/\/www.instagram.com\/wilsonsantosmt\/","https:\/\/www.youtube.com\/@WilsonSantosWS\/videos","https:\/\/pt.wikipedia.org\/wiki\/Wilson_Santos"],"honorificPrefix":"Sr","gender":"masculino","jobTitle":"Deputado Estadual","worksFor":"Assembleia Legislativa de Mato Grosso"},{"@type":"Person","@id":"https:\/\/wilsonsantosmt.com.br\/#\/schema\/person\/11958d88602764c993af38cd82f10ba7","name":"Robson Fraga","image":{"@type":"ImageObject","inLanguage":"pt-BR","@id":"https:\/\/wilsonsantosmt.com.br\/#\/schema\/person\/image\/","url":"https:\/\/secure.gravatar.com\/avatar\/d0901e2891368a85aa639b5f1aeff522?s=96&d=mm&r=g","contentUrl":"https:\/\/secure.gravatar.com\/avatar\/d0901e2891368a85aa639b5f1aeff522?s=96&d=mm&r=g","caption":"Robson Fraga"},"url":"https:\/\/wilsonsantosmt.com.br\/index.php\/author\/robson-fraga\/"}]}},"_links":{"self":[{"href":"https:\/\/wilsonsantosmt.com.br\/index.php\/wp-json\/wp\/v2\/posts\/1138"}],"collection":[{"href":"https:\/\/wilsonsantosmt.com.br\/index.php\/wp-json\/wp\/v2\/posts"}],"about":[{"href":"https:\/\/wilsonsantosmt.com.br\/index.php\/wp-json\/wp\/v2\/types\/post"}],"author":[{"embeddable":true,"href":"https:\/\/wilsonsantosmt.com.br\/index.php\/wp-json\/wp\/v2\/users\/2"}],"replies":[{"embeddable":true,"href":"https:\/\/wilsonsantosmt.com.br\/index.php\/wp-json\/wp\/v2\/comments?post=1138"}],"version-history":[{"count":1,"href":"https:\/\/wilsonsantosmt.com.br\/index.php\/wp-json\/wp\/v2\/posts\/1138\/revisions"}],"predecessor-version":[{"id":1140,"href":"https:\/\/wilsonsantosmt.com.br\/index.php\/wp-json\/wp\/v2\/posts\/1138\/revisions\/1140"}],"wp:featuredmedia":[{"embeddable":true,"href":"https:\/\/wilsonsantosmt.com.br\/index.php\/wp-json\/wp\/v2\/media\/1139"}],"wp:attachment":[{"href":"https:\/\/wilsonsantosmt.com.br\/index.php\/wp-json\/wp\/v2\/media?parent=1138"}],"wp:term":[{"taxonomy":"category","embeddable":true,"href":"https:\/\/wilsonsantosmt.com.br\/index.php\/wp-json\/wp\/v2\/categories?post=1138"},{"taxonomy":"post_tag","embeddable":true,"href":"https:\/\/wilsonsantosmt.com.br\/index.php\/wp-json\/wp\/v2\/tags?post=1138"}],"curies":[{"name":"wp","href":"https:\/\/api.w.org\/{rel}","templated":true}]}}