{"id":1158,"date":"2024-03-13T15:27:00","date_gmt":"2024-03-13T19:27:00","guid":{"rendered":"https:\/\/wilsonsantosmt.com.br\/?p=1158"},"modified":"2024-03-14T22:51:09","modified_gmt":"2024-03-15T02:51:09","slug":"governo-nao-se-sensibiliza-com-a-dor-das-familias-do-brasil-21","status":"publish","type":"post","link":"https:\/\/wilsonsantosmt.com.br\/index.php\/2024\/03\/13\/governo-nao-se-sensibiliza-com-a-dor-das-familias-do-brasil-21\/","title":{"rendered":"Governo insens\u00edvel \u00e0 dor das fam\u00edlias desabrigadas"},"content":{"rendered":"\n<p>Os deputados estaduais Wilson Santos (PSD) e Valdir Barranco (PT) bem que tentaram, mas n\u00e3o conseguiram apoio do governo do estado para impedir a destrui\u00e7\u00e3o das casas&nbsp;das fam\u00edlias expulsas judicialmente da \u00e1rea do Brasil 21, no Contorno Leste de Cuiab\u00e1, na \u00faltima segunda-feira (11).<\/p>\n\n\n\n<p>Na manh\u00e3 de hoje (13), tratores derrubaram tudo que viam pela frente escoltados pela Pol\u00edcia Militar enquanto manifestantes lotaram a Assembleia Legislativa buscando apoio para o fim da destrui\u00e7\u00e3o e a volta das fam\u00edlias ao local. Uma comiss\u00e3o de deputados foi at\u00e9 o Pal\u00e1cio Paiagu\u00e1s e conversou com o procurador Jos\u00e9 An\u00edbal, da Procuradoria-Geral do Estado (PGE) , buscando apoio.<\/p>\n\n\n\n<p>An\u00edbal disse que o governo n\u00e3o \u00e9 parte do processo e que a PM estava ali por determina\u00e7\u00e3o judicial, \u201cportanto n\u00e3o havia o que ser feito\u201d. Ao fim da reuni\u00e3o, Wilson Santos conversou com os manifestantes.<\/p>\n\n\n\n<p>&#8220;Infelizmente, o entendimento do governo \u00e9 de que o propriet\u00e1rio tem o direito de fazer a demoli\u00e7\u00e3o. N\u00f3s pensamos diferente, eles pensam dessa forma. O deputado Barranco est\u00e1 articulando uma ida nossa a Bras\u00edlia, amanh\u00e3, depois de manh\u00e3, no mais tardar na segunda-feira, para falar com o ministro das Cidades (Jader Filho), que \u00e9 quem toca o programa Minha Casa, Minha Vida. Esse ministro tem poder de levar o governo federal a desapropriar a \u00e1rea.\u201d<\/p>\n\n\n\n<p>O deputado adiantou que na sexta-feira (15) vai se reunir com F\u00e1bio Garcia, secret\u00e1rio-chefe da Casa Civil, que ir\u00e1 mostrar algumas \u00e1reas do governo estadual em Cuiab\u00e1 para onde, talvez, possam ser levadas as fam\u00edlias desabrigadas e alojadas em centro comunit\u00e1rios de Cuiab\u00e1.<\/p>\n\n\n\n<p>\u201cA negocia\u00e7\u00e3o n\u00e3o est\u00e1 terminada, n\u00e3o est\u00e1 conclu\u00edda. N\u00f3s sa\u00edmos daqui derrotados nessa batalha, mas tem muitas frentes ainda. O Barranco t\u00e1 trabalhando em Bras\u00edlia e eu estou trabalhando na Casa Civil. Ent\u00e3o, n\u00f3s temos duas frentes de trabalho\u201d, disse o deputado.<\/p>\n\n\n\n<p>Wilson e Barranco v\u00e3o a Bras\u00edlia tentar a interfer\u00eancia do Ministro das Cidades, Jader Filho para a constru\u00e7\u00e3o de casas populares do Minha Casa Minha Vida para as cerca de 3 mil fam\u00edlias do Brasil 21.<\/p>\n","protected":false},"excerpt":{"rendered":"<p>Os deputados estaduais Wilson Santos (PSD) e Valdir Barranco (PT) bem que tentaram, mas n\u00e3o conseguiram apoio do governo do estado para impedir a destrui\u00e7\u00e3o das casas\u00a0das fam\u00edlias expulsas judicialmente da \u00e1rea do Brasil 21, no Contorno Leste de Cuiab\u00e1, na \u00faltima segunda-feira (11).<\/p>\n","protected":false},"author":3,"featured_media":1154,"comment_status":"closed","ping_status":"open","sticky":false,"template":"","format":"standard","meta":{"footnotes":""},"categories":[13],"tags":[],"yoast_head":"<!-- This site is optimized with the Yoast SEO Premium plugin v21.5 (Yoast SEO v21.4) - https:\/\/yoast.com\/wordpress\/plugins\/seo\/ -->\n<title>Governo insens\u00edvel \u00e0 dor das fam\u00edlias desabrigadas - wilsonsantosmt.com.br<\/title>\n<meta name=\"description\" content=\"Os deputados estaduais Wilson Santos (PSD) e Valdir Barranco (PT) bem que tentaram, mas n\u00e3o conseguiram apoio do governo do estado para impedir a destrui\u00e7\u00e3o das casas\u00a0das fam\u00edlias expulsas judicialmente da \u00e1rea do Brasil 21, no Contorno Leste de Cuiab\u00e1, na \u00faltima segunda-feira (11).\" \/>\n<meta name=\"robots\" content=\"index, follow, max-snippet:-1, max-image-preview:large, max-video-preview:-1\" \/>\n<link rel=\"canonical\" href=\"https:\/\/wilsonsantosmt.com.br\/index.php\/2024\/03\/13\/governo-nao-se-sensibiliza-com-a-dor-das-familias-do-brasil-21\/\" \/>\n<meta property=\"og:locale\" content=\"pt_BR\" \/>\n<meta property=\"og:type\" content=\"article\" \/>\n<meta property=\"og:title\" content=\"Governo insens\u00edvel \u00e0 dor das fam\u00edlias desabrigadas\" \/>\n<meta property=\"og:description\" content=\"Os deputados estaduais Wilson Santos (PSD) e Valdir Barranco (PT) bem que tentaram, mas n\u00e3o conseguiram apoio do governo do estado para impedir a destrui\u00e7\u00e3o das casas\u00a0das fam\u00edlias expulsas judicialmente da \u00e1rea do Brasil 21, no Contorno Leste de Cuiab\u00e1, na \u00faltima segunda-feira (11).\" \/>\n<meta property=\"og:url\" content=\"https:\/\/wilsonsantosmt.com.br\/index.php\/2024\/03\/13\/governo-nao-se-sensibiliza-com-a-dor-das-familias-do-brasil-21\/\" \/>\n<meta property=\"og:site_name\" content=\"wilsonsantosmt.com.br\" \/>\n<meta property=\"article:publisher\" content=\"https:\/\/www.facebook.com\/WilsonSantosMT\/\" \/>\n<meta property=\"article:published_time\" content=\"2024-03-13T19:27:00+00:00\" \/>\n<meta property=\"article:modified_time\" content=\"2024-03-15T02:51:09+00:00\" \/>\n<meta property=\"og:image\" content=\"http:\/\/wilsonsantosmt.com.br\/wp-content\/uploads\/2024\/03\/IMG_5985.png\" \/>\n\t<meta property=\"og:image:width\" content=\"800\" \/>\n\t<meta property=\"og:image:height\" content=\"481\" \/>\n\t<meta property=\"og:image:type\" content=\"image\/png\" \/>\n<meta name=\"author\" content=\"Robson Fraga\" \/>\n<meta name=\"twitter:card\" content=\"summary_large_image\" \/>\n<meta name=\"twitter:label1\" content=\"Escrito por\" \/>\n\t<meta name=\"twitter:data1\" content=\"Robson Fraga\" \/>\n\t<meta name=\"twitter:label2\" content=\"Est. tempo de leitura\" \/>\n\t<meta name=\"twitter:data2\" content=\"2 minutos\" \/>\n<script type=\"application\/ld+json\" class=\"yoast-schema-graph\">{\"@context\":\"https:\/\/schema.org\",\"@graph\":[{\"@type\":\"Article\",\"@id\":\"https:\/\/wilsonsantosmt.com.br\/index.php\/2024\/03\/13\/governo-nao-se-sensibiliza-com-a-dor-das-familias-do-brasil-21\/#article\",\"isPartOf\":{\"@id\":\"https:\/\/wilsonsantosmt.com.br\/index.php\/2024\/03\/13\/governo-nao-se-sensibiliza-com-a-dor-das-familias-do-brasil-21\/\"},\"author\":{\"name\":\"Robson Fraga\",\"@id\":\"https:\/\/wilsonsantosmt.com.br\/#\/schema\/person\/172bc900a40b7bde8c6264a26c97203a\"},\"headline\":\"Governo insens\u00edvel \u00e0 dor das fam\u00edlias desabrigadas\",\"datePublished\":\"2024-03-13T19:27:00+00:00\",\"dateModified\":\"2024-03-15T02:51:09+00:00\",\"mainEntityOfPage\":{\"@id\":\"https:\/\/wilsonsantosmt.com.br\/index.php\/2024\/03\/13\/governo-nao-se-sensibiliza-com-a-dor-das-familias-do-brasil-21\/\"},\"wordCount\":373,\"publisher\":{\"@id\":\"https:\/\/wilsonsantosmt.com.br\/#\/schema\/person\/9de3c54961637a9eadb16bcbf895b1ef\"},\"articleSection\":[\"Not\u00edcias\"],\"inLanguage\":\"pt-BR\"},{\"@type\":\"WebPage\",\"@id\":\"https:\/\/wilsonsantosmt.com.br\/index.php\/2024\/03\/13\/governo-nao-se-sensibiliza-com-a-dor-das-familias-do-brasil-21\/\",\"url\":\"https:\/\/wilsonsantosmt.com.br\/index.php\/2024\/03\/13\/governo-nao-se-sensibiliza-com-a-dor-das-familias-do-brasil-21\/\",\"name\":\"Governo insens\u00edvel \u00e0 dor das fam\u00edlias desabrigadas - wilsonsantosmt.com.br\",\"isPartOf\":{\"@id\":\"https:\/\/wilsonsantosmt.com.br\/#website\"},\"datePublished\":\"2024-03-13T19:27:00+00:00\",\"dateModified\":\"2024-03-15T02:51:09+00:00\",\"description\":\"Os deputados estaduais Wilson Santos (PSD) e Valdir Barranco (PT) bem que tentaram, mas n\u00e3o conseguiram apoio do governo do estado para impedir a destrui\u00e7\u00e3o das casas\u00a0das fam\u00edlias expulsas judicialmente da \u00e1rea do Brasil 21, no Contorno Leste de Cuiab\u00e1, na \u00faltima segunda-feira (11).\",\"breadcrumb\":{\"@id\":\"https:\/\/wilsonsantosmt.com.br\/index.php\/2024\/03\/13\/governo-nao-se-sensibiliza-com-a-dor-das-familias-do-brasil-21\/#breadcrumb\"},\"inLanguage\":\"pt-BR\",\"potentialAction\":[{\"@type\":\"ReadAction\",\"target\":[\"https:\/\/wilsonsantosmt.com.br\/index.php\/2024\/03\/13\/governo-nao-se-sensibiliza-com-a-dor-das-familias-do-brasil-21\/\"]}]},{\"@type\":\"BreadcrumbList\",\"@id\":\"https:\/\/wilsonsantosmt.com.br\/index.php\/2024\/03\/13\/governo-nao-se-sensibiliza-com-a-dor-das-familias-do-brasil-21\/#breadcrumb\",\"itemListElement\":[{\"@type\":\"ListItem\",\"position\":1,\"name\":\"In\u00edcio\",\"item\":\"https:\/\/wilsonsantosmt.com.br\/\"},{\"@type\":\"ListItem\",\"position\":2,\"name\":\"Not\u00edcias\",\"item\":\"https:\/\/wilsonsantosmt.com.br\/index.php\/category\/noticias\/\"},{\"@type\":\"ListItem\",\"position\":3,\"name\":\"Governo insens\u00edvel \u00e0 dor das fam\u00edlias desabrigadas\"}]},{\"@type\":\"WebSite\",\"@id\":\"https:\/\/wilsonsantosmt.com.br\/#website\",\"url\":\"https:\/\/wilsonsantosmt.com.br\/\",\"name\":\"wilsonsantosmt.com.br\",\"description\":\"\",\"publisher\":{\"@id\":\"https:\/\/wilsonsantosmt.com.br\/#\/schema\/person\/9de3c54961637a9eadb16bcbf895b1ef\"},\"potentialAction\":[{\"@type\":\"SearchAction\",\"target\":{\"@type\":\"EntryPoint\",\"urlTemplate\":\"https:\/\/wilsonsantosmt.com.br\/?s={search_term_string}\"},\"query-input\":\"required name=search_term_string\"}],\"inLanguage\":\"pt-BR\"},{\"@type\":[\"Person\",\"Organization\"],\"@id\":\"https:\/\/wilsonsantosmt.com.br\/#\/schema\/person\/9de3c54961637a9eadb16bcbf895b1ef\",\"name\":\"Wilson Santos\",\"image\":{\"@type\":\"ImageObject\",\"inLanguage\":\"pt-BR\",\"@id\":\"https:\/\/wilsonsantosmt.com.br\/#\/schema\/person\/image\/\",\"url\":\"https:\/\/wilsonsantosmt.com.br\/wp-content\/uploads\/2023\/11\/310828673_653254583023360_8795459643194608438_n.jpg\",\"contentUrl\":\"https:\/\/wilsonsantosmt.com.br\/wp-content\/uploads\/2023\/11\/310828673_653254583023360_8795459643194608438_n.jpg\",\"width\":1078,\"height\":1079,\"caption\":\"Wilson Santos\"},\"logo\":{\"@id\":\"https:\/\/wilsonsantosmt.com.br\/#\/schema\/person\/image\/\"},\"sameAs\":[\"http:\/\/wilsonsantosmt.com.br\",\"https:\/\/www.facebook.com\/WilsonSantosMT\/\",\"https:\/\/www.instagram.com\/wilsonsantosmt\/\",\"https:\/\/www.youtube.com\/@WilsonSantosWS\/videos\",\"https:\/\/pt.wikipedia.org\/wiki\/Wilson_Santos\"],\"honorificPrefix\":\"Sr\",\"gender\":\"masculino\",\"jobTitle\":\"Deputado Estadual\",\"worksFor\":\"Assembleia Legislativa de Mato Grosso\"},{\"@type\":\"Person\",\"@id\":\"https:\/\/wilsonsantosmt.com.br\/#\/schema\/person\/172bc900a40b7bde8c6264a26c97203a\",\"name\":\"Robson Fraga\",\"image\":{\"@type\":\"ImageObject\",\"inLanguage\":\"pt-BR\",\"@id\":\"https:\/\/wilsonsantosmt.com.br\/#\/schema\/person\/image\/\",\"url\":\"https:\/\/secure.gravatar.com\/avatar\/e558185907f79d82ad2ba4b0f568c859?s=96&d=mm&r=g\",\"contentUrl\":\"https:\/\/secure.gravatar.com\/avatar\/e558185907f79d82ad2ba4b0f568c859?s=96&d=mm&r=g\",\"caption\":\"Robson Fraga\"},\"url\":\"https:\/\/wilsonsantosmt.com.br\/index.php\/author\/robsonfraga\/\"}]}<\/script>\n<!-- \/ Yoast SEO Premium plugin. -->","yoast_head_json":{"title":"Governo insens\u00edvel \u00e0 dor das fam\u00edlias desabrigadas - wilsonsantosmt.com.br","description":"Os deputados estaduais Wilson Santos (PSD) e Valdir Barranco (PT) bem que tentaram, mas n\u00e3o conseguiram apoio do governo do estado para impedir a destrui\u00e7\u00e3o das casas\u00a0das fam\u00edlias expulsas judicialmente da \u00e1rea do Brasil 21, no Contorno Leste de Cuiab\u00e1, na \u00faltima segunda-feira (11).","robots":{"index":"index","follow":"follow","max-snippet":"max-snippet:-1","max-image-preview":"max-image-preview:large","max-video-preview":"max-video-preview:-1"},"canonical":"https:\/\/wilsonsantosmt.com.br\/index.php\/2024\/03\/13\/governo-nao-se-sensibiliza-com-a-dor-das-familias-do-brasil-21\/","og_locale":"pt_BR","og_type":"article","og_title":"Governo insens\u00edvel \u00e0 dor das fam\u00edlias desabrigadas","og_description":"Os deputados estaduais Wilson Santos (PSD) e Valdir Barranco (PT) bem que tentaram, mas n\u00e3o conseguiram apoio do governo do estado para impedir a destrui\u00e7\u00e3o das casas\u00a0das fam\u00edlias expulsas judicialmente da \u00e1rea do Brasil 21, no Contorno Leste de Cuiab\u00e1, na \u00faltima segunda-feira (11).","og_url":"https:\/\/wilsonsantosmt.com.br\/index.php\/2024\/03\/13\/governo-nao-se-sensibiliza-com-a-dor-das-familias-do-brasil-21\/","og_site_name":"wilsonsantosmt.com.br","article_publisher":"https:\/\/www.facebook.com\/WilsonSantosMT\/","article_published_time":"2024-03-13T19:27:00+00:00","article_modified_time":"2024-03-15T02:51:09+00:00","og_image":[{"width":800,"height":481,"url":"http:\/\/wilsonsantosmt.com.br\/wp-content\/uploads\/2024\/03\/IMG_5985.png","type":"image\/png"}],"author":"Robson Fraga","twitter_card":"summary_large_image","twitter_misc":{"Escrito por":"Robson Fraga","Est. tempo de leitura":"2 minutos"},"schema":{"@context":"https:\/\/schema.org","@graph":[{"@type":"Article","@id":"https:\/\/wilsonsantosmt.com.br\/index.php\/2024\/03\/13\/governo-nao-se-sensibiliza-com-a-dor-das-familias-do-brasil-21\/#article","isPartOf":{"@id":"https:\/\/wilsonsantosmt.com.br\/index.php\/2024\/03\/13\/governo-nao-se-sensibiliza-com-a-dor-das-familias-do-brasil-21\/"},"author":{"name":"Robson Fraga","@id":"https:\/\/wilsonsantosmt.com.br\/#\/schema\/person\/172bc900a40b7bde8c6264a26c97203a"},"headline":"Governo insens\u00edvel \u00e0 dor das fam\u00edlias desabrigadas","datePublished":"2024-03-13T19:27:00+00:00","dateModified":"2024-03-15T02:51:09+00:00","mainEntityOfPage":{"@id":"https:\/\/wilsonsantosmt.com.br\/index.php\/2024\/03\/13\/governo-nao-se-sensibiliza-com-a-dor-das-familias-do-brasil-21\/"},"wordCount":373,"publisher":{"@id":"https:\/\/wilsonsantosmt.com.br\/#\/schema\/person\/9de3c54961637a9eadb16bcbf895b1ef"},"articleSection":["Not\u00edcias"],"inLanguage":"pt-BR"},{"@type":"WebPage","@id":"https:\/\/wilsonsantosmt.com.br\/index.php\/2024\/03\/13\/governo-nao-se-sensibiliza-com-a-dor-das-familias-do-brasil-21\/","url":"https:\/\/wilsonsantosmt.com.br\/index.php\/2024\/03\/13\/governo-nao-se-sensibiliza-com-a-dor-das-familias-do-brasil-21\/","name":"Governo insens\u00edvel \u00e0 dor das fam\u00edlias desabrigadas - wilsonsantosmt.com.br","isPartOf":{"@id":"https:\/\/wilsonsantosmt.com.br\/#website"},"datePublished":"2024-03-13T19:27:00+00:00","dateModified":"2024-03-15T02:51:09+00:00","description":"Os deputados estaduais Wilson Santos (PSD) e Valdir Barranco (PT) bem que tentaram, mas n\u00e3o conseguiram apoio do governo do estado para impedir a destrui\u00e7\u00e3o das casas\u00a0das fam\u00edlias expulsas judicialmente da \u00e1rea do Brasil 21, no Contorno Leste de Cuiab\u00e1, na \u00faltima segunda-feira (11).","breadcrumb":{"@id":"https:\/\/wilsonsantosmt.com.br\/index.php\/2024\/03\/13\/governo-nao-se-sensibiliza-com-a-dor-das-familias-do-brasil-21\/#breadcrumb"},"inLanguage":"pt-BR","potentialAction":[{"@type":"ReadAction","target":["https:\/\/wilsonsantosmt.com.br\/index.php\/2024\/03\/13\/governo-nao-se-sensibiliza-com-a-dor-das-familias-do-brasil-21\/"]}]},{"@type":"BreadcrumbList","@id":"https:\/\/wilsonsantosmt.com.br\/index.php\/2024\/03\/13\/governo-nao-se-sensibiliza-com-a-dor-das-familias-do-brasil-21\/#breadcrumb","itemListElement":[{"@type":"ListItem","position":1,"name":"In\u00edcio","item":"https:\/\/wilsonsantosmt.com.br\/"},{"@type":"ListItem","position":2,"name":"Not\u00edcias","item":"https:\/\/wilsonsantosmt.com.br\/index.php\/category\/noticias\/"},{"@type":"ListItem","position":3,"name":"Governo insens\u00edvel \u00e0 dor das fam\u00edlias desabrigadas"}]},{"@type":"WebSite","@id":"https:\/\/wilsonsantosmt.com.br\/#website","url":"https:\/\/wilsonsantosmt.com.br\/","name":"wilsonsantosmt.com.br","description":"","publisher":{"@id":"https:\/\/wilsonsantosmt.com.br\/#\/schema\/person\/9de3c54961637a9eadb16bcbf895b1ef"},"potentialAction":[{"@type":"SearchAction","target":{"@type":"EntryPoint","urlTemplate":"https:\/\/wilsonsantosmt.com.br\/?s={search_term_string}"},"query-input":"required name=search_term_string"}],"inLanguage":"pt-BR"},{"@type":["Person","Organization"],"@id":"https:\/\/wilsonsantosmt.com.br\/#\/schema\/person\/9de3c54961637a9eadb16bcbf895b1ef","name":"Wilson Santos","image":{"@type":"ImageObject","inLanguage":"pt-BR","@id":"https:\/\/wilsonsantosmt.com.br\/#\/schema\/person\/image\/","url":"https:\/\/wilsonsantosmt.com.br\/wp-content\/uploads\/2023\/11\/310828673_653254583023360_8795459643194608438_n.jpg","contentUrl":"https:\/\/wilsonsantosmt.com.br\/wp-content\/uploads\/2023\/11\/310828673_653254583023360_8795459643194608438_n.jpg","width":1078,"height":1079,"caption":"Wilson Santos"},"logo":{"@id":"https:\/\/wilsonsantosmt.com.br\/#\/schema\/person\/image\/"},"sameAs":["http:\/\/wilsonsantosmt.com.br","https:\/\/www.facebook.com\/WilsonSantosMT\/","https:\/\/www.instagram.com\/wilsonsantosmt\/","https:\/\/www.youtube.com\/@WilsonSantosWS\/videos","https:\/\/pt.wikipedia.org\/wiki\/Wilson_Santos"],"honorificPrefix":"Sr","gender":"masculino","jobTitle":"Deputado Estadual","worksFor":"Assembleia Legislativa de Mato Grosso"},{"@type":"Person","@id":"https:\/\/wilsonsantosmt.com.br\/#\/schema\/person\/172bc900a40b7bde8c6264a26c97203a","name":"Robson Fraga","image":{"@type":"ImageObject","inLanguage":"pt-BR","@id":"https:\/\/wilsonsantosmt.com.br\/#\/schema\/person\/image\/","url":"https:\/\/secure.gravatar.com\/avatar\/e558185907f79d82ad2ba4b0f568c859?s=96&d=mm&r=g","contentUrl":"https:\/\/secure.gravatar.com\/avatar\/e558185907f79d82ad2ba4b0f568c859?s=96&d=mm&r=g","caption":"Robson Fraga"},"url":"https:\/\/wilsonsantosmt.com.br\/index.php\/author\/robsonfraga\/"}]}},"_links":{"self":[{"href":"https:\/\/wilsonsantosmt.com.br\/index.php\/wp-json\/wp\/v2\/posts\/1158"}],"collection":[{"href":"https:\/\/wilsonsantosmt.com.br\/index.php\/wp-json\/wp\/v2\/posts"}],"about":[{"href":"https:\/\/wilsonsantosmt.com.br\/index.php\/wp-json\/wp\/v2\/types\/post"}],"author":[{"embeddable":true,"href":"https:\/\/wilsonsantosmt.com.br\/index.php\/wp-json\/wp\/v2\/users\/3"}],"replies":[{"embeddable":true,"href":"https:\/\/wilsonsantosmt.com.br\/index.php\/wp-json\/wp\/v2\/comments?post=1158"}],"version-history":[{"count":6,"href":"https:\/\/wilsonsantosmt.com.br\/index.php\/wp-json\/wp\/v2\/posts\/1158\/revisions"}],"predecessor-version":[{"id":1174,"href":"https:\/\/wilsonsantosmt.com.br\/index.php\/wp-json\/wp\/v2\/posts\/1158\/revisions\/1174"}],"wp:featuredmedia":[{"embeddable":true,"href":"https:\/\/wilsonsantosmt.com.br\/index.php\/wp-json\/wp\/v2\/media\/1154"}],"wp:attachment":[{"href":"https:\/\/wilsonsantosmt.com.br\/index.php\/wp-json\/wp\/v2\/media?parent=1158"}],"wp:term":[{"taxonomy":"category","embeddable":true,"href":"https:\/\/wilsonsantosmt.com.br\/index.php\/wp-json\/wp\/v2\/categories?post=1158"},{"taxonomy":"post_tag","embeddable":true,"href":"https:\/\/wilsonsantosmt.com.br\/index.php\/wp-json\/wp\/v2\/tags?post=1158"}],"curies":[{"name":"wp","href":"https:\/\/api.w.org\/{rel}","templated":true}]}}