{"id":1175,"date":"2024-03-13T14:00:00","date_gmt":"2024-03-13T18:00:00","guid":{"rendered":"https:\/\/wilsonsantosmt.com.br\/?p=1175"},"modified":"2024-03-30T09:32:14","modified_gmt":"2024-03-30T13:32:14","slug":"familias-despejadas-do-brasil-21-lotam-plenario-da-almt","status":"publish","type":"post","link":"https:\/\/wilsonsantosmt.com.br\/index.php\/2024\/03\/13\/familias-despejadas-do-brasil-21-lotam-plenario-da-almt\/","title":{"rendered":"Fam\u00edlias despejadas do Brasil 21, em Cuiab\u00e1, lotam a ALMT"},"content":{"rendered":"\n<p>Centenas de fam\u00edlias despejadas do Brasil 21, \u00e0s margens do Contorno Leste, em Cuiab\u00e1, lotaram as galerias do Plen\u00e1rio Ren\u00ea Barbour, na Assembleia Legislativa, nesta quarta-feira (13), para continuar a luta por moradia digna.<\/p>\n\n\n\n<p>Todas foram expulsas de suas moradias debaixo de tiro de bala de borracha, g\u00e1s lacrimog\u00eaneo e spray de pimenta jogados pela Pol\u00edcia Militar.&nbsp;Eles cumpriram ordem judicial de despejo, mas ganharam de e est\u00e3o de for\u00e7a segundo os ocupantes.<\/p>\n\n\n\n<p>Durante a sess\u00e3o plen\u00e1ria, o deputado Wilson Santos (PSD), apresentou requerimento para cria\u00e7\u00e3o de uma C\u00e2mara Setorial Tem\u00e1tica que vai discutir Pol\u00edticas P\u00fablicas para Habita\u00e7\u00e3o Popular.&nbsp;Ela ser\u00e1 formada por deputados, representantes do Executivo, Caixa Econ\u00f4mica, MTPar e sociedade civil que ter\u00e3o seis meses para apresentar um relat\u00f3rio sobre o problema em todo o estado e solu\u00e7\u00f5es vi\u00e1veis \u200b\u200bpara cont\u00ea-lo.<\/p>\n\n\n\n<p>\u201dJ\u00e1 temos a ades\u00e3o de v\u00e1rios deputados e vamos mudar essa hist\u00f3ria de descaso e desprezar o que mais precisa.&nbsp;o estado carece de um grande programa habitacional e temos certeza de que vamos chegar a isso.&nbsp;N\u00e3o podemos confiar vivenciando situa\u00e7\u00e3o desumana como aconteceu com as fam\u00edlias do Brasil 21. Vamos buscar solu\u00e7\u00f5es vi\u00e1veis \u200b\u200be dignas para todos e todos\u201d, disse Wilson Santos.<\/p>\n","protected":false},"excerpt":{"rendered":"<p>Centenas de fam\u00edlias despejadas do Brasil 21, \u00e0s margens do Contorno Leste, em Cuiab\u00e1, lotaram as galerias do Plen\u00e1rio Rene\u00ea Barbour, na Assembleia Legislativa, nesta quarta-feira (13), para continuar a luta por moradia digna.<\/p>\n","protected":false},"author":3,"featured_media":1176,"comment_status":"closed","ping_status":"open","sticky":false,"template":"","format":"standard","meta":{"footnotes":""},"categories":[13],"tags":[],"yoast_head":"<!-- This site is optimized with the Yoast SEO Premium plugin v21.5 (Yoast SEO v21.4) - https:\/\/yoast.com\/wordpress\/plugins\/seo\/ -->\n<title>Fam\u00edlias despejadas do Brasil 21, em Cuiab\u00e1, lotam a ALMT - wilsonsantosmt.com.br<\/title>\n<meta name=\"robots\" content=\"index, follow, max-snippet:-1, max-image-preview:large, max-video-preview:-1\" \/>\n<link rel=\"canonical\" href=\"https:\/\/wilsonsantosmt.com.br\/index.php\/2024\/03\/13\/familias-despejadas-do-brasil-21-lotam-plenario-da-almt\/\" \/>\n<meta property=\"og:locale\" content=\"pt_BR\" \/>\n<meta property=\"og:type\" content=\"article\" \/>\n<meta property=\"og:title\" content=\"Fam\u00edlias despejadas do Brasil 21, em Cuiab\u00e1, lotam a ALMT\" \/>\n<meta property=\"og:description\" content=\"Centenas de fam\u00edlias despejadas do Brasil 21, \u00e0s margens do Contorno Leste, em Cuiab\u00e1, lotaram as galerias do Plen\u00e1rio Rene\u00ea Barbour, na Assembleia Legislativa, nesta quarta-feira (13), para continuar a luta por moradia digna.\" \/>\n<meta property=\"og:url\" content=\"https:\/\/wilsonsantosmt.com.br\/index.php\/2024\/03\/13\/familias-despejadas-do-brasil-21-lotam-plenario-da-almt\/\" \/>\n<meta property=\"og:site_name\" content=\"wilsonsantosmt.com.br\" \/>\n<meta property=\"article:publisher\" content=\"https:\/\/www.facebook.com\/WilsonSantosMT\/\" \/>\n<meta property=\"article:published_time\" content=\"2024-03-13T18:00:00+00:00\" \/>\n<meta property=\"article:modified_time\" content=\"2024-03-30T13:32:14+00:00\" \/>\n<meta property=\"og:image\" content=\"http:\/\/wilsonsantosmt.com.br\/wp-content\/uploads\/2024\/03\/Brasil-21.jpg\" \/>\n\t<meta property=\"og:image:width\" content=\"800\" \/>\n\t<meta property=\"og:image:height\" content=\"546\" \/>\n\t<meta property=\"og:image:type\" content=\"image\/jpeg\" \/>\n<meta name=\"author\" content=\"Robson Fraga\" \/>\n<meta name=\"twitter:card\" content=\"summary_large_image\" \/>\n<meta name=\"twitter:label1\" content=\"Escrito por\" \/>\n\t<meta name=\"twitter:data1\" content=\"Robson Fraga\" \/>\n\t<meta name=\"twitter:label2\" content=\"Est. tempo de leitura\" \/>\n\t<meta name=\"twitter:data2\" content=\"2 minutos\" \/>\n<script type=\"application\/ld+json\" class=\"yoast-schema-graph\">{\"@context\":\"https:\/\/schema.org\",\"@graph\":[{\"@type\":\"Article\",\"@id\":\"https:\/\/wilsonsantosmt.com.br\/index.php\/2024\/03\/13\/familias-despejadas-do-brasil-21-lotam-plenario-da-almt\/#article\",\"isPartOf\":{\"@id\":\"https:\/\/wilsonsantosmt.com.br\/index.php\/2024\/03\/13\/familias-despejadas-do-brasil-21-lotam-plenario-da-almt\/\"},\"author\":{\"name\":\"Robson Fraga\",\"@id\":\"https:\/\/wilsonsantosmt.com.br\/#\/schema\/person\/172bc900a40b7bde8c6264a26c97203a\"},\"headline\":\"Fam\u00edlias despejadas do Brasil 21, em Cuiab\u00e1, lotam a ALMT\",\"datePublished\":\"2024-03-13T18:00:00+00:00\",\"dateModified\":\"2024-03-30T13:32:14+00:00\",\"mainEntityOfPage\":{\"@id\":\"https:\/\/wilsonsantosmt.com.br\/index.php\/2024\/03\/13\/familias-despejadas-do-brasil-21-lotam-plenario-da-almt\/\"},\"wordCount\":237,\"publisher\":{\"@id\":\"https:\/\/wilsonsantosmt.com.br\/#\/schema\/person\/9de3c54961637a9eadb16bcbf895b1ef\"},\"articleSection\":[\"Not\u00edcias\"],\"inLanguage\":\"pt-BR\"},{\"@type\":\"WebPage\",\"@id\":\"https:\/\/wilsonsantosmt.com.br\/index.php\/2024\/03\/13\/familias-despejadas-do-brasil-21-lotam-plenario-da-almt\/\",\"url\":\"https:\/\/wilsonsantosmt.com.br\/index.php\/2024\/03\/13\/familias-despejadas-do-brasil-21-lotam-plenario-da-almt\/\",\"name\":\"Fam\u00edlias despejadas do Brasil 21, em Cuiab\u00e1, lotam a ALMT - wilsonsantosmt.com.br\",\"isPartOf\":{\"@id\":\"https:\/\/wilsonsantosmt.com.br\/#website\"},\"datePublished\":\"2024-03-13T18:00:00+00:00\",\"dateModified\":\"2024-03-30T13:32:14+00:00\",\"breadcrumb\":{\"@id\":\"https:\/\/wilsonsantosmt.com.br\/index.php\/2024\/03\/13\/familias-despejadas-do-brasil-21-lotam-plenario-da-almt\/#breadcrumb\"},\"inLanguage\":\"pt-BR\",\"potentialAction\":[{\"@type\":\"ReadAction\",\"target\":[\"https:\/\/wilsonsantosmt.com.br\/index.php\/2024\/03\/13\/familias-despejadas-do-brasil-21-lotam-plenario-da-almt\/\"]}]},{\"@type\":\"BreadcrumbList\",\"@id\":\"https:\/\/wilsonsantosmt.com.br\/index.php\/2024\/03\/13\/familias-despejadas-do-brasil-21-lotam-plenario-da-almt\/#breadcrumb\",\"itemListElement\":[{\"@type\":\"ListItem\",\"position\":1,\"name\":\"In\u00edcio\",\"item\":\"https:\/\/wilsonsantosmt.com.br\/\"},{\"@type\":\"ListItem\",\"position\":2,\"name\":\"Not\u00edcias\",\"item\":\"https:\/\/wilsonsantosmt.com.br\/index.php\/category\/noticias\/\"},{\"@type\":\"ListItem\",\"position\":3,\"name\":\"Fam\u00edlias despejadas do Brasil 21, em Cuiab\u00e1, lotam a ALMT\"}]},{\"@type\":\"WebSite\",\"@id\":\"https:\/\/wilsonsantosmt.com.br\/#website\",\"url\":\"https:\/\/wilsonsantosmt.com.br\/\",\"name\":\"wilsonsantosmt.com.br\",\"description\":\"\",\"publisher\":{\"@id\":\"https:\/\/wilsonsantosmt.com.br\/#\/schema\/person\/9de3c54961637a9eadb16bcbf895b1ef\"},\"potentialAction\":[{\"@type\":\"SearchAction\",\"target\":{\"@type\":\"EntryPoint\",\"urlTemplate\":\"https:\/\/wilsonsantosmt.com.br\/?s={search_term_string}\"},\"query-input\":\"required name=search_term_string\"}],\"inLanguage\":\"pt-BR\"},{\"@type\":[\"Person\",\"Organization\"],\"@id\":\"https:\/\/wilsonsantosmt.com.br\/#\/schema\/person\/9de3c54961637a9eadb16bcbf895b1ef\",\"name\":\"Wilson Santos\",\"image\":{\"@type\":\"ImageObject\",\"inLanguage\":\"pt-BR\",\"@id\":\"https:\/\/wilsonsantosmt.com.br\/#\/schema\/person\/image\/\",\"url\":\"https:\/\/wilsonsantosmt.com.br\/wp-content\/uploads\/2023\/11\/310828673_653254583023360_8795459643194608438_n.jpg\",\"contentUrl\":\"https:\/\/wilsonsantosmt.com.br\/wp-content\/uploads\/2023\/11\/310828673_653254583023360_8795459643194608438_n.jpg\",\"width\":1078,\"height\":1079,\"caption\":\"Wilson Santos\"},\"logo\":{\"@id\":\"https:\/\/wilsonsantosmt.com.br\/#\/schema\/person\/image\/\"},\"sameAs\":[\"http:\/\/wilsonsantosmt.com.br\",\"https:\/\/www.facebook.com\/WilsonSantosMT\/\",\"https:\/\/www.instagram.com\/wilsonsantosmt\/\",\"https:\/\/www.youtube.com\/@WilsonSantosWS\/videos\",\"https:\/\/pt.wikipedia.org\/wiki\/Wilson_Santos\"],\"honorificPrefix\":\"Sr\",\"gender\":\"masculino\",\"jobTitle\":\"Deputado Estadual\",\"worksFor\":\"Assembleia Legislativa de Mato Grosso\"},{\"@type\":\"Person\",\"@id\":\"https:\/\/wilsonsantosmt.com.br\/#\/schema\/person\/172bc900a40b7bde8c6264a26c97203a\",\"name\":\"Robson Fraga\",\"image\":{\"@type\":\"ImageObject\",\"inLanguage\":\"pt-BR\",\"@id\":\"https:\/\/wilsonsantosmt.com.br\/#\/schema\/person\/image\/\",\"url\":\"https:\/\/secure.gravatar.com\/avatar\/e558185907f79d82ad2ba4b0f568c859?s=96&d=mm&r=g\",\"contentUrl\":\"https:\/\/secure.gravatar.com\/avatar\/e558185907f79d82ad2ba4b0f568c859?s=96&d=mm&r=g\",\"caption\":\"Robson Fraga\"},\"url\":\"https:\/\/wilsonsantosmt.com.br\/index.php\/author\/robsonfraga\/\"}]}<\/script>\n<!-- \/ Yoast SEO Premium plugin. -->","yoast_head_json":{"title":"Fam\u00edlias despejadas do Brasil 21, em Cuiab\u00e1, lotam a ALMT - wilsonsantosmt.com.br","robots":{"index":"index","follow":"follow","max-snippet":"max-snippet:-1","max-image-preview":"max-image-preview:large","max-video-preview":"max-video-preview:-1"},"canonical":"https:\/\/wilsonsantosmt.com.br\/index.php\/2024\/03\/13\/familias-despejadas-do-brasil-21-lotam-plenario-da-almt\/","og_locale":"pt_BR","og_type":"article","og_title":"Fam\u00edlias despejadas do Brasil 21, em Cuiab\u00e1, lotam a ALMT","og_description":"Centenas de fam\u00edlias despejadas do Brasil 21, \u00e0s margens do Contorno Leste, em Cuiab\u00e1, lotaram as galerias do Plen\u00e1rio Rene\u00ea Barbour, na Assembleia Legislativa, nesta quarta-feira (13), para continuar a luta por moradia digna.","og_url":"https:\/\/wilsonsantosmt.com.br\/index.php\/2024\/03\/13\/familias-despejadas-do-brasil-21-lotam-plenario-da-almt\/","og_site_name":"wilsonsantosmt.com.br","article_publisher":"https:\/\/www.facebook.com\/WilsonSantosMT\/","article_published_time":"2024-03-13T18:00:00+00:00","article_modified_time":"2024-03-30T13:32:14+00:00","og_image":[{"width":800,"height":546,"url":"http:\/\/wilsonsantosmt.com.br\/wp-content\/uploads\/2024\/03\/Brasil-21.jpg","type":"image\/jpeg"}],"author":"Robson Fraga","twitter_card":"summary_large_image","twitter_misc":{"Escrito por":"Robson Fraga","Est. tempo de leitura":"2 minutos"},"schema":{"@context":"https:\/\/schema.org","@graph":[{"@type":"Article","@id":"https:\/\/wilsonsantosmt.com.br\/index.php\/2024\/03\/13\/familias-despejadas-do-brasil-21-lotam-plenario-da-almt\/#article","isPartOf":{"@id":"https:\/\/wilsonsantosmt.com.br\/index.php\/2024\/03\/13\/familias-despejadas-do-brasil-21-lotam-plenario-da-almt\/"},"author":{"name":"Robson Fraga","@id":"https:\/\/wilsonsantosmt.com.br\/#\/schema\/person\/172bc900a40b7bde8c6264a26c97203a"},"headline":"Fam\u00edlias despejadas do Brasil 21, em Cuiab\u00e1, lotam a ALMT","datePublished":"2024-03-13T18:00:00+00:00","dateModified":"2024-03-30T13:32:14+00:00","mainEntityOfPage":{"@id":"https:\/\/wilsonsantosmt.com.br\/index.php\/2024\/03\/13\/familias-despejadas-do-brasil-21-lotam-plenario-da-almt\/"},"wordCount":237,"publisher":{"@id":"https:\/\/wilsonsantosmt.com.br\/#\/schema\/person\/9de3c54961637a9eadb16bcbf895b1ef"},"articleSection":["Not\u00edcias"],"inLanguage":"pt-BR"},{"@type":"WebPage","@id":"https:\/\/wilsonsantosmt.com.br\/index.php\/2024\/03\/13\/familias-despejadas-do-brasil-21-lotam-plenario-da-almt\/","url":"https:\/\/wilsonsantosmt.com.br\/index.php\/2024\/03\/13\/familias-despejadas-do-brasil-21-lotam-plenario-da-almt\/","name":"Fam\u00edlias despejadas do Brasil 21, em Cuiab\u00e1, lotam a ALMT - wilsonsantosmt.com.br","isPartOf":{"@id":"https:\/\/wilsonsantosmt.com.br\/#website"},"datePublished":"2024-03-13T18:00:00+00:00","dateModified":"2024-03-30T13:32:14+00:00","breadcrumb":{"@id":"https:\/\/wilsonsantosmt.com.br\/index.php\/2024\/03\/13\/familias-despejadas-do-brasil-21-lotam-plenario-da-almt\/#breadcrumb"},"inLanguage":"pt-BR","potentialAction":[{"@type":"ReadAction","target":["https:\/\/wilsonsantosmt.com.br\/index.php\/2024\/03\/13\/familias-despejadas-do-brasil-21-lotam-plenario-da-almt\/"]}]},{"@type":"BreadcrumbList","@id":"https:\/\/wilsonsantosmt.com.br\/index.php\/2024\/03\/13\/familias-despejadas-do-brasil-21-lotam-plenario-da-almt\/#breadcrumb","itemListElement":[{"@type":"ListItem","position":1,"name":"In\u00edcio","item":"https:\/\/wilsonsantosmt.com.br\/"},{"@type":"ListItem","position":2,"name":"Not\u00edcias","item":"https:\/\/wilsonsantosmt.com.br\/index.php\/category\/noticias\/"},{"@type":"ListItem","position":3,"name":"Fam\u00edlias despejadas do Brasil 21, em Cuiab\u00e1, lotam a ALMT"}]},{"@type":"WebSite","@id":"https:\/\/wilsonsantosmt.com.br\/#website","url":"https:\/\/wilsonsantosmt.com.br\/","name":"wilsonsantosmt.com.br","description":"","publisher":{"@id":"https:\/\/wilsonsantosmt.com.br\/#\/schema\/person\/9de3c54961637a9eadb16bcbf895b1ef"},"potentialAction":[{"@type":"SearchAction","target":{"@type":"EntryPoint","urlTemplate":"https:\/\/wilsonsantosmt.com.br\/?s={search_term_string}"},"query-input":"required name=search_term_string"}],"inLanguage":"pt-BR"},{"@type":["Person","Organization"],"@id":"https:\/\/wilsonsantosmt.com.br\/#\/schema\/person\/9de3c54961637a9eadb16bcbf895b1ef","name":"Wilson Santos","image":{"@type":"ImageObject","inLanguage":"pt-BR","@id":"https:\/\/wilsonsantosmt.com.br\/#\/schema\/person\/image\/","url":"https:\/\/wilsonsantosmt.com.br\/wp-content\/uploads\/2023\/11\/310828673_653254583023360_8795459643194608438_n.jpg","contentUrl":"https:\/\/wilsonsantosmt.com.br\/wp-content\/uploads\/2023\/11\/310828673_653254583023360_8795459643194608438_n.jpg","width":1078,"height":1079,"caption":"Wilson Santos"},"logo":{"@id":"https:\/\/wilsonsantosmt.com.br\/#\/schema\/person\/image\/"},"sameAs":["http:\/\/wilsonsantosmt.com.br","https:\/\/www.facebook.com\/WilsonSantosMT\/","https:\/\/www.instagram.com\/wilsonsantosmt\/","https:\/\/www.youtube.com\/@WilsonSantosWS\/videos","https:\/\/pt.wikipedia.org\/wiki\/Wilson_Santos"],"honorificPrefix":"Sr","gender":"masculino","jobTitle":"Deputado Estadual","worksFor":"Assembleia Legislativa de Mato Grosso"},{"@type":"Person","@id":"https:\/\/wilsonsantosmt.com.br\/#\/schema\/person\/172bc900a40b7bde8c6264a26c97203a","name":"Robson Fraga","image":{"@type":"ImageObject","inLanguage":"pt-BR","@id":"https:\/\/wilsonsantosmt.com.br\/#\/schema\/person\/image\/","url":"https:\/\/secure.gravatar.com\/avatar\/e558185907f79d82ad2ba4b0f568c859?s=96&d=mm&r=g","contentUrl":"https:\/\/secure.gravatar.com\/avatar\/e558185907f79d82ad2ba4b0f568c859?s=96&d=mm&r=g","caption":"Robson Fraga"},"url":"https:\/\/wilsonsantosmt.com.br\/index.php\/author\/robsonfraga\/"}]}},"_links":{"self":[{"href":"https:\/\/wilsonsantosmt.com.br\/index.php\/wp-json\/wp\/v2\/posts\/1175"}],"collection":[{"href":"https:\/\/wilsonsantosmt.com.br\/index.php\/wp-json\/wp\/v2\/posts"}],"about":[{"href":"https:\/\/wilsonsantosmt.com.br\/index.php\/wp-json\/wp\/v2\/types\/post"}],"author":[{"embeddable":true,"href":"https:\/\/wilsonsantosmt.com.br\/index.php\/wp-json\/wp\/v2\/users\/3"}],"replies":[{"embeddable":true,"href":"https:\/\/wilsonsantosmt.com.br\/index.php\/wp-json\/wp\/v2\/comments?post=1175"}],"version-history":[{"count":4,"href":"https:\/\/wilsonsantosmt.com.br\/index.php\/wp-json\/wp\/v2\/posts\/1175\/revisions"}],"predecessor-version":[{"id":1194,"href":"https:\/\/wilsonsantosmt.com.br\/index.php\/wp-json\/wp\/v2\/posts\/1175\/revisions\/1194"}],"wp:featuredmedia":[{"embeddable":true,"href":"https:\/\/wilsonsantosmt.com.br\/index.php\/wp-json\/wp\/v2\/media\/1176"}],"wp:attachment":[{"href":"https:\/\/wilsonsantosmt.com.br\/index.php\/wp-json\/wp\/v2\/media?parent=1175"}],"wp:term":[{"taxonomy":"category","embeddable":true,"href":"https:\/\/wilsonsantosmt.com.br\/index.php\/wp-json\/wp\/v2\/categories?post=1175"},{"taxonomy":"post_tag","embeddable":true,"href":"https:\/\/wilsonsantosmt.com.br\/index.php\/wp-json\/wp\/v2\/tags?post=1175"}],"curies":[{"name":"wp","href":"https:\/\/api.w.org\/{rel}","templated":true}]}}