{"id":1185,"date":"2024-03-30T09:26:25","date_gmt":"2024-03-30T13:26:25","guid":{"rendered":"https:\/\/wilsonsantosmt.com.br\/?p=1185"},"modified":"2024-03-30T09:31:41","modified_gmt":"2024-03-30T13:31:41","slug":"wilson-santos-se-reune-com-a-diretoria-geral-da-policia-civil","status":"publish","type":"post","link":"https:\/\/wilsonsantosmt.com.br\/index.php\/2024\/03\/30\/wilson-santos-se-reune-com-a-diretoria-geral-da-policia-civil\/","title":{"rendered":"Deputado pede celeridade nas investiga\u00e7\u00f5es \u00e0 diretoria da PJC"},"content":{"rendered":"\n<p>O deputado estadual Wilson Santos (PSD) esteve reunido nesta ter\u00e7a-feira (26), com a delegada-geral da Pol\u00edcia Civil de Mato Grosso, Daniela Maidel. Em pauta, a\u00e7\u00f5es de intelig\u00eancia da Pol\u00edcia Civil, redu\u00e7\u00e3o dos \u00edndices de criminalidade e o andamento das investiga\u00e7\u00f5es sobre o assassinato do produtor rural Jo\u00e3o Ant\u00f4nio Pinto, de 87 anos.<\/p>\n\n\n\n<p>O idoso foi assassinado no dia 23 de fevereiro deste ano, dentro de sua propriedade, no Contorno Leste, em Cuiab\u00e1, por um policial civil.<\/p>\n\n\n\n<p>&#8220;A pol\u00edcia precisa dar uma resposta \u00e0 sociedade. Estamos falando de um senhor, cuja fam\u00edlia alega j\u00e1 ter tido sua propriedade invadida v\u00e1rias vezes. Tinha problemas de mobilidade, de audi\u00e7\u00e3o e medo ser v\u00edtima de uma emboscada ou de ter sua terra invadida novamente. Por isso, segundo a fam\u00edlia, estava armado. N\u00e3o sabemos as circunst\u00e2ncias que levaram o policial ao local, tampouco o porqu\u00ea de ele ter atirado no homem&#8221;, disse Wilson Santos.<\/p>\n\n\n\n<p>&#8220;Como parlamentares somos cobrados e precisamos dar respostas \u00e0 sociedade&#8221;, completou o parlamentar lembrando que as investiga\u00e7\u00f5es j\u00e1 perduram h\u00e1 mais de 30 dias.<\/p>\n\n\n\n<p>A delegada Daniela Maidel garantiu que as investiga\u00e7\u00f5es est\u00e3o em andamento e lembrou que as mesmas correm sob sigilo.<\/p>\n\n\n\n<p>&#8220;Para a Pol\u00edcia Civil a elucida\u00e7\u00e3o deste crime, e de todos os demais, \u00e9 fundamental. N\u00e3o descartamos nenhuma hip\u00f3tese. Estamos trabalhando para&nbsp; saber porque o policial estava no local e quais as circunst\u00e2ncias do crime. V\u00e1rias linhas de investiga\u00e7\u00e3o foram abertas e s\u00f3 poderemos dar detalhes do caso ap\u00f3s a conclus\u00e3o das investiga\u00e7\u00f5es&#8221;.<\/p>\n\n\n\n<p>Vale dizer que a Pol\u00edcia Civil tem 30 dias para a conclus\u00e3o de um inqu\u00e9rito. Mas o prazo pode ser prorrogado&nbsp; por igual per\u00edodo, quantas vezes forem necess\u00e1rias, at\u00e9 a conclus\u00e3o.<\/p>\n\n\n\n<p><strong>Armas menos letais<\/strong><\/p>\n\n\n\n<p>Durante a reuni\u00e3o, Wilson Santos tamb\u00e9m falou sobre outros casos que tiveram grande repercuss\u00e3o, como a morte de Diego Kaliniski, de 26 anos, na madrugada do dia 5 de fevereiro, em Vera (486 km de Cuiab\u00e1). Reafirmou a necessidade do uso de armas menos letais (taser) pelas pol\u00edcias.<\/p>\n\n\n\n<p>No caso de Diego, a PM estava em uma a\u00e7\u00e3o para coibir a perturba\u00e7\u00e3o de sossego. A v\u00edtima teria reagido \u00e0 abordagem e tomado o cassetete de um dos policiais quando foi baleada e morta. O policial teria agido em leg\u00edtima defesa.<\/p>\n\n\n\n<p>J\u00e1 em outra situa\u00e7\u00e3o, em 2023, Thiago Graciote Moraes, de 29 anos, tamb\u00e9m foi morto por um policial militar, em Cotrigua\u00e7u, (955 km de Cuiab\u00e1).&nbsp;<\/p>\n\n\n\n<p>&#8220;Neste caso, o rapaz j\u00e1 havia sido rendido e estava indo embora de uma festa quando um policial lhe deu um chute nas n\u00e1degas e o jogou no ch\u00e3o. O jovem levantou e de m\u00e3os para o alto disse atira, e o PM atirou. Se estivesse munido com uma &#8220;teaser&#8221; teria contido a v\u00edtima sem t\u00ea-la matado. Acredito que esta discuss\u00e3o sobre o uso de armas n\u00e3o letais precisa tamb\u00e9m ser discutida pela Pol\u00edcia Judici\u00e1ria Civil e pelo Governo do Estado que tem de preparar melhor os policiais que est\u00e3o nas ruas portando armas de fogo&#8221;, disse Wilson Santos.<\/p>\n\n\n\n<p>&#8220;Concordo com o senhor e quero dizer que a Pol\u00edcia Judici\u00e1ria Civil de Mato Grosso tamb\u00e9m ser\u00e1 provida de pistolas taser j\u00e1 no pr\u00f3ximo m\u00eas. Que trabalhamos com intelig\u00eancia nas investiga\u00e7\u00f5es e que fazemos nosso trabalho de forma sigilosa e com a maior seguran\u00e7a poss\u00edvel, tanto para os policiais quanto para os investigados&#8221;, completou a delegada.&nbsp;<\/p>\n","protected":false},"excerpt":{"rendered":"<p>Busca de informa\u00e7\u00f5es sobre a morte do produtor rural Jo\u00e3o Pinto<\/p>\n","protected":false},"author":3,"featured_media":1186,"comment_status":"closed","ping_status":"open","sticky":false,"template":"","format":"standard","meta":{"footnotes":""},"categories":[13],"tags":[],"yoast_head":"<!-- This site is optimized with the Yoast SEO Premium plugin v21.5 (Yoast SEO v21.4) - https:\/\/yoast.com\/wordpress\/plugins\/seo\/ -->\n<title>Deputado pede celeridade nas investiga\u00e7\u00f5es \u00e0 diretoria da PJC - wilsonsantosmt.com.br<\/title>\n<meta name=\"robots\" content=\"index, follow, max-snippet:-1, max-image-preview:large, max-video-preview:-1\" \/>\n<link rel=\"canonical\" href=\"https:\/\/wilsonsantosmt.com.br\/index.php\/2024\/03\/30\/wilson-santos-se-reune-com-a-diretoria-geral-da-policia-civil\/\" \/>\n<meta property=\"og:locale\" content=\"pt_BR\" \/>\n<meta property=\"og:type\" content=\"article\" \/>\n<meta property=\"og:title\" content=\"Deputado pede celeridade nas investiga\u00e7\u00f5es \u00e0 diretoria da PJC\" \/>\n<meta property=\"og:description\" content=\"Busca de informa\u00e7\u00f5es sobre a morte do produtor rural Jo\u00e3o Pinto\" \/>\n<meta property=\"og:url\" content=\"https:\/\/wilsonsantosmt.com.br\/index.php\/2024\/03\/30\/wilson-santos-se-reune-com-a-diretoria-geral-da-policia-civil\/\" \/>\n<meta property=\"og:site_name\" content=\"wilsonsantosmt.com.br\" \/>\n<meta property=\"article:publisher\" content=\"https:\/\/www.facebook.com\/WilsonSantosMT\/\" \/>\n<meta property=\"article:published_time\" content=\"2024-03-30T13:26:25+00:00\" \/>\n<meta property=\"article:modified_time\" content=\"2024-03-30T13:31:41+00:00\" \/>\n<meta property=\"og:image\" content=\"http:\/\/wilsonsantosmt.com.br\/wp-content\/uploads\/2024\/03\/WhatsApp-Image-2024-03-26-at-17.10.52.jpeg\" \/>\n\t<meta property=\"og:image:width\" content=\"757\" \/>\n\t<meta property=\"og:image:height\" content=\"535\" \/>\n\t<meta property=\"og:image:type\" content=\"image\/jpeg\" \/>\n<meta name=\"author\" content=\"Robson Fraga\" \/>\n<meta name=\"twitter:card\" content=\"summary_large_image\" \/>\n<meta name=\"twitter:label1\" content=\"Escrito por\" \/>\n\t<meta name=\"twitter:data1\" content=\"Robson Fraga\" \/>\n\t<meta name=\"twitter:label2\" content=\"Est. tempo de leitura\" \/>\n\t<meta name=\"twitter:data2\" content=\"4 minutos\" \/>\n<script type=\"application\/ld+json\" class=\"yoast-schema-graph\">{\"@context\":\"https:\/\/schema.org\",\"@graph\":[{\"@type\":\"Article\",\"@id\":\"https:\/\/wilsonsantosmt.com.br\/index.php\/2024\/03\/30\/wilson-santos-se-reune-com-a-diretoria-geral-da-policia-civil\/#article\",\"isPartOf\":{\"@id\":\"https:\/\/wilsonsantosmt.com.br\/index.php\/2024\/03\/30\/wilson-santos-se-reune-com-a-diretoria-geral-da-policia-civil\/\"},\"author\":{\"name\":\"Robson Fraga\",\"@id\":\"https:\/\/wilsonsantosmt.com.br\/#\/schema\/person\/172bc900a40b7bde8c6264a26c97203a\"},\"headline\":\"Deputado pede celeridade nas investiga\u00e7\u00f5es \u00e0 diretoria da PJC\",\"datePublished\":\"2024-03-30T13:26:25+00:00\",\"dateModified\":\"2024-03-30T13:31:41+00:00\",\"mainEntityOfPage\":{\"@id\":\"https:\/\/wilsonsantosmt.com.br\/index.php\/2024\/03\/30\/wilson-santos-se-reune-com-a-diretoria-geral-da-policia-civil\/\"},\"wordCount\":614,\"publisher\":{\"@id\":\"https:\/\/wilsonsantosmt.com.br\/#\/schema\/person\/9de3c54961637a9eadb16bcbf895b1ef\"},\"articleSection\":[\"Not\u00edcias\"],\"inLanguage\":\"pt-BR\"},{\"@type\":\"WebPage\",\"@id\":\"https:\/\/wilsonsantosmt.com.br\/index.php\/2024\/03\/30\/wilson-santos-se-reune-com-a-diretoria-geral-da-policia-civil\/\",\"url\":\"https:\/\/wilsonsantosmt.com.br\/index.php\/2024\/03\/30\/wilson-santos-se-reune-com-a-diretoria-geral-da-policia-civil\/\",\"name\":\"Deputado pede celeridade nas investiga\u00e7\u00f5es \u00e0 diretoria da PJC - wilsonsantosmt.com.br\",\"isPartOf\":{\"@id\":\"https:\/\/wilsonsantosmt.com.br\/#website\"},\"datePublished\":\"2024-03-30T13:26:25+00:00\",\"dateModified\":\"2024-03-30T13:31:41+00:00\",\"breadcrumb\":{\"@id\":\"https:\/\/wilsonsantosmt.com.br\/index.php\/2024\/03\/30\/wilson-santos-se-reune-com-a-diretoria-geral-da-policia-civil\/#breadcrumb\"},\"inLanguage\":\"pt-BR\",\"potentialAction\":[{\"@type\":\"ReadAction\",\"target\":[\"https:\/\/wilsonsantosmt.com.br\/index.php\/2024\/03\/30\/wilson-santos-se-reune-com-a-diretoria-geral-da-policia-civil\/\"]}]},{\"@type\":\"BreadcrumbList\",\"@id\":\"https:\/\/wilsonsantosmt.com.br\/index.php\/2024\/03\/30\/wilson-santos-se-reune-com-a-diretoria-geral-da-policia-civil\/#breadcrumb\",\"itemListElement\":[{\"@type\":\"ListItem\",\"position\":1,\"name\":\"In\u00edcio\",\"item\":\"https:\/\/wilsonsantosmt.com.br\/\"},{\"@type\":\"ListItem\",\"position\":2,\"name\":\"Not\u00edcias\",\"item\":\"https:\/\/wilsonsantosmt.com.br\/index.php\/category\/noticias\/\"},{\"@type\":\"ListItem\",\"position\":3,\"name\":\"Deputado pede celeridade nas investiga\u00e7\u00f5es \u00e0 diretoria da PJC\"}]},{\"@type\":\"WebSite\",\"@id\":\"https:\/\/wilsonsantosmt.com.br\/#website\",\"url\":\"https:\/\/wilsonsantosmt.com.br\/\",\"name\":\"wilsonsantosmt.com.br\",\"description\":\"\",\"publisher\":{\"@id\":\"https:\/\/wilsonsantosmt.com.br\/#\/schema\/person\/9de3c54961637a9eadb16bcbf895b1ef\"},\"potentialAction\":[{\"@type\":\"SearchAction\",\"target\":{\"@type\":\"EntryPoint\",\"urlTemplate\":\"https:\/\/wilsonsantosmt.com.br\/?s={search_term_string}\"},\"query-input\":\"required name=search_term_string\"}],\"inLanguage\":\"pt-BR\"},{\"@type\":[\"Person\",\"Organization\"],\"@id\":\"https:\/\/wilsonsantosmt.com.br\/#\/schema\/person\/9de3c54961637a9eadb16bcbf895b1ef\",\"name\":\"Wilson Santos\",\"image\":{\"@type\":\"ImageObject\",\"inLanguage\":\"pt-BR\",\"@id\":\"https:\/\/wilsonsantosmt.com.br\/#\/schema\/person\/image\/\",\"url\":\"https:\/\/wilsonsantosmt.com.br\/wp-content\/uploads\/2023\/11\/310828673_653254583023360_8795459643194608438_n.jpg\",\"contentUrl\":\"https:\/\/wilsonsantosmt.com.br\/wp-content\/uploads\/2023\/11\/310828673_653254583023360_8795459643194608438_n.jpg\",\"width\":1078,\"height\":1079,\"caption\":\"Wilson Santos\"},\"logo\":{\"@id\":\"https:\/\/wilsonsantosmt.com.br\/#\/schema\/person\/image\/\"},\"sameAs\":[\"http:\/\/wilsonsantosmt.com.br\",\"https:\/\/www.facebook.com\/WilsonSantosMT\/\",\"https:\/\/www.instagram.com\/wilsonsantosmt\/\",\"https:\/\/www.youtube.com\/@WilsonSantosWS\/videos\",\"https:\/\/pt.wikipedia.org\/wiki\/Wilson_Santos\"],\"honorificPrefix\":\"Sr\",\"gender\":\"masculino\",\"jobTitle\":\"Deputado Estadual\",\"worksFor\":\"Assembleia Legislativa de Mato Grosso\"},{\"@type\":\"Person\",\"@id\":\"https:\/\/wilsonsantosmt.com.br\/#\/schema\/person\/172bc900a40b7bde8c6264a26c97203a\",\"name\":\"Robson Fraga\",\"image\":{\"@type\":\"ImageObject\",\"inLanguage\":\"pt-BR\",\"@id\":\"https:\/\/wilsonsantosmt.com.br\/#\/schema\/person\/image\/\",\"url\":\"https:\/\/secure.gravatar.com\/avatar\/e558185907f79d82ad2ba4b0f568c859?s=96&d=mm&r=g\",\"contentUrl\":\"https:\/\/secure.gravatar.com\/avatar\/e558185907f79d82ad2ba4b0f568c859?s=96&d=mm&r=g\",\"caption\":\"Robson Fraga\"},\"url\":\"https:\/\/wilsonsantosmt.com.br\/index.php\/author\/robsonfraga\/\"}]}<\/script>\n<!-- \/ Yoast SEO Premium plugin. -->","yoast_head_json":{"title":"Deputado pede celeridade nas investiga\u00e7\u00f5es \u00e0 diretoria da PJC - wilsonsantosmt.com.br","robots":{"index":"index","follow":"follow","max-snippet":"max-snippet:-1","max-image-preview":"max-image-preview:large","max-video-preview":"max-video-preview:-1"},"canonical":"https:\/\/wilsonsantosmt.com.br\/index.php\/2024\/03\/30\/wilson-santos-se-reune-com-a-diretoria-geral-da-policia-civil\/","og_locale":"pt_BR","og_type":"article","og_title":"Deputado pede celeridade nas investiga\u00e7\u00f5es \u00e0 diretoria da PJC","og_description":"Busca de informa\u00e7\u00f5es sobre a morte do produtor rural Jo\u00e3o Pinto","og_url":"https:\/\/wilsonsantosmt.com.br\/index.php\/2024\/03\/30\/wilson-santos-se-reune-com-a-diretoria-geral-da-policia-civil\/","og_site_name":"wilsonsantosmt.com.br","article_publisher":"https:\/\/www.facebook.com\/WilsonSantosMT\/","article_published_time":"2024-03-30T13:26:25+00:00","article_modified_time":"2024-03-30T13:31:41+00:00","og_image":[{"width":757,"height":535,"url":"http:\/\/wilsonsantosmt.com.br\/wp-content\/uploads\/2024\/03\/WhatsApp-Image-2024-03-26-at-17.10.52.jpeg","type":"image\/jpeg"}],"author":"Robson Fraga","twitter_card":"summary_large_image","twitter_misc":{"Escrito por":"Robson Fraga","Est. tempo de leitura":"4 minutos"},"schema":{"@context":"https:\/\/schema.org","@graph":[{"@type":"Article","@id":"https:\/\/wilsonsantosmt.com.br\/index.php\/2024\/03\/30\/wilson-santos-se-reune-com-a-diretoria-geral-da-policia-civil\/#article","isPartOf":{"@id":"https:\/\/wilsonsantosmt.com.br\/index.php\/2024\/03\/30\/wilson-santos-se-reune-com-a-diretoria-geral-da-policia-civil\/"},"author":{"name":"Robson Fraga","@id":"https:\/\/wilsonsantosmt.com.br\/#\/schema\/person\/172bc900a40b7bde8c6264a26c97203a"},"headline":"Deputado pede celeridade nas investiga\u00e7\u00f5es \u00e0 diretoria da PJC","datePublished":"2024-03-30T13:26:25+00:00","dateModified":"2024-03-30T13:31:41+00:00","mainEntityOfPage":{"@id":"https:\/\/wilsonsantosmt.com.br\/index.php\/2024\/03\/30\/wilson-santos-se-reune-com-a-diretoria-geral-da-policia-civil\/"},"wordCount":614,"publisher":{"@id":"https:\/\/wilsonsantosmt.com.br\/#\/schema\/person\/9de3c54961637a9eadb16bcbf895b1ef"},"articleSection":["Not\u00edcias"],"inLanguage":"pt-BR"},{"@type":"WebPage","@id":"https:\/\/wilsonsantosmt.com.br\/index.php\/2024\/03\/30\/wilson-santos-se-reune-com-a-diretoria-geral-da-policia-civil\/","url":"https:\/\/wilsonsantosmt.com.br\/index.php\/2024\/03\/30\/wilson-santos-se-reune-com-a-diretoria-geral-da-policia-civil\/","name":"Deputado pede celeridade nas investiga\u00e7\u00f5es \u00e0 diretoria da PJC - wilsonsantosmt.com.br","isPartOf":{"@id":"https:\/\/wilsonsantosmt.com.br\/#website"},"datePublished":"2024-03-30T13:26:25+00:00","dateModified":"2024-03-30T13:31:41+00:00","breadcrumb":{"@id":"https:\/\/wilsonsantosmt.com.br\/index.php\/2024\/03\/30\/wilson-santos-se-reune-com-a-diretoria-geral-da-policia-civil\/#breadcrumb"},"inLanguage":"pt-BR","potentialAction":[{"@type":"ReadAction","target":["https:\/\/wilsonsantosmt.com.br\/index.php\/2024\/03\/30\/wilson-santos-se-reune-com-a-diretoria-geral-da-policia-civil\/"]}]},{"@type":"BreadcrumbList","@id":"https:\/\/wilsonsantosmt.com.br\/index.php\/2024\/03\/30\/wilson-santos-se-reune-com-a-diretoria-geral-da-policia-civil\/#breadcrumb","itemListElement":[{"@type":"ListItem","position":1,"name":"In\u00edcio","item":"https:\/\/wilsonsantosmt.com.br\/"},{"@type":"ListItem","position":2,"name":"Not\u00edcias","item":"https:\/\/wilsonsantosmt.com.br\/index.php\/category\/noticias\/"},{"@type":"ListItem","position":3,"name":"Deputado pede celeridade nas investiga\u00e7\u00f5es \u00e0 diretoria da PJC"}]},{"@type":"WebSite","@id":"https:\/\/wilsonsantosmt.com.br\/#website","url":"https:\/\/wilsonsantosmt.com.br\/","name":"wilsonsantosmt.com.br","description":"","publisher":{"@id":"https:\/\/wilsonsantosmt.com.br\/#\/schema\/person\/9de3c54961637a9eadb16bcbf895b1ef"},"potentialAction":[{"@type":"SearchAction","target":{"@type":"EntryPoint","urlTemplate":"https:\/\/wilsonsantosmt.com.br\/?s={search_term_string}"},"query-input":"required name=search_term_string"}],"inLanguage":"pt-BR"},{"@type":["Person","Organization"],"@id":"https:\/\/wilsonsantosmt.com.br\/#\/schema\/person\/9de3c54961637a9eadb16bcbf895b1ef","name":"Wilson Santos","image":{"@type":"ImageObject","inLanguage":"pt-BR","@id":"https:\/\/wilsonsantosmt.com.br\/#\/schema\/person\/image\/","url":"https:\/\/wilsonsantosmt.com.br\/wp-content\/uploads\/2023\/11\/310828673_653254583023360_8795459643194608438_n.jpg","contentUrl":"https:\/\/wilsonsantosmt.com.br\/wp-content\/uploads\/2023\/11\/310828673_653254583023360_8795459643194608438_n.jpg","width":1078,"height":1079,"caption":"Wilson Santos"},"logo":{"@id":"https:\/\/wilsonsantosmt.com.br\/#\/schema\/person\/image\/"},"sameAs":["http:\/\/wilsonsantosmt.com.br","https:\/\/www.facebook.com\/WilsonSantosMT\/","https:\/\/www.instagram.com\/wilsonsantosmt\/","https:\/\/www.youtube.com\/@WilsonSantosWS\/videos","https:\/\/pt.wikipedia.org\/wiki\/Wilson_Santos"],"honorificPrefix":"Sr","gender":"masculino","jobTitle":"Deputado Estadual","worksFor":"Assembleia Legislativa de Mato Grosso"},{"@type":"Person","@id":"https:\/\/wilsonsantosmt.com.br\/#\/schema\/person\/172bc900a40b7bde8c6264a26c97203a","name":"Robson Fraga","image":{"@type":"ImageObject","inLanguage":"pt-BR","@id":"https:\/\/wilsonsantosmt.com.br\/#\/schema\/person\/image\/","url":"https:\/\/secure.gravatar.com\/avatar\/e558185907f79d82ad2ba4b0f568c859?s=96&d=mm&r=g","contentUrl":"https:\/\/secure.gravatar.com\/avatar\/e558185907f79d82ad2ba4b0f568c859?s=96&d=mm&r=g","caption":"Robson Fraga"},"url":"https:\/\/wilsonsantosmt.com.br\/index.php\/author\/robsonfraga\/"}]}},"_links":{"self":[{"href":"https:\/\/wilsonsantosmt.com.br\/index.php\/wp-json\/wp\/v2\/posts\/1185"}],"collection":[{"href":"https:\/\/wilsonsantosmt.com.br\/index.php\/wp-json\/wp\/v2\/posts"}],"about":[{"href":"https:\/\/wilsonsantosmt.com.br\/index.php\/wp-json\/wp\/v2\/types\/post"}],"author":[{"embeddable":true,"href":"https:\/\/wilsonsantosmt.com.br\/index.php\/wp-json\/wp\/v2\/users\/3"}],"replies":[{"embeddable":true,"href":"https:\/\/wilsonsantosmt.com.br\/index.php\/wp-json\/wp\/v2\/comments?post=1185"}],"version-history":[{"count":3,"href":"https:\/\/wilsonsantosmt.com.br\/index.php\/wp-json\/wp\/v2\/posts\/1185\/revisions"}],"predecessor-version":[{"id":1193,"href":"https:\/\/wilsonsantosmt.com.br\/index.php\/wp-json\/wp\/v2\/posts\/1185\/revisions\/1193"}],"wp:featuredmedia":[{"embeddable":true,"href":"https:\/\/wilsonsantosmt.com.br\/index.php\/wp-json\/wp\/v2\/media\/1186"}],"wp:attachment":[{"href":"https:\/\/wilsonsantosmt.com.br\/index.php\/wp-json\/wp\/v2\/media?parent=1185"}],"wp:term":[{"taxonomy":"category","embeddable":true,"href":"https:\/\/wilsonsantosmt.com.br\/index.php\/wp-json\/wp\/v2\/categories?post=1185"},{"taxonomy":"post_tag","embeddable":true,"href":"https:\/\/wilsonsantosmt.com.br\/index.php\/wp-json\/wp\/v2\/tags?post=1185"}],"curies":[{"name":"wp","href":"https:\/\/api.w.org\/{rel}","templated":true}]}}