{"id":1201,"date":"2024-04-05T10:40:57","date_gmt":"2024-04-05T14:40:57","guid":{"rendered":"https:\/\/wilsonsantosmt.com.br\/?p=1201"},"modified":"2024-05-07T10:18:19","modified_gmt":"2024-05-07T14:18:19","slug":"wilson-santos-propos-estadualizacao-do-hmc-ainda-em-2023","status":"publish","type":"post","link":"https:\/\/wilsonsantosmt.com.br\/index.php\/2024\/04\/05\/wilson-santos-propos-estadualizacao-do-hmc-ainda-em-2023\/","title":{"rendered":"Wilson prop\u00f4s estadualiza\u00e7\u00e3o do HMC em 2023"},"content":{"rendered":"\n<p>O Tribunal de Contas de Mato Grosso (TCE-MT) prop\u00f4s na \u00faltima quarta-feira (3), a estadualiza\u00e7\u00e3o do Hospital Municipal de Cuiab\u00e1 (HMC).&nbsp;A fala partiu do presidente da corte, conselheiro S\u00e9rgio Ricardo, durante a cobran\u00e7a das contas anuais do Estado referentes a 2023.<\/p>\n\n\n\n<p>\u201cA Prefeitura de Cuiab\u00e1 n\u00e3o tem condi\u00e7\u00f5es de tocar o HMC e o Hospital S\u00e3o Benedito do jeito que tem que ser feito.&nbsp;Hoje, a demanda \u00e9 muito maior do que a capacidade que a estrutura tem de atender.&nbsp;\u00c9 uma quest\u00e3o urgente.&nbsp;[&#8230;] As discuss\u00f5es pol\u00edticas t\u00eam que ficar fora desse contexto, porque a Sa\u00fade de Cuiab\u00e1 precisa de socorro\u201d, disse o conselheiro.<\/p>\n\n\n\n<p>A proposta \u00e9 semelhante \u00e0&nbsp;<a href=\"https:\/\/www.fatosdehoje.com.br\/uploads\/IndicaA%C2%A7A%C2%A3o-nA-900-2023(1).pdf\">indica\u00e7\u00e3o n\u00ba 900\/2023<\/a>&nbsp;, apresentada ao governo pelo deputado estadual Wilson Santos (PSD) no ano passado.<\/p>\n\n\n\n<p>\u201cA presente proposi\u00e7\u00e3o representa uma reivindica\u00e7\u00e3o da popula\u00e7\u00e3o mato-grossense, em especial a cuiabana, que objetiva reverter o cotidiano de superlota\u00e7\u00e3o, falta de insumos, medicamentos e de capacidade de atendimento do Hospital Municipal de Cuiab\u00e1\u201d, diz a indica\u00e7\u00e3o.<\/p>\n\n\n\n<p>O deputado justificou a indica\u00e7\u00e3o sob o argumento de que a sa\u00fade de Cuiab\u00e1 vinha sendo \u201calvo de esc\u00e2ndalos, pris\u00f5es de secret\u00e1rios e ex-secret\u00e1rios, den\u00fancias de milh\u00f5es de medicamentos estocados vencidos, falta de medicamentos, corrup\u00e7\u00e3o de duas interven\u00e7\u00f5es\u201d<\/p>\n\n\n\n<p>. que a estadualiza\u00e7\u00e3o se faz necess\u00e1ria ap\u00f3s o fim do prazo da interven\u00e7\u00e3o.\u00c9 not\u00f3rio o deslocamento de pacientes de outros munic\u00edpios em busca de atendimento m\u00e9dico e procedimentos cir\u00fargicos em Cuiab\u00e1, o que gera uma sobrecarga de trabalho sem a estrutura adequada aos profissionais da sa\u00fade. [&#8230;] Em raz\u00e3o da precariedade da sa\u00fade nos munic\u00edpios vizinhos e do interior, Cuiab\u00e1 lida com uma demanda alt\u00edssima de pacientes sendo necess\u00e1ria a estadualiza\u00e7\u00e3o<\/p>\n\n\n\n<p>. da prefeitura em rela\u00e7\u00e3o ao Estado, precisamos, pelo bem da sociedade mato-grossense, em especial a cuiabana, que os servi\u00e7os do HMC, maior hospital do estado, sejam administrados pelo Governo estadual que disp\u00f5e de mais condi\u00e7\u00f5es financeiras e de maior quantitativo de profissionais para tocar o hospital.&nbsp;A sa\u00fade p\u00fablica n\u00e3o pode se transformar numa guerra pol\u00edtica, mas num bem social necess\u00e1rio a uma capital\u201d, justificou o deputado.<\/p>\n","protected":false},"excerpt":{"rendered":"<p>Proposta parecida com a apresentada pelo TCE esta semana<\/p>\n","protected":false},"author":3,"featured_media":1143,"comment_status":"closed","ping_status":"open","sticky":false,"template":"","format":"standard","meta":{"footnotes":""},"categories":[13],"tags":[185],"yoast_head":"<!-- This site is optimized with the Yoast SEO Premium plugin v21.5 (Yoast SEO v21.4) - https:\/\/yoast.com\/wordpress\/plugins\/seo\/ -->\n<title>Wilson prop\u00f4s estadualiza\u00e7\u00e3o do HMC em 2023 - wilsonsantosmt.com.br<\/title>\n<meta name=\"robots\" content=\"index, follow, max-snippet:-1, max-image-preview:large, max-video-preview:-1\" \/>\n<link rel=\"canonical\" href=\"https:\/\/wilsonsantosmt.com.br\/index.php\/2024\/04\/05\/wilson-santos-propos-estadualizacao-do-hmc-ainda-em-2023\/\" \/>\n<meta property=\"og:locale\" content=\"pt_BR\" \/>\n<meta property=\"og:type\" content=\"article\" \/>\n<meta property=\"og:title\" content=\"Wilson prop\u00f4s estadualiza\u00e7\u00e3o do HMC em 2023\" \/>\n<meta property=\"og:description\" content=\"Proposta parecida com a apresentada pelo TCE esta semana\" \/>\n<meta property=\"og:url\" content=\"https:\/\/wilsonsantosmt.com.br\/index.php\/2024\/04\/05\/wilson-santos-propos-estadualizacao-do-hmc-ainda-em-2023\/\" \/>\n<meta property=\"og:site_name\" content=\"wilsonsantosmt.com.br\" \/>\n<meta property=\"article:publisher\" content=\"https:\/\/www.facebook.com\/WilsonSantosMT\/\" \/>\n<meta property=\"article:published_time\" content=\"2024-04-05T14:40:57+00:00\" \/>\n<meta property=\"article:modified_time\" content=\"2024-05-07T14:18:19+00:00\" \/>\n<meta property=\"og:image\" content=\"http:\/\/wilsonsantosmt.com.br\/wp-content\/uploads\/2024\/03\/WhatsApp-Image-2024-02-29-at-10.11.30.jpeg\" \/>\n\t<meta property=\"og:image:width\" content=\"780\" \/>\n\t<meta property=\"og:image:height\" content=\"495\" \/>\n\t<meta property=\"og:image:type\" content=\"image\/jpeg\" \/>\n<meta name=\"author\" content=\"Robson Fraga\" \/>\n<meta name=\"twitter:card\" content=\"summary_large_image\" \/>\n<meta name=\"twitter:label1\" content=\"Escrito por\" \/>\n\t<meta name=\"twitter:data1\" content=\"Robson Fraga\" \/>\n\t<meta name=\"twitter:label2\" content=\"Est. tempo de leitura\" \/>\n\t<meta name=\"twitter:data2\" content=\"2 minutos\" \/>\n<script type=\"application\/ld+json\" class=\"yoast-schema-graph\">{\"@context\":\"https:\/\/schema.org\",\"@graph\":[{\"@type\":\"Article\",\"@id\":\"https:\/\/wilsonsantosmt.com.br\/index.php\/2024\/04\/05\/wilson-santos-propos-estadualizacao-do-hmc-ainda-em-2023\/#article\",\"isPartOf\":{\"@id\":\"https:\/\/wilsonsantosmt.com.br\/index.php\/2024\/04\/05\/wilson-santos-propos-estadualizacao-do-hmc-ainda-em-2023\/\"},\"author\":{\"name\":\"Robson Fraga\",\"@id\":\"https:\/\/wilsonsantosmt.com.br\/#\/schema\/person\/172bc900a40b7bde8c6264a26c97203a\"},\"headline\":\"Wilson prop\u00f4s estadualiza\u00e7\u00e3o do HMC em 2023\",\"datePublished\":\"2024-04-05T14:40:57+00:00\",\"dateModified\":\"2024-05-07T14:18:19+00:00\",\"mainEntityOfPage\":{\"@id\":\"https:\/\/wilsonsantosmt.com.br\/index.php\/2024\/04\/05\/wilson-santos-propos-estadualizacao-do-hmc-ainda-em-2023\/\"},\"wordCount\":397,\"publisher\":{\"@id\":\"https:\/\/wilsonsantosmt.com.br\/#\/schema\/person\/9de3c54961637a9eadb16bcbf895b1ef\"},\"keywords\":[\"SUS\"],\"articleSection\":[\"Not\u00edcias\"],\"inLanguage\":\"pt-BR\"},{\"@type\":\"WebPage\",\"@id\":\"https:\/\/wilsonsantosmt.com.br\/index.php\/2024\/04\/05\/wilson-santos-propos-estadualizacao-do-hmc-ainda-em-2023\/\",\"url\":\"https:\/\/wilsonsantosmt.com.br\/index.php\/2024\/04\/05\/wilson-santos-propos-estadualizacao-do-hmc-ainda-em-2023\/\",\"name\":\"Wilson prop\u00f4s estadualiza\u00e7\u00e3o do HMC em 2023 - wilsonsantosmt.com.br\",\"isPartOf\":{\"@id\":\"https:\/\/wilsonsantosmt.com.br\/#website\"},\"datePublished\":\"2024-04-05T14:40:57+00:00\",\"dateModified\":\"2024-05-07T14:18:19+00:00\",\"breadcrumb\":{\"@id\":\"https:\/\/wilsonsantosmt.com.br\/index.php\/2024\/04\/05\/wilson-santos-propos-estadualizacao-do-hmc-ainda-em-2023\/#breadcrumb\"},\"inLanguage\":\"pt-BR\",\"potentialAction\":[{\"@type\":\"ReadAction\",\"target\":[\"https:\/\/wilsonsantosmt.com.br\/index.php\/2024\/04\/05\/wilson-santos-propos-estadualizacao-do-hmc-ainda-em-2023\/\"]}]},{\"@type\":\"BreadcrumbList\",\"@id\":\"https:\/\/wilsonsantosmt.com.br\/index.php\/2024\/04\/05\/wilson-santos-propos-estadualizacao-do-hmc-ainda-em-2023\/#breadcrumb\",\"itemListElement\":[{\"@type\":\"ListItem\",\"position\":1,\"name\":\"In\u00edcio\",\"item\":\"https:\/\/wilsonsantosmt.com.br\/\"},{\"@type\":\"ListItem\",\"position\":2,\"name\":\"Not\u00edcias\",\"item\":\"https:\/\/wilsonsantosmt.com.br\/index.php\/category\/noticias\/\"},{\"@type\":\"ListItem\",\"position\":3,\"name\":\"Wilson prop\u00f4s estadualiza\u00e7\u00e3o do HMC em 2023\"}]},{\"@type\":\"WebSite\",\"@id\":\"https:\/\/wilsonsantosmt.com.br\/#website\",\"url\":\"https:\/\/wilsonsantosmt.com.br\/\",\"name\":\"wilsonsantosmt.com.br\",\"description\":\"\",\"publisher\":{\"@id\":\"https:\/\/wilsonsantosmt.com.br\/#\/schema\/person\/9de3c54961637a9eadb16bcbf895b1ef\"},\"potentialAction\":[{\"@type\":\"SearchAction\",\"target\":{\"@type\":\"EntryPoint\",\"urlTemplate\":\"https:\/\/wilsonsantosmt.com.br\/?s={search_term_string}\"},\"query-input\":\"required name=search_term_string\"}],\"inLanguage\":\"pt-BR\"},{\"@type\":[\"Person\",\"Organization\"],\"@id\":\"https:\/\/wilsonsantosmt.com.br\/#\/schema\/person\/9de3c54961637a9eadb16bcbf895b1ef\",\"name\":\"Wilson Santos\",\"image\":{\"@type\":\"ImageObject\",\"inLanguage\":\"pt-BR\",\"@id\":\"https:\/\/wilsonsantosmt.com.br\/#\/schema\/person\/image\/\",\"url\":\"https:\/\/wilsonsantosmt.com.br\/wp-content\/uploads\/2023\/11\/310828673_653254583023360_8795459643194608438_n.jpg\",\"contentUrl\":\"https:\/\/wilsonsantosmt.com.br\/wp-content\/uploads\/2023\/11\/310828673_653254583023360_8795459643194608438_n.jpg\",\"width\":1078,\"height\":1079,\"caption\":\"Wilson Santos\"},\"logo\":{\"@id\":\"https:\/\/wilsonsantosmt.com.br\/#\/schema\/person\/image\/\"},\"sameAs\":[\"http:\/\/wilsonsantosmt.com.br\",\"https:\/\/www.facebook.com\/WilsonSantosMT\/\",\"https:\/\/www.instagram.com\/wilsonsantosmt\/\",\"https:\/\/www.youtube.com\/@WilsonSantosWS\/videos\",\"https:\/\/pt.wikipedia.org\/wiki\/Wilson_Santos\"],\"honorificPrefix\":\"Sr\",\"gender\":\"masculino\",\"jobTitle\":\"Deputado Estadual\",\"worksFor\":\"Assembleia Legislativa de Mato Grosso\"},{\"@type\":\"Person\",\"@id\":\"https:\/\/wilsonsantosmt.com.br\/#\/schema\/person\/172bc900a40b7bde8c6264a26c97203a\",\"name\":\"Robson Fraga\",\"image\":{\"@type\":\"ImageObject\",\"inLanguage\":\"pt-BR\",\"@id\":\"https:\/\/wilsonsantosmt.com.br\/#\/schema\/person\/image\/\",\"url\":\"https:\/\/secure.gravatar.com\/avatar\/e558185907f79d82ad2ba4b0f568c859?s=96&d=mm&r=g\",\"contentUrl\":\"https:\/\/secure.gravatar.com\/avatar\/e558185907f79d82ad2ba4b0f568c859?s=96&d=mm&r=g\",\"caption\":\"Robson Fraga\"},\"url\":\"https:\/\/wilsonsantosmt.com.br\/index.php\/author\/robsonfraga\/\"}]}<\/script>\n<!-- \/ Yoast SEO Premium plugin. -->","yoast_head_json":{"title":"Wilson prop\u00f4s estadualiza\u00e7\u00e3o do HMC em 2023 - wilsonsantosmt.com.br","robots":{"index":"index","follow":"follow","max-snippet":"max-snippet:-1","max-image-preview":"max-image-preview:large","max-video-preview":"max-video-preview:-1"},"canonical":"https:\/\/wilsonsantosmt.com.br\/index.php\/2024\/04\/05\/wilson-santos-propos-estadualizacao-do-hmc-ainda-em-2023\/","og_locale":"pt_BR","og_type":"article","og_title":"Wilson prop\u00f4s estadualiza\u00e7\u00e3o do HMC em 2023","og_description":"Proposta parecida com a apresentada pelo TCE esta semana","og_url":"https:\/\/wilsonsantosmt.com.br\/index.php\/2024\/04\/05\/wilson-santos-propos-estadualizacao-do-hmc-ainda-em-2023\/","og_site_name":"wilsonsantosmt.com.br","article_publisher":"https:\/\/www.facebook.com\/WilsonSantosMT\/","article_published_time":"2024-04-05T14:40:57+00:00","article_modified_time":"2024-05-07T14:18:19+00:00","og_image":[{"width":780,"height":495,"url":"http:\/\/wilsonsantosmt.com.br\/wp-content\/uploads\/2024\/03\/WhatsApp-Image-2024-02-29-at-10.11.30.jpeg","type":"image\/jpeg"}],"author":"Robson Fraga","twitter_card":"summary_large_image","twitter_misc":{"Escrito por":"Robson Fraga","Est. tempo de leitura":"2 minutos"},"schema":{"@context":"https:\/\/schema.org","@graph":[{"@type":"Article","@id":"https:\/\/wilsonsantosmt.com.br\/index.php\/2024\/04\/05\/wilson-santos-propos-estadualizacao-do-hmc-ainda-em-2023\/#article","isPartOf":{"@id":"https:\/\/wilsonsantosmt.com.br\/index.php\/2024\/04\/05\/wilson-santos-propos-estadualizacao-do-hmc-ainda-em-2023\/"},"author":{"name":"Robson Fraga","@id":"https:\/\/wilsonsantosmt.com.br\/#\/schema\/person\/172bc900a40b7bde8c6264a26c97203a"},"headline":"Wilson prop\u00f4s estadualiza\u00e7\u00e3o do HMC em 2023","datePublished":"2024-04-05T14:40:57+00:00","dateModified":"2024-05-07T14:18:19+00:00","mainEntityOfPage":{"@id":"https:\/\/wilsonsantosmt.com.br\/index.php\/2024\/04\/05\/wilson-santos-propos-estadualizacao-do-hmc-ainda-em-2023\/"},"wordCount":397,"publisher":{"@id":"https:\/\/wilsonsantosmt.com.br\/#\/schema\/person\/9de3c54961637a9eadb16bcbf895b1ef"},"keywords":["SUS"],"articleSection":["Not\u00edcias"],"inLanguage":"pt-BR"},{"@type":"WebPage","@id":"https:\/\/wilsonsantosmt.com.br\/index.php\/2024\/04\/05\/wilson-santos-propos-estadualizacao-do-hmc-ainda-em-2023\/","url":"https:\/\/wilsonsantosmt.com.br\/index.php\/2024\/04\/05\/wilson-santos-propos-estadualizacao-do-hmc-ainda-em-2023\/","name":"Wilson prop\u00f4s estadualiza\u00e7\u00e3o do HMC em 2023 - wilsonsantosmt.com.br","isPartOf":{"@id":"https:\/\/wilsonsantosmt.com.br\/#website"},"datePublished":"2024-04-05T14:40:57+00:00","dateModified":"2024-05-07T14:18:19+00:00","breadcrumb":{"@id":"https:\/\/wilsonsantosmt.com.br\/index.php\/2024\/04\/05\/wilson-santos-propos-estadualizacao-do-hmc-ainda-em-2023\/#breadcrumb"},"inLanguage":"pt-BR","potentialAction":[{"@type":"ReadAction","target":["https:\/\/wilsonsantosmt.com.br\/index.php\/2024\/04\/05\/wilson-santos-propos-estadualizacao-do-hmc-ainda-em-2023\/"]}]},{"@type":"BreadcrumbList","@id":"https:\/\/wilsonsantosmt.com.br\/index.php\/2024\/04\/05\/wilson-santos-propos-estadualizacao-do-hmc-ainda-em-2023\/#breadcrumb","itemListElement":[{"@type":"ListItem","position":1,"name":"In\u00edcio","item":"https:\/\/wilsonsantosmt.com.br\/"},{"@type":"ListItem","position":2,"name":"Not\u00edcias","item":"https:\/\/wilsonsantosmt.com.br\/index.php\/category\/noticias\/"},{"@type":"ListItem","position":3,"name":"Wilson prop\u00f4s estadualiza\u00e7\u00e3o do HMC em 2023"}]},{"@type":"WebSite","@id":"https:\/\/wilsonsantosmt.com.br\/#website","url":"https:\/\/wilsonsantosmt.com.br\/","name":"wilsonsantosmt.com.br","description":"","publisher":{"@id":"https:\/\/wilsonsantosmt.com.br\/#\/schema\/person\/9de3c54961637a9eadb16bcbf895b1ef"},"potentialAction":[{"@type":"SearchAction","target":{"@type":"EntryPoint","urlTemplate":"https:\/\/wilsonsantosmt.com.br\/?s={search_term_string}"},"query-input":"required name=search_term_string"}],"inLanguage":"pt-BR"},{"@type":["Person","Organization"],"@id":"https:\/\/wilsonsantosmt.com.br\/#\/schema\/person\/9de3c54961637a9eadb16bcbf895b1ef","name":"Wilson Santos","image":{"@type":"ImageObject","inLanguage":"pt-BR","@id":"https:\/\/wilsonsantosmt.com.br\/#\/schema\/person\/image\/","url":"https:\/\/wilsonsantosmt.com.br\/wp-content\/uploads\/2023\/11\/310828673_653254583023360_8795459643194608438_n.jpg","contentUrl":"https:\/\/wilsonsantosmt.com.br\/wp-content\/uploads\/2023\/11\/310828673_653254583023360_8795459643194608438_n.jpg","width":1078,"height":1079,"caption":"Wilson Santos"},"logo":{"@id":"https:\/\/wilsonsantosmt.com.br\/#\/schema\/person\/image\/"},"sameAs":["http:\/\/wilsonsantosmt.com.br","https:\/\/www.facebook.com\/WilsonSantosMT\/","https:\/\/www.instagram.com\/wilsonsantosmt\/","https:\/\/www.youtube.com\/@WilsonSantosWS\/videos","https:\/\/pt.wikipedia.org\/wiki\/Wilson_Santos"],"honorificPrefix":"Sr","gender":"masculino","jobTitle":"Deputado Estadual","worksFor":"Assembleia Legislativa de Mato Grosso"},{"@type":"Person","@id":"https:\/\/wilsonsantosmt.com.br\/#\/schema\/person\/172bc900a40b7bde8c6264a26c97203a","name":"Robson Fraga","image":{"@type":"ImageObject","inLanguage":"pt-BR","@id":"https:\/\/wilsonsantosmt.com.br\/#\/schema\/person\/image\/","url":"https:\/\/secure.gravatar.com\/avatar\/e558185907f79d82ad2ba4b0f568c859?s=96&d=mm&r=g","contentUrl":"https:\/\/secure.gravatar.com\/avatar\/e558185907f79d82ad2ba4b0f568c859?s=96&d=mm&r=g","caption":"Robson Fraga"},"url":"https:\/\/wilsonsantosmt.com.br\/index.php\/author\/robsonfraga\/"}]}},"_links":{"self":[{"href":"https:\/\/wilsonsantosmt.com.br\/index.php\/wp-json\/wp\/v2\/posts\/1201"}],"collection":[{"href":"https:\/\/wilsonsantosmt.com.br\/index.php\/wp-json\/wp\/v2\/posts"}],"about":[{"href":"https:\/\/wilsonsantosmt.com.br\/index.php\/wp-json\/wp\/v2\/types\/post"}],"author":[{"embeddable":true,"href":"https:\/\/wilsonsantosmt.com.br\/index.php\/wp-json\/wp\/v2\/users\/3"}],"replies":[{"embeddable":true,"href":"https:\/\/wilsonsantosmt.com.br\/index.php\/wp-json\/wp\/v2\/comments?post=1201"}],"version-history":[{"count":3,"href":"https:\/\/wilsonsantosmt.com.br\/index.php\/wp-json\/wp\/v2\/posts\/1201\/revisions"}],"predecessor-version":[{"id":1232,"href":"https:\/\/wilsonsantosmt.com.br\/index.php\/wp-json\/wp\/v2\/posts\/1201\/revisions\/1232"}],"wp:featuredmedia":[{"embeddable":true,"href":"https:\/\/wilsonsantosmt.com.br\/index.php\/wp-json\/wp\/v2\/media\/1143"}],"wp:attachment":[{"href":"https:\/\/wilsonsantosmt.com.br\/index.php\/wp-json\/wp\/v2\/media?parent=1201"}],"wp:term":[{"taxonomy":"category","embeddable":true,"href":"https:\/\/wilsonsantosmt.com.br\/index.php\/wp-json\/wp\/v2\/categories?post=1201"},{"taxonomy":"post_tag","embeddable":true,"href":"https:\/\/wilsonsantosmt.com.br\/index.php\/wp-json\/wp\/v2\/tags?post=1201"}],"curies":[{"name":"wp","href":"https:\/\/api.w.org\/{rel}","templated":true}]}}