{"id":1223,"date":"2024-05-07T10:08:07","date_gmt":"2024-05-07T14:08:07","guid":{"rendered":"https:\/\/wilsonsantosmt.com.br\/?p=1223"},"modified":"2024-05-07T10:51:04","modified_gmt":"2024-05-07T14:51:04","slug":"pgr-pede-novas-informacoes-a-agu-sobre-lei-da-pesca-de-mt","status":"publish","type":"post","link":"https:\/\/wilsonsantosmt.com.br\/index.php\/2024\/05\/07\/pgr-pede-novas-informacoes-a-agu-sobre-lei-da-pesca-de-mt\/","title":{"rendered":"PGR pede novas informa\u00e7\u00f5es \u00e0 AGU sobre lei da pesca de MT"},"content":{"rendered":"\n<p>O procurador-Geral da Rep\u00fablica,&nbsp;Paulo Gonet Branco,&nbsp;<a href=\"http:\/\/www.fatosdehoje.com.br\/uploads\/ManifestaA%C2%A7A%C2%A3o-PGR-ADI-7471.pdf\">pediu mais esclarecimentos por parte de \u00f3rg\u00e3os e autoridades competentes, al\u00e9m da Advocacia-Geral da Uni\u00e3o (AGU)<\/a>, quanto \u00e0s novas regras estabelecidas pela&nbsp;<a href=\"https:\/\/legislacao.mt.gov.br\/mt\/lei-ordinaria-n-12434-2024-mato-grosso-altera-a-lei-no-9-096-de-16-de-janeiro-de-2009-que-dispoe-sobre-a-politica-de-pesca-de-mato-grosso-e-da-outras-providencias?origin=instituicao\">lei 12.434\/2024<\/a>, em vigor em Mato Grosso. A legisla\u00e7\u00e3o altera a pol\u00edtica da pesca no estado estabelecida pela&nbsp;<a href=\"https:\/\/leisestaduais.com.br\/mt\/lei-ordinaria-n-12197-2023-mato-grosso-acrescenta-e-altera-dispositivos-da-lei-no-9-096-de-16-de-janeiro-de-2009-que-dispoe-sobre-a-politica-da-pesca-no-estado-de-mato-grosso-e-da-outras-providencias\">lei 12.197\/2023<\/a>, alvo de A\u00e7\u00e3o Direta de Inconstitucionalidade (ADI), no Supremo Tribunal Federal (STF).<\/p>\n\n\n\n<p>Manifesta\u00e7\u00e3o publicada nesta segunda-feira (6), atende a determina\u00e7\u00e3o do ministro do Supremo Tribunal Federal, Andr\u00e9 Mendon\u00e7a, relator de ADI proposta pelo diret\u00f3rio nacional do Movimento Democr\u00e1tico Brasileiro (MDB). O partido aponta invas\u00e3o da compet\u00eancia da Uni\u00e3o para editar normas gerais sobre pesca, conforme o art. 24, VI e \u00a71\u00ba, da Constitui\u00e7\u00e3o. Tamb\u00e9m \u201cofensa aos princ\u00edpios constitucionais da dignidade da pessoa humana e da democracia participativa; da liberdade de exerc\u00edcio profissional e do pleno exerc\u00edcio dos direitos culturais das comunidades pesqueiras\u201d.<\/p>\n\n\n\n<p>&nbsp;A lei 12.197\/23 proibiu por cinco anos, a partir de janeiro de 2024, o transporte, armazenamento e comercializa\u00e7\u00e3o do pescado oriundo dos rios mato-grossenses. Alterando ent\u00e3o, dispositivos da lei 9.096\/2009 inviabilizando \u201cde forma arbitr\u00e1ria e criminosa a continuidade dessa forma de vida e labor, prejudicando ainda mais as comunidades que historicamente j\u00e1 est\u00e3o em desvantagem social e econ\u00f4mica\u201d, diz o MDB.<\/p>\n\n\n\n<p>Em sua primeira manifesta\u00e7\u00e3o quanto \u00e0s mudan\u00e7as, a&nbsp; PGR apresentou parecer pelo deferimento parcial da cautelar para suspender a efic\u00e1cia do art. 19-A da Lei n. 9.096\/2009. Mencionou apontamento do Minist\u00e9rio da Pesca \u201cde aus\u00eancia dos estudos t\u00e9cnicos ou evid\u00eancias cient\u00edficas que sustentassem a necessidade de suspens\u00e3o da atividade laboral a fim de garantir recursos pesqueiros no estado.<\/p>\n\n\n\n<p>A medida \u201crepresenta uma amea\u00e7a significativa para os pescadores profissionais artesanais\u201d, com possibilidade de causar \u201cdanos \u00e9ticos, sociais e econ\u00f4micos \u00e0s comunidades pesqueiras\u201d.<\/p>\n\n\n\n<p>Tamb\u00e9m foi alegado pela Advocacia-Geral da Uni\u00e3o que a nova lei traria preju\u00edzos previdenci\u00e1rios aos pescadores profissionais, visto que com o afastamento da atividade laboral por 12 meses, al\u00e9m do recebimento de aux\u00edlio financeiro por tr\u00eas anos, como determina nova regra, eles perderiam direitos trabalhistas, como aposentadoria especial. Al\u00e9m disso, alegou viola\u00e7\u00e3o da Conven\u00e7\u00e3o 169, da Organiza\u00e7\u00e3o Internacional do Trabalho (OIT), impacto no benef\u00edcio do seguro defeso e perda de cobertura previdenci\u00e1ria.<\/p>\n\n\n\n<p>Diante dos argumentos, o ministro Andr\u00e9 Mendon\u00e7a decidiu pela realiza\u00e7\u00e3o de audi\u00eancias de concilia\u00e7\u00e3o entre o Estado e a Uni\u00e3o para tratar do tema. Na primeira, realizada em 25.1.2024, ficou decidido que o governo do estado apresentaria proposta de flexibiliza\u00e7\u00e3o da lei 12.197\/2023, ouvindo as partes (pescadores, autoridades, cientistas e partidos que propuseram a ADI; inicialmente o MDB e posteriormente o PSD).<\/p>\n\n\n\n<p>No dia 1\u00b0 de fevereiro deste ano, o Governo de Mato Grosso apresentou o Decreto Estadual n\u00ba 677\/24, onde restou proibida a pesca de 12 esp\u00e9cies (Cachara, Caparari, Dourado, Ja\u00fa, Matrinch\u00e3, Pintado\/Surubin, Pira\u00edba, Piraputanga, Pirara, Pirarucu, Trair\u00e3o e Tucunar\u00e9) e a libera\u00e7\u00e3o das demais. Decreto transformado na Lei n. 12.434\/2024, trinta dias depois pela Assembleia Legislativa. O governo pediu nova audi\u00eancia de concilia\u00e7\u00e3o para o dia 2 de abril, observando tempo para estudos da nova lei pelas partes integrantes do processo.<\/p>\n\n\n\n<p>Na ocasi\u00e3o, o partido autor da ADI, reiterou a alega\u00e7\u00e3o de que a lei estadual invadiu compet\u00eancia da Uni\u00e3o para editar normas gerais sobre pesca. Afirmou que a proibi\u00e7\u00e3o do transporte, do armazenamento e da comercializa\u00e7\u00e3o das 12 esp\u00e9cies \u00e9 an\u00e1loga \u00e0 proibi\u00e7\u00e3o da pesca contida no art. 19-A da norma originalmente impugnada.&nbsp;&nbsp;&#8220;Porquanto adotada sem qualquer lastro cient\u00edfico e sem observar os dados das institui\u00e7\u00f5es oficiais de pesquisa, com total inobserv\u00e2ncia das leis federais que regulamentam a pesca\u201d.<\/p>\n\n\n\n<p>Disse, ainda, que as mudan\u00e7as propostas n\u00e3o resolvem os efeitos delet\u00e9rios da lei originalmente questionada: desemprego, pobreza, perda de modo de vida, exclus\u00e3o e marginaliza\u00e7\u00e3o, perda de conhecimento tradicional, racismo ambiental, viola\u00e7\u00e3o da Conven\u00e7\u00e3o n. 169 da OIT, impacto no benef\u00edcio do seguro defeso e perda de cobertura previdenci\u00e1ria.<\/p>\n\n\n\n<p>O MDB requereu a concess\u00e3o de medida cautelar para suspender a vig\u00eancia da lei impugnada e \u201co julgamento do m\u00e9rito para que seja declarada a inconstitucionalidade da Lei n\u00ba 12.434, de 1\u00ba de mar\u00e7o de 2024, mantido o pedido de inconstitucionalidade da Lei n\u00ba 12.197\/2023 do Estado do Mato Grosso\u201d.<\/p>\n\n\n\n<p>Diante dos argumentos, o ministro Andr\u00e9 Mendon\u00e7a declarou \u201cfrustrada a concilia\u00e7\u00e3o entre as partes\u201d. Os autos retornaram \u00e0 PGR que renovou o &#8220;pedido de esclarecimentos aos \u00f3rg\u00e3os e autoridades informantes e o pronunciamento complementar da Advocacia-Geral da Uni\u00e3o a respeito das altera\u00e7\u00f5es promovidas pela Lei n. 12.434\/2023\u201d.<\/p>\n\n\n\n<p>&#8220;Esperamos que esta lei seja derrubada e que a legisla\u00e7\u00e3o nacional mantenha-se soberana. N\u00e3o podemos impedir os pescadores de exercerem sua profiss\u00e3o sem qualquer embasamento cient\u00edfico que corrobore\u00a0a tese de que tal exerc\u00edcio esteja prejudicando o meio ambiente. Tampouco negar a eles suas garantias trabalhistas e constitucionais. Espero que o ministro Andr\u00e9 Mendon\u00e7a seja iluminado em sua decis\u00e3o&#8221;, disse o deputado estadual Wilson Santos (PSD) que tem defendido a derrubada da lei desde sua publica\u00e7\u00e3o.<\/p>\n","protected":false},"excerpt":{"rendered":"<p>A legisla\u00e7\u00e3o \u00e9 alvo de A\u00e7\u00e3o Direta de Inconstitucionalidade no STF<\/p>\n","protected":false},"author":3,"featured_media":1224,"comment_status":"closed","ping_status":"open","sticky":false,"template":"","format":"standard","meta":{"footnotes":""},"categories":[13],"tags":[103],"yoast_head":"<!-- This site is optimized with the Yoast SEO Premium plugin v21.5 (Yoast SEO v21.4) - https:\/\/yoast.com\/wordpress\/plugins\/seo\/ -->\n<title>PGR pede novas informa\u00e7\u00f5es \u00e0 AGU sobre lei da pesca de MT - wilsonsantosmt.com.br<\/title>\n<meta name=\"robots\" content=\"index, follow, max-snippet:-1, max-image-preview:large, max-video-preview:-1\" \/>\n<link rel=\"canonical\" href=\"https:\/\/wilsonsantosmt.com.br\/index.php\/2024\/05\/07\/pgr-pede-novas-informacoes-a-agu-sobre-lei-da-pesca-de-mt\/\" \/>\n<meta property=\"og:locale\" content=\"pt_BR\" \/>\n<meta property=\"og:type\" content=\"article\" \/>\n<meta property=\"og:title\" content=\"PGR pede novas informa\u00e7\u00f5es \u00e0 AGU sobre lei da pesca de MT\" \/>\n<meta property=\"og:description\" content=\"A legisla\u00e7\u00e3o \u00e9 alvo de A\u00e7\u00e3o Direta de Inconstitucionalidade no STF\" \/>\n<meta property=\"og:url\" content=\"https:\/\/wilsonsantosmt.com.br\/index.php\/2024\/05\/07\/pgr-pede-novas-informacoes-a-agu-sobre-lei-da-pesca-de-mt\/\" \/>\n<meta property=\"og:site_name\" content=\"wilsonsantosmt.com.br\" \/>\n<meta property=\"article:publisher\" content=\"https:\/\/www.facebook.com\/WilsonSantosMT\/\" \/>\n<meta property=\"article:published_time\" content=\"2024-05-07T14:08:07+00:00\" \/>\n<meta property=\"article:modified_time\" content=\"2024-05-07T14:51:04+00:00\" \/>\n<meta property=\"og:image\" content=\"http:\/\/wilsonsantosmt.com.br\/wp-content\/uploads\/2024\/05\/Paulo-Gonet-Branco.jpg\" \/>\n\t<meta property=\"og:image:width\" content=\"848\" \/>\n\t<meta property=\"og:image:height\" content=\"477\" \/>\n\t<meta property=\"og:image:type\" content=\"image\/jpeg\" \/>\n<meta name=\"author\" content=\"Robson Fraga\" \/>\n<meta name=\"twitter:card\" content=\"summary_large_image\" \/>\n<meta name=\"twitter:label1\" content=\"Escrito por\" \/>\n\t<meta name=\"twitter:data1\" content=\"Robson Fraga\" \/>\n\t<meta name=\"twitter:label2\" content=\"Est. tempo de leitura\" \/>\n\t<meta name=\"twitter:data2\" content=\"4 minutos\" \/>\n<script type=\"application\/ld+json\" class=\"yoast-schema-graph\">{\"@context\":\"https:\/\/schema.org\",\"@graph\":[{\"@type\":\"Article\",\"@id\":\"https:\/\/wilsonsantosmt.com.br\/index.php\/2024\/05\/07\/pgr-pede-novas-informacoes-a-agu-sobre-lei-da-pesca-de-mt\/#article\",\"isPartOf\":{\"@id\":\"https:\/\/wilsonsantosmt.com.br\/index.php\/2024\/05\/07\/pgr-pede-novas-informacoes-a-agu-sobre-lei-da-pesca-de-mt\/\"},\"author\":{\"name\":\"Robson Fraga\",\"@id\":\"https:\/\/wilsonsantosmt.com.br\/#\/schema\/person\/172bc900a40b7bde8c6264a26c97203a\"},\"headline\":\"PGR pede novas informa\u00e7\u00f5es \u00e0 AGU sobre lei da pesca de MT\",\"datePublished\":\"2024-05-07T14:08:07+00:00\",\"dateModified\":\"2024-05-07T14:51:04+00:00\",\"mainEntityOfPage\":{\"@id\":\"https:\/\/wilsonsantosmt.com.br\/index.php\/2024\/05\/07\/pgr-pede-novas-informacoes-a-agu-sobre-lei-da-pesca-de-mt\/\"},\"wordCount\":891,\"publisher\":{\"@id\":\"https:\/\/wilsonsantosmt.com.br\/#\/schema\/person\/9de3c54961637a9eadb16bcbf895b1ef\"},\"keywords\":[\"transporte zero\"],\"articleSection\":[\"Not\u00edcias\"],\"inLanguage\":\"pt-BR\"},{\"@type\":\"WebPage\",\"@id\":\"https:\/\/wilsonsantosmt.com.br\/index.php\/2024\/05\/07\/pgr-pede-novas-informacoes-a-agu-sobre-lei-da-pesca-de-mt\/\",\"url\":\"https:\/\/wilsonsantosmt.com.br\/index.php\/2024\/05\/07\/pgr-pede-novas-informacoes-a-agu-sobre-lei-da-pesca-de-mt\/\",\"name\":\"PGR pede novas informa\u00e7\u00f5es \u00e0 AGU sobre lei da pesca de MT - wilsonsantosmt.com.br\",\"isPartOf\":{\"@id\":\"https:\/\/wilsonsantosmt.com.br\/#website\"},\"datePublished\":\"2024-05-07T14:08:07+00:00\",\"dateModified\":\"2024-05-07T14:51:04+00:00\",\"breadcrumb\":{\"@id\":\"https:\/\/wilsonsantosmt.com.br\/index.php\/2024\/05\/07\/pgr-pede-novas-informacoes-a-agu-sobre-lei-da-pesca-de-mt\/#breadcrumb\"},\"inLanguage\":\"pt-BR\",\"potentialAction\":[{\"@type\":\"ReadAction\",\"target\":[\"https:\/\/wilsonsantosmt.com.br\/index.php\/2024\/05\/07\/pgr-pede-novas-informacoes-a-agu-sobre-lei-da-pesca-de-mt\/\"]}]},{\"@type\":\"BreadcrumbList\",\"@id\":\"https:\/\/wilsonsantosmt.com.br\/index.php\/2024\/05\/07\/pgr-pede-novas-informacoes-a-agu-sobre-lei-da-pesca-de-mt\/#breadcrumb\",\"itemListElement\":[{\"@type\":\"ListItem\",\"position\":1,\"name\":\"In\u00edcio\",\"item\":\"https:\/\/wilsonsantosmt.com.br\/\"},{\"@type\":\"ListItem\",\"position\":2,\"name\":\"Not\u00edcias\",\"item\":\"https:\/\/wilsonsantosmt.com.br\/index.php\/category\/noticias\/\"},{\"@type\":\"ListItem\",\"position\":3,\"name\":\"PGR pede novas informa\u00e7\u00f5es \u00e0 AGU sobre lei da pesca de MT\"}]},{\"@type\":\"WebSite\",\"@id\":\"https:\/\/wilsonsantosmt.com.br\/#website\",\"url\":\"https:\/\/wilsonsantosmt.com.br\/\",\"name\":\"wilsonsantosmt.com.br\",\"description\":\"\",\"publisher\":{\"@id\":\"https:\/\/wilsonsantosmt.com.br\/#\/schema\/person\/9de3c54961637a9eadb16bcbf895b1ef\"},\"potentialAction\":[{\"@type\":\"SearchAction\",\"target\":{\"@type\":\"EntryPoint\",\"urlTemplate\":\"https:\/\/wilsonsantosmt.com.br\/?s={search_term_string}\"},\"query-input\":\"required name=search_term_string\"}],\"inLanguage\":\"pt-BR\"},{\"@type\":[\"Person\",\"Organization\"],\"@id\":\"https:\/\/wilsonsantosmt.com.br\/#\/schema\/person\/9de3c54961637a9eadb16bcbf895b1ef\",\"name\":\"Wilson Santos\",\"image\":{\"@type\":\"ImageObject\",\"inLanguage\":\"pt-BR\",\"@id\":\"https:\/\/wilsonsantosmt.com.br\/#\/schema\/person\/image\/\",\"url\":\"https:\/\/wilsonsantosmt.com.br\/wp-content\/uploads\/2023\/11\/310828673_653254583023360_8795459643194608438_n.jpg\",\"contentUrl\":\"https:\/\/wilsonsantosmt.com.br\/wp-content\/uploads\/2023\/11\/310828673_653254583023360_8795459643194608438_n.jpg\",\"width\":1078,\"height\":1079,\"caption\":\"Wilson Santos\"},\"logo\":{\"@id\":\"https:\/\/wilsonsantosmt.com.br\/#\/schema\/person\/image\/\"},\"sameAs\":[\"http:\/\/wilsonsantosmt.com.br\",\"https:\/\/www.facebook.com\/WilsonSantosMT\/\",\"https:\/\/www.instagram.com\/wilsonsantosmt\/\",\"https:\/\/www.youtube.com\/@WilsonSantosWS\/videos\",\"https:\/\/pt.wikipedia.org\/wiki\/Wilson_Santos\"],\"honorificPrefix\":\"Sr\",\"gender\":\"masculino\",\"jobTitle\":\"Deputado Estadual\",\"worksFor\":\"Assembleia Legislativa de Mato Grosso\"},{\"@type\":\"Person\",\"@id\":\"https:\/\/wilsonsantosmt.com.br\/#\/schema\/person\/172bc900a40b7bde8c6264a26c97203a\",\"name\":\"Robson Fraga\",\"image\":{\"@type\":\"ImageObject\",\"inLanguage\":\"pt-BR\",\"@id\":\"https:\/\/wilsonsantosmt.com.br\/#\/schema\/person\/image\/\",\"url\":\"https:\/\/secure.gravatar.com\/avatar\/e558185907f79d82ad2ba4b0f568c859?s=96&d=mm&r=g\",\"contentUrl\":\"https:\/\/secure.gravatar.com\/avatar\/e558185907f79d82ad2ba4b0f568c859?s=96&d=mm&r=g\",\"caption\":\"Robson Fraga\"},\"url\":\"https:\/\/wilsonsantosmt.com.br\/index.php\/author\/robsonfraga\/\"}]}<\/script>\n<!-- \/ Yoast SEO Premium plugin. -->","yoast_head_json":{"title":"PGR pede novas informa\u00e7\u00f5es \u00e0 AGU sobre lei da pesca de MT - wilsonsantosmt.com.br","robots":{"index":"index","follow":"follow","max-snippet":"max-snippet:-1","max-image-preview":"max-image-preview:large","max-video-preview":"max-video-preview:-1"},"canonical":"https:\/\/wilsonsantosmt.com.br\/index.php\/2024\/05\/07\/pgr-pede-novas-informacoes-a-agu-sobre-lei-da-pesca-de-mt\/","og_locale":"pt_BR","og_type":"article","og_title":"PGR pede novas informa\u00e7\u00f5es \u00e0 AGU sobre lei da pesca de MT","og_description":"A legisla\u00e7\u00e3o \u00e9 alvo de A\u00e7\u00e3o Direta de Inconstitucionalidade no STF","og_url":"https:\/\/wilsonsantosmt.com.br\/index.php\/2024\/05\/07\/pgr-pede-novas-informacoes-a-agu-sobre-lei-da-pesca-de-mt\/","og_site_name":"wilsonsantosmt.com.br","article_publisher":"https:\/\/www.facebook.com\/WilsonSantosMT\/","article_published_time":"2024-05-07T14:08:07+00:00","article_modified_time":"2024-05-07T14:51:04+00:00","og_image":[{"width":848,"height":477,"url":"http:\/\/wilsonsantosmt.com.br\/wp-content\/uploads\/2024\/05\/Paulo-Gonet-Branco.jpg","type":"image\/jpeg"}],"author":"Robson Fraga","twitter_card":"summary_large_image","twitter_misc":{"Escrito por":"Robson Fraga","Est. tempo de leitura":"4 minutos"},"schema":{"@context":"https:\/\/schema.org","@graph":[{"@type":"Article","@id":"https:\/\/wilsonsantosmt.com.br\/index.php\/2024\/05\/07\/pgr-pede-novas-informacoes-a-agu-sobre-lei-da-pesca-de-mt\/#article","isPartOf":{"@id":"https:\/\/wilsonsantosmt.com.br\/index.php\/2024\/05\/07\/pgr-pede-novas-informacoes-a-agu-sobre-lei-da-pesca-de-mt\/"},"author":{"name":"Robson Fraga","@id":"https:\/\/wilsonsantosmt.com.br\/#\/schema\/person\/172bc900a40b7bde8c6264a26c97203a"},"headline":"PGR pede novas informa\u00e7\u00f5es \u00e0 AGU sobre lei da pesca de MT","datePublished":"2024-05-07T14:08:07+00:00","dateModified":"2024-05-07T14:51:04+00:00","mainEntityOfPage":{"@id":"https:\/\/wilsonsantosmt.com.br\/index.php\/2024\/05\/07\/pgr-pede-novas-informacoes-a-agu-sobre-lei-da-pesca-de-mt\/"},"wordCount":891,"publisher":{"@id":"https:\/\/wilsonsantosmt.com.br\/#\/schema\/person\/9de3c54961637a9eadb16bcbf895b1ef"},"keywords":["transporte zero"],"articleSection":["Not\u00edcias"],"inLanguage":"pt-BR"},{"@type":"WebPage","@id":"https:\/\/wilsonsantosmt.com.br\/index.php\/2024\/05\/07\/pgr-pede-novas-informacoes-a-agu-sobre-lei-da-pesca-de-mt\/","url":"https:\/\/wilsonsantosmt.com.br\/index.php\/2024\/05\/07\/pgr-pede-novas-informacoes-a-agu-sobre-lei-da-pesca-de-mt\/","name":"PGR pede novas informa\u00e7\u00f5es \u00e0 AGU sobre lei da pesca de MT - wilsonsantosmt.com.br","isPartOf":{"@id":"https:\/\/wilsonsantosmt.com.br\/#website"},"datePublished":"2024-05-07T14:08:07+00:00","dateModified":"2024-05-07T14:51:04+00:00","breadcrumb":{"@id":"https:\/\/wilsonsantosmt.com.br\/index.php\/2024\/05\/07\/pgr-pede-novas-informacoes-a-agu-sobre-lei-da-pesca-de-mt\/#breadcrumb"},"inLanguage":"pt-BR","potentialAction":[{"@type":"ReadAction","target":["https:\/\/wilsonsantosmt.com.br\/index.php\/2024\/05\/07\/pgr-pede-novas-informacoes-a-agu-sobre-lei-da-pesca-de-mt\/"]}]},{"@type":"BreadcrumbList","@id":"https:\/\/wilsonsantosmt.com.br\/index.php\/2024\/05\/07\/pgr-pede-novas-informacoes-a-agu-sobre-lei-da-pesca-de-mt\/#breadcrumb","itemListElement":[{"@type":"ListItem","position":1,"name":"In\u00edcio","item":"https:\/\/wilsonsantosmt.com.br\/"},{"@type":"ListItem","position":2,"name":"Not\u00edcias","item":"https:\/\/wilsonsantosmt.com.br\/index.php\/category\/noticias\/"},{"@type":"ListItem","position":3,"name":"PGR pede novas informa\u00e7\u00f5es \u00e0 AGU sobre lei da pesca de MT"}]},{"@type":"WebSite","@id":"https:\/\/wilsonsantosmt.com.br\/#website","url":"https:\/\/wilsonsantosmt.com.br\/","name":"wilsonsantosmt.com.br","description":"","publisher":{"@id":"https:\/\/wilsonsantosmt.com.br\/#\/schema\/person\/9de3c54961637a9eadb16bcbf895b1ef"},"potentialAction":[{"@type":"SearchAction","target":{"@type":"EntryPoint","urlTemplate":"https:\/\/wilsonsantosmt.com.br\/?s={search_term_string}"},"query-input":"required name=search_term_string"}],"inLanguage":"pt-BR"},{"@type":["Person","Organization"],"@id":"https:\/\/wilsonsantosmt.com.br\/#\/schema\/person\/9de3c54961637a9eadb16bcbf895b1ef","name":"Wilson Santos","image":{"@type":"ImageObject","inLanguage":"pt-BR","@id":"https:\/\/wilsonsantosmt.com.br\/#\/schema\/person\/image\/","url":"https:\/\/wilsonsantosmt.com.br\/wp-content\/uploads\/2023\/11\/310828673_653254583023360_8795459643194608438_n.jpg","contentUrl":"https:\/\/wilsonsantosmt.com.br\/wp-content\/uploads\/2023\/11\/310828673_653254583023360_8795459643194608438_n.jpg","width":1078,"height":1079,"caption":"Wilson Santos"},"logo":{"@id":"https:\/\/wilsonsantosmt.com.br\/#\/schema\/person\/image\/"},"sameAs":["http:\/\/wilsonsantosmt.com.br","https:\/\/www.facebook.com\/WilsonSantosMT\/","https:\/\/www.instagram.com\/wilsonsantosmt\/","https:\/\/www.youtube.com\/@WilsonSantosWS\/videos","https:\/\/pt.wikipedia.org\/wiki\/Wilson_Santos"],"honorificPrefix":"Sr","gender":"masculino","jobTitle":"Deputado Estadual","worksFor":"Assembleia Legislativa de Mato Grosso"},{"@type":"Person","@id":"https:\/\/wilsonsantosmt.com.br\/#\/schema\/person\/172bc900a40b7bde8c6264a26c97203a","name":"Robson Fraga","image":{"@type":"ImageObject","inLanguage":"pt-BR","@id":"https:\/\/wilsonsantosmt.com.br\/#\/schema\/person\/image\/","url":"https:\/\/secure.gravatar.com\/avatar\/e558185907f79d82ad2ba4b0f568c859?s=96&d=mm&r=g","contentUrl":"https:\/\/secure.gravatar.com\/avatar\/e558185907f79d82ad2ba4b0f568c859?s=96&d=mm&r=g","caption":"Robson Fraga"},"url":"https:\/\/wilsonsantosmt.com.br\/index.php\/author\/robsonfraga\/"}]}},"_links":{"self":[{"href":"https:\/\/wilsonsantosmt.com.br\/index.php\/wp-json\/wp\/v2\/posts\/1223"}],"collection":[{"href":"https:\/\/wilsonsantosmt.com.br\/index.php\/wp-json\/wp\/v2\/posts"}],"about":[{"href":"https:\/\/wilsonsantosmt.com.br\/index.php\/wp-json\/wp\/v2\/types\/post"}],"author":[{"embeddable":true,"href":"https:\/\/wilsonsantosmt.com.br\/index.php\/wp-json\/wp\/v2\/users\/3"}],"replies":[{"embeddable":true,"href":"https:\/\/wilsonsantosmt.com.br\/index.php\/wp-json\/wp\/v2\/comments?post=1223"}],"version-history":[{"count":2,"href":"https:\/\/wilsonsantosmt.com.br\/index.php\/wp-json\/wp\/v2\/posts\/1223\/revisions"}],"predecessor-version":[{"id":1234,"href":"https:\/\/wilsonsantosmt.com.br\/index.php\/wp-json\/wp\/v2\/posts\/1223\/revisions\/1234"}],"wp:featuredmedia":[{"embeddable":true,"href":"https:\/\/wilsonsantosmt.com.br\/index.php\/wp-json\/wp\/v2\/media\/1224"}],"wp:attachment":[{"href":"https:\/\/wilsonsantosmt.com.br\/index.php\/wp-json\/wp\/v2\/media?parent=1223"}],"wp:term":[{"taxonomy":"category","embeddable":true,"href":"https:\/\/wilsonsantosmt.com.br\/index.php\/wp-json\/wp\/v2\/categories?post=1223"},{"taxonomy":"post_tag","embeddable":true,"href":"https:\/\/wilsonsantosmt.com.br\/index.php\/wp-json\/wp\/v2\/tags?post=1223"}],"curies":[{"name":"wp","href":"https:\/\/api.w.org\/{rel}","templated":true}]}}