{"id":1248,"date":"2024-05-30T17:11:31","date_gmt":"2024-05-30T21:11:31","guid":{"rendered":"https:\/\/wilsonsantosmt.com.br\/?p=1248"},"modified":"2024-05-30T17:14:34","modified_gmt":"2024-05-30T21:14:34","slug":"juiza-acompanha-desocupacao-truculenta-de-area-em-cuiaba","status":"publish","type":"post","link":"https:\/\/wilsonsantosmt.com.br\/index.php\/2024\/05\/30\/juiza-acompanha-desocupacao-truculenta-de-area-em-cuiaba\/","title":{"rendered":"Ju\u00edza acompanha desocupa\u00e7\u00e3o truculenta de \u00e1rea em Cuiab\u00e1"},"content":{"rendered":"\n<p>A ju\u00edza de direito, Adriana Coningham, da Vara Agr\u00e1ria de Cuiab\u00e1, esteve nesta ter\u00e7a-feira (28), acompanhando uma desocupa\u00e7\u00e3o do loteamento Jardim das Oliveiras, no bairro Pedra 90, em Cuiab\u00e1. Uma \u00e1rea de aproximadamente 1 hectare, onde existem 38 lotes j\u00e1 demarcados por fam\u00edlias. A magistrada estava acompanhada do deputado estadual Wilson Santos (PSD) que havia recebido den\u00fancias de trucul\u00eancia policial e por parte de oficiais de Justi\u00e7a durante o ato.<\/p>\n\n\n\n<p>Foi o parlamentar que levou a den\u00fancia ao Tribunal de Justi\u00e7a, o que provocou a ida da ju\u00edza \u00e0 localidade; ela mesmo havia determinado a desocupa\u00e7\u00e3o da \u00e1rea, mas n\u00e3o a demoli\u00e7\u00e3o do que j\u00e1 havia sido constru\u00eddo.<\/p>\n\n\n\n<p>A magistrada conversou com os ocupantes da \u00e1rea e assegurou que faria um estudo mais aprofundado do processo antes que as constru\u00e7\u00f5es sejam demolidas.<\/p>\n\n\n\n<p>&#8220;Vim aqui para ver a situa\u00e7\u00e3o de perto e conversar com voc\u00eas. Esse \u00e9 o meu trabalho. Aparentemente, trata-se de uma \u00e1rea particular, segundo o processo. Por isso foi dada ordem de desapropria\u00e7\u00e3o. Contudo, dentro da lei\u201d, disse a ju\u00edza ao ouvir den\u00fancias de viol\u00eancia por parte de oficiais e das for\u00e7as de seguran\u00e7a.<\/p>\n\n\n\n<p>Adriana Coningham foi perguntada por uma das moradoras se os im\u00f3veis seriam destru\u00eddos, j\u00e1 que a constru\u00e7\u00e3o teria sido erguida para abrigar um pessoa com problemas de sa\u00fade e que mora com os av\u00f3s.<\/p>\n\n\n\n<p>&#8220;Geralmente a ordem \u00e9 para que a \u00e1rea seja desocupada e devolvida ao propriet\u00e1rio. Em muitos casos \u00e9 dado a esta pessoa o direito de demoli\u00e7\u00e3o, mas preciso estudar o processo, ver se de fato h\u00e1 um propriet\u00e1rio escriturado para s\u00f3 depois o juiz se manifestar. Pe\u00e7o que cumpram a ordem judicial, deixem a \u00e1rea e entrem em contato com o advogado de voc\u00eas para que acompanhe o processo. [\u2026] Tamb\u00e9m estou colocando a Defensoria P\u00fablica \u00e0 disposi\u00e7\u00e3o de todos, como manda a lei. [\u2026] O primeiro caminho \u00e9 a concilia\u00e7\u00e3o, saibam disso. Irei me manifestar nos autos ap\u00f3s an\u00e1lise criteriosa&#8221;.<\/p>\n\n\n\n<p>Os moradores entenderam os argumentos e prometeram deixar a \u00e1rea pacificamente.<\/p>\n\n\n\n<p>O deputado estadual Wilson Santos, que esteve no gabinete da ju\u00edza levando a den\u00fancia e acompanhou toda a visita, se pronunciou. Ele tem sido um defensor da amplia\u00e7\u00e3o de pol\u00edtica habitacionais no estado e criou na Assembleia Legislativa de Mato Grosso uma C\u00e2mara Setorial Tem\u00e1tica para tratar de pol\u00edticas p\u00fablicas estaduais de habita\u00e7\u00e3o popular. Foi o parlamentar quem ajudou a fundar mais de 30 bairros em Cuiab\u00e1.<\/p>\n\n\n\n<p>Wilson acredita no di\u00e1logo e na livre negocia\u00e7\u00e3o entre os ocupantes da \u00e1rea e a prov\u00e1vel propriet\u00e1ria, &#8220;se \u00e9 que existe uma&#8221;, como alegado no processo.<\/p>\n\n\n\n<p>\u201cUma coisa in\u00e9dita aconteceu aqui: a presen\u00e7a de uma magistrada. A doutora Adriana Coningham esteve pessoalmente aqui e suspendeu o despejo. [\u2026] Essa \u00e9 uma \u00e1rea que os ocupantes alegam ser da prefeitura de Cuiab\u00e1, uma \u00e1rea p\u00fablica, e h\u00e1 uma senhora que se diz propriet\u00e1ria. Se a \u00e1rea for p\u00fablica, a solu\u00e7\u00e3o ser\u00e1 uma. Se for privada, a comunidade vai fazer uma proposta de compra. O caminho n\u00e3o \u00e9 a viol\u00eancia, a trucul\u00eancia. O caminho \u00e9 o di\u00e1logo, como bem disse a ju\u00edza que n\u00e3o autorizou a demoli\u00e7\u00e3o dos im\u00f3veis j\u00e1 constru\u00eddos. Muitos conflitos foram resolvidos em uma mesa de discuss\u00f5es\u201d.<\/p>\n\n\n\n<p>Entre as solu\u00e7\u00f5es para o caso, aponta o deputado: se o terreno for propriedade privada a prefeitura pode fazer a desapropria\u00e7\u00e3o por interesse social comprando o terreno do dono e distribuindo lotes \u00e0s fam\u00edlias. H\u00e1 ainda a possibilidade da livre negocia\u00e7\u00e3o entre as partes. Se a \u00e1rea for p\u00fablica, a prefeitura pode retomar o terreno, lotear e distribuir os lotes para que as fam\u00edlias construam suas casas. Ou ainda, construir os im\u00f3veis atrav\u00e9s de programas de moradia, como o Minha Casa Minha Vida e fazer a distribui\u00e7\u00e3o para aquisi\u00e7\u00e3o pelos cadastrados&nbsp;no&nbsp;CAD\u00danico.<\/p>\n","protected":false},"excerpt":{"rendered":"<p>Adriana Coningham esteve no Pedra 90 com o deputado Wilson Santos<\/p>\n","protected":false},"author":3,"featured_media":1249,"comment_status":"closed","ping_status":"open","sticky":false,"template":"","format":"standard","meta":{"footnotes":""},"categories":[13],"tags":[188],"yoast_head":"<!-- This site is optimized with the Yoast SEO Premium plugin v21.5 (Yoast SEO v21.4) - https:\/\/yoast.com\/wordpress\/plugins\/seo\/ -->\n<title>Ju\u00edza acompanha desocupa\u00e7\u00e3o truculenta de \u00e1rea em Cuiab\u00e1 - wilsonsantosmt.com.br<\/title>\n<meta name=\"robots\" content=\"index, follow, max-snippet:-1, max-image-preview:large, max-video-preview:-1\" \/>\n<link rel=\"canonical\" href=\"https:\/\/wilsonsantosmt.com.br\/index.php\/2024\/05\/30\/juiza-acompanha-desocupacao-truculenta-de-area-em-cuiaba\/\" \/>\n<meta property=\"og:locale\" content=\"pt_BR\" \/>\n<meta property=\"og:type\" content=\"article\" \/>\n<meta property=\"og:title\" content=\"Ju\u00edza acompanha desocupa\u00e7\u00e3o truculenta de \u00e1rea em Cuiab\u00e1\" \/>\n<meta property=\"og:description\" content=\"Adriana Coningham esteve no Pedra 90 com o deputado Wilson Santos\" \/>\n<meta property=\"og:url\" content=\"https:\/\/wilsonsantosmt.com.br\/index.php\/2024\/05\/30\/juiza-acompanha-desocupacao-truculenta-de-area-em-cuiaba\/\" \/>\n<meta property=\"og:site_name\" content=\"wilsonsantosmt.com.br\" \/>\n<meta property=\"article:publisher\" content=\"https:\/\/www.facebook.com\/WilsonSantosMT\/\" \/>\n<meta property=\"article:published_time\" content=\"2024-05-30T21:11:31+00:00\" \/>\n<meta property=\"article:modified_time\" content=\"2024-05-30T21:14:34+00:00\" \/>\n<meta property=\"og:image\" content=\"http:\/\/wilsonsantosmt.com.br\/wp-content\/uploads\/2024\/05\/Imagem-do-WhatsApp-de-2024-05-30-as-14.53.33_cd84f73f.png\" \/>\n\t<meta property=\"og:image:width\" content=\"800\" \/>\n\t<meta property=\"og:image:height\" content=\"401\" \/>\n\t<meta property=\"og:image:type\" content=\"image\/png\" \/>\n<meta name=\"author\" content=\"Robson Fraga\" \/>\n<meta name=\"twitter:card\" content=\"summary_large_image\" \/>\n<meta name=\"twitter:label1\" content=\"Escrito por\" \/>\n\t<meta name=\"twitter:data1\" content=\"Robson Fraga\" \/>\n\t<meta name=\"twitter:label2\" content=\"Est. tempo de leitura\" \/>\n\t<meta name=\"twitter:data2\" content=\"4 minutos\" \/>\n<script type=\"application\/ld+json\" class=\"yoast-schema-graph\">{\"@context\":\"https:\/\/schema.org\",\"@graph\":[{\"@type\":\"Article\",\"@id\":\"https:\/\/wilsonsantosmt.com.br\/index.php\/2024\/05\/30\/juiza-acompanha-desocupacao-truculenta-de-area-em-cuiaba\/#article\",\"isPartOf\":{\"@id\":\"https:\/\/wilsonsantosmt.com.br\/index.php\/2024\/05\/30\/juiza-acompanha-desocupacao-truculenta-de-area-em-cuiaba\/\"},\"author\":{\"name\":\"Robson Fraga\",\"@id\":\"https:\/\/wilsonsantosmt.com.br\/#\/schema\/person\/172bc900a40b7bde8c6264a26c97203a\"},\"headline\":\"Ju\u00edza acompanha desocupa\u00e7\u00e3o truculenta de \u00e1rea em Cuiab\u00e1\",\"datePublished\":\"2024-05-30T21:11:31+00:00\",\"dateModified\":\"2024-05-30T21:14:34+00:00\",\"mainEntityOfPage\":{\"@id\":\"https:\/\/wilsonsantosmt.com.br\/index.php\/2024\/05\/30\/juiza-acompanha-desocupacao-truculenta-de-area-em-cuiaba\/\"},\"wordCount\":694,\"publisher\":{\"@id\":\"https:\/\/wilsonsantosmt.com.br\/#\/schema\/person\/9de3c54961637a9eadb16bcbf895b1ef\"},\"keywords\":[\"JUSTI\u00c7A\"],\"articleSection\":[\"Not\u00edcias\"],\"inLanguage\":\"pt-BR\"},{\"@type\":\"WebPage\",\"@id\":\"https:\/\/wilsonsantosmt.com.br\/index.php\/2024\/05\/30\/juiza-acompanha-desocupacao-truculenta-de-area-em-cuiaba\/\",\"url\":\"https:\/\/wilsonsantosmt.com.br\/index.php\/2024\/05\/30\/juiza-acompanha-desocupacao-truculenta-de-area-em-cuiaba\/\",\"name\":\"Ju\u00edza acompanha desocupa\u00e7\u00e3o truculenta de \u00e1rea em Cuiab\u00e1 - wilsonsantosmt.com.br\",\"isPartOf\":{\"@id\":\"https:\/\/wilsonsantosmt.com.br\/#website\"},\"datePublished\":\"2024-05-30T21:11:31+00:00\",\"dateModified\":\"2024-05-30T21:14:34+00:00\",\"breadcrumb\":{\"@id\":\"https:\/\/wilsonsantosmt.com.br\/index.php\/2024\/05\/30\/juiza-acompanha-desocupacao-truculenta-de-area-em-cuiaba\/#breadcrumb\"},\"inLanguage\":\"pt-BR\",\"potentialAction\":[{\"@type\":\"ReadAction\",\"target\":[\"https:\/\/wilsonsantosmt.com.br\/index.php\/2024\/05\/30\/juiza-acompanha-desocupacao-truculenta-de-area-em-cuiaba\/\"]}]},{\"@type\":\"BreadcrumbList\",\"@id\":\"https:\/\/wilsonsantosmt.com.br\/index.php\/2024\/05\/30\/juiza-acompanha-desocupacao-truculenta-de-area-em-cuiaba\/#breadcrumb\",\"itemListElement\":[{\"@type\":\"ListItem\",\"position\":1,\"name\":\"In\u00edcio\",\"item\":\"https:\/\/wilsonsantosmt.com.br\/\"},{\"@type\":\"ListItem\",\"position\":2,\"name\":\"Not\u00edcias\",\"item\":\"https:\/\/wilsonsantosmt.com.br\/index.php\/category\/noticias\/\"},{\"@type\":\"ListItem\",\"position\":3,\"name\":\"Ju\u00edza acompanha desocupa\u00e7\u00e3o truculenta de \u00e1rea em Cuiab\u00e1\"}]},{\"@type\":\"WebSite\",\"@id\":\"https:\/\/wilsonsantosmt.com.br\/#website\",\"url\":\"https:\/\/wilsonsantosmt.com.br\/\",\"name\":\"wilsonsantosmt.com.br\",\"description\":\"\",\"publisher\":{\"@id\":\"https:\/\/wilsonsantosmt.com.br\/#\/schema\/person\/9de3c54961637a9eadb16bcbf895b1ef\"},\"potentialAction\":[{\"@type\":\"SearchAction\",\"target\":{\"@type\":\"EntryPoint\",\"urlTemplate\":\"https:\/\/wilsonsantosmt.com.br\/?s={search_term_string}\"},\"query-input\":\"required name=search_term_string\"}],\"inLanguage\":\"pt-BR\"},{\"@type\":[\"Person\",\"Organization\"],\"@id\":\"https:\/\/wilsonsantosmt.com.br\/#\/schema\/person\/9de3c54961637a9eadb16bcbf895b1ef\",\"name\":\"Wilson Santos\",\"image\":{\"@type\":\"ImageObject\",\"inLanguage\":\"pt-BR\",\"@id\":\"https:\/\/wilsonsantosmt.com.br\/#\/schema\/person\/image\/\",\"url\":\"https:\/\/wilsonsantosmt.com.br\/wp-content\/uploads\/2023\/11\/310828673_653254583023360_8795459643194608438_n.jpg\",\"contentUrl\":\"https:\/\/wilsonsantosmt.com.br\/wp-content\/uploads\/2023\/11\/310828673_653254583023360_8795459643194608438_n.jpg\",\"width\":1078,\"height\":1079,\"caption\":\"Wilson Santos\"},\"logo\":{\"@id\":\"https:\/\/wilsonsantosmt.com.br\/#\/schema\/person\/image\/\"},\"sameAs\":[\"http:\/\/wilsonsantosmt.com.br\",\"https:\/\/www.facebook.com\/WilsonSantosMT\/\",\"https:\/\/www.instagram.com\/wilsonsantosmt\/\",\"https:\/\/www.youtube.com\/@WilsonSantosWS\/videos\",\"https:\/\/pt.wikipedia.org\/wiki\/Wilson_Santos\"],\"honorificPrefix\":\"Sr\",\"gender\":\"masculino\",\"jobTitle\":\"Deputado Estadual\",\"worksFor\":\"Assembleia Legislativa de Mato Grosso\"},{\"@type\":\"Person\",\"@id\":\"https:\/\/wilsonsantosmt.com.br\/#\/schema\/person\/172bc900a40b7bde8c6264a26c97203a\",\"name\":\"Robson Fraga\",\"image\":{\"@type\":\"ImageObject\",\"inLanguage\":\"pt-BR\",\"@id\":\"https:\/\/wilsonsantosmt.com.br\/#\/schema\/person\/image\/\",\"url\":\"https:\/\/secure.gravatar.com\/avatar\/e558185907f79d82ad2ba4b0f568c859?s=96&d=mm&r=g\",\"contentUrl\":\"https:\/\/secure.gravatar.com\/avatar\/e558185907f79d82ad2ba4b0f568c859?s=96&d=mm&r=g\",\"caption\":\"Robson Fraga\"},\"url\":\"https:\/\/wilsonsantosmt.com.br\/index.php\/author\/robsonfraga\/\"}]}<\/script>\n<!-- \/ Yoast SEO Premium plugin. -->","yoast_head_json":{"title":"Ju\u00edza acompanha desocupa\u00e7\u00e3o truculenta de \u00e1rea em Cuiab\u00e1 - wilsonsantosmt.com.br","robots":{"index":"index","follow":"follow","max-snippet":"max-snippet:-1","max-image-preview":"max-image-preview:large","max-video-preview":"max-video-preview:-1"},"canonical":"https:\/\/wilsonsantosmt.com.br\/index.php\/2024\/05\/30\/juiza-acompanha-desocupacao-truculenta-de-area-em-cuiaba\/","og_locale":"pt_BR","og_type":"article","og_title":"Ju\u00edza acompanha desocupa\u00e7\u00e3o truculenta de \u00e1rea em Cuiab\u00e1","og_description":"Adriana Coningham esteve no Pedra 90 com o deputado Wilson Santos","og_url":"https:\/\/wilsonsantosmt.com.br\/index.php\/2024\/05\/30\/juiza-acompanha-desocupacao-truculenta-de-area-em-cuiaba\/","og_site_name":"wilsonsantosmt.com.br","article_publisher":"https:\/\/www.facebook.com\/WilsonSantosMT\/","article_published_time":"2024-05-30T21:11:31+00:00","article_modified_time":"2024-05-30T21:14:34+00:00","og_image":[{"width":800,"height":401,"url":"http:\/\/wilsonsantosmt.com.br\/wp-content\/uploads\/2024\/05\/Imagem-do-WhatsApp-de-2024-05-30-as-14.53.33_cd84f73f.png","type":"image\/png"}],"author":"Robson Fraga","twitter_card":"summary_large_image","twitter_misc":{"Escrito por":"Robson Fraga","Est. tempo de leitura":"4 minutos"},"schema":{"@context":"https:\/\/schema.org","@graph":[{"@type":"Article","@id":"https:\/\/wilsonsantosmt.com.br\/index.php\/2024\/05\/30\/juiza-acompanha-desocupacao-truculenta-de-area-em-cuiaba\/#article","isPartOf":{"@id":"https:\/\/wilsonsantosmt.com.br\/index.php\/2024\/05\/30\/juiza-acompanha-desocupacao-truculenta-de-area-em-cuiaba\/"},"author":{"name":"Robson Fraga","@id":"https:\/\/wilsonsantosmt.com.br\/#\/schema\/person\/172bc900a40b7bde8c6264a26c97203a"},"headline":"Ju\u00edza acompanha desocupa\u00e7\u00e3o truculenta de \u00e1rea em Cuiab\u00e1","datePublished":"2024-05-30T21:11:31+00:00","dateModified":"2024-05-30T21:14:34+00:00","mainEntityOfPage":{"@id":"https:\/\/wilsonsantosmt.com.br\/index.php\/2024\/05\/30\/juiza-acompanha-desocupacao-truculenta-de-area-em-cuiaba\/"},"wordCount":694,"publisher":{"@id":"https:\/\/wilsonsantosmt.com.br\/#\/schema\/person\/9de3c54961637a9eadb16bcbf895b1ef"},"keywords":["JUSTI\u00c7A"],"articleSection":["Not\u00edcias"],"inLanguage":"pt-BR"},{"@type":"WebPage","@id":"https:\/\/wilsonsantosmt.com.br\/index.php\/2024\/05\/30\/juiza-acompanha-desocupacao-truculenta-de-area-em-cuiaba\/","url":"https:\/\/wilsonsantosmt.com.br\/index.php\/2024\/05\/30\/juiza-acompanha-desocupacao-truculenta-de-area-em-cuiaba\/","name":"Ju\u00edza acompanha desocupa\u00e7\u00e3o truculenta de \u00e1rea em Cuiab\u00e1 - wilsonsantosmt.com.br","isPartOf":{"@id":"https:\/\/wilsonsantosmt.com.br\/#website"},"datePublished":"2024-05-30T21:11:31+00:00","dateModified":"2024-05-30T21:14:34+00:00","breadcrumb":{"@id":"https:\/\/wilsonsantosmt.com.br\/index.php\/2024\/05\/30\/juiza-acompanha-desocupacao-truculenta-de-area-em-cuiaba\/#breadcrumb"},"inLanguage":"pt-BR","potentialAction":[{"@type":"ReadAction","target":["https:\/\/wilsonsantosmt.com.br\/index.php\/2024\/05\/30\/juiza-acompanha-desocupacao-truculenta-de-area-em-cuiaba\/"]}]},{"@type":"BreadcrumbList","@id":"https:\/\/wilsonsantosmt.com.br\/index.php\/2024\/05\/30\/juiza-acompanha-desocupacao-truculenta-de-area-em-cuiaba\/#breadcrumb","itemListElement":[{"@type":"ListItem","position":1,"name":"In\u00edcio","item":"https:\/\/wilsonsantosmt.com.br\/"},{"@type":"ListItem","position":2,"name":"Not\u00edcias","item":"https:\/\/wilsonsantosmt.com.br\/index.php\/category\/noticias\/"},{"@type":"ListItem","position":3,"name":"Ju\u00edza acompanha desocupa\u00e7\u00e3o truculenta de \u00e1rea em Cuiab\u00e1"}]},{"@type":"WebSite","@id":"https:\/\/wilsonsantosmt.com.br\/#website","url":"https:\/\/wilsonsantosmt.com.br\/","name":"wilsonsantosmt.com.br","description":"","publisher":{"@id":"https:\/\/wilsonsantosmt.com.br\/#\/schema\/person\/9de3c54961637a9eadb16bcbf895b1ef"},"potentialAction":[{"@type":"SearchAction","target":{"@type":"EntryPoint","urlTemplate":"https:\/\/wilsonsantosmt.com.br\/?s={search_term_string}"},"query-input":"required name=search_term_string"}],"inLanguage":"pt-BR"},{"@type":["Person","Organization"],"@id":"https:\/\/wilsonsantosmt.com.br\/#\/schema\/person\/9de3c54961637a9eadb16bcbf895b1ef","name":"Wilson Santos","image":{"@type":"ImageObject","inLanguage":"pt-BR","@id":"https:\/\/wilsonsantosmt.com.br\/#\/schema\/person\/image\/","url":"https:\/\/wilsonsantosmt.com.br\/wp-content\/uploads\/2023\/11\/310828673_653254583023360_8795459643194608438_n.jpg","contentUrl":"https:\/\/wilsonsantosmt.com.br\/wp-content\/uploads\/2023\/11\/310828673_653254583023360_8795459643194608438_n.jpg","width":1078,"height":1079,"caption":"Wilson Santos"},"logo":{"@id":"https:\/\/wilsonsantosmt.com.br\/#\/schema\/person\/image\/"},"sameAs":["http:\/\/wilsonsantosmt.com.br","https:\/\/www.facebook.com\/WilsonSantosMT\/","https:\/\/www.instagram.com\/wilsonsantosmt\/","https:\/\/www.youtube.com\/@WilsonSantosWS\/videos","https:\/\/pt.wikipedia.org\/wiki\/Wilson_Santos"],"honorificPrefix":"Sr","gender":"masculino","jobTitle":"Deputado Estadual","worksFor":"Assembleia Legislativa de Mato Grosso"},{"@type":"Person","@id":"https:\/\/wilsonsantosmt.com.br\/#\/schema\/person\/172bc900a40b7bde8c6264a26c97203a","name":"Robson Fraga","image":{"@type":"ImageObject","inLanguage":"pt-BR","@id":"https:\/\/wilsonsantosmt.com.br\/#\/schema\/person\/image\/","url":"https:\/\/secure.gravatar.com\/avatar\/e558185907f79d82ad2ba4b0f568c859?s=96&d=mm&r=g","contentUrl":"https:\/\/secure.gravatar.com\/avatar\/e558185907f79d82ad2ba4b0f568c859?s=96&d=mm&r=g","caption":"Robson Fraga"},"url":"https:\/\/wilsonsantosmt.com.br\/index.php\/author\/robsonfraga\/"}]}},"_links":{"self":[{"href":"https:\/\/wilsonsantosmt.com.br\/index.php\/wp-json\/wp\/v2\/posts\/1248"}],"collection":[{"href":"https:\/\/wilsonsantosmt.com.br\/index.php\/wp-json\/wp\/v2\/posts"}],"about":[{"href":"https:\/\/wilsonsantosmt.com.br\/index.php\/wp-json\/wp\/v2\/types\/post"}],"author":[{"embeddable":true,"href":"https:\/\/wilsonsantosmt.com.br\/index.php\/wp-json\/wp\/v2\/users\/3"}],"replies":[{"embeddable":true,"href":"https:\/\/wilsonsantosmt.com.br\/index.php\/wp-json\/wp\/v2\/comments?post=1248"}],"version-history":[{"count":2,"href":"https:\/\/wilsonsantosmt.com.br\/index.php\/wp-json\/wp\/v2\/posts\/1248\/revisions"}],"predecessor-version":[{"id":1251,"href":"https:\/\/wilsonsantosmt.com.br\/index.php\/wp-json\/wp\/v2\/posts\/1248\/revisions\/1251"}],"wp:featuredmedia":[{"embeddable":true,"href":"https:\/\/wilsonsantosmt.com.br\/index.php\/wp-json\/wp\/v2\/media\/1249"}],"wp:attachment":[{"href":"https:\/\/wilsonsantosmt.com.br\/index.php\/wp-json\/wp\/v2\/media?parent=1248"}],"wp:term":[{"taxonomy":"category","embeddable":true,"href":"https:\/\/wilsonsantosmt.com.br\/index.php\/wp-json\/wp\/v2\/categories?post=1248"},{"taxonomy":"post_tag","embeddable":true,"href":"https:\/\/wilsonsantosmt.com.br\/index.php\/wp-json\/wp\/v2\/tags?post=1248"}],"curies":[{"name":"wp","href":"https:\/\/api.w.org\/{rel}","templated":true}]}}