{"id":1252,"date":"2024-06-05T17:54:36","date_gmt":"2024-06-05T21:54:36","guid":{"rendered":"https:\/\/wilsonsantosmt.com.br\/?p=1252"},"modified":"2024-06-14T21:20:24","modified_gmt":"2024-06-15T01:20:24","slug":"criacao-da-agencia-estadual-das-mudancas-climaticas","status":"publish","type":"post","link":"https:\/\/wilsonsantosmt.com.br\/index.php\/2024\/06\/05\/criacao-da-agencia-estadual-das-mudancas-climaticas\/","title":{"rendered":"Cria\u00e7\u00e3o da Ag\u00eancia Estadual das Mudan\u00e7as Clim\u00e1ticas"},"content":{"rendered":"\n<p>O deputado estadual Wilson Santos (PSD) apresentou nesta quarta-feira (5), o projeto de lei n\u00ba 1141\/2024, que cria Ag\u00eancia Estadual das Mudan\u00e7as Clim\u00e1ticas do Estado de Mato Grosso.<\/p>\n\n\n\n<p>A ag\u00eancia ter\u00e1 15 objetivos centrais, entre eles: aumentar a qualidade das informa\u00e7\u00f5es cient\u00edficas para formula\u00e7\u00e3o de pol\u00edticas p\u00fablicas sobre o clima; estabelecer estrat\u00e9gia para redu\u00e7\u00e3o das emiss\u00f5es de gases de efeito estufa; assegurar a compatibiliza\u00e7\u00e3o do desenvolvimento econ\u00f4mico-social com a prote\u00e7\u00e3o ao meio ambiente; estabelecer mecanismos para estimular a modifica\u00e7\u00e3o dos padr\u00f5es de produ\u00e7\u00e3o e de consumo, das atividades econ\u00f4micas, do transporte e do uso do solo com foco na sustentabilidade ambiental.<\/p>\n\n\n\n<p>O projeto de lei tamb\u00e9m estabelece 12 diretrizes a serem seguidas. Entre eles: estabelecer objetivos quantific\u00e1veis, report\u00e1veis e verific\u00e1veis de redu\u00e7\u00e3o de emiss\u00f5es de gases de efeito estufa; elaborar, atualizar e publicar a cada quatro anos o invent\u00e1rio estadual de emiss\u00f5es de gases de efeito estufa; promover pesquisas, produ\u00e7\u00e3o e a divulga\u00e7\u00e3o de conhecimento sobre as mudan\u00e7as clim\u00e1ticas e vulnerabilidades delas decorrentes; promover e incentivar o uso de energias renov\u00e1veis; estimular a substitui\u00e7\u00e3o gradual dos combust\u00edveis f\u00f3sseis por outros com menor potencial de emiss\u00e3o de gases de efeito estufa.<\/p>\n\n\n\n<p>Prev\u00ea ainda o est\u00edmulo ao desenvolvimento, aplica\u00e7\u00e3o e transfer\u00eancia de tecnologias, pr\u00e1ticas e processos que reduzam ou previnam as emiss\u00f5es de gases de efeito estufa, al\u00e9m da promo\u00e7\u00e3o e apoio \u00e0s a\u00e7\u00f5es de coopera\u00e7\u00e3o nacional e internacional e a transfer\u00eancia de tecnologias sustent\u00e1veis. Tamb\u00e9m o est\u00edmulo do uso racional dos recursos naturais a fim de promover mudan\u00e7a de comportamento social com vistas ao consumo respons\u00e1vel e ao incentivo \u00e0 ecoefici\u00eancia.<\/p>\n\n\n\n<p>A Ag\u00eancia Estadual de Mudan\u00e7as Clim\u00e1ticas ter\u00e1 sete membros e a seguinte estrutura b\u00e1sica: conselho superior; diretoria-geral; conselho consultivo e cinco departamentos: pesquisa e desenvolvimento, pol\u00edticas e planejamento, implementa\u00e7\u00e3o de projetos; \u00b4comunica\u00e7\u00e3o e educa\u00e7\u00e3o; finan\u00e7as e administra\u00e7\u00e3o, al\u00e9m de assessoria jur\u00eddica e tecnologia de informa\u00e7\u00e3o.<\/p>\n\n\n\n<p>\u201cA sociedade civil e movimentos h\u00e1 tempos denunciam a crise clim\u00e1tica que hoje enfrentamos. N\u00e3o se trata apenas do aquecimento global, mas tamb\u00e9m de uma crise socioecon\u00f4mica, pol\u00edtica, alimentar, energ\u00e9tica e ecol\u00f3gica, onde os modelos de produ\u00e7\u00e3o e consumo n\u00e3o respeitam a natureza e n\u00e3o assumem a responsabilidade pelos efeitos negativos disso [\u2026] Essa conjuntura, \u00e9 certo, representa um risco potencial para setores da sociedade e para economias de todo o mundo\u201d, diz a justificativa do projeto.<\/p>\n\n\n\n<p>\u201cPrecisamos que sejam adotadas estrat\u00e9gias como a redu\u00e7\u00e3o de emiss\u00f5es de gases nos pa\u00edses desenvolvidos; que haja transfer\u00eancia de fundos para adapta\u00e7\u00e3o e atenua\u00e7\u00e3o da mudan\u00e7a clim\u00e1tica no Sul global e a transfer\u00eancia de tecnologias; que haja incorpora\u00e7\u00e3o e reconhecimento de alternativas para a sustentabilidade e a defesa dos bens comuns; al\u00e9m de uma mudan\u00e7a global da matriz energ\u00e9tica que conduza \u00e0 transi\u00e7\u00e3o dos combust\u00edveis f\u00f3sseis para energia limpa. Portanto, a cria\u00e7\u00e3o desta ag\u00eancia \u00e9 de suma import\u00e2ncia para Mato Grosso, o Brasil e o Mundo\u201d, justificou Wilson Santos.<\/p>\n","protected":false},"excerpt":{"rendered":"<p>O projeto tra\u00e7a objetivos para diminuir a emiss\u00e3o de gases do efeito estufa<\/p>\n","protected":false},"author":3,"featured_media":1253,"comment_status":"closed","ping_status":"open","sticky":false,"template":"","format":"standard","meta":{"footnotes":""},"categories":[69,13],"tags":[190],"yoast_head":"<!-- This site is optimized with the Yoast SEO Premium plugin v21.5 (Yoast SEO v21.4) - https:\/\/yoast.com\/wordpress\/plugins\/seo\/ -->\n<title>Cria\u00e7\u00e3o da Ag\u00eancia Estadual das Mudan\u00e7as Clim\u00e1ticas - wilsonsantosmt.com.br<\/title>\n<meta name=\"robots\" content=\"index, follow, max-snippet:-1, max-image-preview:large, max-video-preview:-1\" \/>\n<link rel=\"canonical\" href=\"https:\/\/wilsonsantosmt.com.br\/index.php\/2024\/06\/05\/criacao-da-agencia-estadual-das-mudancas-climaticas\/\" \/>\n<meta property=\"og:locale\" content=\"pt_BR\" \/>\n<meta property=\"og:type\" content=\"article\" \/>\n<meta property=\"og:title\" content=\"Cria\u00e7\u00e3o da Ag\u00eancia Estadual das Mudan\u00e7as Clim\u00e1ticas\" \/>\n<meta property=\"og:description\" content=\"O projeto tra\u00e7a objetivos para diminuir a emiss\u00e3o de gases do efeito estufa\" \/>\n<meta property=\"og:url\" content=\"https:\/\/wilsonsantosmt.com.br\/index.php\/2024\/06\/05\/criacao-da-agencia-estadual-das-mudancas-climaticas\/\" \/>\n<meta property=\"og:site_name\" content=\"wilsonsantosmt.com.br\" \/>\n<meta property=\"article:publisher\" content=\"https:\/\/www.facebook.com\/WilsonSantosMT\/\" \/>\n<meta property=\"article:published_time\" content=\"2024-06-05T21:54:36+00:00\" \/>\n<meta property=\"article:modified_time\" content=\"2024-06-15T01:20:24+00:00\" \/>\n<meta property=\"og:image\" content=\"http:\/\/wilsonsantosmt.com.br\/wp-content\/uploads\/2024\/06\/ws.jpg\" \/>\n\t<meta property=\"og:image:width\" content=\"804\" \/>\n\t<meta property=\"og:image:height\" content=\"400\" \/>\n\t<meta property=\"og:image:type\" content=\"image\/jpeg\" \/>\n<meta name=\"author\" content=\"Robson Fraga\" \/>\n<meta name=\"twitter:card\" content=\"summary_large_image\" \/>\n<meta name=\"twitter:label1\" content=\"Escrito por\" \/>\n\t<meta name=\"twitter:data1\" content=\"Robson Fraga\" \/>\n\t<meta name=\"twitter:label2\" content=\"Est. tempo de leitura\" \/>\n\t<meta name=\"twitter:data2\" content=\"3 minutos\" \/>\n<script type=\"application\/ld+json\" class=\"yoast-schema-graph\">{\"@context\":\"https:\/\/schema.org\",\"@graph\":[{\"@type\":\"Article\",\"@id\":\"https:\/\/wilsonsantosmt.com.br\/index.php\/2024\/06\/05\/criacao-da-agencia-estadual-das-mudancas-climaticas\/#article\",\"isPartOf\":{\"@id\":\"https:\/\/wilsonsantosmt.com.br\/index.php\/2024\/06\/05\/criacao-da-agencia-estadual-das-mudancas-climaticas\/\"},\"author\":{\"name\":\"Robson Fraga\",\"@id\":\"https:\/\/wilsonsantosmt.com.br\/#\/schema\/person\/172bc900a40b7bde8c6264a26c97203a\"},\"headline\":\"Cria\u00e7\u00e3o da Ag\u00eancia Estadual das Mudan\u00e7as Clim\u00e1ticas\",\"datePublished\":\"2024-06-05T21:54:36+00:00\",\"dateModified\":\"2024-06-15T01:20:24+00:00\",\"mainEntityOfPage\":{\"@id\":\"https:\/\/wilsonsantosmt.com.br\/index.php\/2024\/06\/05\/criacao-da-agencia-estadual-das-mudancas-climaticas\/\"},\"wordCount\":568,\"publisher\":{\"@id\":\"https:\/\/wilsonsantosmt.com.br\/#\/schema\/person\/9de3c54961637a9eadb16bcbf895b1ef\"},\"keywords\":[\"CLIMA\"],\"articleSection\":[\"Meio Ambiente\",\"Not\u00edcias\"],\"inLanguage\":\"pt-BR\"},{\"@type\":\"WebPage\",\"@id\":\"https:\/\/wilsonsantosmt.com.br\/index.php\/2024\/06\/05\/criacao-da-agencia-estadual-das-mudancas-climaticas\/\",\"url\":\"https:\/\/wilsonsantosmt.com.br\/index.php\/2024\/06\/05\/criacao-da-agencia-estadual-das-mudancas-climaticas\/\",\"name\":\"Cria\u00e7\u00e3o da Ag\u00eancia Estadual das Mudan\u00e7as Clim\u00e1ticas - wilsonsantosmt.com.br\",\"isPartOf\":{\"@id\":\"https:\/\/wilsonsantosmt.com.br\/#website\"},\"datePublished\":\"2024-06-05T21:54:36+00:00\",\"dateModified\":\"2024-06-15T01:20:24+00:00\",\"breadcrumb\":{\"@id\":\"https:\/\/wilsonsantosmt.com.br\/index.php\/2024\/06\/05\/criacao-da-agencia-estadual-das-mudancas-climaticas\/#breadcrumb\"},\"inLanguage\":\"pt-BR\",\"potentialAction\":[{\"@type\":\"ReadAction\",\"target\":[\"https:\/\/wilsonsantosmt.com.br\/index.php\/2024\/06\/05\/criacao-da-agencia-estadual-das-mudancas-climaticas\/\"]}]},{\"@type\":\"BreadcrumbList\",\"@id\":\"https:\/\/wilsonsantosmt.com.br\/index.php\/2024\/06\/05\/criacao-da-agencia-estadual-das-mudancas-climaticas\/#breadcrumb\",\"itemListElement\":[{\"@type\":\"ListItem\",\"position\":1,\"name\":\"In\u00edcio\",\"item\":\"https:\/\/wilsonsantosmt.com.br\/\"},{\"@type\":\"ListItem\",\"position\":2,\"name\":\"Not\u00edcias\",\"item\":\"https:\/\/wilsonsantosmt.com.br\/index.php\/category\/noticias\/\"},{\"@type\":\"ListItem\",\"position\":3,\"name\":\"Cria\u00e7\u00e3o da Ag\u00eancia Estadual das Mudan\u00e7as Clim\u00e1ticas\"}]},{\"@type\":\"WebSite\",\"@id\":\"https:\/\/wilsonsantosmt.com.br\/#website\",\"url\":\"https:\/\/wilsonsantosmt.com.br\/\",\"name\":\"wilsonsantosmt.com.br\",\"description\":\"\",\"publisher\":{\"@id\":\"https:\/\/wilsonsantosmt.com.br\/#\/schema\/person\/9de3c54961637a9eadb16bcbf895b1ef\"},\"potentialAction\":[{\"@type\":\"SearchAction\",\"target\":{\"@type\":\"EntryPoint\",\"urlTemplate\":\"https:\/\/wilsonsantosmt.com.br\/?s={search_term_string}\"},\"query-input\":\"required name=search_term_string\"}],\"inLanguage\":\"pt-BR\"},{\"@type\":[\"Person\",\"Organization\"],\"@id\":\"https:\/\/wilsonsantosmt.com.br\/#\/schema\/person\/9de3c54961637a9eadb16bcbf895b1ef\",\"name\":\"Wilson Santos\",\"image\":{\"@type\":\"ImageObject\",\"inLanguage\":\"pt-BR\",\"@id\":\"https:\/\/wilsonsantosmt.com.br\/#\/schema\/person\/image\/\",\"url\":\"https:\/\/wilsonsantosmt.com.br\/wp-content\/uploads\/2023\/11\/310828673_653254583023360_8795459643194608438_n.jpg\",\"contentUrl\":\"https:\/\/wilsonsantosmt.com.br\/wp-content\/uploads\/2023\/11\/310828673_653254583023360_8795459643194608438_n.jpg\",\"width\":1078,\"height\":1079,\"caption\":\"Wilson Santos\"},\"logo\":{\"@id\":\"https:\/\/wilsonsantosmt.com.br\/#\/schema\/person\/image\/\"},\"sameAs\":[\"http:\/\/wilsonsantosmt.com.br\",\"https:\/\/www.facebook.com\/WilsonSantosMT\/\",\"https:\/\/www.instagram.com\/wilsonsantosmt\/\",\"https:\/\/www.youtube.com\/@WilsonSantosWS\/videos\",\"https:\/\/pt.wikipedia.org\/wiki\/Wilson_Santos\"],\"honorificPrefix\":\"Sr\",\"gender\":\"masculino\",\"jobTitle\":\"Deputado Estadual\",\"worksFor\":\"Assembleia Legislativa de Mato Grosso\"},{\"@type\":\"Person\",\"@id\":\"https:\/\/wilsonsantosmt.com.br\/#\/schema\/person\/172bc900a40b7bde8c6264a26c97203a\",\"name\":\"Robson Fraga\",\"image\":{\"@type\":\"ImageObject\",\"inLanguage\":\"pt-BR\",\"@id\":\"https:\/\/wilsonsantosmt.com.br\/#\/schema\/person\/image\/\",\"url\":\"https:\/\/secure.gravatar.com\/avatar\/e558185907f79d82ad2ba4b0f568c859?s=96&d=mm&r=g\",\"contentUrl\":\"https:\/\/secure.gravatar.com\/avatar\/e558185907f79d82ad2ba4b0f568c859?s=96&d=mm&r=g\",\"caption\":\"Robson Fraga\"},\"url\":\"https:\/\/wilsonsantosmt.com.br\/index.php\/author\/robsonfraga\/\"}]}<\/script>\n<!-- \/ Yoast SEO Premium plugin. -->","yoast_head_json":{"title":"Cria\u00e7\u00e3o da Ag\u00eancia Estadual das Mudan\u00e7as Clim\u00e1ticas - wilsonsantosmt.com.br","robots":{"index":"index","follow":"follow","max-snippet":"max-snippet:-1","max-image-preview":"max-image-preview:large","max-video-preview":"max-video-preview:-1"},"canonical":"https:\/\/wilsonsantosmt.com.br\/index.php\/2024\/06\/05\/criacao-da-agencia-estadual-das-mudancas-climaticas\/","og_locale":"pt_BR","og_type":"article","og_title":"Cria\u00e7\u00e3o da Ag\u00eancia Estadual das Mudan\u00e7as Clim\u00e1ticas","og_description":"O projeto tra\u00e7a objetivos para diminuir a emiss\u00e3o de gases do efeito estufa","og_url":"https:\/\/wilsonsantosmt.com.br\/index.php\/2024\/06\/05\/criacao-da-agencia-estadual-das-mudancas-climaticas\/","og_site_name":"wilsonsantosmt.com.br","article_publisher":"https:\/\/www.facebook.com\/WilsonSantosMT\/","article_published_time":"2024-06-05T21:54:36+00:00","article_modified_time":"2024-06-15T01:20:24+00:00","og_image":[{"width":804,"height":400,"url":"http:\/\/wilsonsantosmt.com.br\/wp-content\/uploads\/2024\/06\/ws.jpg","type":"image\/jpeg"}],"author":"Robson Fraga","twitter_card":"summary_large_image","twitter_misc":{"Escrito por":"Robson Fraga","Est. tempo de leitura":"3 minutos"},"schema":{"@context":"https:\/\/schema.org","@graph":[{"@type":"Article","@id":"https:\/\/wilsonsantosmt.com.br\/index.php\/2024\/06\/05\/criacao-da-agencia-estadual-das-mudancas-climaticas\/#article","isPartOf":{"@id":"https:\/\/wilsonsantosmt.com.br\/index.php\/2024\/06\/05\/criacao-da-agencia-estadual-das-mudancas-climaticas\/"},"author":{"name":"Robson Fraga","@id":"https:\/\/wilsonsantosmt.com.br\/#\/schema\/person\/172bc900a40b7bde8c6264a26c97203a"},"headline":"Cria\u00e7\u00e3o da Ag\u00eancia Estadual das Mudan\u00e7as Clim\u00e1ticas","datePublished":"2024-06-05T21:54:36+00:00","dateModified":"2024-06-15T01:20:24+00:00","mainEntityOfPage":{"@id":"https:\/\/wilsonsantosmt.com.br\/index.php\/2024\/06\/05\/criacao-da-agencia-estadual-das-mudancas-climaticas\/"},"wordCount":568,"publisher":{"@id":"https:\/\/wilsonsantosmt.com.br\/#\/schema\/person\/9de3c54961637a9eadb16bcbf895b1ef"},"keywords":["CLIMA"],"articleSection":["Meio Ambiente","Not\u00edcias"],"inLanguage":"pt-BR"},{"@type":"WebPage","@id":"https:\/\/wilsonsantosmt.com.br\/index.php\/2024\/06\/05\/criacao-da-agencia-estadual-das-mudancas-climaticas\/","url":"https:\/\/wilsonsantosmt.com.br\/index.php\/2024\/06\/05\/criacao-da-agencia-estadual-das-mudancas-climaticas\/","name":"Cria\u00e7\u00e3o da Ag\u00eancia Estadual das Mudan\u00e7as Clim\u00e1ticas - wilsonsantosmt.com.br","isPartOf":{"@id":"https:\/\/wilsonsantosmt.com.br\/#website"},"datePublished":"2024-06-05T21:54:36+00:00","dateModified":"2024-06-15T01:20:24+00:00","breadcrumb":{"@id":"https:\/\/wilsonsantosmt.com.br\/index.php\/2024\/06\/05\/criacao-da-agencia-estadual-das-mudancas-climaticas\/#breadcrumb"},"inLanguage":"pt-BR","potentialAction":[{"@type":"ReadAction","target":["https:\/\/wilsonsantosmt.com.br\/index.php\/2024\/06\/05\/criacao-da-agencia-estadual-das-mudancas-climaticas\/"]}]},{"@type":"BreadcrumbList","@id":"https:\/\/wilsonsantosmt.com.br\/index.php\/2024\/06\/05\/criacao-da-agencia-estadual-das-mudancas-climaticas\/#breadcrumb","itemListElement":[{"@type":"ListItem","position":1,"name":"In\u00edcio","item":"https:\/\/wilsonsantosmt.com.br\/"},{"@type":"ListItem","position":2,"name":"Not\u00edcias","item":"https:\/\/wilsonsantosmt.com.br\/index.php\/category\/noticias\/"},{"@type":"ListItem","position":3,"name":"Cria\u00e7\u00e3o da Ag\u00eancia Estadual das Mudan\u00e7as Clim\u00e1ticas"}]},{"@type":"WebSite","@id":"https:\/\/wilsonsantosmt.com.br\/#website","url":"https:\/\/wilsonsantosmt.com.br\/","name":"wilsonsantosmt.com.br","description":"","publisher":{"@id":"https:\/\/wilsonsantosmt.com.br\/#\/schema\/person\/9de3c54961637a9eadb16bcbf895b1ef"},"potentialAction":[{"@type":"SearchAction","target":{"@type":"EntryPoint","urlTemplate":"https:\/\/wilsonsantosmt.com.br\/?s={search_term_string}"},"query-input":"required name=search_term_string"}],"inLanguage":"pt-BR"},{"@type":["Person","Organization"],"@id":"https:\/\/wilsonsantosmt.com.br\/#\/schema\/person\/9de3c54961637a9eadb16bcbf895b1ef","name":"Wilson Santos","image":{"@type":"ImageObject","inLanguage":"pt-BR","@id":"https:\/\/wilsonsantosmt.com.br\/#\/schema\/person\/image\/","url":"https:\/\/wilsonsantosmt.com.br\/wp-content\/uploads\/2023\/11\/310828673_653254583023360_8795459643194608438_n.jpg","contentUrl":"https:\/\/wilsonsantosmt.com.br\/wp-content\/uploads\/2023\/11\/310828673_653254583023360_8795459643194608438_n.jpg","width":1078,"height":1079,"caption":"Wilson Santos"},"logo":{"@id":"https:\/\/wilsonsantosmt.com.br\/#\/schema\/person\/image\/"},"sameAs":["http:\/\/wilsonsantosmt.com.br","https:\/\/www.facebook.com\/WilsonSantosMT\/","https:\/\/www.instagram.com\/wilsonsantosmt\/","https:\/\/www.youtube.com\/@WilsonSantosWS\/videos","https:\/\/pt.wikipedia.org\/wiki\/Wilson_Santos"],"honorificPrefix":"Sr","gender":"masculino","jobTitle":"Deputado Estadual","worksFor":"Assembleia Legislativa de Mato Grosso"},{"@type":"Person","@id":"https:\/\/wilsonsantosmt.com.br\/#\/schema\/person\/172bc900a40b7bde8c6264a26c97203a","name":"Robson Fraga","image":{"@type":"ImageObject","inLanguage":"pt-BR","@id":"https:\/\/wilsonsantosmt.com.br\/#\/schema\/person\/image\/","url":"https:\/\/secure.gravatar.com\/avatar\/e558185907f79d82ad2ba4b0f568c859?s=96&d=mm&r=g","contentUrl":"https:\/\/secure.gravatar.com\/avatar\/e558185907f79d82ad2ba4b0f568c859?s=96&d=mm&r=g","caption":"Robson Fraga"},"url":"https:\/\/wilsonsantosmt.com.br\/index.php\/author\/robsonfraga\/"}]}},"_links":{"self":[{"href":"https:\/\/wilsonsantosmt.com.br\/index.php\/wp-json\/wp\/v2\/posts\/1252"}],"collection":[{"href":"https:\/\/wilsonsantosmt.com.br\/index.php\/wp-json\/wp\/v2\/posts"}],"about":[{"href":"https:\/\/wilsonsantosmt.com.br\/index.php\/wp-json\/wp\/v2\/types\/post"}],"author":[{"embeddable":true,"href":"https:\/\/wilsonsantosmt.com.br\/index.php\/wp-json\/wp\/v2\/users\/3"}],"replies":[{"embeddable":true,"href":"https:\/\/wilsonsantosmt.com.br\/index.php\/wp-json\/wp\/v2\/comments?post=1252"}],"version-history":[{"count":2,"href":"https:\/\/wilsonsantosmt.com.br\/index.php\/wp-json\/wp\/v2\/posts\/1252\/revisions"}],"predecessor-version":[{"id":1255,"href":"https:\/\/wilsonsantosmt.com.br\/index.php\/wp-json\/wp\/v2\/posts\/1252\/revisions\/1255"}],"wp:featuredmedia":[{"embeddable":true,"href":"https:\/\/wilsonsantosmt.com.br\/index.php\/wp-json\/wp\/v2\/media\/1253"}],"wp:attachment":[{"href":"https:\/\/wilsonsantosmt.com.br\/index.php\/wp-json\/wp\/v2\/media?parent=1252"}],"wp:term":[{"taxonomy":"category","embeddable":true,"href":"https:\/\/wilsonsantosmt.com.br\/index.php\/wp-json\/wp\/v2\/categories?post=1252"},{"taxonomy":"post_tag","embeddable":true,"href":"https:\/\/wilsonsantosmt.com.br\/index.php\/wp-json\/wp\/v2\/tags?post=1252"}],"curies":[{"name":"wp","href":"https:\/\/api.w.org\/{rel}","templated":true}]}}