{"id":1280,"date":"2024-07-09T14:41:53","date_gmt":"2024-07-09T18:41:53","guid":{"rendered":"https:\/\/wilsonsantosmt.com.br\/?p=1280"},"modified":"2024-07-09T14:42:32","modified_gmt":"2024-07-09T18:42:32","slug":"decisao-do-stf-nao-e-definitiva-sobre-a-pesca-afirma-wilson","status":"publish","type":"post","link":"https:\/\/wilsonsantosmt.com.br\/index.php\/2024\/07\/09\/decisao-do-stf-nao-e-definitiva-sobre-a-pesca-afirma-wilson\/","title":{"rendered":"&#8220;Decis\u00e3o do STF sobre a pesca em MT n\u00e3o \u00e9 definitiva&#8221;, afirma Wilson"},"content":{"rendered":"\n<p>O deputado estadual Wilson Santos (PSD) afirmou nesta quinta-feira (4), que a decis\u00e3o do ministro do Supremo Tribunal Federal (STF), Andr\u00e9 Mendon\u00e7a, que mant\u00e9m em vigor a lei 12.197\/23, conhecida como &#8220;Transporte Zero&#8221; n\u00e3o \u00e9 definitiva.<\/p>\n\n\n\n<p>Segundo o parlamentar, Mendon\u00e7a &#8220;sequer emitiu seu voto&#8221; e que o relat\u00f3rio ainda seguir\u00e1 para o pleno do STF &#8220;onde ser\u00e1 apreciado e&nbsp; votado por 11 ministros&#8221;.<\/p>\n\n\n\n<p>&#8220;\u00c9 uma decis\u00e3o intermedi\u00e1ria, negando um pedido nosso de liminar. Sequer ele pronunciou seu voto ainda. [&#8230;] O relator \u00e9 o primeiro a votar, os 11 ministros do STF precisam votar. [&#8230;] Infelizmente, ele tem demorado muito. [&#8230;] Espero que ele possa logo ap\u00f3s o fim do recesso, no in\u00edcio de agosto, dar o seu voto para que os outros 10 ministros tamb\u00e9m possam votar&#8221;, disse.<\/p>\n\n\n\n<p>O deputado lembrou que todos os \u00f3rg\u00e3o federais ouvidos pelo STF se pronunciaram contr\u00e1rios \u00e0 nova lei da pesca de Mato Grosso. Todos alegaram que a mesma \u00e9 inconstitucional como mostram tr\u00eas A\u00e7\u00f5es Diretas de Inconstitucionalidade (ADIs 7471, 7514 e 7590), propostas, respectivamente, pelo Movimento Democr\u00e1tico Brasileiro (MDB), pelo Partido Social Democr\u00e1tico (PSD) e pela Confedera\u00e7\u00e3o Nacional dos Pescadores e Aquicultores (CNPA).<\/p>\n\n\n\n<p>&#8220;Espero que ele vote logo, apenas isso. Todos os \u00f3rg\u00e3os federais (Ibama, INSS, Minist\u00e9rio da Pesca, Minist\u00e9rio do Meio Ambiente, Advocacia-Geral da Uni\u00e3o, Defensoria P\u00fablica Federal, Minist\u00e9rio P\u00fablico Federal e todos os \u00f3rg\u00e3os federais continuam na mesma posi\u00e7\u00e3o. Isto \u00e9 querem derrubar a lei da pesca em Mato Grosso. Ent\u00e3o, estamos muito confiantes&#8221;, completou acreditando que os demais ministros v\u00e3o derrubar a lei estadual.<\/p>\n","protected":false},"excerpt":{"rendered":"<p>Relat\u00f3rio do ministro Andre Mendon\u00e7a ainda vai a plen\u00e1rio<\/p>\n","protected":false},"author":3,"featured_media":1281,"comment_status":"closed","ping_status":"open","sticky":false,"template":"","format":"standard","meta":{"footnotes":""},"categories":[13],"tags":[103],"yoast_head":"<!-- This site is optimized with the Yoast SEO Premium plugin v21.5 (Yoast SEO v21.4) - https:\/\/yoast.com\/wordpress\/plugins\/seo\/ -->\n<title>&quot;Decis\u00e3o do STF sobre a pesca em MT n\u00e3o \u00e9 definitiva&quot;, afirma Wilson - wilsonsantosmt.com.br<\/title>\n<meta name=\"robots\" content=\"index, follow, max-snippet:-1, max-image-preview:large, max-video-preview:-1\" \/>\n<link rel=\"canonical\" href=\"https:\/\/wilsonsantosmt.com.br\/index.php\/2024\/07\/09\/decisao-do-stf-nao-e-definitiva-sobre-a-pesca-afirma-wilson\/\" \/>\n<meta property=\"og:locale\" content=\"pt_BR\" \/>\n<meta property=\"og:type\" content=\"article\" \/>\n<meta property=\"og:title\" content=\"&quot;Decis\u00e3o do STF sobre a pesca em MT n\u00e3o \u00e9 definitiva&quot;, afirma Wilson\" \/>\n<meta property=\"og:description\" content=\"Relat\u00f3rio do ministro Andre Mendon\u00e7a ainda vai a plen\u00e1rio\" \/>\n<meta property=\"og:url\" content=\"https:\/\/wilsonsantosmt.com.br\/index.php\/2024\/07\/09\/decisao-do-stf-nao-e-definitiva-sobre-a-pesca-afirma-wilson\/\" \/>\n<meta property=\"og:site_name\" content=\"wilsonsantosmt.com.br\" \/>\n<meta property=\"article:publisher\" content=\"https:\/\/www.facebook.com\/WilsonSantosMT\/\" \/>\n<meta property=\"article:published_time\" content=\"2024-07-09T18:41:53+00:00\" \/>\n<meta property=\"article:modified_time\" content=\"2024-07-09T18:42:32+00:00\" \/>\n<meta property=\"og:image\" content=\"http:\/\/wilsonsantosmt.com.br\/wp-content\/uploads\/2024\/07\/ws27.jpg\" \/>\n\t<meta property=\"og:image:width\" content=\"800\" \/>\n\t<meta property=\"og:image:height\" content=\"399\" \/>\n\t<meta property=\"og:image:type\" content=\"image\/jpeg\" \/>\n<meta name=\"author\" content=\"Robson Fraga\" \/>\n<meta name=\"twitter:card\" content=\"summary_large_image\" \/>\n<meta name=\"twitter:label1\" content=\"Escrito por\" \/>\n\t<meta name=\"twitter:data1\" content=\"Robson Fraga\" \/>\n\t<meta name=\"twitter:label2\" content=\"Est. tempo de leitura\" \/>\n\t<meta name=\"twitter:data2\" content=\"2 minutos\" \/>\n<script type=\"application\/ld+json\" class=\"yoast-schema-graph\">{\"@context\":\"https:\/\/schema.org\",\"@graph\":[{\"@type\":\"Article\",\"@id\":\"https:\/\/wilsonsantosmt.com.br\/index.php\/2024\/07\/09\/decisao-do-stf-nao-e-definitiva-sobre-a-pesca-afirma-wilson\/#article\",\"isPartOf\":{\"@id\":\"https:\/\/wilsonsantosmt.com.br\/index.php\/2024\/07\/09\/decisao-do-stf-nao-e-definitiva-sobre-a-pesca-afirma-wilson\/\"},\"author\":{\"name\":\"Robson Fraga\",\"@id\":\"https:\/\/wilsonsantosmt.com.br\/#\/schema\/person\/172bc900a40b7bde8c6264a26c97203a\"},\"headline\":\"&#8220;Decis\u00e3o do STF sobre a pesca em MT n\u00e3o \u00e9 definitiva&#8221;, afirma Wilson\",\"datePublished\":\"2024-07-09T18:41:53+00:00\",\"dateModified\":\"2024-07-09T18:42:32+00:00\",\"mainEntityOfPage\":{\"@id\":\"https:\/\/wilsonsantosmt.com.br\/index.php\/2024\/07\/09\/decisao-do-stf-nao-e-definitiva-sobre-a-pesca-afirma-wilson\/\"},\"wordCount\":282,\"publisher\":{\"@id\":\"https:\/\/wilsonsantosmt.com.br\/#\/schema\/person\/9de3c54961637a9eadb16bcbf895b1ef\"},\"keywords\":[\"transporte zero\"],\"articleSection\":[\"Not\u00edcias\"],\"inLanguage\":\"pt-BR\"},{\"@type\":\"WebPage\",\"@id\":\"https:\/\/wilsonsantosmt.com.br\/index.php\/2024\/07\/09\/decisao-do-stf-nao-e-definitiva-sobre-a-pesca-afirma-wilson\/\",\"url\":\"https:\/\/wilsonsantosmt.com.br\/index.php\/2024\/07\/09\/decisao-do-stf-nao-e-definitiva-sobre-a-pesca-afirma-wilson\/\",\"name\":\"\\\"Decis\u00e3o do STF sobre a pesca em MT n\u00e3o \u00e9 definitiva\\\", afirma Wilson - wilsonsantosmt.com.br\",\"isPartOf\":{\"@id\":\"https:\/\/wilsonsantosmt.com.br\/#website\"},\"datePublished\":\"2024-07-09T18:41:53+00:00\",\"dateModified\":\"2024-07-09T18:42:32+00:00\",\"breadcrumb\":{\"@id\":\"https:\/\/wilsonsantosmt.com.br\/index.php\/2024\/07\/09\/decisao-do-stf-nao-e-definitiva-sobre-a-pesca-afirma-wilson\/#breadcrumb\"},\"inLanguage\":\"pt-BR\",\"potentialAction\":[{\"@type\":\"ReadAction\",\"target\":[\"https:\/\/wilsonsantosmt.com.br\/index.php\/2024\/07\/09\/decisao-do-stf-nao-e-definitiva-sobre-a-pesca-afirma-wilson\/\"]}]},{\"@type\":\"BreadcrumbList\",\"@id\":\"https:\/\/wilsonsantosmt.com.br\/index.php\/2024\/07\/09\/decisao-do-stf-nao-e-definitiva-sobre-a-pesca-afirma-wilson\/#breadcrumb\",\"itemListElement\":[{\"@type\":\"ListItem\",\"position\":1,\"name\":\"In\u00edcio\",\"item\":\"https:\/\/wilsonsantosmt.com.br\/\"},{\"@type\":\"ListItem\",\"position\":2,\"name\":\"Not\u00edcias\",\"item\":\"https:\/\/wilsonsantosmt.com.br\/index.php\/category\/noticias\/\"},{\"@type\":\"ListItem\",\"position\":3,\"name\":\"&#8220;Decis\u00e3o do STF sobre a pesca em MT n\u00e3o \u00e9 definitiva&#8221;, afirma Wilson\"}]},{\"@type\":\"WebSite\",\"@id\":\"https:\/\/wilsonsantosmt.com.br\/#website\",\"url\":\"https:\/\/wilsonsantosmt.com.br\/\",\"name\":\"wilsonsantosmt.com.br\",\"description\":\"\",\"publisher\":{\"@id\":\"https:\/\/wilsonsantosmt.com.br\/#\/schema\/person\/9de3c54961637a9eadb16bcbf895b1ef\"},\"potentialAction\":[{\"@type\":\"SearchAction\",\"target\":{\"@type\":\"EntryPoint\",\"urlTemplate\":\"https:\/\/wilsonsantosmt.com.br\/?s={search_term_string}\"},\"query-input\":\"required name=search_term_string\"}],\"inLanguage\":\"pt-BR\"},{\"@type\":[\"Person\",\"Organization\"],\"@id\":\"https:\/\/wilsonsantosmt.com.br\/#\/schema\/person\/9de3c54961637a9eadb16bcbf895b1ef\",\"name\":\"Wilson Santos\",\"image\":{\"@type\":\"ImageObject\",\"inLanguage\":\"pt-BR\",\"@id\":\"https:\/\/wilsonsantosmt.com.br\/#\/schema\/person\/image\/\",\"url\":\"https:\/\/wilsonsantosmt.com.br\/wp-content\/uploads\/2023\/11\/310828673_653254583023360_8795459643194608438_n.jpg\",\"contentUrl\":\"https:\/\/wilsonsantosmt.com.br\/wp-content\/uploads\/2023\/11\/310828673_653254583023360_8795459643194608438_n.jpg\",\"width\":1078,\"height\":1079,\"caption\":\"Wilson Santos\"},\"logo\":{\"@id\":\"https:\/\/wilsonsantosmt.com.br\/#\/schema\/person\/image\/\"},\"sameAs\":[\"http:\/\/wilsonsantosmt.com.br\",\"https:\/\/www.facebook.com\/WilsonSantosMT\/\",\"https:\/\/www.instagram.com\/wilsonsantosmt\/\",\"https:\/\/www.youtube.com\/@WilsonSantosWS\/videos\",\"https:\/\/pt.wikipedia.org\/wiki\/Wilson_Santos\"],\"honorificPrefix\":\"Sr\",\"gender\":\"masculino\",\"jobTitle\":\"Deputado Estadual\",\"worksFor\":\"Assembleia Legislativa de Mato Grosso\"},{\"@type\":\"Person\",\"@id\":\"https:\/\/wilsonsantosmt.com.br\/#\/schema\/person\/172bc900a40b7bde8c6264a26c97203a\",\"name\":\"Robson Fraga\",\"image\":{\"@type\":\"ImageObject\",\"inLanguage\":\"pt-BR\",\"@id\":\"https:\/\/wilsonsantosmt.com.br\/#\/schema\/person\/image\/\",\"url\":\"https:\/\/secure.gravatar.com\/avatar\/e558185907f79d82ad2ba4b0f568c859?s=96&d=mm&r=g\",\"contentUrl\":\"https:\/\/secure.gravatar.com\/avatar\/e558185907f79d82ad2ba4b0f568c859?s=96&d=mm&r=g\",\"caption\":\"Robson Fraga\"},\"url\":\"https:\/\/wilsonsantosmt.com.br\/index.php\/author\/robsonfraga\/\"}]}<\/script>\n<!-- \/ Yoast SEO Premium plugin. -->","yoast_head_json":{"title":"\"Decis\u00e3o do STF sobre a pesca em MT n\u00e3o \u00e9 definitiva\", afirma Wilson - wilsonsantosmt.com.br","robots":{"index":"index","follow":"follow","max-snippet":"max-snippet:-1","max-image-preview":"max-image-preview:large","max-video-preview":"max-video-preview:-1"},"canonical":"https:\/\/wilsonsantosmt.com.br\/index.php\/2024\/07\/09\/decisao-do-stf-nao-e-definitiva-sobre-a-pesca-afirma-wilson\/","og_locale":"pt_BR","og_type":"article","og_title":"\"Decis\u00e3o do STF sobre a pesca em MT n\u00e3o \u00e9 definitiva\", afirma Wilson","og_description":"Relat\u00f3rio do ministro Andre Mendon\u00e7a ainda vai a plen\u00e1rio","og_url":"https:\/\/wilsonsantosmt.com.br\/index.php\/2024\/07\/09\/decisao-do-stf-nao-e-definitiva-sobre-a-pesca-afirma-wilson\/","og_site_name":"wilsonsantosmt.com.br","article_publisher":"https:\/\/www.facebook.com\/WilsonSantosMT\/","article_published_time":"2024-07-09T18:41:53+00:00","article_modified_time":"2024-07-09T18:42:32+00:00","og_image":[{"width":800,"height":399,"url":"http:\/\/wilsonsantosmt.com.br\/wp-content\/uploads\/2024\/07\/ws27.jpg","type":"image\/jpeg"}],"author":"Robson Fraga","twitter_card":"summary_large_image","twitter_misc":{"Escrito por":"Robson Fraga","Est. tempo de leitura":"2 minutos"},"schema":{"@context":"https:\/\/schema.org","@graph":[{"@type":"Article","@id":"https:\/\/wilsonsantosmt.com.br\/index.php\/2024\/07\/09\/decisao-do-stf-nao-e-definitiva-sobre-a-pesca-afirma-wilson\/#article","isPartOf":{"@id":"https:\/\/wilsonsantosmt.com.br\/index.php\/2024\/07\/09\/decisao-do-stf-nao-e-definitiva-sobre-a-pesca-afirma-wilson\/"},"author":{"name":"Robson Fraga","@id":"https:\/\/wilsonsantosmt.com.br\/#\/schema\/person\/172bc900a40b7bde8c6264a26c97203a"},"headline":"&#8220;Decis\u00e3o do STF sobre a pesca em MT n\u00e3o \u00e9 definitiva&#8221;, afirma Wilson","datePublished":"2024-07-09T18:41:53+00:00","dateModified":"2024-07-09T18:42:32+00:00","mainEntityOfPage":{"@id":"https:\/\/wilsonsantosmt.com.br\/index.php\/2024\/07\/09\/decisao-do-stf-nao-e-definitiva-sobre-a-pesca-afirma-wilson\/"},"wordCount":282,"publisher":{"@id":"https:\/\/wilsonsantosmt.com.br\/#\/schema\/person\/9de3c54961637a9eadb16bcbf895b1ef"},"keywords":["transporte zero"],"articleSection":["Not\u00edcias"],"inLanguage":"pt-BR"},{"@type":"WebPage","@id":"https:\/\/wilsonsantosmt.com.br\/index.php\/2024\/07\/09\/decisao-do-stf-nao-e-definitiva-sobre-a-pesca-afirma-wilson\/","url":"https:\/\/wilsonsantosmt.com.br\/index.php\/2024\/07\/09\/decisao-do-stf-nao-e-definitiva-sobre-a-pesca-afirma-wilson\/","name":"\"Decis\u00e3o do STF sobre a pesca em MT n\u00e3o \u00e9 definitiva\", afirma Wilson - wilsonsantosmt.com.br","isPartOf":{"@id":"https:\/\/wilsonsantosmt.com.br\/#website"},"datePublished":"2024-07-09T18:41:53+00:00","dateModified":"2024-07-09T18:42:32+00:00","breadcrumb":{"@id":"https:\/\/wilsonsantosmt.com.br\/index.php\/2024\/07\/09\/decisao-do-stf-nao-e-definitiva-sobre-a-pesca-afirma-wilson\/#breadcrumb"},"inLanguage":"pt-BR","potentialAction":[{"@type":"ReadAction","target":["https:\/\/wilsonsantosmt.com.br\/index.php\/2024\/07\/09\/decisao-do-stf-nao-e-definitiva-sobre-a-pesca-afirma-wilson\/"]}]},{"@type":"BreadcrumbList","@id":"https:\/\/wilsonsantosmt.com.br\/index.php\/2024\/07\/09\/decisao-do-stf-nao-e-definitiva-sobre-a-pesca-afirma-wilson\/#breadcrumb","itemListElement":[{"@type":"ListItem","position":1,"name":"In\u00edcio","item":"https:\/\/wilsonsantosmt.com.br\/"},{"@type":"ListItem","position":2,"name":"Not\u00edcias","item":"https:\/\/wilsonsantosmt.com.br\/index.php\/category\/noticias\/"},{"@type":"ListItem","position":3,"name":"&#8220;Decis\u00e3o do STF sobre a pesca em MT n\u00e3o \u00e9 definitiva&#8221;, afirma Wilson"}]},{"@type":"WebSite","@id":"https:\/\/wilsonsantosmt.com.br\/#website","url":"https:\/\/wilsonsantosmt.com.br\/","name":"wilsonsantosmt.com.br","description":"","publisher":{"@id":"https:\/\/wilsonsantosmt.com.br\/#\/schema\/person\/9de3c54961637a9eadb16bcbf895b1ef"},"potentialAction":[{"@type":"SearchAction","target":{"@type":"EntryPoint","urlTemplate":"https:\/\/wilsonsantosmt.com.br\/?s={search_term_string}"},"query-input":"required name=search_term_string"}],"inLanguage":"pt-BR"},{"@type":["Person","Organization"],"@id":"https:\/\/wilsonsantosmt.com.br\/#\/schema\/person\/9de3c54961637a9eadb16bcbf895b1ef","name":"Wilson Santos","image":{"@type":"ImageObject","inLanguage":"pt-BR","@id":"https:\/\/wilsonsantosmt.com.br\/#\/schema\/person\/image\/","url":"https:\/\/wilsonsantosmt.com.br\/wp-content\/uploads\/2023\/11\/310828673_653254583023360_8795459643194608438_n.jpg","contentUrl":"https:\/\/wilsonsantosmt.com.br\/wp-content\/uploads\/2023\/11\/310828673_653254583023360_8795459643194608438_n.jpg","width":1078,"height":1079,"caption":"Wilson Santos"},"logo":{"@id":"https:\/\/wilsonsantosmt.com.br\/#\/schema\/person\/image\/"},"sameAs":["http:\/\/wilsonsantosmt.com.br","https:\/\/www.facebook.com\/WilsonSantosMT\/","https:\/\/www.instagram.com\/wilsonsantosmt\/","https:\/\/www.youtube.com\/@WilsonSantosWS\/videos","https:\/\/pt.wikipedia.org\/wiki\/Wilson_Santos"],"honorificPrefix":"Sr","gender":"masculino","jobTitle":"Deputado Estadual","worksFor":"Assembleia Legislativa de Mato Grosso"},{"@type":"Person","@id":"https:\/\/wilsonsantosmt.com.br\/#\/schema\/person\/172bc900a40b7bde8c6264a26c97203a","name":"Robson Fraga","image":{"@type":"ImageObject","inLanguage":"pt-BR","@id":"https:\/\/wilsonsantosmt.com.br\/#\/schema\/person\/image\/","url":"https:\/\/secure.gravatar.com\/avatar\/e558185907f79d82ad2ba4b0f568c859?s=96&d=mm&r=g","contentUrl":"https:\/\/secure.gravatar.com\/avatar\/e558185907f79d82ad2ba4b0f568c859?s=96&d=mm&r=g","caption":"Robson Fraga"},"url":"https:\/\/wilsonsantosmt.com.br\/index.php\/author\/robsonfraga\/"}]}},"_links":{"self":[{"href":"https:\/\/wilsonsantosmt.com.br\/index.php\/wp-json\/wp\/v2\/posts\/1280"}],"collection":[{"href":"https:\/\/wilsonsantosmt.com.br\/index.php\/wp-json\/wp\/v2\/posts"}],"about":[{"href":"https:\/\/wilsonsantosmt.com.br\/index.php\/wp-json\/wp\/v2\/types\/post"}],"author":[{"embeddable":true,"href":"https:\/\/wilsonsantosmt.com.br\/index.php\/wp-json\/wp\/v2\/users\/3"}],"replies":[{"embeddable":true,"href":"https:\/\/wilsonsantosmt.com.br\/index.php\/wp-json\/wp\/v2\/comments?post=1280"}],"version-history":[{"count":2,"href":"https:\/\/wilsonsantosmt.com.br\/index.php\/wp-json\/wp\/v2\/posts\/1280\/revisions"}],"predecessor-version":[{"id":1283,"href":"https:\/\/wilsonsantosmt.com.br\/index.php\/wp-json\/wp\/v2\/posts\/1280\/revisions\/1283"}],"wp:featuredmedia":[{"embeddable":true,"href":"https:\/\/wilsonsantosmt.com.br\/index.php\/wp-json\/wp\/v2\/media\/1281"}],"wp:attachment":[{"href":"https:\/\/wilsonsantosmt.com.br\/index.php\/wp-json\/wp\/v2\/media?parent=1280"}],"wp:term":[{"taxonomy":"category","embeddable":true,"href":"https:\/\/wilsonsantosmt.com.br\/index.php\/wp-json\/wp\/v2\/categories?post=1280"},{"taxonomy":"post_tag","embeddable":true,"href":"https:\/\/wilsonsantosmt.com.br\/index.php\/wp-json\/wp\/v2\/tags?post=1280"}],"curies":[{"name":"wp","href":"https:\/\/api.w.org\/{rel}","templated":true}]}}