{"id":1356,"date":"2025-03-16T12:54:00","date_gmt":"2025-03-16T16:54:00","guid":{"rendered":"https:\/\/wilsonsantosmt.com.br\/?p=1356"},"modified":"2025-03-20T12:55:11","modified_gmt":"2025-03-20T16:55:11","slug":"wilson-santos-defende-a-ampliacao-da-ferrovia-de-integracao-em-mt","status":"publish","type":"post","link":"https:\/\/wilsonsantosmt.com.br\/index.php\/2025\/03\/16\/wilson-santos-defende-a-ampliacao-da-ferrovia-de-integracao-em-mt\/","title":{"rendered":"Wilson Santos defende a amplia\u00e7\u00e3o da ferrovia de integra\u00e7\u00e3o em MT"},"content":{"rendered":"\n<p><\/p>\n\n\n\n<p>O deputado estadual Wilson Santos (PSD) acompanhou, na \u00faltima sexta-feira (14), em Cuiab\u00e1, audi\u00eancia p\u00fablica com representantes da Ag\u00eancia Nacional de Transportes Terrestres (ANTT) sobre o projeto de concess\u00e3o das Ferrovias de Integra\u00e7\u00e3o Centro-Oeste (FICO) e de Integra\u00e7\u00e3o Oeste-Leste (FIOL). O encontro teve como objetivo levantar informa\u00e7\u00f5es e sugest\u00f5es de forma participativa para contribuir com o plano ferrovi\u00e1rio e, assim, adequar o projeto para an\u00e1lise do Tribunal de Contas da Uni\u00e3o (TCU) e a elabora\u00e7\u00e3o de edital para leil\u00e3o previsto para o in\u00edcio de 2026.<\/p>\n\n\n\n<p>\u201cMuito importante essa audi\u00eancia p\u00fablica, que d\u00e1 legalidade a todo esse processo de concess\u00e3o para explora\u00e7\u00e3o dos servi\u00e7os de transporte ferrovi\u00e1rio. Mato Grosso est\u00e1 na rota do plano ferrovi\u00e1rio desde o s\u00e9culo XIX, desde Dom Pedro II. Vivemos 200 anos isolados, esperando a ferrovia chegar a Cuiab\u00e1 e, agora, podemos falar de v\u00e1rias ferrovias, como essas que s\u00e3o concess\u00f5es da Vale e outra da Rumo Log\u00edstica. Agora \u00e9 um novo tempo e um novo momento. Precisamos acompanhar o cronograma f\u00edsico deste projeto, entender os atrasos e avan\u00e7os, especialmente no trecho entre \u00c1gua Boa e Lucas do Rio Verde, que pertencem ao nosso estado de Mato Grosso\u201d, afirmou o parlamentar.<\/p>\n\n\n\n<p>O superintendente de Concess\u00e3o de Infraestrutura da ANTT, Marcelo Fonseca, explicou que as audi\u00eancias p\u00fablicas t\u00eam o objetivo de ouvir a sociedade para que a concession\u00e1ria tome as melhores decis\u00f5es. Em rela\u00e7\u00e3o ao processo construtivo do trecho entre Mara Rosa (GO) e \u00c1gua Boa, ele destacou que a obra j\u00e1 est\u00e1 em fase inicial. J\u00e1 a extens\u00e3o do projeto at\u00e9 Lucas do Rio Verde ainda depende de um estudo de viabilidade. \u201cA viabilidade da extens\u00e3o do projeto para Lucas do Rio Verde precisa ser analisada em rela\u00e7\u00e3o ao investimento. Acredito que, em 10 anos, podemos ter essa expectativa futura para a implanta\u00e7\u00e3o e amplia\u00e7\u00e3o deste empreendimento. Quando chegamos em Lucas do Rio Verde, chegamos ao cora\u00e7\u00e3o da produ\u00e7\u00e3o do Estado. Por isso, esse trecho tende a ter uma influ\u00eancia maior e depender\u00e1 da evolu\u00e7\u00e3o da produ\u00e7\u00e3o do Estado\u201d, explicou.<\/p>\n\n\n\n<p>Wilson Santos defende que, al\u00e9m dos 384 km j\u00e1 garantidos at\u00e9 \u00c1gua Boa, as obras sejam ampliadas at\u00e9 Lucas do Rio Verde e Vilhena (RO). \u201cMinha preocupa\u00e7\u00e3o \u00e9 a continuidade dessa obra a partir de \u00c1gua Boa, cujo financiamento est\u00e1 garantido por meio da renova\u00e7\u00e3o de concess\u00e3o que o Governo Federal fez em favor da Vale. Nosso interesse \u00e9 que essa obra tenha continuidade, que seja inclu\u00edda no Plano Plurianual do Governo Federal e, tamb\u00e9m, nas pr\u00f3ximas leis de diretrizes or\u00e7ament\u00e1rias. O mais importante \u00e9 garantir os recursos. Essa \u00e9 uma obra estrat\u00e9gica para o desenvolvimento n\u00e3o s\u00f3 de Mato Grosso, mas de toda a regi\u00e3o Centro-Oeste e de outros estados\u201d, destacou.<\/p>\n\n\n\n<p>Al\u00e9m de Cuiab\u00e1, a audi\u00eancia p\u00fablica sobre o corredor ferrovi\u00e1rio leste-oeste tamb\u00e9m ocorreu, na mesma semana, em Salvador (BA) e Bras\u00edlia (DF). Durante os encontros, foram debatidos os projetos de engenharia, os investimentos estimados em R$ 28,7 bilh\u00f5es, o prazo de concess\u00e3o de 35 anos, a gera\u00e7\u00e3o de empregos diretos e indiretos, estudos socioambientais, o modelo regulat\u00f3rio, al\u00e9m do edital e do contrato.<\/p>\n","protected":false},"excerpt":{"rendered":"<p>O deputado estadual Wilson Santos (PSD) acompanhou, na \u00faltima sexta-feira (14), em Cuiab\u00e1, audi\u00eancia p\u00fablica com representantes da Ag\u00eancia Nacional de Transportes Terrestres (ANTT) sobre o projeto de concess\u00e3o das Ferrovias de Integra\u00e7\u00e3o Centro-Oeste (FICO) e de Integra\u00e7\u00e3o Oeste-Leste (FIOL). O encontro teve como objetivo levantar informa\u00e7\u00f5es e sugest\u00f5es de forma participativa para contribuir com [&hellip;]<\/p>\n","protected":false},"author":4,"featured_media":1357,"comment_status":"closed","ping_status":"open","sticky":false,"template":"","format":"standard","meta":{"footnotes":""},"categories":[13],"tags":[],"yoast_head":"<!-- This site is optimized with the Yoast SEO Premium plugin v21.5 (Yoast SEO v21.4) - https:\/\/yoast.com\/wordpress\/plugins\/seo\/ -->\n<title>Wilson Santos defende a amplia\u00e7\u00e3o da ferrovia de integra\u00e7\u00e3o em MT - wilsonsantosmt.com.br<\/title>\n<meta name=\"robots\" content=\"index, follow, max-snippet:-1, max-image-preview:large, max-video-preview:-1\" \/>\n<link rel=\"canonical\" href=\"https:\/\/wilsonsantosmt.com.br\/index.php\/2025\/03\/16\/wilson-santos-defende-a-ampliacao-da-ferrovia-de-integracao-em-mt\/\" \/>\n<meta property=\"og:locale\" content=\"pt_BR\" \/>\n<meta property=\"og:type\" content=\"article\" \/>\n<meta property=\"og:title\" content=\"Wilson Santos defende a amplia\u00e7\u00e3o da ferrovia de integra\u00e7\u00e3o em MT\" \/>\n<meta property=\"og:description\" content=\"O deputado estadual Wilson Santos (PSD) acompanhou, na \u00faltima sexta-feira (14), em Cuiab\u00e1, audi\u00eancia p\u00fablica com representantes da Ag\u00eancia Nacional de Transportes Terrestres (ANTT) sobre o projeto de concess\u00e3o das Ferrovias de Integra\u00e7\u00e3o Centro-Oeste (FICO) e de Integra\u00e7\u00e3o Oeste-Leste (FIOL). O encontro teve como objetivo levantar informa\u00e7\u00f5es e sugest\u00f5es de forma participativa para contribuir com [&hellip;]\" \/>\n<meta property=\"og:url\" content=\"https:\/\/wilsonsantosmt.com.br\/index.php\/2025\/03\/16\/wilson-santos-defende-a-ampliacao-da-ferrovia-de-integracao-em-mt\/\" \/>\n<meta property=\"og:site_name\" content=\"wilsonsantosmt.com.br\" \/>\n<meta property=\"article:publisher\" content=\"https:\/\/www.facebook.com\/WilsonSantosMT\/\" \/>\n<meta property=\"article:published_time\" content=\"2025-03-16T16:54:00+00:00\" \/>\n<meta property=\"article:modified_time\" content=\"2025-03-20T16:55:11+00:00\" \/>\n<meta property=\"og:image\" content=\"http:\/\/wilsonsantosmt.com.br\/wp-content\/uploads\/2025\/03\/WhatsApp-Image-2025-03-17-at-11.52.00.jpeg\" \/>\n\t<meta property=\"og:image:width\" content=\"1600\" \/>\n\t<meta property=\"og:image:height\" content=\"1067\" \/>\n\t<meta property=\"og:image:type\" content=\"image\/jpeg\" \/>\n<meta name=\"author\" content=\"Samantha dos Anjos\" \/>\n<meta name=\"twitter:card\" content=\"summary_large_image\" \/>\n<meta name=\"twitter:label1\" content=\"Escrito por\" \/>\n\t<meta name=\"twitter:data1\" content=\"Samantha dos Anjos\" \/>\n\t<meta name=\"twitter:label2\" content=\"Est. tempo de leitura\" \/>\n\t<meta name=\"twitter:data2\" content=\"3 minutos\" \/>\n<script type=\"application\/ld+json\" class=\"yoast-schema-graph\">{\"@context\":\"https:\/\/schema.org\",\"@graph\":[{\"@type\":\"Article\",\"@id\":\"https:\/\/wilsonsantosmt.com.br\/index.php\/2025\/03\/16\/wilson-santos-defende-a-ampliacao-da-ferrovia-de-integracao-em-mt\/#article\",\"isPartOf\":{\"@id\":\"https:\/\/wilsonsantosmt.com.br\/index.php\/2025\/03\/16\/wilson-santos-defende-a-ampliacao-da-ferrovia-de-integracao-em-mt\/\"},\"author\":{\"name\":\"Samantha dos Anjos\",\"@id\":\"https:\/\/wilsonsantosmt.com.br\/#\/schema\/person\/1d097ee45f526dd0455dbad8c679932c\"},\"headline\":\"Wilson Santos defende a amplia\u00e7\u00e3o da ferrovia de integra\u00e7\u00e3o em MT\",\"datePublished\":\"2025-03-16T16:54:00+00:00\",\"dateModified\":\"2025-03-20T16:55:11+00:00\",\"mainEntityOfPage\":{\"@id\":\"https:\/\/wilsonsantosmt.com.br\/index.php\/2025\/03\/16\/wilson-santos-defende-a-ampliacao-da-ferrovia-de-integracao-em-mt\/\"},\"wordCount\":577,\"publisher\":{\"@id\":\"https:\/\/wilsonsantosmt.com.br\/#\/schema\/person\/9de3c54961637a9eadb16bcbf895b1ef\"},\"articleSection\":[\"Not\u00edcias\"],\"inLanguage\":\"pt-BR\"},{\"@type\":\"WebPage\",\"@id\":\"https:\/\/wilsonsantosmt.com.br\/index.php\/2025\/03\/16\/wilson-santos-defende-a-ampliacao-da-ferrovia-de-integracao-em-mt\/\",\"url\":\"https:\/\/wilsonsantosmt.com.br\/index.php\/2025\/03\/16\/wilson-santos-defende-a-ampliacao-da-ferrovia-de-integracao-em-mt\/\",\"name\":\"Wilson Santos defende a amplia\u00e7\u00e3o da ferrovia de integra\u00e7\u00e3o em MT - wilsonsantosmt.com.br\",\"isPartOf\":{\"@id\":\"https:\/\/wilsonsantosmt.com.br\/#website\"},\"datePublished\":\"2025-03-16T16:54:00+00:00\",\"dateModified\":\"2025-03-20T16:55:11+00:00\",\"breadcrumb\":{\"@id\":\"https:\/\/wilsonsantosmt.com.br\/index.php\/2025\/03\/16\/wilson-santos-defende-a-ampliacao-da-ferrovia-de-integracao-em-mt\/#breadcrumb\"},\"inLanguage\":\"pt-BR\",\"potentialAction\":[{\"@type\":\"ReadAction\",\"target\":[\"https:\/\/wilsonsantosmt.com.br\/index.php\/2025\/03\/16\/wilson-santos-defende-a-ampliacao-da-ferrovia-de-integracao-em-mt\/\"]}]},{\"@type\":\"BreadcrumbList\",\"@id\":\"https:\/\/wilsonsantosmt.com.br\/index.php\/2025\/03\/16\/wilson-santos-defende-a-ampliacao-da-ferrovia-de-integracao-em-mt\/#breadcrumb\",\"itemListElement\":[{\"@type\":\"ListItem\",\"position\":1,\"name\":\"In\u00edcio\",\"item\":\"https:\/\/wilsonsantosmt.com.br\/\"},{\"@type\":\"ListItem\",\"position\":2,\"name\":\"Not\u00edcias\",\"item\":\"https:\/\/wilsonsantosmt.com.br\/index.php\/category\/noticias\/\"},{\"@type\":\"ListItem\",\"position\":3,\"name\":\"Wilson Santos defende a amplia\u00e7\u00e3o da ferrovia de integra\u00e7\u00e3o em MT\"}]},{\"@type\":\"WebSite\",\"@id\":\"https:\/\/wilsonsantosmt.com.br\/#website\",\"url\":\"https:\/\/wilsonsantosmt.com.br\/\",\"name\":\"wilsonsantosmt.com.br\",\"description\":\"\",\"publisher\":{\"@id\":\"https:\/\/wilsonsantosmt.com.br\/#\/schema\/person\/9de3c54961637a9eadb16bcbf895b1ef\"},\"potentialAction\":[{\"@type\":\"SearchAction\",\"target\":{\"@type\":\"EntryPoint\",\"urlTemplate\":\"https:\/\/wilsonsantosmt.com.br\/?s={search_term_string}\"},\"query-input\":\"required name=search_term_string\"}],\"inLanguage\":\"pt-BR\"},{\"@type\":[\"Person\",\"Organization\"],\"@id\":\"https:\/\/wilsonsantosmt.com.br\/#\/schema\/person\/9de3c54961637a9eadb16bcbf895b1ef\",\"name\":\"Wilson Santos\",\"image\":{\"@type\":\"ImageObject\",\"inLanguage\":\"pt-BR\",\"@id\":\"https:\/\/wilsonsantosmt.com.br\/#\/schema\/person\/image\/\",\"url\":\"https:\/\/wilsonsantosmt.com.br\/wp-content\/uploads\/2023\/11\/310828673_653254583023360_8795459643194608438_n.jpg\",\"contentUrl\":\"https:\/\/wilsonsantosmt.com.br\/wp-content\/uploads\/2023\/11\/310828673_653254583023360_8795459643194608438_n.jpg\",\"width\":1078,\"height\":1079,\"caption\":\"Wilson Santos\"},\"logo\":{\"@id\":\"https:\/\/wilsonsantosmt.com.br\/#\/schema\/person\/image\/\"},\"sameAs\":[\"http:\/\/wilsonsantosmt.com.br\",\"https:\/\/www.facebook.com\/WilsonSantosMT\/\",\"https:\/\/www.instagram.com\/wilsonsantosmt\/\",\"https:\/\/www.youtube.com\/@WilsonSantosWS\/videos\",\"https:\/\/pt.wikipedia.org\/wiki\/Wilson_Santos\"],\"honorificPrefix\":\"Sr\",\"gender\":\"masculino\",\"jobTitle\":\"Deputado Estadual\",\"worksFor\":\"Assembleia Legislativa de Mato Grosso\"},{\"@type\":\"Person\",\"@id\":\"https:\/\/wilsonsantosmt.com.br\/#\/schema\/person\/1d097ee45f526dd0455dbad8c679932c\",\"name\":\"Samantha dos Anjos\",\"image\":{\"@type\":\"ImageObject\",\"inLanguage\":\"pt-BR\",\"@id\":\"https:\/\/wilsonsantosmt.com.br\/#\/schema\/person\/image\/\",\"url\":\"https:\/\/secure.gravatar.com\/avatar\/7d8d0b6dd67d134a9fa841bee90c57c7?s=96&d=mm&r=g\",\"contentUrl\":\"https:\/\/secure.gravatar.com\/avatar\/7d8d0b6dd67d134a9fa841bee90c57c7?s=96&d=mm&r=g\",\"caption\":\"Samantha dos Anjos\"},\"url\":\"https:\/\/wilsonsantosmt.com.br\/index.php\/author\/samantha-dos-anjos\/\"}]}<\/script>\n<!-- \/ Yoast SEO Premium plugin. -->","yoast_head_json":{"title":"Wilson Santos defende a amplia\u00e7\u00e3o da ferrovia de integra\u00e7\u00e3o em MT - wilsonsantosmt.com.br","robots":{"index":"index","follow":"follow","max-snippet":"max-snippet:-1","max-image-preview":"max-image-preview:large","max-video-preview":"max-video-preview:-1"},"canonical":"https:\/\/wilsonsantosmt.com.br\/index.php\/2025\/03\/16\/wilson-santos-defende-a-ampliacao-da-ferrovia-de-integracao-em-mt\/","og_locale":"pt_BR","og_type":"article","og_title":"Wilson Santos defende a amplia\u00e7\u00e3o da ferrovia de integra\u00e7\u00e3o em MT","og_description":"O deputado estadual Wilson Santos (PSD) acompanhou, na \u00faltima sexta-feira (14), em Cuiab\u00e1, audi\u00eancia p\u00fablica com representantes da Ag\u00eancia Nacional de Transportes Terrestres (ANTT) sobre o projeto de concess\u00e3o das Ferrovias de Integra\u00e7\u00e3o Centro-Oeste (FICO) e de Integra\u00e7\u00e3o Oeste-Leste (FIOL). O encontro teve como objetivo levantar informa\u00e7\u00f5es e sugest\u00f5es de forma participativa para contribuir com [&hellip;]","og_url":"https:\/\/wilsonsantosmt.com.br\/index.php\/2025\/03\/16\/wilson-santos-defende-a-ampliacao-da-ferrovia-de-integracao-em-mt\/","og_site_name":"wilsonsantosmt.com.br","article_publisher":"https:\/\/www.facebook.com\/WilsonSantosMT\/","article_published_time":"2025-03-16T16:54:00+00:00","article_modified_time":"2025-03-20T16:55:11+00:00","og_image":[{"width":1600,"height":1067,"url":"http:\/\/wilsonsantosmt.com.br\/wp-content\/uploads\/2025\/03\/WhatsApp-Image-2025-03-17-at-11.52.00.jpeg","type":"image\/jpeg"}],"author":"Samantha dos Anjos","twitter_card":"summary_large_image","twitter_misc":{"Escrito por":"Samantha dos Anjos","Est. tempo de leitura":"3 minutos"},"schema":{"@context":"https:\/\/schema.org","@graph":[{"@type":"Article","@id":"https:\/\/wilsonsantosmt.com.br\/index.php\/2025\/03\/16\/wilson-santos-defende-a-ampliacao-da-ferrovia-de-integracao-em-mt\/#article","isPartOf":{"@id":"https:\/\/wilsonsantosmt.com.br\/index.php\/2025\/03\/16\/wilson-santos-defende-a-ampliacao-da-ferrovia-de-integracao-em-mt\/"},"author":{"name":"Samantha dos Anjos","@id":"https:\/\/wilsonsantosmt.com.br\/#\/schema\/person\/1d097ee45f526dd0455dbad8c679932c"},"headline":"Wilson Santos defende a amplia\u00e7\u00e3o da ferrovia de integra\u00e7\u00e3o em MT","datePublished":"2025-03-16T16:54:00+00:00","dateModified":"2025-03-20T16:55:11+00:00","mainEntityOfPage":{"@id":"https:\/\/wilsonsantosmt.com.br\/index.php\/2025\/03\/16\/wilson-santos-defende-a-ampliacao-da-ferrovia-de-integracao-em-mt\/"},"wordCount":577,"publisher":{"@id":"https:\/\/wilsonsantosmt.com.br\/#\/schema\/person\/9de3c54961637a9eadb16bcbf895b1ef"},"articleSection":["Not\u00edcias"],"inLanguage":"pt-BR"},{"@type":"WebPage","@id":"https:\/\/wilsonsantosmt.com.br\/index.php\/2025\/03\/16\/wilson-santos-defende-a-ampliacao-da-ferrovia-de-integracao-em-mt\/","url":"https:\/\/wilsonsantosmt.com.br\/index.php\/2025\/03\/16\/wilson-santos-defende-a-ampliacao-da-ferrovia-de-integracao-em-mt\/","name":"Wilson Santos defende a amplia\u00e7\u00e3o da ferrovia de integra\u00e7\u00e3o em MT - wilsonsantosmt.com.br","isPartOf":{"@id":"https:\/\/wilsonsantosmt.com.br\/#website"},"datePublished":"2025-03-16T16:54:00+00:00","dateModified":"2025-03-20T16:55:11+00:00","breadcrumb":{"@id":"https:\/\/wilsonsantosmt.com.br\/index.php\/2025\/03\/16\/wilson-santos-defende-a-ampliacao-da-ferrovia-de-integracao-em-mt\/#breadcrumb"},"inLanguage":"pt-BR","potentialAction":[{"@type":"ReadAction","target":["https:\/\/wilsonsantosmt.com.br\/index.php\/2025\/03\/16\/wilson-santos-defende-a-ampliacao-da-ferrovia-de-integracao-em-mt\/"]}]},{"@type":"BreadcrumbList","@id":"https:\/\/wilsonsantosmt.com.br\/index.php\/2025\/03\/16\/wilson-santos-defende-a-ampliacao-da-ferrovia-de-integracao-em-mt\/#breadcrumb","itemListElement":[{"@type":"ListItem","position":1,"name":"In\u00edcio","item":"https:\/\/wilsonsantosmt.com.br\/"},{"@type":"ListItem","position":2,"name":"Not\u00edcias","item":"https:\/\/wilsonsantosmt.com.br\/index.php\/category\/noticias\/"},{"@type":"ListItem","position":3,"name":"Wilson Santos defende a amplia\u00e7\u00e3o da ferrovia de integra\u00e7\u00e3o em MT"}]},{"@type":"WebSite","@id":"https:\/\/wilsonsantosmt.com.br\/#website","url":"https:\/\/wilsonsantosmt.com.br\/","name":"wilsonsantosmt.com.br","description":"","publisher":{"@id":"https:\/\/wilsonsantosmt.com.br\/#\/schema\/person\/9de3c54961637a9eadb16bcbf895b1ef"},"potentialAction":[{"@type":"SearchAction","target":{"@type":"EntryPoint","urlTemplate":"https:\/\/wilsonsantosmt.com.br\/?s={search_term_string}"},"query-input":"required name=search_term_string"}],"inLanguage":"pt-BR"},{"@type":["Person","Organization"],"@id":"https:\/\/wilsonsantosmt.com.br\/#\/schema\/person\/9de3c54961637a9eadb16bcbf895b1ef","name":"Wilson Santos","image":{"@type":"ImageObject","inLanguage":"pt-BR","@id":"https:\/\/wilsonsantosmt.com.br\/#\/schema\/person\/image\/","url":"https:\/\/wilsonsantosmt.com.br\/wp-content\/uploads\/2023\/11\/310828673_653254583023360_8795459643194608438_n.jpg","contentUrl":"https:\/\/wilsonsantosmt.com.br\/wp-content\/uploads\/2023\/11\/310828673_653254583023360_8795459643194608438_n.jpg","width":1078,"height":1079,"caption":"Wilson Santos"},"logo":{"@id":"https:\/\/wilsonsantosmt.com.br\/#\/schema\/person\/image\/"},"sameAs":["http:\/\/wilsonsantosmt.com.br","https:\/\/www.facebook.com\/WilsonSantosMT\/","https:\/\/www.instagram.com\/wilsonsantosmt\/","https:\/\/www.youtube.com\/@WilsonSantosWS\/videos","https:\/\/pt.wikipedia.org\/wiki\/Wilson_Santos"],"honorificPrefix":"Sr","gender":"masculino","jobTitle":"Deputado Estadual","worksFor":"Assembleia Legislativa de Mato Grosso"},{"@type":"Person","@id":"https:\/\/wilsonsantosmt.com.br\/#\/schema\/person\/1d097ee45f526dd0455dbad8c679932c","name":"Samantha dos Anjos","image":{"@type":"ImageObject","inLanguage":"pt-BR","@id":"https:\/\/wilsonsantosmt.com.br\/#\/schema\/person\/image\/","url":"https:\/\/secure.gravatar.com\/avatar\/7d8d0b6dd67d134a9fa841bee90c57c7?s=96&d=mm&r=g","contentUrl":"https:\/\/secure.gravatar.com\/avatar\/7d8d0b6dd67d134a9fa841bee90c57c7?s=96&d=mm&r=g","caption":"Samantha dos Anjos"},"url":"https:\/\/wilsonsantosmt.com.br\/index.php\/author\/samantha-dos-anjos\/"}]}},"_links":{"self":[{"href":"https:\/\/wilsonsantosmt.com.br\/index.php\/wp-json\/wp\/v2\/posts\/1356"}],"collection":[{"href":"https:\/\/wilsonsantosmt.com.br\/index.php\/wp-json\/wp\/v2\/posts"}],"about":[{"href":"https:\/\/wilsonsantosmt.com.br\/index.php\/wp-json\/wp\/v2\/types\/post"}],"author":[{"embeddable":true,"href":"https:\/\/wilsonsantosmt.com.br\/index.php\/wp-json\/wp\/v2\/users\/4"}],"replies":[{"embeddable":true,"href":"https:\/\/wilsonsantosmt.com.br\/index.php\/wp-json\/wp\/v2\/comments?post=1356"}],"version-history":[{"count":1,"href":"https:\/\/wilsonsantosmt.com.br\/index.php\/wp-json\/wp\/v2\/posts\/1356\/revisions"}],"predecessor-version":[{"id":1358,"href":"https:\/\/wilsonsantosmt.com.br\/index.php\/wp-json\/wp\/v2\/posts\/1356\/revisions\/1358"}],"wp:featuredmedia":[{"embeddable":true,"href":"https:\/\/wilsonsantosmt.com.br\/index.php\/wp-json\/wp\/v2\/media\/1357"}],"wp:attachment":[{"href":"https:\/\/wilsonsantosmt.com.br\/index.php\/wp-json\/wp\/v2\/media?parent=1356"}],"wp:term":[{"taxonomy":"category","embeddable":true,"href":"https:\/\/wilsonsantosmt.com.br\/index.php\/wp-json\/wp\/v2\/categories?post=1356"},{"taxonomy":"post_tag","embeddable":true,"href":"https:\/\/wilsonsantosmt.com.br\/index.php\/wp-json\/wp\/v2\/tags?post=1356"}],"curies":[{"name":"wp","href":"https:\/\/api.w.org\/{rel}","templated":true}]}}