{"id":1380,"date":"2025-03-28T13:05:08","date_gmt":"2025-03-28T17:05:08","guid":{"rendered":"https:\/\/wilsonsantosmt.com.br\/?p=1380"},"modified":"2025-03-28T13:05:09","modified_gmt":"2025-03-28T17:05:09","slug":"wilson-santos-propoe-nome-de-pastor-sebastiao-rodrigues-de-souza-para-o-grande-templo","status":"publish","type":"post","link":"https:\/\/wilsonsantosmt.com.br\/index.php\/2025\/03\/28\/wilson-santos-propoe-nome-de-pastor-sebastiao-rodrigues-de-souza-para-o-grande-templo\/","title":{"rendered":"Wilson Santos prop\u00f5e nome de pastor Sebasti\u00e3o Rodrigues de Souza para o Grande Templo"},"content":{"rendered":"\n<p>Para eternizar a mem\u00f3ria do saudoso pastor Sebasti\u00e3o Rodrigues de Souza, v\u00edtima da Covid-19, em 2020, o deputado estadual Wilson Santos (PSD) prop\u00f4s Projeto de Lei de n.\u00b0 432\/2025 que denomina o nome do religioso no Grande Templo, sede da Igreja Evang\u00e9lica de Deus, em Cuiab\u00e1, nesta quarta-feira (26), durante sess\u00e3o plen\u00e1ria. O motivo da proposta deve-se ao importante legado deixado aos fi\u00e9is, em que ele ficou por 45 anos \u00e0 frente do Minist\u00e9rio da Institui\u00e7\u00e3o Religiosa.<\/p>\n\n\n\n<p>O parlamentar contou que teve o privil\u00e9gio de homenagear o evang\u00e9lico, ainda em vida, quando foi prefeito de Cuiab\u00e1, ao inaugurar as pontes da Avenida Professora Edna Affi, conhecida por Avenida das Torres. \u201cAs homenagens ao pastor est\u00e3o l\u00e1, nas pontes, com quem tive uma \u00f3tima rela\u00e7\u00e3o. E hoje pude apresentar um projeto de lei, que o homenageia e que eu considero a maior lideran\u00e7a religiosa de Mato Grosso, depois do saudoso arcebispo metropolitano de Cuiab\u00e1, Dom Aquino Corr\u00eaa. Na minha mod\u00e9stia opini\u00e3o, o pastor na sua miss\u00e3o e no seu sacerd\u00f3cio de evangeliza\u00e7\u00e3o, merece essa homenagem no Grande Templo\u201d, justificou.<\/p>\n\n\n\n<p>Ele frisou sobre a certeza absoluta de homenagear o saudoso pastor em qualquer ambiente ou espa\u00e7o deste Estado. \u201cO Grande Templo \u00e9 um ambiente mais apropriado, mais condizente e que cai como uma luva para eternizar o nome deste grande l\u00edder, respons\u00e1vel por ter constru\u00eddo o Grande Templo. De maneira bastante respeitosa, pe\u00e7o aos colegas que n\u00f3s possamos, em breve, apresentar o voto das comiss\u00f5es e eternizar o nome do pastor no Grande Templo\u201d, conclui Wilson Santos.<\/p>\n\n\n\n<p>Hist\u00f3rico &#8211; O pastor Sebasti\u00e3o nasceu em agosto de 1931, na cidade de Pirajuba (MG). Ao mudar na d\u00e9cada de 70 para Mato Grosso, ele iniciou os trabalhos de propaga\u00e7\u00e3o religiosa por diversos munic\u00edpios mato-grossenses, onde fortaleceu e promoveu importantes trabalhos de evangeliza\u00e7\u00e3o da palavra de Deus, tanto que chegou a ser presidente da Assembleia de Deus do Estado e vice-presidente da Conven\u00e7\u00e3o Geral das Assembleias de Deus do Brasil.<\/p>\n\n\n\n<p>Um grande marco deixado por ele, foi a constru\u00e7\u00e3o do Grande Templo que \u00e9 considerado o maior templo f\u00edsico da Assembleia de Deus da Am\u00e9rica Latina \u2013 com capacidade para recepcionar 22,5 mil pessoas.<\/p>\n","protected":false},"excerpt":{"rendered":"<p>Para eternizar a mem\u00f3ria do saudoso pastor Sebasti\u00e3o Rodrigues de Souza, v\u00edtima da Covid-19, em 2020, o deputado estadual Wilson Santos (PSD) prop\u00f4s Projeto de Lei de n.\u00b0 432\/2025 que denomina o nome do religioso no Grande Templo, sede da Igreja Evang\u00e9lica de Deus, em Cuiab\u00e1, nesta quarta-feira (26), durante sess\u00e3o plen\u00e1ria. O motivo da [&hellip;]<\/p>\n","protected":false},"author":4,"featured_media":1381,"comment_status":"closed","ping_status":"open","sticky":false,"template":"","format":"standard","meta":{"footnotes":""},"categories":[13],"tags":[],"yoast_head":"<!-- This site is optimized with the Yoast SEO Premium plugin v21.5 (Yoast SEO v21.4) - https:\/\/yoast.com\/wordpress\/plugins\/seo\/ -->\n<title>Wilson Santos prop\u00f5e nome de pastor Sebasti\u00e3o Rodrigues de Souza para o Grande Templo - wilsonsantosmt.com.br<\/title>\n<meta name=\"robots\" content=\"index, follow, max-snippet:-1, max-image-preview:large, max-video-preview:-1\" \/>\n<link rel=\"canonical\" href=\"https:\/\/wilsonsantosmt.com.br\/index.php\/2025\/03\/28\/wilson-santos-propoe-nome-de-pastor-sebastiao-rodrigues-de-souza-para-o-grande-templo\/\" \/>\n<meta property=\"og:locale\" content=\"pt_BR\" \/>\n<meta property=\"og:type\" content=\"article\" \/>\n<meta property=\"og:title\" content=\"Wilson Santos prop\u00f5e nome de pastor Sebasti\u00e3o Rodrigues de Souza para o Grande Templo\" \/>\n<meta property=\"og:description\" content=\"Para eternizar a mem\u00f3ria do saudoso pastor Sebasti\u00e3o Rodrigues de Souza, v\u00edtima da Covid-19, em 2020, o deputado estadual Wilson Santos (PSD) prop\u00f4s Projeto de Lei de n.\u00b0 432\/2025 que denomina o nome do religioso no Grande Templo, sede da Igreja Evang\u00e9lica de Deus, em Cuiab\u00e1, nesta quarta-feira (26), durante sess\u00e3o plen\u00e1ria. O motivo da [&hellip;]\" \/>\n<meta property=\"og:url\" content=\"https:\/\/wilsonsantosmt.com.br\/index.php\/2025\/03\/28\/wilson-santos-propoe-nome-de-pastor-sebastiao-rodrigues-de-souza-para-o-grande-templo\/\" \/>\n<meta property=\"og:site_name\" content=\"wilsonsantosmt.com.br\" \/>\n<meta property=\"article:publisher\" content=\"https:\/\/www.facebook.com\/WilsonSantosMT\/\" \/>\n<meta property=\"article:published_time\" content=\"2025-03-28T17:05:08+00:00\" \/>\n<meta property=\"article:modified_time\" content=\"2025-03-28T17:05:09+00:00\" \/>\n<meta property=\"og:image\" content=\"http:\/\/wilsonsantosmt.com.br\/wp-content\/uploads\/2025\/03\/IMG-20250327-WA1078.jpg\" \/>\n\t<meta property=\"og:image:width\" content=\"996\" \/>\n\t<meta property=\"og:image:height\" content=\"658\" \/>\n\t<meta property=\"og:image:type\" content=\"image\/jpeg\" \/>\n<meta name=\"author\" content=\"Samantha dos Anjos\" \/>\n<meta name=\"twitter:card\" content=\"summary_large_image\" \/>\n<meta name=\"twitter:label1\" content=\"Escrito por\" \/>\n\t<meta name=\"twitter:data1\" content=\"Samantha dos Anjos\" \/>\n\t<meta name=\"twitter:label2\" content=\"Est. tempo de leitura\" \/>\n\t<meta name=\"twitter:data2\" content=\"2 minutos\" \/>\n<script type=\"application\/ld+json\" class=\"yoast-schema-graph\">{\"@context\":\"https:\/\/schema.org\",\"@graph\":[{\"@type\":\"Article\",\"@id\":\"https:\/\/wilsonsantosmt.com.br\/index.php\/2025\/03\/28\/wilson-santos-propoe-nome-de-pastor-sebastiao-rodrigues-de-souza-para-o-grande-templo\/#article\",\"isPartOf\":{\"@id\":\"https:\/\/wilsonsantosmt.com.br\/index.php\/2025\/03\/28\/wilson-santos-propoe-nome-de-pastor-sebastiao-rodrigues-de-souza-para-o-grande-templo\/\"},\"author\":{\"name\":\"Samantha dos Anjos\",\"@id\":\"https:\/\/wilsonsantosmt.com.br\/#\/schema\/person\/1d097ee45f526dd0455dbad8c679932c\"},\"headline\":\"Wilson Santos prop\u00f5e nome de pastor Sebasti\u00e3o Rodrigues de Souza para o Grande Templo\",\"datePublished\":\"2025-03-28T17:05:08+00:00\",\"dateModified\":\"2025-03-28T17:05:09+00:00\",\"mainEntityOfPage\":{\"@id\":\"https:\/\/wilsonsantosmt.com.br\/index.php\/2025\/03\/28\/wilson-santos-propoe-nome-de-pastor-sebastiao-rodrigues-de-souza-para-o-grande-templo\/\"},\"wordCount\":402,\"publisher\":{\"@id\":\"https:\/\/wilsonsantosmt.com.br\/#\/schema\/person\/9de3c54961637a9eadb16bcbf895b1ef\"},\"articleSection\":[\"Not\u00edcias\"],\"inLanguage\":\"pt-BR\"},{\"@type\":\"WebPage\",\"@id\":\"https:\/\/wilsonsantosmt.com.br\/index.php\/2025\/03\/28\/wilson-santos-propoe-nome-de-pastor-sebastiao-rodrigues-de-souza-para-o-grande-templo\/\",\"url\":\"https:\/\/wilsonsantosmt.com.br\/index.php\/2025\/03\/28\/wilson-santos-propoe-nome-de-pastor-sebastiao-rodrigues-de-souza-para-o-grande-templo\/\",\"name\":\"Wilson Santos prop\u00f5e nome de pastor Sebasti\u00e3o Rodrigues de Souza para o Grande Templo - wilsonsantosmt.com.br\",\"isPartOf\":{\"@id\":\"https:\/\/wilsonsantosmt.com.br\/#website\"},\"datePublished\":\"2025-03-28T17:05:08+00:00\",\"dateModified\":\"2025-03-28T17:05:09+00:00\",\"breadcrumb\":{\"@id\":\"https:\/\/wilsonsantosmt.com.br\/index.php\/2025\/03\/28\/wilson-santos-propoe-nome-de-pastor-sebastiao-rodrigues-de-souza-para-o-grande-templo\/#breadcrumb\"},\"inLanguage\":\"pt-BR\",\"potentialAction\":[{\"@type\":\"ReadAction\",\"target\":[\"https:\/\/wilsonsantosmt.com.br\/index.php\/2025\/03\/28\/wilson-santos-propoe-nome-de-pastor-sebastiao-rodrigues-de-souza-para-o-grande-templo\/\"]}]},{\"@type\":\"BreadcrumbList\",\"@id\":\"https:\/\/wilsonsantosmt.com.br\/index.php\/2025\/03\/28\/wilson-santos-propoe-nome-de-pastor-sebastiao-rodrigues-de-souza-para-o-grande-templo\/#breadcrumb\",\"itemListElement\":[{\"@type\":\"ListItem\",\"position\":1,\"name\":\"In\u00edcio\",\"item\":\"https:\/\/wilsonsantosmt.com.br\/\"},{\"@type\":\"ListItem\",\"position\":2,\"name\":\"Not\u00edcias\",\"item\":\"https:\/\/wilsonsantosmt.com.br\/index.php\/category\/noticias\/\"},{\"@type\":\"ListItem\",\"position\":3,\"name\":\"Wilson Santos prop\u00f5e nome de pastor Sebasti\u00e3o Rodrigues de Souza para o Grande Templo\"}]},{\"@type\":\"WebSite\",\"@id\":\"https:\/\/wilsonsantosmt.com.br\/#website\",\"url\":\"https:\/\/wilsonsantosmt.com.br\/\",\"name\":\"wilsonsantosmt.com.br\",\"description\":\"\",\"publisher\":{\"@id\":\"https:\/\/wilsonsantosmt.com.br\/#\/schema\/person\/9de3c54961637a9eadb16bcbf895b1ef\"},\"potentialAction\":[{\"@type\":\"SearchAction\",\"target\":{\"@type\":\"EntryPoint\",\"urlTemplate\":\"https:\/\/wilsonsantosmt.com.br\/?s={search_term_string}\"},\"query-input\":\"required name=search_term_string\"}],\"inLanguage\":\"pt-BR\"},{\"@type\":[\"Person\",\"Organization\"],\"@id\":\"https:\/\/wilsonsantosmt.com.br\/#\/schema\/person\/9de3c54961637a9eadb16bcbf895b1ef\",\"name\":\"Wilson Santos\",\"image\":{\"@type\":\"ImageObject\",\"inLanguage\":\"pt-BR\",\"@id\":\"https:\/\/wilsonsantosmt.com.br\/#\/schema\/person\/image\/\",\"url\":\"https:\/\/wilsonsantosmt.com.br\/wp-content\/uploads\/2023\/11\/310828673_653254583023360_8795459643194608438_n.jpg\",\"contentUrl\":\"https:\/\/wilsonsantosmt.com.br\/wp-content\/uploads\/2023\/11\/310828673_653254583023360_8795459643194608438_n.jpg\",\"width\":1078,\"height\":1079,\"caption\":\"Wilson Santos\"},\"logo\":{\"@id\":\"https:\/\/wilsonsantosmt.com.br\/#\/schema\/person\/image\/\"},\"sameAs\":[\"http:\/\/wilsonsantosmt.com.br\",\"https:\/\/www.facebook.com\/WilsonSantosMT\/\",\"https:\/\/www.instagram.com\/wilsonsantosmt\/\",\"https:\/\/www.youtube.com\/@WilsonSantosWS\/videos\",\"https:\/\/pt.wikipedia.org\/wiki\/Wilson_Santos\"],\"honorificPrefix\":\"Sr\",\"gender\":\"masculino\",\"jobTitle\":\"Deputado Estadual\",\"worksFor\":\"Assembleia Legislativa de Mato Grosso\"},{\"@type\":\"Person\",\"@id\":\"https:\/\/wilsonsantosmt.com.br\/#\/schema\/person\/1d097ee45f526dd0455dbad8c679932c\",\"name\":\"Samantha dos Anjos\",\"image\":{\"@type\":\"ImageObject\",\"inLanguage\":\"pt-BR\",\"@id\":\"https:\/\/wilsonsantosmt.com.br\/#\/schema\/person\/image\/\",\"url\":\"https:\/\/secure.gravatar.com\/avatar\/7d8d0b6dd67d134a9fa841bee90c57c7?s=96&d=mm&r=g\",\"contentUrl\":\"https:\/\/secure.gravatar.com\/avatar\/7d8d0b6dd67d134a9fa841bee90c57c7?s=96&d=mm&r=g\",\"caption\":\"Samantha dos Anjos\"},\"url\":\"https:\/\/wilsonsantosmt.com.br\/index.php\/author\/samantha-dos-anjos\/\"}]}<\/script>\n<!-- \/ Yoast SEO Premium plugin. -->","yoast_head_json":{"title":"Wilson Santos prop\u00f5e nome de pastor Sebasti\u00e3o Rodrigues de Souza para o Grande Templo - wilsonsantosmt.com.br","robots":{"index":"index","follow":"follow","max-snippet":"max-snippet:-1","max-image-preview":"max-image-preview:large","max-video-preview":"max-video-preview:-1"},"canonical":"https:\/\/wilsonsantosmt.com.br\/index.php\/2025\/03\/28\/wilson-santos-propoe-nome-de-pastor-sebastiao-rodrigues-de-souza-para-o-grande-templo\/","og_locale":"pt_BR","og_type":"article","og_title":"Wilson Santos prop\u00f5e nome de pastor Sebasti\u00e3o Rodrigues de Souza para o Grande Templo","og_description":"Para eternizar a mem\u00f3ria do saudoso pastor Sebasti\u00e3o Rodrigues de Souza, v\u00edtima da Covid-19, em 2020, o deputado estadual Wilson Santos (PSD) prop\u00f4s Projeto de Lei de n.\u00b0 432\/2025 que denomina o nome do religioso no Grande Templo, sede da Igreja Evang\u00e9lica de Deus, em Cuiab\u00e1, nesta quarta-feira (26), durante sess\u00e3o plen\u00e1ria. O motivo da [&hellip;]","og_url":"https:\/\/wilsonsantosmt.com.br\/index.php\/2025\/03\/28\/wilson-santos-propoe-nome-de-pastor-sebastiao-rodrigues-de-souza-para-o-grande-templo\/","og_site_name":"wilsonsantosmt.com.br","article_publisher":"https:\/\/www.facebook.com\/WilsonSantosMT\/","article_published_time":"2025-03-28T17:05:08+00:00","article_modified_time":"2025-03-28T17:05:09+00:00","og_image":[{"width":996,"height":658,"url":"http:\/\/wilsonsantosmt.com.br\/wp-content\/uploads\/2025\/03\/IMG-20250327-WA1078.jpg","type":"image\/jpeg"}],"author":"Samantha dos Anjos","twitter_card":"summary_large_image","twitter_misc":{"Escrito por":"Samantha dos Anjos","Est. tempo de leitura":"2 minutos"},"schema":{"@context":"https:\/\/schema.org","@graph":[{"@type":"Article","@id":"https:\/\/wilsonsantosmt.com.br\/index.php\/2025\/03\/28\/wilson-santos-propoe-nome-de-pastor-sebastiao-rodrigues-de-souza-para-o-grande-templo\/#article","isPartOf":{"@id":"https:\/\/wilsonsantosmt.com.br\/index.php\/2025\/03\/28\/wilson-santos-propoe-nome-de-pastor-sebastiao-rodrigues-de-souza-para-o-grande-templo\/"},"author":{"name":"Samantha dos Anjos","@id":"https:\/\/wilsonsantosmt.com.br\/#\/schema\/person\/1d097ee45f526dd0455dbad8c679932c"},"headline":"Wilson Santos prop\u00f5e nome de pastor Sebasti\u00e3o Rodrigues de Souza para o Grande Templo","datePublished":"2025-03-28T17:05:08+00:00","dateModified":"2025-03-28T17:05:09+00:00","mainEntityOfPage":{"@id":"https:\/\/wilsonsantosmt.com.br\/index.php\/2025\/03\/28\/wilson-santos-propoe-nome-de-pastor-sebastiao-rodrigues-de-souza-para-o-grande-templo\/"},"wordCount":402,"publisher":{"@id":"https:\/\/wilsonsantosmt.com.br\/#\/schema\/person\/9de3c54961637a9eadb16bcbf895b1ef"},"articleSection":["Not\u00edcias"],"inLanguage":"pt-BR"},{"@type":"WebPage","@id":"https:\/\/wilsonsantosmt.com.br\/index.php\/2025\/03\/28\/wilson-santos-propoe-nome-de-pastor-sebastiao-rodrigues-de-souza-para-o-grande-templo\/","url":"https:\/\/wilsonsantosmt.com.br\/index.php\/2025\/03\/28\/wilson-santos-propoe-nome-de-pastor-sebastiao-rodrigues-de-souza-para-o-grande-templo\/","name":"Wilson Santos prop\u00f5e nome de pastor Sebasti\u00e3o Rodrigues de Souza para o Grande Templo - wilsonsantosmt.com.br","isPartOf":{"@id":"https:\/\/wilsonsantosmt.com.br\/#website"},"datePublished":"2025-03-28T17:05:08+00:00","dateModified":"2025-03-28T17:05:09+00:00","breadcrumb":{"@id":"https:\/\/wilsonsantosmt.com.br\/index.php\/2025\/03\/28\/wilson-santos-propoe-nome-de-pastor-sebastiao-rodrigues-de-souza-para-o-grande-templo\/#breadcrumb"},"inLanguage":"pt-BR","potentialAction":[{"@type":"ReadAction","target":["https:\/\/wilsonsantosmt.com.br\/index.php\/2025\/03\/28\/wilson-santos-propoe-nome-de-pastor-sebastiao-rodrigues-de-souza-para-o-grande-templo\/"]}]},{"@type":"BreadcrumbList","@id":"https:\/\/wilsonsantosmt.com.br\/index.php\/2025\/03\/28\/wilson-santos-propoe-nome-de-pastor-sebastiao-rodrigues-de-souza-para-o-grande-templo\/#breadcrumb","itemListElement":[{"@type":"ListItem","position":1,"name":"In\u00edcio","item":"https:\/\/wilsonsantosmt.com.br\/"},{"@type":"ListItem","position":2,"name":"Not\u00edcias","item":"https:\/\/wilsonsantosmt.com.br\/index.php\/category\/noticias\/"},{"@type":"ListItem","position":3,"name":"Wilson Santos prop\u00f5e nome de pastor Sebasti\u00e3o Rodrigues de Souza para o Grande Templo"}]},{"@type":"WebSite","@id":"https:\/\/wilsonsantosmt.com.br\/#website","url":"https:\/\/wilsonsantosmt.com.br\/","name":"wilsonsantosmt.com.br","description":"","publisher":{"@id":"https:\/\/wilsonsantosmt.com.br\/#\/schema\/person\/9de3c54961637a9eadb16bcbf895b1ef"},"potentialAction":[{"@type":"SearchAction","target":{"@type":"EntryPoint","urlTemplate":"https:\/\/wilsonsantosmt.com.br\/?s={search_term_string}"},"query-input":"required name=search_term_string"}],"inLanguage":"pt-BR"},{"@type":["Person","Organization"],"@id":"https:\/\/wilsonsantosmt.com.br\/#\/schema\/person\/9de3c54961637a9eadb16bcbf895b1ef","name":"Wilson Santos","image":{"@type":"ImageObject","inLanguage":"pt-BR","@id":"https:\/\/wilsonsantosmt.com.br\/#\/schema\/person\/image\/","url":"https:\/\/wilsonsantosmt.com.br\/wp-content\/uploads\/2023\/11\/310828673_653254583023360_8795459643194608438_n.jpg","contentUrl":"https:\/\/wilsonsantosmt.com.br\/wp-content\/uploads\/2023\/11\/310828673_653254583023360_8795459643194608438_n.jpg","width":1078,"height":1079,"caption":"Wilson Santos"},"logo":{"@id":"https:\/\/wilsonsantosmt.com.br\/#\/schema\/person\/image\/"},"sameAs":["http:\/\/wilsonsantosmt.com.br","https:\/\/www.facebook.com\/WilsonSantosMT\/","https:\/\/www.instagram.com\/wilsonsantosmt\/","https:\/\/www.youtube.com\/@WilsonSantosWS\/videos","https:\/\/pt.wikipedia.org\/wiki\/Wilson_Santos"],"honorificPrefix":"Sr","gender":"masculino","jobTitle":"Deputado Estadual","worksFor":"Assembleia Legislativa de Mato Grosso"},{"@type":"Person","@id":"https:\/\/wilsonsantosmt.com.br\/#\/schema\/person\/1d097ee45f526dd0455dbad8c679932c","name":"Samantha dos Anjos","image":{"@type":"ImageObject","inLanguage":"pt-BR","@id":"https:\/\/wilsonsantosmt.com.br\/#\/schema\/person\/image\/","url":"https:\/\/secure.gravatar.com\/avatar\/7d8d0b6dd67d134a9fa841bee90c57c7?s=96&d=mm&r=g","contentUrl":"https:\/\/secure.gravatar.com\/avatar\/7d8d0b6dd67d134a9fa841bee90c57c7?s=96&d=mm&r=g","caption":"Samantha dos Anjos"},"url":"https:\/\/wilsonsantosmt.com.br\/index.php\/author\/samantha-dos-anjos\/"}]}},"_links":{"self":[{"href":"https:\/\/wilsonsantosmt.com.br\/index.php\/wp-json\/wp\/v2\/posts\/1380"}],"collection":[{"href":"https:\/\/wilsonsantosmt.com.br\/index.php\/wp-json\/wp\/v2\/posts"}],"about":[{"href":"https:\/\/wilsonsantosmt.com.br\/index.php\/wp-json\/wp\/v2\/types\/post"}],"author":[{"embeddable":true,"href":"https:\/\/wilsonsantosmt.com.br\/index.php\/wp-json\/wp\/v2\/users\/4"}],"replies":[{"embeddable":true,"href":"https:\/\/wilsonsantosmt.com.br\/index.php\/wp-json\/wp\/v2\/comments?post=1380"}],"version-history":[{"count":1,"href":"https:\/\/wilsonsantosmt.com.br\/index.php\/wp-json\/wp\/v2\/posts\/1380\/revisions"}],"predecessor-version":[{"id":1382,"href":"https:\/\/wilsonsantosmt.com.br\/index.php\/wp-json\/wp\/v2\/posts\/1380\/revisions\/1382"}],"wp:featuredmedia":[{"embeddable":true,"href":"https:\/\/wilsonsantosmt.com.br\/index.php\/wp-json\/wp\/v2\/media\/1381"}],"wp:attachment":[{"href":"https:\/\/wilsonsantosmt.com.br\/index.php\/wp-json\/wp\/v2\/media?parent=1380"}],"wp:term":[{"taxonomy":"category","embeddable":true,"href":"https:\/\/wilsonsantosmt.com.br\/index.php\/wp-json\/wp\/v2\/categories?post=1380"},{"taxonomy":"post_tag","embeddable":true,"href":"https:\/\/wilsonsantosmt.com.br\/index.php\/wp-json\/wp\/v2\/tags?post=1380"}],"curies":[{"name":"wp","href":"https:\/\/api.w.org\/{rel}","templated":true}]}}