{"id":1383,"date":"2025-03-27T13:05:00","date_gmt":"2025-03-27T17:05:00","guid":{"rendered":"https:\/\/wilsonsantosmt.com.br\/?p=1383"},"modified":"2025-03-28T13:07:58","modified_gmt":"2025-03-28T17:07:58","slug":"wilson-santos-atua-para-destravar-regularizacao-fundiaria-em-santo-antonio-de-leverger","status":"publish","type":"post","link":"https:\/\/wilsonsantosmt.com.br\/index.php\/2025\/03\/27\/wilson-santos-atua-para-destravar-regularizacao-fundiaria-em-santo-antonio-de-leverger\/","title":{"rendered":"Wilson Santos atua para destravar regulariza\u00e7\u00e3o fundi\u00e1ria em Santo Ant\u00f4nio de Leverger"},"content":{"rendered":"\n<p><\/p>\n\n\n\n<p><\/p>\n\n\n\n<p>O deputado estadual Wilson Santos (PSD) se reuniu, nesta ter\u00e7a-feira (25), com representantes do Instituto de Terras de Mato Grosso (Intermat) para tratar da regulariza\u00e7\u00e3o fundi\u00e1ria de 453 im\u00f3veis na Agrovila das Palmeiras e de mais de mil hectares na comunidade do C\u00f3rrego do Ouro, localizadas em Santo Ant\u00f4nio de Leverger, onde vivem cerca de 100 fam\u00edlias. Participaram do encontro o vereador Neco da Bandeirante (PSB), a assessora executiva Iza Karol Gomes, o diretor de regulariza\u00e7\u00e3o fundi\u00e1ria urbana Erivelto Vieira Nunes e o diretor de regulariza\u00e7\u00e3o fundi\u00e1ria rural Danilo Fernandes Lima, ambos da institui\u00e7\u00e3o.<\/p>\n\n\n\n<p>Durante a reuni\u00e3o, Erivelto informou que o processo da Agrovila das Palmeiras est\u00e1 parado h\u00e1 cerca de dois anos no cart\u00f3rio do munic\u00edpio, devido \u00e0 falta de profissionais, o que impede a emiss\u00e3o dos t\u00edtulos de propriedades. Tamb\u00e9m, informou que o processo foi protocolado na Corregedoria-Geral da Justi\u00e7a (CGJ) de Mato Grosso para agilizar as referidas aberturas de matr\u00edculas.  <\/p>\n\n\n\n<p>Diante da informa\u00e7\u00e3o, o parlamentar se comprometeu a intermediar a situa\u00e7\u00e3o junto ao 1\u00b0 Of\u00edcio de Santo Ant\u00f4nio de Leverger, sendo que ele chegou a realizar seis audi\u00eancias p\u00fablicas para tratar dessa situa\u00e7\u00e3o junto aos moradores da regi\u00e3o.J\u00e1 em rela\u00e7\u00e3o \u00e0 comunidade do C\u00f3rrego do Ouro, a \u00e1rea total \u00e9 de 1.300 hectares, dos quais 1.100 hectares j\u00e1 foram negociados com o Estado por meio de um precat\u00f3rio. O restante da \u00e1rea ainda precisa ser resolvido. O presidente e o vice-presidente da Associa\u00e7\u00e3o do C\u00f3rrego do Ouro, Sebasti\u00e3o de Souza e Jos\u00e9 Aparecido dos Santos, demonstraram confian\u00e7a na atua\u00e7\u00e3o do deputado que vai tratar da demanda diretamente, na 2\u00aa Vara Especializada da Fazenda P\u00fablica de Cuiab\u00e1, e eles esperam que a situa\u00e7\u00e3o seja resolvida com brevidade.<\/p>\n\n\n\n<p>&#8220;As lideran\u00e7as do C\u00f3rrego do Ouro estiveram no Intermat lutando pela documenta\u00e7\u00e3o, titula\u00e7\u00e3o e escritura\u00e7\u00e3o de seus lotes. Recebemos a boa not\u00edcia de que o Estado j\u00e1 negociou 1.100 hectares com o propriet\u00e1rio. Provavelmente, na pr\u00f3xima semana, estaremos com o juiz respons\u00e1vel para deliberar sobre essa documenta\u00e7\u00e3o. A not\u00edcia \u00e9 positiva, mas ainda restam mais de 200 hectares pendentes. Vamos atuar junto \u00e0 Casa Civil e ao Governo do Estado para definir como essa situa\u00e7\u00e3o ser\u00e1 resolvida e, assim, encerrar essa demanda&#8221;, afirmou Wilson Santos.<\/p>\n\n\n\n<p>Tamb\u00e9m estiveram na reuni\u00e3o, o ex-presidente do C\u00f3rrego do Ouro, Osmar Pereira, e de Edmir Tiburtino \u2013 conhecido por Tiumi &#8211; da comunidade de Santo Ant\u00f4nio da Fartura.<\/p>\n","protected":false},"excerpt":{"rendered":"<p>O deputado estadual Wilson Santos (PSD) se reuniu, nesta ter\u00e7a-feira (25), com representantes do Instituto de Terras de Mato Grosso (Intermat) para tratar da regulariza\u00e7\u00e3o fundi\u00e1ria de 453 im\u00f3veis na Agrovila das Palmeiras e de mais de mil hectares na comunidade do C\u00f3rrego do Ouro, localizadas em Santo Ant\u00f4nio de Leverger, onde vivem cerca de [&hellip;]<\/p>\n","protected":false},"author":4,"featured_media":1384,"comment_status":"closed","ping_status":"open","sticky":false,"template":"","format":"standard","meta":{"footnotes":""},"categories":[13],"tags":[],"yoast_head":"<!-- This site is optimized with the Yoast SEO Premium plugin v21.5 (Yoast SEO v21.4) - https:\/\/yoast.com\/wordpress\/plugins\/seo\/ -->\n<title>Wilson Santos atua para destravar regulariza\u00e7\u00e3o fundi\u00e1ria em Santo Ant\u00f4nio de Leverger - wilsonsantosmt.com.br<\/title>\n<meta name=\"robots\" content=\"index, follow, max-snippet:-1, max-image-preview:large, max-video-preview:-1\" \/>\n<link rel=\"canonical\" href=\"https:\/\/wilsonsantosmt.com.br\/index.php\/2025\/03\/27\/wilson-santos-atua-para-destravar-regularizacao-fundiaria-em-santo-antonio-de-leverger\/\" \/>\n<meta property=\"og:locale\" content=\"pt_BR\" \/>\n<meta property=\"og:type\" content=\"article\" \/>\n<meta property=\"og:title\" content=\"Wilson Santos atua para destravar regulariza\u00e7\u00e3o fundi\u00e1ria em Santo Ant\u00f4nio de Leverger\" \/>\n<meta property=\"og:description\" content=\"O deputado estadual Wilson Santos (PSD) se reuniu, nesta ter\u00e7a-feira (25), com representantes do Instituto de Terras de Mato Grosso (Intermat) para tratar da regulariza\u00e7\u00e3o fundi\u00e1ria de 453 im\u00f3veis na Agrovila das Palmeiras e de mais de mil hectares na comunidade do C\u00f3rrego do Ouro, localizadas em Santo Ant\u00f4nio de Leverger, onde vivem cerca de [&hellip;]\" \/>\n<meta property=\"og:url\" content=\"https:\/\/wilsonsantosmt.com.br\/index.php\/2025\/03\/27\/wilson-santos-atua-para-destravar-regularizacao-fundiaria-em-santo-antonio-de-leverger\/\" \/>\n<meta property=\"og:site_name\" content=\"wilsonsantosmt.com.br\" \/>\n<meta property=\"article:publisher\" content=\"https:\/\/www.facebook.com\/WilsonSantosMT\/\" \/>\n<meta property=\"article:published_time\" content=\"2025-03-27T17:05:00+00:00\" \/>\n<meta property=\"article:modified_time\" content=\"2025-03-28T17:07:58+00:00\" \/>\n<meta property=\"og:image\" content=\"http:\/\/wilsonsantosmt.com.br\/wp-content\/uploads\/2025\/03\/IMG-20250326-WA13652.jpg\" \/>\n\t<meta property=\"og:image:width\" content=\"1600\" \/>\n\t<meta property=\"og:image:height\" content=\"900\" \/>\n\t<meta property=\"og:image:type\" content=\"image\/jpeg\" \/>\n<meta name=\"author\" content=\"Samantha dos Anjos\" \/>\n<meta name=\"twitter:card\" content=\"summary_large_image\" \/>\n<meta name=\"twitter:label1\" content=\"Escrito por\" \/>\n\t<meta name=\"twitter:data1\" content=\"Samantha dos Anjos\" \/>\n\t<meta name=\"twitter:label2\" content=\"Est. tempo de leitura\" \/>\n\t<meta name=\"twitter:data2\" content=\"3 minutos\" \/>\n<script type=\"application\/ld+json\" class=\"yoast-schema-graph\">{\"@context\":\"https:\/\/schema.org\",\"@graph\":[{\"@type\":\"Article\",\"@id\":\"https:\/\/wilsonsantosmt.com.br\/index.php\/2025\/03\/27\/wilson-santos-atua-para-destravar-regularizacao-fundiaria-em-santo-antonio-de-leverger\/#article\",\"isPartOf\":{\"@id\":\"https:\/\/wilsonsantosmt.com.br\/index.php\/2025\/03\/27\/wilson-santos-atua-para-destravar-regularizacao-fundiaria-em-santo-antonio-de-leverger\/\"},\"author\":{\"name\":\"Samantha dos Anjos\",\"@id\":\"https:\/\/wilsonsantosmt.com.br\/#\/schema\/person\/1d097ee45f526dd0455dbad8c679932c\"},\"headline\":\"Wilson Santos atua para destravar regulariza\u00e7\u00e3o fundi\u00e1ria em Santo Ant\u00f4nio de Leverger\",\"datePublished\":\"2025-03-27T17:05:00+00:00\",\"dateModified\":\"2025-03-28T17:07:58+00:00\",\"mainEntityOfPage\":{\"@id\":\"https:\/\/wilsonsantosmt.com.br\/index.php\/2025\/03\/27\/wilson-santos-atua-para-destravar-regularizacao-fundiaria-em-santo-antonio-de-leverger\/\"},\"wordCount\":447,\"publisher\":{\"@id\":\"https:\/\/wilsonsantosmt.com.br\/#\/schema\/person\/9de3c54961637a9eadb16bcbf895b1ef\"},\"articleSection\":[\"Not\u00edcias\"],\"inLanguage\":\"pt-BR\"},{\"@type\":\"WebPage\",\"@id\":\"https:\/\/wilsonsantosmt.com.br\/index.php\/2025\/03\/27\/wilson-santos-atua-para-destravar-regularizacao-fundiaria-em-santo-antonio-de-leverger\/\",\"url\":\"https:\/\/wilsonsantosmt.com.br\/index.php\/2025\/03\/27\/wilson-santos-atua-para-destravar-regularizacao-fundiaria-em-santo-antonio-de-leverger\/\",\"name\":\"Wilson Santos atua para destravar regulariza\u00e7\u00e3o fundi\u00e1ria em Santo Ant\u00f4nio de Leverger - wilsonsantosmt.com.br\",\"isPartOf\":{\"@id\":\"https:\/\/wilsonsantosmt.com.br\/#website\"},\"datePublished\":\"2025-03-27T17:05:00+00:00\",\"dateModified\":\"2025-03-28T17:07:58+00:00\",\"breadcrumb\":{\"@id\":\"https:\/\/wilsonsantosmt.com.br\/index.php\/2025\/03\/27\/wilson-santos-atua-para-destravar-regularizacao-fundiaria-em-santo-antonio-de-leverger\/#breadcrumb\"},\"inLanguage\":\"pt-BR\",\"potentialAction\":[{\"@type\":\"ReadAction\",\"target\":[\"https:\/\/wilsonsantosmt.com.br\/index.php\/2025\/03\/27\/wilson-santos-atua-para-destravar-regularizacao-fundiaria-em-santo-antonio-de-leverger\/\"]}]},{\"@type\":\"BreadcrumbList\",\"@id\":\"https:\/\/wilsonsantosmt.com.br\/index.php\/2025\/03\/27\/wilson-santos-atua-para-destravar-regularizacao-fundiaria-em-santo-antonio-de-leverger\/#breadcrumb\",\"itemListElement\":[{\"@type\":\"ListItem\",\"position\":1,\"name\":\"In\u00edcio\",\"item\":\"https:\/\/wilsonsantosmt.com.br\/\"},{\"@type\":\"ListItem\",\"position\":2,\"name\":\"Not\u00edcias\",\"item\":\"https:\/\/wilsonsantosmt.com.br\/index.php\/category\/noticias\/\"},{\"@type\":\"ListItem\",\"position\":3,\"name\":\"Wilson Santos atua para destravar regulariza\u00e7\u00e3o fundi\u00e1ria em Santo Ant\u00f4nio de Leverger\"}]},{\"@type\":\"WebSite\",\"@id\":\"https:\/\/wilsonsantosmt.com.br\/#website\",\"url\":\"https:\/\/wilsonsantosmt.com.br\/\",\"name\":\"wilsonsantosmt.com.br\",\"description\":\"\",\"publisher\":{\"@id\":\"https:\/\/wilsonsantosmt.com.br\/#\/schema\/person\/9de3c54961637a9eadb16bcbf895b1ef\"},\"potentialAction\":[{\"@type\":\"SearchAction\",\"target\":{\"@type\":\"EntryPoint\",\"urlTemplate\":\"https:\/\/wilsonsantosmt.com.br\/?s={search_term_string}\"},\"query-input\":\"required name=search_term_string\"}],\"inLanguage\":\"pt-BR\"},{\"@type\":[\"Person\",\"Organization\"],\"@id\":\"https:\/\/wilsonsantosmt.com.br\/#\/schema\/person\/9de3c54961637a9eadb16bcbf895b1ef\",\"name\":\"Wilson Santos\",\"image\":{\"@type\":\"ImageObject\",\"inLanguage\":\"pt-BR\",\"@id\":\"https:\/\/wilsonsantosmt.com.br\/#\/schema\/person\/image\/\",\"url\":\"https:\/\/wilsonsantosmt.com.br\/wp-content\/uploads\/2023\/11\/310828673_653254583023360_8795459643194608438_n.jpg\",\"contentUrl\":\"https:\/\/wilsonsantosmt.com.br\/wp-content\/uploads\/2023\/11\/310828673_653254583023360_8795459643194608438_n.jpg\",\"width\":1078,\"height\":1079,\"caption\":\"Wilson Santos\"},\"logo\":{\"@id\":\"https:\/\/wilsonsantosmt.com.br\/#\/schema\/person\/image\/\"},\"sameAs\":[\"http:\/\/wilsonsantosmt.com.br\",\"https:\/\/www.facebook.com\/WilsonSantosMT\/\",\"https:\/\/www.instagram.com\/wilsonsantosmt\/\",\"https:\/\/www.youtube.com\/@WilsonSantosWS\/videos\",\"https:\/\/pt.wikipedia.org\/wiki\/Wilson_Santos\"],\"honorificPrefix\":\"Sr\",\"gender\":\"masculino\",\"jobTitle\":\"Deputado Estadual\",\"worksFor\":\"Assembleia Legislativa de Mato Grosso\"},{\"@type\":\"Person\",\"@id\":\"https:\/\/wilsonsantosmt.com.br\/#\/schema\/person\/1d097ee45f526dd0455dbad8c679932c\",\"name\":\"Samantha dos Anjos\",\"image\":{\"@type\":\"ImageObject\",\"inLanguage\":\"pt-BR\",\"@id\":\"https:\/\/wilsonsantosmt.com.br\/#\/schema\/person\/image\/\",\"url\":\"https:\/\/secure.gravatar.com\/avatar\/7d8d0b6dd67d134a9fa841bee90c57c7?s=96&d=mm&r=g\",\"contentUrl\":\"https:\/\/secure.gravatar.com\/avatar\/7d8d0b6dd67d134a9fa841bee90c57c7?s=96&d=mm&r=g\",\"caption\":\"Samantha dos Anjos\"},\"url\":\"https:\/\/wilsonsantosmt.com.br\/index.php\/author\/samantha-dos-anjos\/\"}]}<\/script>\n<!-- \/ Yoast SEO Premium plugin. -->","yoast_head_json":{"title":"Wilson Santos atua para destravar regulariza\u00e7\u00e3o fundi\u00e1ria em Santo Ant\u00f4nio de Leverger - wilsonsantosmt.com.br","robots":{"index":"index","follow":"follow","max-snippet":"max-snippet:-1","max-image-preview":"max-image-preview:large","max-video-preview":"max-video-preview:-1"},"canonical":"https:\/\/wilsonsantosmt.com.br\/index.php\/2025\/03\/27\/wilson-santos-atua-para-destravar-regularizacao-fundiaria-em-santo-antonio-de-leverger\/","og_locale":"pt_BR","og_type":"article","og_title":"Wilson Santos atua para destravar regulariza\u00e7\u00e3o fundi\u00e1ria em Santo Ant\u00f4nio de Leverger","og_description":"O deputado estadual Wilson Santos (PSD) se reuniu, nesta ter\u00e7a-feira (25), com representantes do Instituto de Terras de Mato Grosso (Intermat) para tratar da regulariza\u00e7\u00e3o fundi\u00e1ria de 453 im\u00f3veis na Agrovila das Palmeiras e de mais de mil hectares na comunidade do C\u00f3rrego do Ouro, localizadas em Santo Ant\u00f4nio de Leverger, onde vivem cerca de [&hellip;]","og_url":"https:\/\/wilsonsantosmt.com.br\/index.php\/2025\/03\/27\/wilson-santos-atua-para-destravar-regularizacao-fundiaria-em-santo-antonio-de-leverger\/","og_site_name":"wilsonsantosmt.com.br","article_publisher":"https:\/\/www.facebook.com\/WilsonSantosMT\/","article_published_time":"2025-03-27T17:05:00+00:00","article_modified_time":"2025-03-28T17:07:58+00:00","og_image":[{"width":1600,"height":900,"url":"http:\/\/wilsonsantosmt.com.br\/wp-content\/uploads\/2025\/03\/IMG-20250326-WA13652.jpg","type":"image\/jpeg"}],"author":"Samantha dos Anjos","twitter_card":"summary_large_image","twitter_misc":{"Escrito por":"Samantha dos Anjos","Est. tempo de leitura":"3 minutos"},"schema":{"@context":"https:\/\/schema.org","@graph":[{"@type":"Article","@id":"https:\/\/wilsonsantosmt.com.br\/index.php\/2025\/03\/27\/wilson-santos-atua-para-destravar-regularizacao-fundiaria-em-santo-antonio-de-leverger\/#article","isPartOf":{"@id":"https:\/\/wilsonsantosmt.com.br\/index.php\/2025\/03\/27\/wilson-santos-atua-para-destravar-regularizacao-fundiaria-em-santo-antonio-de-leverger\/"},"author":{"name":"Samantha dos Anjos","@id":"https:\/\/wilsonsantosmt.com.br\/#\/schema\/person\/1d097ee45f526dd0455dbad8c679932c"},"headline":"Wilson Santos atua para destravar regulariza\u00e7\u00e3o fundi\u00e1ria em Santo Ant\u00f4nio de Leverger","datePublished":"2025-03-27T17:05:00+00:00","dateModified":"2025-03-28T17:07:58+00:00","mainEntityOfPage":{"@id":"https:\/\/wilsonsantosmt.com.br\/index.php\/2025\/03\/27\/wilson-santos-atua-para-destravar-regularizacao-fundiaria-em-santo-antonio-de-leverger\/"},"wordCount":447,"publisher":{"@id":"https:\/\/wilsonsantosmt.com.br\/#\/schema\/person\/9de3c54961637a9eadb16bcbf895b1ef"},"articleSection":["Not\u00edcias"],"inLanguage":"pt-BR"},{"@type":"WebPage","@id":"https:\/\/wilsonsantosmt.com.br\/index.php\/2025\/03\/27\/wilson-santos-atua-para-destravar-regularizacao-fundiaria-em-santo-antonio-de-leverger\/","url":"https:\/\/wilsonsantosmt.com.br\/index.php\/2025\/03\/27\/wilson-santos-atua-para-destravar-regularizacao-fundiaria-em-santo-antonio-de-leverger\/","name":"Wilson Santos atua para destravar regulariza\u00e7\u00e3o fundi\u00e1ria em Santo Ant\u00f4nio de Leverger - wilsonsantosmt.com.br","isPartOf":{"@id":"https:\/\/wilsonsantosmt.com.br\/#website"},"datePublished":"2025-03-27T17:05:00+00:00","dateModified":"2025-03-28T17:07:58+00:00","breadcrumb":{"@id":"https:\/\/wilsonsantosmt.com.br\/index.php\/2025\/03\/27\/wilson-santos-atua-para-destravar-regularizacao-fundiaria-em-santo-antonio-de-leverger\/#breadcrumb"},"inLanguage":"pt-BR","potentialAction":[{"@type":"ReadAction","target":["https:\/\/wilsonsantosmt.com.br\/index.php\/2025\/03\/27\/wilson-santos-atua-para-destravar-regularizacao-fundiaria-em-santo-antonio-de-leverger\/"]}]},{"@type":"BreadcrumbList","@id":"https:\/\/wilsonsantosmt.com.br\/index.php\/2025\/03\/27\/wilson-santos-atua-para-destravar-regularizacao-fundiaria-em-santo-antonio-de-leverger\/#breadcrumb","itemListElement":[{"@type":"ListItem","position":1,"name":"In\u00edcio","item":"https:\/\/wilsonsantosmt.com.br\/"},{"@type":"ListItem","position":2,"name":"Not\u00edcias","item":"https:\/\/wilsonsantosmt.com.br\/index.php\/category\/noticias\/"},{"@type":"ListItem","position":3,"name":"Wilson Santos atua para destravar regulariza\u00e7\u00e3o fundi\u00e1ria em Santo Ant\u00f4nio de Leverger"}]},{"@type":"WebSite","@id":"https:\/\/wilsonsantosmt.com.br\/#website","url":"https:\/\/wilsonsantosmt.com.br\/","name":"wilsonsantosmt.com.br","description":"","publisher":{"@id":"https:\/\/wilsonsantosmt.com.br\/#\/schema\/person\/9de3c54961637a9eadb16bcbf895b1ef"},"potentialAction":[{"@type":"SearchAction","target":{"@type":"EntryPoint","urlTemplate":"https:\/\/wilsonsantosmt.com.br\/?s={search_term_string}"},"query-input":"required name=search_term_string"}],"inLanguage":"pt-BR"},{"@type":["Person","Organization"],"@id":"https:\/\/wilsonsantosmt.com.br\/#\/schema\/person\/9de3c54961637a9eadb16bcbf895b1ef","name":"Wilson Santos","image":{"@type":"ImageObject","inLanguage":"pt-BR","@id":"https:\/\/wilsonsantosmt.com.br\/#\/schema\/person\/image\/","url":"https:\/\/wilsonsantosmt.com.br\/wp-content\/uploads\/2023\/11\/310828673_653254583023360_8795459643194608438_n.jpg","contentUrl":"https:\/\/wilsonsantosmt.com.br\/wp-content\/uploads\/2023\/11\/310828673_653254583023360_8795459643194608438_n.jpg","width":1078,"height":1079,"caption":"Wilson Santos"},"logo":{"@id":"https:\/\/wilsonsantosmt.com.br\/#\/schema\/person\/image\/"},"sameAs":["http:\/\/wilsonsantosmt.com.br","https:\/\/www.facebook.com\/WilsonSantosMT\/","https:\/\/www.instagram.com\/wilsonsantosmt\/","https:\/\/www.youtube.com\/@WilsonSantosWS\/videos","https:\/\/pt.wikipedia.org\/wiki\/Wilson_Santos"],"honorificPrefix":"Sr","gender":"masculino","jobTitle":"Deputado Estadual","worksFor":"Assembleia Legislativa de Mato Grosso"},{"@type":"Person","@id":"https:\/\/wilsonsantosmt.com.br\/#\/schema\/person\/1d097ee45f526dd0455dbad8c679932c","name":"Samantha dos Anjos","image":{"@type":"ImageObject","inLanguage":"pt-BR","@id":"https:\/\/wilsonsantosmt.com.br\/#\/schema\/person\/image\/","url":"https:\/\/secure.gravatar.com\/avatar\/7d8d0b6dd67d134a9fa841bee90c57c7?s=96&d=mm&r=g","contentUrl":"https:\/\/secure.gravatar.com\/avatar\/7d8d0b6dd67d134a9fa841bee90c57c7?s=96&d=mm&r=g","caption":"Samantha dos Anjos"},"url":"https:\/\/wilsonsantosmt.com.br\/index.php\/author\/samantha-dos-anjos\/"}]}},"_links":{"self":[{"href":"https:\/\/wilsonsantosmt.com.br\/index.php\/wp-json\/wp\/v2\/posts\/1383"}],"collection":[{"href":"https:\/\/wilsonsantosmt.com.br\/index.php\/wp-json\/wp\/v2\/posts"}],"about":[{"href":"https:\/\/wilsonsantosmt.com.br\/index.php\/wp-json\/wp\/v2\/types\/post"}],"author":[{"embeddable":true,"href":"https:\/\/wilsonsantosmt.com.br\/index.php\/wp-json\/wp\/v2\/users\/4"}],"replies":[{"embeddable":true,"href":"https:\/\/wilsonsantosmt.com.br\/index.php\/wp-json\/wp\/v2\/comments?post=1383"}],"version-history":[{"count":1,"href":"https:\/\/wilsonsantosmt.com.br\/index.php\/wp-json\/wp\/v2\/posts\/1383\/revisions"}],"predecessor-version":[{"id":1385,"href":"https:\/\/wilsonsantosmt.com.br\/index.php\/wp-json\/wp\/v2\/posts\/1383\/revisions\/1385"}],"wp:featuredmedia":[{"embeddable":true,"href":"https:\/\/wilsonsantosmt.com.br\/index.php\/wp-json\/wp\/v2\/media\/1384"}],"wp:attachment":[{"href":"https:\/\/wilsonsantosmt.com.br\/index.php\/wp-json\/wp\/v2\/media?parent=1383"}],"wp:term":[{"taxonomy":"category","embeddable":true,"href":"https:\/\/wilsonsantosmt.com.br\/index.php\/wp-json\/wp\/v2\/categories?post=1383"},{"taxonomy":"post_tag","embeddable":true,"href":"https:\/\/wilsonsantosmt.com.br\/index.php\/wp-json\/wp\/v2\/tags?post=1383"}],"curies":[{"name":"wp","href":"https:\/\/api.w.org\/{rel}","templated":true}]}}