{"id":1400,"date":"2025-03-31T08:30:49","date_gmt":"2025-03-31T12:30:49","guid":{"rendered":"https:\/\/wilsonsantosmt.com.br\/?p=1400"},"modified":"2025-04-02T08:31:59","modified_gmt":"2025-04-02T12:31:59","slug":"audiencia-publica-debate-sobre-perspectivas-e-desafios-com-pessoas-autistas-nesta-terca-feira-1","status":"publish","type":"post","link":"https:\/\/wilsonsantosmt.com.br\/index.php\/2025\/03\/31\/audiencia-publica-debate-sobre-perspectivas-e-desafios-com-pessoas-autistas-nesta-terca-feira-1\/","title":{"rendered":"Audi\u00eancia P\u00fablica debate sobre perspectivas e desafios com pessoas autistas nesta ter\u00e7a-feira (1\u00b0)"},"content":{"rendered":"\n<p><\/p>\n\n\n\n<p>Em alus\u00e3o ao Dia Mundial de Conscientiza\u00e7\u00e3o do Autismo, no dia 2 de abril, o deputado estadual Wilson Santos (PSD) vai promover a 1\u00b0 Audi\u00eancia P\u00fablica com o tema \u201cA realidade, as perspectivas e os desafios das pessoas com Transtorno do Espectro Autista (TEA)\u201d, nesta ter\u00e7a-feira (1\u00b0), entre 14h \u00e0s 18h, no Plen\u00e1rio das Delibera\u00e7\u00f5es \u201cDeputado Ren\u00ea Barbour\u201d da Assembleia Legislativa. A a\u00e7\u00e3o contar\u00e1 com a presen\u00e7a de importantes autoridades das esferas federal, estadual e municipal, como, tamb\u00e9m, de entidades que defendem a inclus\u00e3o efetiva e assist\u00eancia de pessoas com dificuldades no neurodesenvolvimento.<\/p>\n\n\n\n<p>\u201cFalar sobre o autismo \u00e9 um tema que exige muito de n\u00f3s, ainda mais como representantes da sociedade. Isso porque temos que fortalecer as pol\u00edticas p\u00fablicas para o p\u00fablico neurodivergente, para que assim, possamos garantir a inclus\u00e3o social, manuten\u00e7\u00e3o dos direitos e tornar a sociedade cada vez mais igualit\u00e1ria. Essa audi\u00eancia vai debater o tema e vamos tratar de experi\u00eancias de quem vive no dia-a-dia, os desafios de ter um filho ou um ente familiar com este diagn\u00f3stico, entre outros assuntos correlacionados. Estamos aqui para somar e continuamos trabalhando sobre este tema que precisa de mais iniciativas que beneficiem este p\u00fablico espec\u00edfico\u201d, comentou o parlamentar.<\/p>\n\n\n\n<p>O evento contar\u00e1 com a presen\u00e7a de representantes do Minist\u00e9rios da Educa\u00e7\u00e3o e dos Direitos Humanos, Defensoria P\u00fablica, Ordem dos Advogados do Brasil (OAB) de Mato Grosso, Secretarias Estaduais de Educa\u00e7\u00e3o (Seduc) e Sa\u00fade (SES), Conselho Estadual dos Direitos da Pessoa com Defici\u00eancia (Conede), Prefeitura e C\u00e2mara Municipal de Cuiab\u00e1, Promotoria de Justi\u00e7a, Centro de Refer\u00eancia de Assist\u00eancia Social (Cras) e prefeituras municipais de diferentes munic\u00edpios, associa\u00e7\u00f5es e institui\u00e7\u00f5es que atuam com o p\u00fablico autista. Na programa\u00e7\u00e3o, os pais, cuidadores e respons\u00e1veis v\u00e3o poder relatar as suas experi\u00eancias e desafios do dia-a-dia com as pessoas diagnosticadas com o TEA.<\/p>\n\n\n\n<p>Wilson Santos j\u00e1 tem mais de 10 leis sancionadas pelo Poder Executivo Estadual. Entre elas, a Lei n\u00ba 11.352\/2021 &#8211; que criou a Carteira de Identifica\u00e7\u00e3o do Autista (CIA) &#8211; j\u00e1 beneficiou mais de 5.600 pessoas com TEA por meio da Secretaria de Estado de Assist\u00eancia Social e Cidadania (Setasc). Al\u00e9m disso, h\u00e1 outros projetos de lei em tramita\u00e7\u00e3o na Assembleia Legislativa. O parlamentar tamb\u00e9m realiza, anualmente, o Simp\u00f3sio do Autismo em Mato Grosso \u2013 \u201cDo Diagn\u00f3stico ao Tratamento\u201d, que j\u00e1 teve cinco edi\u00e7\u00f5es. Desde 2020, lidera o projeto \u201cDespertar para o Autismo\u201d, que leva informa\u00e7\u00f5es sobre o tema para comunidades, igrejas e escolas, promovendo uma sociedade mais inclusiva.<\/p>\n\n\n\n<p>O evento \u00e9 gratuito e aberto ao p\u00fablico, com emiss\u00e3o de certificados de participa\u00e7\u00e3o. A audi\u00eancia ser\u00e1 transmitida pelos canais de comunica\u00e7\u00e3o da Assembleia Legislativa no YouTube, Facebook e pelos canais 30.1 e 9.2 da TV Assembleia.<\/p>\n\n\n\n<p>SERVI\u00c7O<br>Evento: 1\u00b0 Audi\u00eancia P\u00fablica com o tema \u201cA realidade, as perspectivas e os desafios das pessoas com Transtorno do Espectro Autista (TEA)\u201d<br>Data: 01\/04\/2025<br>Hor\u00e1rio: 14h \u00e0s 18h<br>Local: Plen\u00e1rio das Delibera\u00e7\u00f5es \u201cDeputado Ren\u00ea Barbour\u201d da Assembleia Legislativa<\/p>\n","protected":false},"excerpt":{"rendered":"<p>Em alus\u00e3o ao Dia Mundial de Conscientiza\u00e7\u00e3o do Autismo, no dia 2 de abril, o deputado estadual Wilson Santos (PSD) vai promover a 1\u00b0 Audi\u00eancia P\u00fablica com o tema \u201cA realidade, as perspectivas e os desafios das pessoas com Transtorno do Espectro Autista (TEA)\u201d, nesta ter\u00e7a-feira (1\u00b0), entre 14h \u00e0s 18h, no Plen\u00e1rio das Delibera\u00e7\u00f5es [&hellip;]<\/p>\n","protected":false},"author":4,"featured_media":1401,"comment_status":"closed","ping_status":"open","sticky":false,"template":"","format":"standard","meta":{"footnotes":""},"categories":[13],"tags":[],"yoast_head":"<!-- This site is optimized with the Yoast SEO Premium plugin v21.5 (Yoast SEO v21.4) - https:\/\/yoast.com\/wordpress\/plugins\/seo\/ -->\n<title>Audi\u00eancia P\u00fablica debate sobre perspectivas e desafios com pessoas autistas nesta ter\u00e7a-feira (1\u00b0) - wilsonsantosmt.com.br<\/title>\n<meta name=\"robots\" content=\"index, follow, max-snippet:-1, max-image-preview:large, max-video-preview:-1\" \/>\n<link rel=\"canonical\" href=\"https:\/\/wilsonsantosmt.com.br\/index.php\/2025\/03\/31\/audiencia-publica-debate-sobre-perspectivas-e-desafios-com-pessoas-autistas-nesta-terca-feira-1\/\" \/>\n<meta property=\"og:locale\" content=\"pt_BR\" \/>\n<meta property=\"og:type\" content=\"article\" \/>\n<meta property=\"og:title\" content=\"Audi\u00eancia P\u00fablica debate sobre perspectivas e desafios com pessoas autistas nesta ter\u00e7a-feira (1\u00b0)\" \/>\n<meta property=\"og:description\" content=\"Em alus\u00e3o ao Dia Mundial de Conscientiza\u00e7\u00e3o do Autismo, no dia 2 de abril, o deputado estadual Wilson Santos (PSD) vai promover a 1\u00b0 Audi\u00eancia P\u00fablica com o tema \u201cA realidade, as perspectivas e os desafios das pessoas com Transtorno do Espectro Autista (TEA)\u201d, nesta ter\u00e7a-feira (1\u00b0), entre 14h \u00e0s 18h, no Plen\u00e1rio das Delibera\u00e7\u00f5es [&hellip;]\" \/>\n<meta property=\"og:url\" content=\"https:\/\/wilsonsantosmt.com.br\/index.php\/2025\/03\/31\/audiencia-publica-debate-sobre-perspectivas-e-desafios-com-pessoas-autistas-nesta-terca-feira-1\/\" \/>\n<meta property=\"og:site_name\" content=\"wilsonsantosmt.com.br\" \/>\n<meta property=\"article:publisher\" content=\"https:\/\/www.facebook.com\/WilsonSantosMT\/\" \/>\n<meta property=\"article:published_time\" content=\"2025-03-31T12:30:49+00:00\" \/>\n<meta property=\"article:modified_time\" content=\"2025-04-02T12:31:59+00:00\" \/>\n<meta property=\"og:image\" content=\"http:\/\/wilsonsantosmt.com.br\/wp-content\/uploads\/2025\/04\/WhatsApp-Image-2025-03-31-at-16.09.25-2.jpeg\" \/>\n\t<meta property=\"og:image:width\" content=\"1600\" \/>\n\t<meta property=\"og:image:height\" content=\"1067\" \/>\n\t<meta property=\"og:image:type\" content=\"image\/jpeg\" \/>\n<meta name=\"author\" content=\"Samantha dos Anjos\" \/>\n<meta name=\"twitter:card\" content=\"summary_large_image\" \/>\n<meta name=\"twitter:label1\" content=\"Escrito por\" \/>\n\t<meta name=\"twitter:data1\" content=\"Samantha dos Anjos\" \/>\n\t<meta name=\"twitter:label2\" content=\"Est. tempo de leitura\" \/>\n\t<meta name=\"twitter:data2\" content=\"3 minutos\" \/>\n<script type=\"application\/ld+json\" class=\"yoast-schema-graph\">{\"@context\":\"https:\/\/schema.org\",\"@graph\":[{\"@type\":\"Article\",\"@id\":\"https:\/\/wilsonsantosmt.com.br\/index.php\/2025\/03\/31\/audiencia-publica-debate-sobre-perspectivas-e-desafios-com-pessoas-autistas-nesta-terca-feira-1\/#article\",\"isPartOf\":{\"@id\":\"https:\/\/wilsonsantosmt.com.br\/index.php\/2025\/03\/31\/audiencia-publica-debate-sobre-perspectivas-e-desafios-com-pessoas-autistas-nesta-terca-feira-1\/\"},\"author\":{\"name\":\"Samantha dos Anjos\",\"@id\":\"https:\/\/wilsonsantosmt.com.br\/#\/schema\/person\/1d097ee45f526dd0455dbad8c679932c\"},\"headline\":\"Audi\u00eancia P\u00fablica debate sobre perspectivas e desafios com pessoas autistas nesta ter\u00e7a-feira (1\u00b0)\",\"datePublished\":\"2025-03-31T12:30:49+00:00\",\"dateModified\":\"2025-04-02T12:31:59+00:00\",\"mainEntityOfPage\":{\"@id\":\"https:\/\/wilsonsantosmt.com.br\/index.php\/2025\/03\/31\/audiencia-publica-debate-sobre-perspectivas-e-desafios-com-pessoas-autistas-nesta-terca-feira-1\/\"},\"wordCount\":544,\"publisher\":{\"@id\":\"https:\/\/wilsonsantosmt.com.br\/#\/schema\/person\/9de3c54961637a9eadb16bcbf895b1ef\"},\"articleSection\":[\"Not\u00edcias\"],\"inLanguage\":\"pt-BR\"},{\"@type\":\"WebPage\",\"@id\":\"https:\/\/wilsonsantosmt.com.br\/index.php\/2025\/03\/31\/audiencia-publica-debate-sobre-perspectivas-e-desafios-com-pessoas-autistas-nesta-terca-feira-1\/\",\"url\":\"https:\/\/wilsonsantosmt.com.br\/index.php\/2025\/03\/31\/audiencia-publica-debate-sobre-perspectivas-e-desafios-com-pessoas-autistas-nesta-terca-feira-1\/\",\"name\":\"Audi\u00eancia P\u00fablica debate sobre perspectivas e desafios com pessoas autistas nesta ter\u00e7a-feira (1\u00b0) - wilsonsantosmt.com.br\",\"isPartOf\":{\"@id\":\"https:\/\/wilsonsantosmt.com.br\/#website\"},\"datePublished\":\"2025-03-31T12:30:49+00:00\",\"dateModified\":\"2025-04-02T12:31:59+00:00\",\"breadcrumb\":{\"@id\":\"https:\/\/wilsonsantosmt.com.br\/index.php\/2025\/03\/31\/audiencia-publica-debate-sobre-perspectivas-e-desafios-com-pessoas-autistas-nesta-terca-feira-1\/#breadcrumb\"},\"inLanguage\":\"pt-BR\",\"potentialAction\":[{\"@type\":\"ReadAction\",\"target\":[\"https:\/\/wilsonsantosmt.com.br\/index.php\/2025\/03\/31\/audiencia-publica-debate-sobre-perspectivas-e-desafios-com-pessoas-autistas-nesta-terca-feira-1\/\"]}]},{\"@type\":\"BreadcrumbList\",\"@id\":\"https:\/\/wilsonsantosmt.com.br\/index.php\/2025\/03\/31\/audiencia-publica-debate-sobre-perspectivas-e-desafios-com-pessoas-autistas-nesta-terca-feira-1\/#breadcrumb\",\"itemListElement\":[{\"@type\":\"ListItem\",\"position\":1,\"name\":\"In\u00edcio\",\"item\":\"https:\/\/wilsonsantosmt.com.br\/\"},{\"@type\":\"ListItem\",\"position\":2,\"name\":\"Not\u00edcias\",\"item\":\"https:\/\/wilsonsantosmt.com.br\/index.php\/category\/noticias\/\"},{\"@type\":\"ListItem\",\"position\":3,\"name\":\"Audi\u00eancia P\u00fablica debate sobre perspectivas e desafios com pessoas autistas nesta ter\u00e7a-feira (1\u00b0)\"}]},{\"@type\":\"WebSite\",\"@id\":\"https:\/\/wilsonsantosmt.com.br\/#website\",\"url\":\"https:\/\/wilsonsantosmt.com.br\/\",\"name\":\"wilsonsantosmt.com.br\",\"description\":\"\",\"publisher\":{\"@id\":\"https:\/\/wilsonsantosmt.com.br\/#\/schema\/person\/9de3c54961637a9eadb16bcbf895b1ef\"},\"potentialAction\":[{\"@type\":\"SearchAction\",\"target\":{\"@type\":\"EntryPoint\",\"urlTemplate\":\"https:\/\/wilsonsantosmt.com.br\/?s={search_term_string}\"},\"query-input\":\"required name=search_term_string\"}],\"inLanguage\":\"pt-BR\"},{\"@type\":[\"Person\",\"Organization\"],\"@id\":\"https:\/\/wilsonsantosmt.com.br\/#\/schema\/person\/9de3c54961637a9eadb16bcbf895b1ef\",\"name\":\"Wilson Santos\",\"image\":{\"@type\":\"ImageObject\",\"inLanguage\":\"pt-BR\",\"@id\":\"https:\/\/wilsonsantosmt.com.br\/#\/schema\/person\/image\/\",\"url\":\"https:\/\/wilsonsantosmt.com.br\/wp-content\/uploads\/2023\/11\/310828673_653254583023360_8795459643194608438_n.jpg\",\"contentUrl\":\"https:\/\/wilsonsantosmt.com.br\/wp-content\/uploads\/2023\/11\/310828673_653254583023360_8795459643194608438_n.jpg\",\"width\":1078,\"height\":1079,\"caption\":\"Wilson Santos\"},\"logo\":{\"@id\":\"https:\/\/wilsonsantosmt.com.br\/#\/schema\/person\/image\/\"},\"sameAs\":[\"http:\/\/wilsonsantosmt.com.br\",\"https:\/\/www.facebook.com\/WilsonSantosMT\/\",\"https:\/\/www.instagram.com\/wilsonsantosmt\/\",\"https:\/\/www.youtube.com\/@WilsonSantosWS\/videos\",\"https:\/\/pt.wikipedia.org\/wiki\/Wilson_Santos\"],\"honorificPrefix\":\"Sr\",\"gender\":\"masculino\",\"jobTitle\":\"Deputado Estadual\",\"worksFor\":\"Assembleia Legislativa de Mato Grosso\"},{\"@type\":\"Person\",\"@id\":\"https:\/\/wilsonsantosmt.com.br\/#\/schema\/person\/1d097ee45f526dd0455dbad8c679932c\",\"name\":\"Samantha dos Anjos\",\"image\":{\"@type\":\"ImageObject\",\"inLanguage\":\"pt-BR\",\"@id\":\"https:\/\/wilsonsantosmt.com.br\/#\/schema\/person\/image\/\",\"url\":\"https:\/\/secure.gravatar.com\/avatar\/7d8d0b6dd67d134a9fa841bee90c57c7?s=96&d=mm&r=g\",\"contentUrl\":\"https:\/\/secure.gravatar.com\/avatar\/7d8d0b6dd67d134a9fa841bee90c57c7?s=96&d=mm&r=g\",\"caption\":\"Samantha dos Anjos\"},\"url\":\"https:\/\/wilsonsantosmt.com.br\/index.php\/author\/samantha-dos-anjos\/\"}]}<\/script>\n<!-- \/ Yoast SEO Premium plugin. -->","yoast_head_json":{"title":"Audi\u00eancia P\u00fablica debate sobre perspectivas e desafios com pessoas autistas nesta ter\u00e7a-feira (1\u00b0) - wilsonsantosmt.com.br","robots":{"index":"index","follow":"follow","max-snippet":"max-snippet:-1","max-image-preview":"max-image-preview:large","max-video-preview":"max-video-preview:-1"},"canonical":"https:\/\/wilsonsantosmt.com.br\/index.php\/2025\/03\/31\/audiencia-publica-debate-sobre-perspectivas-e-desafios-com-pessoas-autistas-nesta-terca-feira-1\/","og_locale":"pt_BR","og_type":"article","og_title":"Audi\u00eancia P\u00fablica debate sobre perspectivas e desafios com pessoas autistas nesta ter\u00e7a-feira (1\u00b0)","og_description":"Em alus\u00e3o ao Dia Mundial de Conscientiza\u00e7\u00e3o do Autismo, no dia 2 de abril, o deputado estadual Wilson Santos (PSD) vai promover a 1\u00b0 Audi\u00eancia P\u00fablica com o tema \u201cA realidade, as perspectivas e os desafios das pessoas com Transtorno do Espectro Autista (TEA)\u201d, nesta ter\u00e7a-feira (1\u00b0), entre 14h \u00e0s 18h, no Plen\u00e1rio das Delibera\u00e7\u00f5es [&hellip;]","og_url":"https:\/\/wilsonsantosmt.com.br\/index.php\/2025\/03\/31\/audiencia-publica-debate-sobre-perspectivas-e-desafios-com-pessoas-autistas-nesta-terca-feira-1\/","og_site_name":"wilsonsantosmt.com.br","article_publisher":"https:\/\/www.facebook.com\/WilsonSantosMT\/","article_published_time":"2025-03-31T12:30:49+00:00","article_modified_time":"2025-04-02T12:31:59+00:00","og_image":[{"width":1600,"height":1067,"url":"http:\/\/wilsonsantosmt.com.br\/wp-content\/uploads\/2025\/04\/WhatsApp-Image-2025-03-31-at-16.09.25-2.jpeg","type":"image\/jpeg"}],"author":"Samantha dos Anjos","twitter_card":"summary_large_image","twitter_misc":{"Escrito por":"Samantha dos Anjos","Est. tempo de leitura":"3 minutos"},"schema":{"@context":"https:\/\/schema.org","@graph":[{"@type":"Article","@id":"https:\/\/wilsonsantosmt.com.br\/index.php\/2025\/03\/31\/audiencia-publica-debate-sobre-perspectivas-e-desafios-com-pessoas-autistas-nesta-terca-feira-1\/#article","isPartOf":{"@id":"https:\/\/wilsonsantosmt.com.br\/index.php\/2025\/03\/31\/audiencia-publica-debate-sobre-perspectivas-e-desafios-com-pessoas-autistas-nesta-terca-feira-1\/"},"author":{"name":"Samantha dos Anjos","@id":"https:\/\/wilsonsantosmt.com.br\/#\/schema\/person\/1d097ee45f526dd0455dbad8c679932c"},"headline":"Audi\u00eancia P\u00fablica debate sobre perspectivas e desafios com pessoas autistas nesta ter\u00e7a-feira (1\u00b0)","datePublished":"2025-03-31T12:30:49+00:00","dateModified":"2025-04-02T12:31:59+00:00","mainEntityOfPage":{"@id":"https:\/\/wilsonsantosmt.com.br\/index.php\/2025\/03\/31\/audiencia-publica-debate-sobre-perspectivas-e-desafios-com-pessoas-autistas-nesta-terca-feira-1\/"},"wordCount":544,"publisher":{"@id":"https:\/\/wilsonsantosmt.com.br\/#\/schema\/person\/9de3c54961637a9eadb16bcbf895b1ef"},"articleSection":["Not\u00edcias"],"inLanguage":"pt-BR"},{"@type":"WebPage","@id":"https:\/\/wilsonsantosmt.com.br\/index.php\/2025\/03\/31\/audiencia-publica-debate-sobre-perspectivas-e-desafios-com-pessoas-autistas-nesta-terca-feira-1\/","url":"https:\/\/wilsonsantosmt.com.br\/index.php\/2025\/03\/31\/audiencia-publica-debate-sobre-perspectivas-e-desafios-com-pessoas-autistas-nesta-terca-feira-1\/","name":"Audi\u00eancia P\u00fablica debate sobre perspectivas e desafios com pessoas autistas nesta ter\u00e7a-feira (1\u00b0) - wilsonsantosmt.com.br","isPartOf":{"@id":"https:\/\/wilsonsantosmt.com.br\/#website"},"datePublished":"2025-03-31T12:30:49+00:00","dateModified":"2025-04-02T12:31:59+00:00","breadcrumb":{"@id":"https:\/\/wilsonsantosmt.com.br\/index.php\/2025\/03\/31\/audiencia-publica-debate-sobre-perspectivas-e-desafios-com-pessoas-autistas-nesta-terca-feira-1\/#breadcrumb"},"inLanguage":"pt-BR","potentialAction":[{"@type":"ReadAction","target":["https:\/\/wilsonsantosmt.com.br\/index.php\/2025\/03\/31\/audiencia-publica-debate-sobre-perspectivas-e-desafios-com-pessoas-autistas-nesta-terca-feira-1\/"]}]},{"@type":"BreadcrumbList","@id":"https:\/\/wilsonsantosmt.com.br\/index.php\/2025\/03\/31\/audiencia-publica-debate-sobre-perspectivas-e-desafios-com-pessoas-autistas-nesta-terca-feira-1\/#breadcrumb","itemListElement":[{"@type":"ListItem","position":1,"name":"In\u00edcio","item":"https:\/\/wilsonsantosmt.com.br\/"},{"@type":"ListItem","position":2,"name":"Not\u00edcias","item":"https:\/\/wilsonsantosmt.com.br\/index.php\/category\/noticias\/"},{"@type":"ListItem","position":3,"name":"Audi\u00eancia P\u00fablica debate sobre perspectivas e desafios com pessoas autistas nesta ter\u00e7a-feira (1\u00b0)"}]},{"@type":"WebSite","@id":"https:\/\/wilsonsantosmt.com.br\/#website","url":"https:\/\/wilsonsantosmt.com.br\/","name":"wilsonsantosmt.com.br","description":"","publisher":{"@id":"https:\/\/wilsonsantosmt.com.br\/#\/schema\/person\/9de3c54961637a9eadb16bcbf895b1ef"},"potentialAction":[{"@type":"SearchAction","target":{"@type":"EntryPoint","urlTemplate":"https:\/\/wilsonsantosmt.com.br\/?s={search_term_string}"},"query-input":"required name=search_term_string"}],"inLanguage":"pt-BR"},{"@type":["Person","Organization"],"@id":"https:\/\/wilsonsantosmt.com.br\/#\/schema\/person\/9de3c54961637a9eadb16bcbf895b1ef","name":"Wilson Santos","image":{"@type":"ImageObject","inLanguage":"pt-BR","@id":"https:\/\/wilsonsantosmt.com.br\/#\/schema\/person\/image\/","url":"https:\/\/wilsonsantosmt.com.br\/wp-content\/uploads\/2023\/11\/310828673_653254583023360_8795459643194608438_n.jpg","contentUrl":"https:\/\/wilsonsantosmt.com.br\/wp-content\/uploads\/2023\/11\/310828673_653254583023360_8795459643194608438_n.jpg","width":1078,"height":1079,"caption":"Wilson Santos"},"logo":{"@id":"https:\/\/wilsonsantosmt.com.br\/#\/schema\/person\/image\/"},"sameAs":["http:\/\/wilsonsantosmt.com.br","https:\/\/www.facebook.com\/WilsonSantosMT\/","https:\/\/www.instagram.com\/wilsonsantosmt\/","https:\/\/www.youtube.com\/@WilsonSantosWS\/videos","https:\/\/pt.wikipedia.org\/wiki\/Wilson_Santos"],"honorificPrefix":"Sr","gender":"masculino","jobTitle":"Deputado Estadual","worksFor":"Assembleia Legislativa de Mato Grosso"},{"@type":"Person","@id":"https:\/\/wilsonsantosmt.com.br\/#\/schema\/person\/1d097ee45f526dd0455dbad8c679932c","name":"Samantha dos Anjos","image":{"@type":"ImageObject","inLanguage":"pt-BR","@id":"https:\/\/wilsonsantosmt.com.br\/#\/schema\/person\/image\/","url":"https:\/\/secure.gravatar.com\/avatar\/7d8d0b6dd67d134a9fa841bee90c57c7?s=96&d=mm&r=g","contentUrl":"https:\/\/secure.gravatar.com\/avatar\/7d8d0b6dd67d134a9fa841bee90c57c7?s=96&d=mm&r=g","caption":"Samantha dos Anjos"},"url":"https:\/\/wilsonsantosmt.com.br\/index.php\/author\/samantha-dos-anjos\/"}]}},"_links":{"self":[{"href":"https:\/\/wilsonsantosmt.com.br\/index.php\/wp-json\/wp\/v2\/posts\/1400"}],"collection":[{"href":"https:\/\/wilsonsantosmt.com.br\/index.php\/wp-json\/wp\/v2\/posts"}],"about":[{"href":"https:\/\/wilsonsantosmt.com.br\/index.php\/wp-json\/wp\/v2\/types\/post"}],"author":[{"embeddable":true,"href":"https:\/\/wilsonsantosmt.com.br\/index.php\/wp-json\/wp\/v2\/users\/4"}],"replies":[{"embeddable":true,"href":"https:\/\/wilsonsantosmt.com.br\/index.php\/wp-json\/wp\/v2\/comments?post=1400"}],"version-history":[{"count":1,"href":"https:\/\/wilsonsantosmt.com.br\/index.php\/wp-json\/wp\/v2\/posts\/1400\/revisions"}],"predecessor-version":[{"id":1402,"href":"https:\/\/wilsonsantosmt.com.br\/index.php\/wp-json\/wp\/v2\/posts\/1400\/revisions\/1402"}],"wp:featuredmedia":[{"embeddable":true,"href":"https:\/\/wilsonsantosmt.com.br\/index.php\/wp-json\/wp\/v2\/media\/1401"}],"wp:attachment":[{"href":"https:\/\/wilsonsantosmt.com.br\/index.php\/wp-json\/wp\/v2\/media?parent=1400"}],"wp:term":[{"taxonomy":"category","embeddable":true,"href":"https:\/\/wilsonsantosmt.com.br\/index.php\/wp-json\/wp\/v2\/categories?post=1400"},{"taxonomy":"post_tag","embeddable":true,"href":"https:\/\/wilsonsantosmt.com.br\/index.php\/wp-json\/wp\/v2\/tags?post=1400"}],"curies":[{"name":"wp","href":"https:\/\/api.w.org\/{rel}","templated":true}]}}