{"id":1467,"date":"2025-04-29T09:03:18","date_gmt":"2025-04-29T13:03:18","guid":{"rendered":"https:\/\/wilsonsantosmt.com.br\/?p=1467"},"modified":"2025-04-29T09:03:19","modified_gmt":"2025-04-29T13:03:19","slug":"wilson-santos-homenageia-policiais-civis-por-excelencia-na-seguranca-publica","status":"publish","type":"post","link":"https:\/\/wilsonsantosmt.com.br\/index.php\/2025\/04\/29\/wilson-santos-homenageia-policiais-civis-por-excelencia-na-seguranca-publica\/","title":{"rendered":"Wilson Santos homenageia policiais civis por excel\u00eancia na seguran\u00e7a p\u00fablica"},"content":{"rendered":"\n<p><\/p>\n\n\n\n<p>Neste ano, a Pol\u00edcia Judici\u00e1ria Civil de Mato Grosso (PJC) completa 183 anos de exist\u00eancia, os resultados alcan\u00e7ados nos \u00faltimos anos comprovam a efici\u00eancia e o comprometimento dos servidores na garantia da seguran\u00e7a para a sociedade mato-grossense. Em reconhecimento a esse trabalho, o deputado estadual Wilson Santos (PSD) realizou, na \u00faltima quarta-feira (23), uma sess\u00e3o solene para homenage\u00e1-los com importantes honrarias, incluindo as comendas Dante de Oliveira e Filinto M\u00fcller, mo\u00e7\u00f5es de aplauso e t\u00edtulos de cidad\u00e3o mato-grossense.<\/p>\n\n\n\n<p>\u201cSeguran\u00e7a \u00e9 um dos direitos naturais do cidad\u00e3o, que vem antes dos direitos constitucionais. S\u00e3o quatro direitos naturais: \u00e0 vida, \u00e0 liberdade, \u00e0 propriedade e \u00e0 seguran\u00e7a. A Pol\u00edcia Civil Judici\u00e1ria \u00e9 exemplo nacional, com \u00edndice de resolutividade acima de 90%. Dificilmente se encontra algum crime em Mato Grosso que n\u00e3o tenha sido devidamente elucidado e seus respons\u00e1veis entregues ao Poder Judici\u00e1rio. Temos que exaltar, com orgulho, a nossa pol\u00edcia civil pelo grau de efici\u00eancia e compet\u00eancia. \u00c9 uma pol\u00edcia que trabalha sem pirotecnia, silenciosamente, mas que traz resultados concretos para a sociedade. Que esses profissionais se sintam reconhecidos e motivados para seguir fazendo da Pol\u00edcia Judici\u00e1ria Civil de Mato Grosso a melhor do pa\u00eds\u201d, destacou o parlamentar.<\/p>\n\n\n\n<p>A delegada-geral da PJC, Daniela Siqueira Maidel, destacou que, apenas no ano passado, foram realizadas 488 opera\u00e7\u00f5es com \u00eaxito em diferentes regi\u00f5es do Estado. \u201cNosso papel \u00e9 investigar e temos a miss\u00e3o de faz\u00ea-lo com qualidade, assegurando a prote\u00e7\u00e3o da popula\u00e7\u00e3o. Vivemos um momento muito positivo, impulsionado pelo uso da tecnologia e da capacita\u00e7\u00e3o, o que tem nos permitido enfrentar o crime de maneira mais qualificada\u201d, afirmou a delegada, que atua h\u00e1 24 anos na institui\u00e7\u00e3o e recebeu a comenda Filinto M\u00fcller.<\/p>\n\n\n\n<figure class=\"wp-block-image size-large\"><img fetchpriority=\"high\" decoding=\"async\" width=\"1024\" height=\"682\" src=\"http:\/\/wilsonsantosmt.com.br\/wp-content\/uploads\/2025\/04\/WhatsApp-Image-2025-04-29-at-08.37.51-1-1024x682.jpeg\" alt=\"\" class=\"wp-image-1469\" srcset=\"https:\/\/wilsonsantosmt.com.br\/wp-content\/uploads\/2025\/04\/WhatsApp-Image-2025-04-29-at-08.37.51-1-1024x682.jpeg 1024w, https:\/\/wilsonsantosmt.com.br\/wp-content\/uploads\/2025\/04\/WhatsApp-Image-2025-04-29-at-08.37.51-1-300x200.jpeg 300w, https:\/\/wilsonsantosmt.com.br\/wp-content\/uploads\/2025\/04\/WhatsApp-Image-2025-04-29-at-08.37.51-1-768x512.jpeg 768w, https:\/\/wilsonsantosmt.com.br\/wp-content\/uploads\/2025\/04\/WhatsApp-Image-2025-04-29-at-08.37.51-1-1536x1023.jpeg 1536w, https:\/\/wilsonsantosmt.com.br\/wp-content\/uploads\/2025\/04\/WhatsApp-Image-2025-04-29-at-08.37.51-1-600x400.jpeg 600w, https:\/\/wilsonsantosmt.com.br\/wp-content\/uploads\/2025\/04\/WhatsApp-Image-2025-04-29-at-08.37.51-1.jpeg 1600w\" sizes=\"(max-width: 1024px) 100vw, 1024px\" \/><\/figure>\n\n\n\n<p>Ela agradeceu ao deputado Wilson Santos pelo reconhecimento, estendendo a homenagem a todos os delegados, investigadores e escriv\u00e3es da PJC. \u201cEssa \u00e9 uma homenagem a todos os nossos policiais civis, que se empenham diariamente para produzir investiga\u00e7\u00f5es qualificadas. \u00c9 uma honra para qualquer delegado de pol\u00edcia receber esse reconhecimento\u201d, completou.<\/p>\n\n\n\n<figure class=\"wp-block-image size-large\"><img decoding=\"async\" width=\"1024\" height=\"683\" src=\"http:\/\/wilsonsantosmt.com.br\/wp-content\/uploads\/2025\/04\/85a824efa74b82e53cdeb06c35c4ff2a680a2af751a46-1024x683.jpg\" alt=\"\" class=\"wp-image-1470\" srcset=\"https:\/\/wilsonsantosmt.com.br\/wp-content\/uploads\/2025\/04\/85a824efa74b82e53cdeb06c35c4ff2a680a2af751a46-1024x683.jpg 1024w, https:\/\/wilsonsantosmt.com.br\/wp-content\/uploads\/2025\/04\/85a824efa74b82e53cdeb06c35c4ff2a680a2af751a46-300x200.jpg 300w, https:\/\/wilsonsantosmt.com.br\/wp-content\/uploads\/2025\/04\/85a824efa74b82e53cdeb06c35c4ff2a680a2af751a46-768x512.jpg 768w, https:\/\/wilsonsantosmt.com.br\/wp-content\/uploads\/2025\/04\/85a824efa74b82e53cdeb06c35c4ff2a680a2af751a46-1536x1024.jpg 1536w, https:\/\/wilsonsantosmt.com.br\/wp-content\/uploads\/2025\/04\/85a824efa74b82e53cdeb06c35c4ff2a680a2af751a46-600x400.jpg 600w, https:\/\/wilsonsantosmt.com.br\/wp-content\/uploads\/2025\/04\/85a824efa74b82e53cdeb06c35c4ff2a680a2af751a46.jpg 1600w\" sizes=\"(max-width: 1024px) 100vw, 1024px\" \/><\/figure>\n\n\n\n<p>A secret\u00e1ria municipal de Ordem P\u00fablica de Cuiab\u00e1 e delegada de pol\u00edcia, Juliana Chiquito Palhares, tamb\u00e9m foi agraciada com a comenda Filinto M\u00fcller. Em sua trajet\u00f3ria de 18 anos na PJC, ela expressou gratid\u00e3o pela homenagem. J\u00e1 o delegado Victor Hugo Bruzulato Teixeira, atual secret\u00e1rio de Justi\u00e7a e titular da Secretaria Estadual de Seguran\u00e7a P\u00fablica (Sesp), recebeu a comenda Dante de Oliveira.<\/p>\n\n\n\n<p>\u201cEm 18 anos de profiss\u00e3o na seguran\u00e7a p\u00fablica, trabalhei muitos anos no interior, principalmente na regi\u00e3o de Rondon\u00f3polis. Desde 2013, em Cuiab\u00e1, atuei em delegacias especializadas e na Ger\u00eancia de Combate ao Crime Organizado, al\u00e9m da Diretoria da PJC. Agrade\u00e7o a Deus, \u00e0 minha fam\u00edlia, aos colegas de profiss\u00e3o e ao deputado Wilson Santos e \u00e0 Assembleia Legislativa por este reconhecimento t\u00e3o importante para o nosso Estado\u201d, declarou o secret\u00e1rio.<\/p>\n\n\n\n<figure class=\"wp-block-image size-large\"><img decoding=\"async\" width=\"1024\" height=\"683\" src=\"http:\/\/wilsonsantosmt.com.br\/wp-content\/uploads\/2025\/04\/36c60e9cd0a07d465a874cf3c65ce135680a2af9821b2-1024x683.jpg\" alt=\"\" class=\"wp-image-1471\" srcset=\"https:\/\/wilsonsantosmt.com.br\/wp-content\/uploads\/2025\/04\/36c60e9cd0a07d465a874cf3c65ce135680a2af9821b2-1024x683.jpg 1024w, https:\/\/wilsonsantosmt.com.br\/wp-content\/uploads\/2025\/04\/36c60e9cd0a07d465a874cf3c65ce135680a2af9821b2-300x200.jpg 300w, https:\/\/wilsonsantosmt.com.br\/wp-content\/uploads\/2025\/04\/36c60e9cd0a07d465a874cf3c65ce135680a2af9821b2-768x512.jpg 768w, https:\/\/wilsonsantosmt.com.br\/wp-content\/uploads\/2025\/04\/36c60e9cd0a07d465a874cf3c65ce135680a2af9821b2-1536x1024.jpg 1536w, https:\/\/wilsonsantosmt.com.br\/wp-content\/uploads\/2025\/04\/36c60e9cd0a07d465a874cf3c65ce135680a2af9821b2-2048x1365.jpg 2048w, https:\/\/wilsonsantosmt.com.br\/wp-content\/uploads\/2025\/04\/36c60e9cd0a07d465a874cf3c65ce135680a2af9821b2-600x400.jpg 600w\" sizes=\"(max-width: 1024px) 100vw, 1024px\" \/><\/figure>\n\n\n\n<p>A investigadora Andrea Pinheiro Moraes, que atua na Diretoria Geral da PJC, lembrou os avan\u00e7os da institui\u00e7\u00e3o em seus 17 anos de carreira. \u201cFico honrada com essa homenagem. Trabalhamos por amor e ser reconhecido \u00e9 ainda melhor. A Assembleia e os deputados demonstram que reconhecem a import\u00e2ncia da seguran\u00e7a p\u00fablica, \u00e0 qual nos dedicamos 24 horas por dia\u201d, afirmou ela, que recebeu uma mo\u00e7\u00e3o de aplausos.<\/p>\n\n\n\n<figure class=\"wp-block-image size-large\"><img loading=\"lazy\" decoding=\"async\" width=\"1024\" height=\"683\" src=\"http:\/\/wilsonsantosmt.com.br\/wp-content\/uploads\/2025\/04\/7577fd83c01761a9f992cb0e5e7d8dd3680a2afdc7336-1024x683.jpg\" alt=\"\" class=\"wp-image-1472\" srcset=\"https:\/\/wilsonsantosmt.com.br\/wp-content\/uploads\/2025\/04\/7577fd83c01761a9f992cb0e5e7d8dd3680a2afdc7336-1024x683.jpg 1024w, https:\/\/wilsonsantosmt.com.br\/wp-content\/uploads\/2025\/04\/7577fd83c01761a9f992cb0e5e7d8dd3680a2afdc7336-300x200.jpg 300w, https:\/\/wilsonsantosmt.com.br\/wp-content\/uploads\/2025\/04\/7577fd83c01761a9f992cb0e5e7d8dd3680a2afdc7336-768x512.jpg 768w, https:\/\/wilsonsantosmt.com.br\/wp-content\/uploads\/2025\/04\/7577fd83c01761a9f992cb0e5e7d8dd3680a2afdc7336-1536x1024.jpg 1536w, https:\/\/wilsonsantosmt.com.br\/wp-content\/uploads\/2025\/04\/7577fd83c01761a9f992cb0e5e7d8dd3680a2afdc7336-2048x1365.jpg 2048w, https:\/\/wilsonsantosmt.com.br\/wp-content\/uploads\/2025\/04\/7577fd83c01761a9f992cb0e5e7d8dd3680a2afdc7336-600x400.jpg 600w\" sizes=\"(max-width: 1024px) 100vw, 1024px\" \/><\/figure>\n\n\n\n<p>O escriv\u00e3o Djalma Dias, da Delegacia Especializada de Repress\u00e3o a Narc\u00f3ticos (Denarc), tamb\u00e9m homenageado, relatou suas experi\u00eancias em 14 anos de servi\u00e7o. \u201cQuando investimos em uma carreira na pol\u00edcia, sabemos dos desafios. Trabalhamos com afinco para combater a criminalidade e trazer seguran\u00e7a ao cidad\u00e3o. Este reconhecimento \u00e9 motivo de muita gratid\u00e3o\u201d, declarou.<\/p>\n","protected":false},"excerpt":{"rendered":"<p>Neste ano, a Pol\u00edcia Judici\u00e1ria Civil de Mato Grosso (PJC) completa 183 anos de exist\u00eancia, os resultados alcan\u00e7ados nos \u00faltimos anos comprovam a efici\u00eancia e o comprometimento dos servidores na garantia da seguran\u00e7a para a sociedade mato-grossense. Em reconhecimento a esse trabalho, o deputado estadual Wilson Santos (PSD) realizou, na \u00faltima quarta-feira (23), uma sess\u00e3o [&hellip;]<\/p>\n","protected":false},"author":4,"featured_media":1468,"comment_status":"closed","ping_status":"open","sticky":false,"template":"","format":"standard","meta":{"footnotes":""},"categories":[13],"tags":[],"yoast_head":"<!-- This site is optimized with the Yoast SEO Premium plugin v21.5 (Yoast SEO v21.4) - https:\/\/yoast.com\/wordpress\/plugins\/seo\/ -->\n<title>Wilson Santos homenageia policiais civis por excel\u00eancia na seguran\u00e7a p\u00fablica - wilsonsantosmt.com.br<\/title>\n<meta name=\"robots\" content=\"index, follow, max-snippet:-1, max-image-preview:large, max-video-preview:-1\" \/>\n<link rel=\"canonical\" href=\"https:\/\/wilsonsantosmt.com.br\/index.php\/2025\/04\/29\/wilson-santos-homenageia-policiais-civis-por-excelencia-na-seguranca-publica\/\" \/>\n<meta property=\"og:locale\" content=\"pt_BR\" \/>\n<meta property=\"og:type\" content=\"article\" \/>\n<meta property=\"og:title\" content=\"Wilson Santos homenageia policiais civis por excel\u00eancia na seguran\u00e7a p\u00fablica\" \/>\n<meta property=\"og:description\" content=\"Neste ano, a Pol\u00edcia Judici\u00e1ria Civil de Mato Grosso (PJC) completa 183 anos de exist\u00eancia, os resultados alcan\u00e7ados nos \u00faltimos anos comprovam a efici\u00eancia e o comprometimento dos servidores na garantia da seguran\u00e7a para a sociedade mato-grossense. Em reconhecimento a esse trabalho, o deputado estadual Wilson Santos (PSD) realizou, na \u00faltima quarta-feira (23), uma sess\u00e3o [&hellip;]\" \/>\n<meta property=\"og:url\" content=\"https:\/\/wilsonsantosmt.com.br\/index.php\/2025\/04\/29\/wilson-santos-homenageia-policiais-civis-por-excelencia-na-seguranca-publica\/\" \/>\n<meta property=\"og:site_name\" content=\"wilsonsantosmt.com.br\" \/>\n<meta property=\"article:publisher\" content=\"https:\/\/www.facebook.com\/WilsonSantosMT\/\" \/>\n<meta property=\"article:published_time\" content=\"2025-04-29T13:03:18+00:00\" \/>\n<meta property=\"article:modified_time\" content=\"2025-04-29T13:03:19+00:00\" \/>\n<meta property=\"og:image\" content=\"http:\/\/wilsonsantosmt.com.br\/wp-content\/uploads\/2025\/04\/WhatsApp-Image-2025-04-29-at-08.37.51.jpeg\" \/>\n\t<meta property=\"og:image:width\" content=\"1600\" \/>\n\t<meta property=\"og:image:height\" content=\"1067\" \/>\n\t<meta property=\"og:image:type\" content=\"image\/jpeg\" \/>\n<meta name=\"author\" content=\"Samantha dos Anjos\" \/>\n<meta name=\"twitter:card\" content=\"summary_large_image\" \/>\n<meta name=\"twitter:label1\" content=\"Escrito por\" \/>\n\t<meta name=\"twitter:data1\" content=\"Samantha dos Anjos\" \/>\n\t<meta name=\"twitter:label2\" content=\"Est. tempo de leitura\" \/>\n\t<meta name=\"twitter:data2\" content=\"4 minutos\" \/>\n<script type=\"application\/ld+json\" class=\"yoast-schema-graph\">{\"@context\":\"https:\/\/schema.org\",\"@graph\":[{\"@type\":\"Article\",\"@id\":\"https:\/\/wilsonsantosmt.com.br\/index.php\/2025\/04\/29\/wilson-santos-homenageia-policiais-civis-por-excelencia-na-seguranca-publica\/#article\",\"isPartOf\":{\"@id\":\"https:\/\/wilsonsantosmt.com.br\/index.php\/2025\/04\/29\/wilson-santos-homenageia-policiais-civis-por-excelencia-na-seguranca-publica\/\"},\"author\":{\"name\":\"Samantha dos Anjos\",\"@id\":\"https:\/\/wilsonsantosmt.com.br\/#\/schema\/person\/1d097ee45f526dd0455dbad8c679932c\"},\"headline\":\"Wilson Santos homenageia policiais civis por excel\u00eancia na seguran\u00e7a p\u00fablica\",\"datePublished\":\"2025-04-29T13:03:18+00:00\",\"dateModified\":\"2025-04-29T13:03:19+00:00\",\"mainEntityOfPage\":{\"@id\":\"https:\/\/wilsonsantosmt.com.br\/index.php\/2025\/04\/29\/wilson-santos-homenageia-policiais-civis-por-excelencia-na-seguranca-publica\/\"},\"wordCount\":644,\"publisher\":{\"@id\":\"https:\/\/wilsonsantosmt.com.br\/#\/schema\/person\/9de3c54961637a9eadb16bcbf895b1ef\"},\"articleSection\":[\"Not\u00edcias\"],\"inLanguage\":\"pt-BR\"},{\"@type\":\"WebPage\",\"@id\":\"https:\/\/wilsonsantosmt.com.br\/index.php\/2025\/04\/29\/wilson-santos-homenageia-policiais-civis-por-excelencia-na-seguranca-publica\/\",\"url\":\"https:\/\/wilsonsantosmt.com.br\/index.php\/2025\/04\/29\/wilson-santos-homenageia-policiais-civis-por-excelencia-na-seguranca-publica\/\",\"name\":\"Wilson Santos homenageia policiais civis por excel\u00eancia na seguran\u00e7a p\u00fablica - wilsonsantosmt.com.br\",\"isPartOf\":{\"@id\":\"https:\/\/wilsonsantosmt.com.br\/#website\"},\"datePublished\":\"2025-04-29T13:03:18+00:00\",\"dateModified\":\"2025-04-29T13:03:19+00:00\",\"breadcrumb\":{\"@id\":\"https:\/\/wilsonsantosmt.com.br\/index.php\/2025\/04\/29\/wilson-santos-homenageia-policiais-civis-por-excelencia-na-seguranca-publica\/#breadcrumb\"},\"inLanguage\":\"pt-BR\",\"potentialAction\":[{\"@type\":\"ReadAction\",\"target\":[\"https:\/\/wilsonsantosmt.com.br\/index.php\/2025\/04\/29\/wilson-santos-homenageia-policiais-civis-por-excelencia-na-seguranca-publica\/\"]}]},{\"@type\":\"BreadcrumbList\",\"@id\":\"https:\/\/wilsonsantosmt.com.br\/index.php\/2025\/04\/29\/wilson-santos-homenageia-policiais-civis-por-excelencia-na-seguranca-publica\/#breadcrumb\",\"itemListElement\":[{\"@type\":\"ListItem\",\"position\":1,\"name\":\"In\u00edcio\",\"item\":\"https:\/\/wilsonsantosmt.com.br\/\"},{\"@type\":\"ListItem\",\"position\":2,\"name\":\"Not\u00edcias\",\"item\":\"https:\/\/wilsonsantosmt.com.br\/index.php\/category\/noticias\/\"},{\"@type\":\"ListItem\",\"position\":3,\"name\":\"Wilson Santos homenageia policiais civis por excel\u00eancia na seguran\u00e7a p\u00fablica\"}]},{\"@type\":\"WebSite\",\"@id\":\"https:\/\/wilsonsantosmt.com.br\/#website\",\"url\":\"https:\/\/wilsonsantosmt.com.br\/\",\"name\":\"wilsonsantosmt.com.br\",\"description\":\"\",\"publisher\":{\"@id\":\"https:\/\/wilsonsantosmt.com.br\/#\/schema\/person\/9de3c54961637a9eadb16bcbf895b1ef\"},\"potentialAction\":[{\"@type\":\"SearchAction\",\"target\":{\"@type\":\"EntryPoint\",\"urlTemplate\":\"https:\/\/wilsonsantosmt.com.br\/?s={search_term_string}\"},\"query-input\":\"required name=search_term_string\"}],\"inLanguage\":\"pt-BR\"},{\"@type\":[\"Person\",\"Organization\"],\"@id\":\"https:\/\/wilsonsantosmt.com.br\/#\/schema\/person\/9de3c54961637a9eadb16bcbf895b1ef\",\"name\":\"Wilson Santos\",\"image\":{\"@type\":\"ImageObject\",\"inLanguage\":\"pt-BR\",\"@id\":\"https:\/\/wilsonsantosmt.com.br\/#\/schema\/person\/image\/\",\"url\":\"https:\/\/wilsonsantosmt.com.br\/wp-content\/uploads\/2023\/11\/310828673_653254583023360_8795459643194608438_n.jpg\",\"contentUrl\":\"https:\/\/wilsonsantosmt.com.br\/wp-content\/uploads\/2023\/11\/310828673_653254583023360_8795459643194608438_n.jpg\",\"width\":1078,\"height\":1079,\"caption\":\"Wilson Santos\"},\"logo\":{\"@id\":\"https:\/\/wilsonsantosmt.com.br\/#\/schema\/person\/image\/\"},\"sameAs\":[\"http:\/\/wilsonsantosmt.com.br\",\"https:\/\/www.facebook.com\/WilsonSantosMT\/\",\"https:\/\/www.instagram.com\/wilsonsantosmt\/\",\"https:\/\/www.youtube.com\/@WilsonSantosWS\/videos\",\"https:\/\/pt.wikipedia.org\/wiki\/Wilson_Santos\"],\"honorificPrefix\":\"Sr\",\"gender\":\"masculino\",\"jobTitle\":\"Deputado Estadual\",\"worksFor\":\"Assembleia Legislativa de Mato Grosso\"},{\"@type\":\"Person\",\"@id\":\"https:\/\/wilsonsantosmt.com.br\/#\/schema\/person\/1d097ee45f526dd0455dbad8c679932c\",\"name\":\"Samantha dos Anjos\",\"image\":{\"@type\":\"ImageObject\",\"inLanguage\":\"pt-BR\",\"@id\":\"https:\/\/wilsonsantosmt.com.br\/#\/schema\/person\/image\/\",\"url\":\"https:\/\/secure.gravatar.com\/avatar\/7d8d0b6dd67d134a9fa841bee90c57c7?s=96&d=mm&r=g\",\"contentUrl\":\"https:\/\/secure.gravatar.com\/avatar\/7d8d0b6dd67d134a9fa841bee90c57c7?s=96&d=mm&r=g\",\"caption\":\"Samantha dos Anjos\"},\"url\":\"https:\/\/wilsonsantosmt.com.br\/index.php\/author\/samantha-dos-anjos\/\"}]}<\/script>\n<!-- \/ Yoast SEO Premium plugin. -->","yoast_head_json":{"title":"Wilson Santos homenageia policiais civis por excel\u00eancia na seguran\u00e7a p\u00fablica - wilsonsantosmt.com.br","robots":{"index":"index","follow":"follow","max-snippet":"max-snippet:-1","max-image-preview":"max-image-preview:large","max-video-preview":"max-video-preview:-1"},"canonical":"https:\/\/wilsonsantosmt.com.br\/index.php\/2025\/04\/29\/wilson-santos-homenageia-policiais-civis-por-excelencia-na-seguranca-publica\/","og_locale":"pt_BR","og_type":"article","og_title":"Wilson Santos homenageia policiais civis por excel\u00eancia na seguran\u00e7a p\u00fablica","og_description":"Neste ano, a Pol\u00edcia Judici\u00e1ria Civil de Mato Grosso (PJC) completa 183 anos de exist\u00eancia, os resultados alcan\u00e7ados nos \u00faltimos anos comprovam a efici\u00eancia e o comprometimento dos servidores na garantia da seguran\u00e7a para a sociedade mato-grossense. Em reconhecimento a esse trabalho, o deputado estadual Wilson Santos (PSD) realizou, na \u00faltima quarta-feira (23), uma sess\u00e3o [&hellip;]","og_url":"https:\/\/wilsonsantosmt.com.br\/index.php\/2025\/04\/29\/wilson-santos-homenageia-policiais-civis-por-excelencia-na-seguranca-publica\/","og_site_name":"wilsonsantosmt.com.br","article_publisher":"https:\/\/www.facebook.com\/WilsonSantosMT\/","article_published_time":"2025-04-29T13:03:18+00:00","article_modified_time":"2025-04-29T13:03:19+00:00","og_image":[{"width":1600,"height":1067,"url":"http:\/\/wilsonsantosmt.com.br\/wp-content\/uploads\/2025\/04\/WhatsApp-Image-2025-04-29-at-08.37.51.jpeg","type":"image\/jpeg"}],"author":"Samantha dos Anjos","twitter_card":"summary_large_image","twitter_misc":{"Escrito por":"Samantha dos Anjos","Est. tempo de leitura":"4 minutos"},"schema":{"@context":"https:\/\/schema.org","@graph":[{"@type":"Article","@id":"https:\/\/wilsonsantosmt.com.br\/index.php\/2025\/04\/29\/wilson-santos-homenageia-policiais-civis-por-excelencia-na-seguranca-publica\/#article","isPartOf":{"@id":"https:\/\/wilsonsantosmt.com.br\/index.php\/2025\/04\/29\/wilson-santos-homenageia-policiais-civis-por-excelencia-na-seguranca-publica\/"},"author":{"name":"Samantha dos Anjos","@id":"https:\/\/wilsonsantosmt.com.br\/#\/schema\/person\/1d097ee45f526dd0455dbad8c679932c"},"headline":"Wilson Santos homenageia policiais civis por excel\u00eancia na seguran\u00e7a p\u00fablica","datePublished":"2025-04-29T13:03:18+00:00","dateModified":"2025-04-29T13:03:19+00:00","mainEntityOfPage":{"@id":"https:\/\/wilsonsantosmt.com.br\/index.php\/2025\/04\/29\/wilson-santos-homenageia-policiais-civis-por-excelencia-na-seguranca-publica\/"},"wordCount":644,"publisher":{"@id":"https:\/\/wilsonsantosmt.com.br\/#\/schema\/person\/9de3c54961637a9eadb16bcbf895b1ef"},"articleSection":["Not\u00edcias"],"inLanguage":"pt-BR"},{"@type":"WebPage","@id":"https:\/\/wilsonsantosmt.com.br\/index.php\/2025\/04\/29\/wilson-santos-homenageia-policiais-civis-por-excelencia-na-seguranca-publica\/","url":"https:\/\/wilsonsantosmt.com.br\/index.php\/2025\/04\/29\/wilson-santos-homenageia-policiais-civis-por-excelencia-na-seguranca-publica\/","name":"Wilson Santos homenageia policiais civis por excel\u00eancia na seguran\u00e7a p\u00fablica - wilsonsantosmt.com.br","isPartOf":{"@id":"https:\/\/wilsonsantosmt.com.br\/#website"},"datePublished":"2025-04-29T13:03:18+00:00","dateModified":"2025-04-29T13:03:19+00:00","breadcrumb":{"@id":"https:\/\/wilsonsantosmt.com.br\/index.php\/2025\/04\/29\/wilson-santos-homenageia-policiais-civis-por-excelencia-na-seguranca-publica\/#breadcrumb"},"inLanguage":"pt-BR","potentialAction":[{"@type":"ReadAction","target":["https:\/\/wilsonsantosmt.com.br\/index.php\/2025\/04\/29\/wilson-santos-homenageia-policiais-civis-por-excelencia-na-seguranca-publica\/"]}]},{"@type":"BreadcrumbList","@id":"https:\/\/wilsonsantosmt.com.br\/index.php\/2025\/04\/29\/wilson-santos-homenageia-policiais-civis-por-excelencia-na-seguranca-publica\/#breadcrumb","itemListElement":[{"@type":"ListItem","position":1,"name":"In\u00edcio","item":"https:\/\/wilsonsantosmt.com.br\/"},{"@type":"ListItem","position":2,"name":"Not\u00edcias","item":"https:\/\/wilsonsantosmt.com.br\/index.php\/category\/noticias\/"},{"@type":"ListItem","position":3,"name":"Wilson Santos homenageia policiais civis por excel\u00eancia na seguran\u00e7a p\u00fablica"}]},{"@type":"WebSite","@id":"https:\/\/wilsonsantosmt.com.br\/#website","url":"https:\/\/wilsonsantosmt.com.br\/","name":"wilsonsantosmt.com.br","description":"","publisher":{"@id":"https:\/\/wilsonsantosmt.com.br\/#\/schema\/person\/9de3c54961637a9eadb16bcbf895b1ef"},"potentialAction":[{"@type":"SearchAction","target":{"@type":"EntryPoint","urlTemplate":"https:\/\/wilsonsantosmt.com.br\/?s={search_term_string}"},"query-input":"required name=search_term_string"}],"inLanguage":"pt-BR"},{"@type":["Person","Organization"],"@id":"https:\/\/wilsonsantosmt.com.br\/#\/schema\/person\/9de3c54961637a9eadb16bcbf895b1ef","name":"Wilson Santos","image":{"@type":"ImageObject","inLanguage":"pt-BR","@id":"https:\/\/wilsonsantosmt.com.br\/#\/schema\/person\/image\/","url":"https:\/\/wilsonsantosmt.com.br\/wp-content\/uploads\/2023\/11\/310828673_653254583023360_8795459643194608438_n.jpg","contentUrl":"https:\/\/wilsonsantosmt.com.br\/wp-content\/uploads\/2023\/11\/310828673_653254583023360_8795459643194608438_n.jpg","width":1078,"height":1079,"caption":"Wilson Santos"},"logo":{"@id":"https:\/\/wilsonsantosmt.com.br\/#\/schema\/person\/image\/"},"sameAs":["http:\/\/wilsonsantosmt.com.br","https:\/\/www.facebook.com\/WilsonSantosMT\/","https:\/\/www.instagram.com\/wilsonsantosmt\/","https:\/\/www.youtube.com\/@WilsonSantosWS\/videos","https:\/\/pt.wikipedia.org\/wiki\/Wilson_Santos"],"honorificPrefix":"Sr","gender":"masculino","jobTitle":"Deputado Estadual","worksFor":"Assembleia Legislativa de Mato Grosso"},{"@type":"Person","@id":"https:\/\/wilsonsantosmt.com.br\/#\/schema\/person\/1d097ee45f526dd0455dbad8c679932c","name":"Samantha dos Anjos","image":{"@type":"ImageObject","inLanguage":"pt-BR","@id":"https:\/\/wilsonsantosmt.com.br\/#\/schema\/person\/image\/","url":"https:\/\/secure.gravatar.com\/avatar\/7d8d0b6dd67d134a9fa841bee90c57c7?s=96&d=mm&r=g","contentUrl":"https:\/\/secure.gravatar.com\/avatar\/7d8d0b6dd67d134a9fa841bee90c57c7?s=96&d=mm&r=g","caption":"Samantha dos Anjos"},"url":"https:\/\/wilsonsantosmt.com.br\/index.php\/author\/samantha-dos-anjos\/"}]}},"_links":{"self":[{"href":"https:\/\/wilsonsantosmt.com.br\/index.php\/wp-json\/wp\/v2\/posts\/1467"}],"collection":[{"href":"https:\/\/wilsonsantosmt.com.br\/index.php\/wp-json\/wp\/v2\/posts"}],"about":[{"href":"https:\/\/wilsonsantosmt.com.br\/index.php\/wp-json\/wp\/v2\/types\/post"}],"author":[{"embeddable":true,"href":"https:\/\/wilsonsantosmt.com.br\/index.php\/wp-json\/wp\/v2\/users\/4"}],"replies":[{"embeddable":true,"href":"https:\/\/wilsonsantosmt.com.br\/index.php\/wp-json\/wp\/v2\/comments?post=1467"}],"version-history":[{"count":1,"href":"https:\/\/wilsonsantosmt.com.br\/index.php\/wp-json\/wp\/v2\/posts\/1467\/revisions"}],"predecessor-version":[{"id":1473,"href":"https:\/\/wilsonsantosmt.com.br\/index.php\/wp-json\/wp\/v2\/posts\/1467\/revisions\/1473"}],"wp:featuredmedia":[{"embeddable":true,"href":"https:\/\/wilsonsantosmt.com.br\/index.php\/wp-json\/wp\/v2\/media\/1468"}],"wp:attachment":[{"href":"https:\/\/wilsonsantosmt.com.br\/index.php\/wp-json\/wp\/v2\/media?parent=1467"}],"wp:term":[{"taxonomy":"category","embeddable":true,"href":"https:\/\/wilsonsantosmt.com.br\/index.php\/wp-json\/wp\/v2\/categories?post=1467"},{"taxonomy":"post_tag","embeddable":true,"href":"https:\/\/wilsonsantosmt.com.br\/index.php\/wp-json\/wp\/v2\/tags?post=1467"}],"curies":[{"name":"wp","href":"https:\/\/api.w.org\/{rel}","templated":true}]}}