{"id":1474,"date":"2025-05-02T08:36:51","date_gmt":"2025-05-02T12:36:51","guid":{"rendered":"https:\/\/wilsonsantosmt.com.br\/?p=1474"},"modified":"2025-05-05T08:42:02","modified_gmt":"2025-05-05T12:42:02","slug":"wilson-santos-destaca-programa-solo-vivo-e-visita-de-lula-a-campo-verde","status":"publish","type":"post","link":"https:\/\/wilsonsantosmt.com.br\/index.php\/2025\/05\/02\/wilson-santos-destaca-programa-solo-vivo-e-visita-de-lula-a-campo-verde\/","title":{"rendered":"Wilson Santos destaca programa \u201cSolo Vivo\u201d e visita de Lula a Campo Verde"},"content":{"rendered":"\n<p><\/p>\n\n\n\n<p>O deputado estadual Wilson Santos (PSD) usou a tribuna da Assembleia Legislativa, nesta quarta-feira (30), para confirmar a presen\u00e7a do presidente da Rep\u00fablica, Luiz In\u00e1cio Lula da Silva, e do ministro da Agricultura e Pecu\u00e1ria (MAPA), Carlos F\u00e1varo, no assentamento Santo Ant\u00f4nio da Fartura, em Campo Verde, no dia 16 de maio. Na ocasi\u00e3o, ser\u00e3o entregues maquin\u00e1rios agr\u00edcolas e lan\u00e7ado o programa \u201cSolo Vivo\u201d, iniciativa que visa fortalecer a agricultura local.<\/p>\n\n\n\n<p>\u201cNo pr\u00f3ximo dia 16, todos est\u00e3o convidados para o assentamento Santo Ant\u00f4nio da Fartura, em Campo Verde. O presidente Lula e o ministro F\u00e1varo lan\u00e7ar\u00e3o um programa chamado Solo Vivo, uma iniciativa inovadora que tem beneficiado especialmente regi\u00f5es \u00e1ridas e de baixa fertilidade. Tamb\u00e9m ser\u00e3o entregues equipamentos pesados para a agricultura familiar. Isso \u00e9 valorizar e fortalecer o trabalhador do campo, respons\u00e1vel por colocar comida na nossa mesa\u201d, afirmou o parlamentar.<\/p>\n\n\n\n<p>Os principais beneficiados ser\u00e3o pequenos produtores rurais de assentamentos, que receber\u00e3o capacita\u00e7\u00e3o e assist\u00eancia t\u00e9cnica para impulsionar a agricultura familiar, aumentar a produtividade e gerar trabalho e renda.<\/p>\n\n\n\n<p>Al\u00e9m de Campo Verde, o Governo Federal destinar\u00e1 R$ 42,8 milh\u00f5es ao programa para atender tamb\u00e9m os munic\u00edpios de Alto Araguaia, Pocon\u00e9, Ros\u00e1rio Oeste, Barra do Bugres, S\u00e3o F\u00e9lix do Araguaia, Matup\u00e1, Ju\u00edna, Pontes e Lacerda, e S\u00e3o Jos\u00e9 dos Quatro Marcos. A iniciativa conta com a parceria do MAPA, do Instituto Federal de Educa\u00e7\u00e3o, Ci\u00eancia e Tecnologia de Mato Grosso (IFMT), da Federa\u00e7\u00e3o dos Trabalhadores da Agricultura de Mato Grosso (Fetagri) e da Funda\u00e7\u00e3o de Apoio ao Desenvolvimento do IFMT (FNADIF).<\/p>\n","protected":false},"excerpt":{"rendered":"<p>O deputado estadual Wilson Santos (PSD) usou a tribuna da Assembleia Legislativa, nesta quarta-feira (30), para confirmar a presen\u00e7a do presidente da Rep\u00fablica, Luiz In\u00e1cio Lula da Silva, e do ministro da Agricultura e Pecu\u00e1ria (MAPA), Carlos F\u00e1varo, no assentamento Santo Ant\u00f4nio da Fartura, em Campo Verde, no dia 16 de maio. Na ocasi\u00e3o, ser\u00e3o [&hellip;]<\/p>\n","protected":false},"author":4,"featured_media":1475,"comment_status":"closed","ping_status":"open","sticky":false,"template":"","format":"standard","meta":{"footnotes":""},"categories":[13],"tags":[],"yoast_head":"<!-- This site is optimized with the Yoast SEO Premium plugin v21.5 (Yoast SEO v21.4) - https:\/\/yoast.com\/wordpress\/plugins\/seo\/ -->\n<title>Wilson Santos destaca programa \u201cSolo Vivo\u201d e visita de Lula a Campo Verde - wilsonsantosmt.com.br<\/title>\n<meta name=\"robots\" content=\"index, follow, max-snippet:-1, max-image-preview:large, max-video-preview:-1\" \/>\n<link rel=\"canonical\" href=\"https:\/\/wilsonsantosmt.com.br\/index.php\/2025\/05\/02\/wilson-santos-destaca-programa-solo-vivo-e-visita-de-lula-a-campo-verde\/\" \/>\n<meta property=\"og:locale\" content=\"pt_BR\" \/>\n<meta property=\"og:type\" content=\"article\" \/>\n<meta property=\"og:title\" content=\"Wilson Santos destaca programa \u201cSolo Vivo\u201d e visita de Lula a Campo Verde\" \/>\n<meta property=\"og:description\" content=\"O deputado estadual Wilson Santos (PSD) usou a tribuna da Assembleia Legislativa, nesta quarta-feira (30), para confirmar a presen\u00e7a do presidente da Rep\u00fablica, Luiz In\u00e1cio Lula da Silva, e do ministro da Agricultura e Pecu\u00e1ria (MAPA), Carlos F\u00e1varo, no assentamento Santo Ant\u00f4nio da Fartura, em Campo Verde, no dia 16 de maio. Na ocasi\u00e3o, ser\u00e3o [&hellip;]\" \/>\n<meta property=\"og:url\" content=\"https:\/\/wilsonsantosmt.com.br\/index.php\/2025\/05\/02\/wilson-santos-destaca-programa-solo-vivo-e-visita-de-lula-a-campo-verde\/\" \/>\n<meta property=\"og:site_name\" content=\"wilsonsantosmt.com.br\" \/>\n<meta property=\"article:publisher\" content=\"https:\/\/www.facebook.com\/WilsonSantosMT\/\" \/>\n<meta property=\"article:published_time\" content=\"2025-05-02T12:36:51+00:00\" \/>\n<meta property=\"article:modified_time\" content=\"2025-05-05T12:42:02+00:00\" \/>\n<meta property=\"og:image\" content=\"http:\/\/wilsonsantosmt.com.br\/wp-content\/uploads\/2025\/05\/WhatsApp-Image-2025-04-30-at-15.33.24.jpeg\" \/>\n\t<meta property=\"og:image:width\" content=\"1600\" \/>\n\t<meta property=\"og:image:height\" content=\"1067\" \/>\n\t<meta property=\"og:image:type\" content=\"image\/jpeg\" \/>\n<meta name=\"author\" content=\"Samantha dos Anjos\" \/>\n<meta name=\"twitter:card\" content=\"summary_large_image\" \/>\n<meta name=\"twitter:label1\" content=\"Escrito por\" \/>\n\t<meta name=\"twitter:data1\" content=\"Samantha dos Anjos\" \/>\n\t<meta name=\"twitter:label2\" content=\"Est. tempo de leitura\" \/>\n\t<meta name=\"twitter:data2\" content=\"2 minutos\" \/>\n<script type=\"application\/ld+json\" class=\"yoast-schema-graph\">{\"@context\":\"https:\/\/schema.org\",\"@graph\":[{\"@type\":\"Article\",\"@id\":\"https:\/\/wilsonsantosmt.com.br\/index.php\/2025\/05\/02\/wilson-santos-destaca-programa-solo-vivo-e-visita-de-lula-a-campo-verde\/#article\",\"isPartOf\":{\"@id\":\"https:\/\/wilsonsantosmt.com.br\/index.php\/2025\/05\/02\/wilson-santos-destaca-programa-solo-vivo-e-visita-de-lula-a-campo-verde\/\"},\"author\":{\"name\":\"Samantha dos Anjos\",\"@id\":\"https:\/\/wilsonsantosmt.com.br\/#\/schema\/person\/1d097ee45f526dd0455dbad8c679932c\"},\"headline\":\"Wilson Santos destaca programa \u201cSolo Vivo\u201d e visita de Lula a Campo Verde\",\"datePublished\":\"2025-05-02T12:36:51+00:00\",\"dateModified\":\"2025-05-05T12:42:02+00:00\",\"mainEntityOfPage\":{\"@id\":\"https:\/\/wilsonsantosmt.com.br\/index.php\/2025\/05\/02\/wilson-santos-destaca-programa-solo-vivo-e-visita-de-lula-a-campo-verde\/\"},\"wordCount\":299,\"publisher\":{\"@id\":\"https:\/\/wilsonsantosmt.com.br\/#\/schema\/person\/9de3c54961637a9eadb16bcbf895b1ef\"},\"articleSection\":[\"Not\u00edcias\"],\"inLanguage\":\"pt-BR\"},{\"@type\":\"WebPage\",\"@id\":\"https:\/\/wilsonsantosmt.com.br\/index.php\/2025\/05\/02\/wilson-santos-destaca-programa-solo-vivo-e-visita-de-lula-a-campo-verde\/\",\"url\":\"https:\/\/wilsonsantosmt.com.br\/index.php\/2025\/05\/02\/wilson-santos-destaca-programa-solo-vivo-e-visita-de-lula-a-campo-verde\/\",\"name\":\"Wilson Santos destaca programa \u201cSolo Vivo\u201d e visita de Lula a Campo Verde - wilsonsantosmt.com.br\",\"isPartOf\":{\"@id\":\"https:\/\/wilsonsantosmt.com.br\/#website\"},\"datePublished\":\"2025-05-02T12:36:51+00:00\",\"dateModified\":\"2025-05-05T12:42:02+00:00\",\"breadcrumb\":{\"@id\":\"https:\/\/wilsonsantosmt.com.br\/index.php\/2025\/05\/02\/wilson-santos-destaca-programa-solo-vivo-e-visita-de-lula-a-campo-verde\/#breadcrumb\"},\"inLanguage\":\"pt-BR\",\"potentialAction\":[{\"@type\":\"ReadAction\",\"target\":[\"https:\/\/wilsonsantosmt.com.br\/index.php\/2025\/05\/02\/wilson-santos-destaca-programa-solo-vivo-e-visita-de-lula-a-campo-verde\/\"]}]},{\"@type\":\"BreadcrumbList\",\"@id\":\"https:\/\/wilsonsantosmt.com.br\/index.php\/2025\/05\/02\/wilson-santos-destaca-programa-solo-vivo-e-visita-de-lula-a-campo-verde\/#breadcrumb\",\"itemListElement\":[{\"@type\":\"ListItem\",\"position\":1,\"name\":\"In\u00edcio\",\"item\":\"https:\/\/wilsonsantosmt.com.br\/\"},{\"@type\":\"ListItem\",\"position\":2,\"name\":\"Not\u00edcias\",\"item\":\"https:\/\/wilsonsantosmt.com.br\/index.php\/category\/noticias\/\"},{\"@type\":\"ListItem\",\"position\":3,\"name\":\"Wilson Santos destaca programa \u201cSolo Vivo\u201d e visita de Lula a Campo Verde\"}]},{\"@type\":\"WebSite\",\"@id\":\"https:\/\/wilsonsantosmt.com.br\/#website\",\"url\":\"https:\/\/wilsonsantosmt.com.br\/\",\"name\":\"wilsonsantosmt.com.br\",\"description\":\"\",\"publisher\":{\"@id\":\"https:\/\/wilsonsantosmt.com.br\/#\/schema\/person\/9de3c54961637a9eadb16bcbf895b1ef\"},\"potentialAction\":[{\"@type\":\"SearchAction\",\"target\":{\"@type\":\"EntryPoint\",\"urlTemplate\":\"https:\/\/wilsonsantosmt.com.br\/?s={search_term_string}\"},\"query-input\":\"required name=search_term_string\"}],\"inLanguage\":\"pt-BR\"},{\"@type\":[\"Person\",\"Organization\"],\"@id\":\"https:\/\/wilsonsantosmt.com.br\/#\/schema\/person\/9de3c54961637a9eadb16bcbf895b1ef\",\"name\":\"Wilson Santos\",\"image\":{\"@type\":\"ImageObject\",\"inLanguage\":\"pt-BR\",\"@id\":\"https:\/\/wilsonsantosmt.com.br\/#\/schema\/person\/image\/\",\"url\":\"https:\/\/wilsonsantosmt.com.br\/wp-content\/uploads\/2023\/11\/310828673_653254583023360_8795459643194608438_n.jpg\",\"contentUrl\":\"https:\/\/wilsonsantosmt.com.br\/wp-content\/uploads\/2023\/11\/310828673_653254583023360_8795459643194608438_n.jpg\",\"width\":1078,\"height\":1079,\"caption\":\"Wilson Santos\"},\"logo\":{\"@id\":\"https:\/\/wilsonsantosmt.com.br\/#\/schema\/person\/image\/\"},\"sameAs\":[\"http:\/\/wilsonsantosmt.com.br\",\"https:\/\/www.facebook.com\/WilsonSantosMT\/\",\"https:\/\/www.instagram.com\/wilsonsantosmt\/\",\"https:\/\/www.youtube.com\/@WilsonSantosWS\/videos\",\"https:\/\/pt.wikipedia.org\/wiki\/Wilson_Santos\"],\"honorificPrefix\":\"Sr\",\"gender\":\"masculino\",\"jobTitle\":\"Deputado Estadual\",\"worksFor\":\"Assembleia Legislativa de Mato Grosso\"},{\"@type\":\"Person\",\"@id\":\"https:\/\/wilsonsantosmt.com.br\/#\/schema\/person\/1d097ee45f526dd0455dbad8c679932c\",\"name\":\"Samantha dos Anjos\",\"image\":{\"@type\":\"ImageObject\",\"inLanguage\":\"pt-BR\",\"@id\":\"https:\/\/wilsonsantosmt.com.br\/#\/schema\/person\/image\/\",\"url\":\"https:\/\/secure.gravatar.com\/avatar\/7d8d0b6dd67d134a9fa841bee90c57c7?s=96&d=mm&r=g\",\"contentUrl\":\"https:\/\/secure.gravatar.com\/avatar\/7d8d0b6dd67d134a9fa841bee90c57c7?s=96&d=mm&r=g\",\"caption\":\"Samantha dos Anjos\"},\"url\":\"https:\/\/wilsonsantosmt.com.br\/index.php\/author\/samantha-dos-anjos\/\"}]}<\/script>\n<!-- \/ Yoast SEO Premium plugin. -->","yoast_head_json":{"title":"Wilson Santos destaca programa \u201cSolo Vivo\u201d e visita de Lula a Campo Verde - wilsonsantosmt.com.br","robots":{"index":"index","follow":"follow","max-snippet":"max-snippet:-1","max-image-preview":"max-image-preview:large","max-video-preview":"max-video-preview:-1"},"canonical":"https:\/\/wilsonsantosmt.com.br\/index.php\/2025\/05\/02\/wilson-santos-destaca-programa-solo-vivo-e-visita-de-lula-a-campo-verde\/","og_locale":"pt_BR","og_type":"article","og_title":"Wilson Santos destaca programa \u201cSolo Vivo\u201d e visita de Lula a Campo Verde","og_description":"O deputado estadual Wilson Santos (PSD) usou a tribuna da Assembleia Legislativa, nesta quarta-feira (30), para confirmar a presen\u00e7a do presidente da Rep\u00fablica, Luiz In\u00e1cio Lula da Silva, e do ministro da Agricultura e Pecu\u00e1ria (MAPA), Carlos F\u00e1varo, no assentamento Santo Ant\u00f4nio da Fartura, em Campo Verde, no dia 16 de maio. Na ocasi\u00e3o, ser\u00e3o [&hellip;]","og_url":"https:\/\/wilsonsantosmt.com.br\/index.php\/2025\/05\/02\/wilson-santos-destaca-programa-solo-vivo-e-visita-de-lula-a-campo-verde\/","og_site_name":"wilsonsantosmt.com.br","article_publisher":"https:\/\/www.facebook.com\/WilsonSantosMT\/","article_published_time":"2025-05-02T12:36:51+00:00","article_modified_time":"2025-05-05T12:42:02+00:00","og_image":[{"width":1600,"height":1067,"url":"http:\/\/wilsonsantosmt.com.br\/wp-content\/uploads\/2025\/05\/WhatsApp-Image-2025-04-30-at-15.33.24.jpeg","type":"image\/jpeg"}],"author":"Samantha dos Anjos","twitter_card":"summary_large_image","twitter_misc":{"Escrito por":"Samantha dos Anjos","Est. tempo de leitura":"2 minutos"},"schema":{"@context":"https:\/\/schema.org","@graph":[{"@type":"Article","@id":"https:\/\/wilsonsantosmt.com.br\/index.php\/2025\/05\/02\/wilson-santos-destaca-programa-solo-vivo-e-visita-de-lula-a-campo-verde\/#article","isPartOf":{"@id":"https:\/\/wilsonsantosmt.com.br\/index.php\/2025\/05\/02\/wilson-santos-destaca-programa-solo-vivo-e-visita-de-lula-a-campo-verde\/"},"author":{"name":"Samantha dos Anjos","@id":"https:\/\/wilsonsantosmt.com.br\/#\/schema\/person\/1d097ee45f526dd0455dbad8c679932c"},"headline":"Wilson Santos destaca programa \u201cSolo Vivo\u201d e visita de Lula a Campo Verde","datePublished":"2025-05-02T12:36:51+00:00","dateModified":"2025-05-05T12:42:02+00:00","mainEntityOfPage":{"@id":"https:\/\/wilsonsantosmt.com.br\/index.php\/2025\/05\/02\/wilson-santos-destaca-programa-solo-vivo-e-visita-de-lula-a-campo-verde\/"},"wordCount":299,"publisher":{"@id":"https:\/\/wilsonsantosmt.com.br\/#\/schema\/person\/9de3c54961637a9eadb16bcbf895b1ef"},"articleSection":["Not\u00edcias"],"inLanguage":"pt-BR"},{"@type":"WebPage","@id":"https:\/\/wilsonsantosmt.com.br\/index.php\/2025\/05\/02\/wilson-santos-destaca-programa-solo-vivo-e-visita-de-lula-a-campo-verde\/","url":"https:\/\/wilsonsantosmt.com.br\/index.php\/2025\/05\/02\/wilson-santos-destaca-programa-solo-vivo-e-visita-de-lula-a-campo-verde\/","name":"Wilson Santos destaca programa \u201cSolo Vivo\u201d e visita de Lula a Campo Verde - wilsonsantosmt.com.br","isPartOf":{"@id":"https:\/\/wilsonsantosmt.com.br\/#website"},"datePublished":"2025-05-02T12:36:51+00:00","dateModified":"2025-05-05T12:42:02+00:00","breadcrumb":{"@id":"https:\/\/wilsonsantosmt.com.br\/index.php\/2025\/05\/02\/wilson-santos-destaca-programa-solo-vivo-e-visita-de-lula-a-campo-verde\/#breadcrumb"},"inLanguage":"pt-BR","potentialAction":[{"@type":"ReadAction","target":["https:\/\/wilsonsantosmt.com.br\/index.php\/2025\/05\/02\/wilson-santos-destaca-programa-solo-vivo-e-visita-de-lula-a-campo-verde\/"]}]},{"@type":"BreadcrumbList","@id":"https:\/\/wilsonsantosmt.com.br\/index.php\/2025\/05\/02\/wilson-santos-destaca-programa-solo-vivo-e-visita-de-lula-a-campo-verde\/#breadcrumb","itemListElement":[{"@type":"ListItem","position":1,"name":"In\u00edcio","item":"https:\/\/wilsonsantosmt.com.br\/"},{"@type":"ListItem","position":2,"name":"Not\u00edcias","item":"https:\/\/wilsonsantosmt.com.br\/index.php\/category\/noticias\/"},{"@type":"ListItem","position":3,"name":"Wilson Santos destaca programa \u201cSolo Vivo\u201d e visita de Lula a Campo Verde"}]},{"@type":"WebSite","@id":"https:\/\/wilsonsantosmt.com.br\/#website","url":"https:\/\/wilsonsantosmt.com.br\/","name":"wilsonsantosmt.com.br","description":"","publisher":{"@id":"https:\/\/wilsonsantosmt.com.br\/#\/schema\/person\/9de3c54961637a9eadb16bcbf895b1ef"},"potentialAction":[{"@type":"SearchAction","target":{"@type":"EntryPoint","urlTemplate":"https:\/\/wilsonsantosmt.com.br\/?s={search_term_string}"},"query-input":"required name=search_term_string"}],"inLanguage":"pt-BR"},{"@type":["Person","Organization"],"@id":"https:\/\/wilsonsantosmt.com.br\/#\/schema\/person\/9de3c54961637a9eadb16bcbf895b1ef","name":"Wilson Santos","image":{"@type":"ImageObject","inLanguage":"pt-BR","@id":"https:\/\/wilsonsantosmt.com.br\/#\/schema\/person\/image\/","url":"https:\/\/wilsonsantosmt.com.br\/wp-content\/uploads\/2023\/11\/310828673_653254583023360_8795459643194608438_n.jpg","contentUrl":"https:\/\/wilsonsantosmt.com.br\/wp-content\/uploads\/2023\/11\/310828673_653254583023360_8795459643194608438_n.jpg","width":1078,"height":1079,"caption":"Wilson Santos"},"logo":{"@id":"https:\/\/wilsonsantosmt.com.br\/#\/schema\/person\/image\/"},"sameAs":["http:\/\/wilsonsantosmt.com.br","https:\/\/www.facebook.com\/WilsonSantosMT\/","https:\/\/www.instagram.com\/wilsonsantosmt\/","https:\/\/www.youtube.com\/@WilsonSantosWS\/videos","https:\/\/pt.wikipedia.org\/wiki\/Wilson_Santos"],"honorificPrefix":"Sr","gender":"masculino","jobTitle":"Deputado Estadual","worksFor":"Assembleia Legislativa de Mato Grosso"},{"@type":"Person","@id":"https:\/\/wilsonsantosmt.com.br\/#\/schema\/person\/1d097ee45f526dd0455dbad8c679932c","name":"Samantha dos Anjos","image":{"@type":"ImageObject","inLanguage":"pt-BR","@id":"https:\/\/wilsonsantosmt.com.br\/#\/schema\/person\/image\/","url":"https:\/\/secure.gravatar.com\/avatar\/7d8d0b6dd67d134a9fa841bee90c57c7?s=96&d=mm&r=g","contentUrl":"https:\/\/secure.gravatar.com\/avatar\/7d8d0b6dd67d134a9fa841bee90c57c7?s=96&d=mm&r=g","caption":"Samantha dos Anjos"},"url":"https:\/\/wilsonsantosmt.com.br\/index.php\/author\/samantha-dos-anjos\/"}]}},"_links":{"self":[{"href":"https:\/\/wilsonsantosmt.com.br\/index.php\/wp-json\/wp\/v2\/posts\/1474"}],"collection":[{"href":"https:\/\/wilsonsantosmt.com.br\/index.php\/wp-json\/wp\/v2\/posts"}],"about":[{"href":"https:\/\/wilsonsantosmt.com.br\/index.php\/wp-json\/wp\/v2\/types\/post"}],"author":[{"embeddable":true,"href":"https:\/\/wilsonsantosmt.com.br\/index.php\/wp-json\/wp\/v2\/users\/4"}],"replies":[{"embeddable":true,"href":"https:\/\/wilsonsantosmt.com.br\/index.php\/wp-json\/wp\/v2\/comments?post=1474"}],"version-history":[{"count":1,"href":"https:\/\/wilsonsantosmt.com.br\/index.php\/wp-json\/wp\/v2\/posts\/1474\/revisions"}],"predecessor-version":[{"id":1476,"href":"https:\/\/wilsonsantosmt.com.br\/index.php\/wp-json\/wp\/v2\/posts\/1474\/revisions\/1476"}],"wp:featuredmedia":[{"embeddable":true,"href":"https:\/\/wilsonsantosmt.com.br\/index.php\/wp-json\/wp\/v2\/media\/1475"}],"wp:attachment":[{"href":"https:\/\/wilsonsantosmt.com.br\/index.php\/wp-json\/wp\/v2\/media?parent=1474"}],"wp:term":[{"taxonomy":"category","embeddable":true,"href":"https:\/\/wilsonsantosmt.com.br\/index.php\/wp-json\/wp\/v2\/categories?post=1474"},{"taxonomy":"post_tag","embeddable":true,"href":"https:\/\/wilsonsantosmt.com.br\/index.php\/wp-json\/wp\/v2\/tags?post=1474"}],"curies":[{"name":"wp","href":"https:\/\/api.w.org\/{rel}","templated":true}]}}