{"id":1477,"date":"2025-05-02T08:42:20","date_gmt":"2025-05-02T12:42:20","guid":{"rendered":"https:\/\/wilsonsantosmt.com.br\/?p=1477"},"modified":"2025-05-05T08:43:08","modified_gmt":"2025-05-05T12:43:08","slug":"wilson-santos-rebate-criticas-ideologicas-e-defende-acoes-do-governo-federal","status":"publish","type":"post","link":"https:\/\/wilsonsantosmt.com.br\/index.php\/2025\/05\/02\/wilson-santos-rebate-criticas-ideologicas-e-defende-acoes-do-governo-federal\/","title":{"rendered":"Wilson Santos rebate cr\u00edticas ideol\u00f3gicas e defende a\u00e7\u00f5es do Governo Federal"},"content":{"rendered":"\n<p><\/p>\n\n\n\n<p>Representando o bloco \u201cExperi\u00eancia e Trabalho\u201d da Assembleia Legislativa, o deputado Wilson Santos (PSD) saiu em defesa das a\u00e7\u00f5es do Governo Federal voltadas \u00e0 agricultura familiar e \u00e0 infraestrutura em Mato Grosso. Durante a sess\u00e3o plen\u00e1ria desta quarta-feira (30), ele rebateu cr\u00edticas recorrentes do deputado Adenilson Rocha (PSDB) que s\u00e3o movidas por interesses ideol\u00f3gicos e partid\u00e1rios e demonstram desconhecimento sobre os investimentos do Plano Safra e os entraves que envolvem a execu\u00e7\u00e3o do projeto da Ferrogr\u00e3o.<\/p>\n\n\n\n<p>No in\u00edcio de sua fala, Wilson compartilhou um aprendizado pol\u00edtico ao colega do norte do Estado, que tem se posicionado publicamente contra o ministro Carlos F\u00e1varo, tamb\u00e9m oriundo da mesma regi\u00e3o. \u201cFui deputado federal por seis anos e aprendi muito com a bancada nordestina. Eles discutem internamente, entre quatro paredes. Mas, quando chegam ao Congresso Nacional, deixam de lado as ideologias e as siglas partid\u00e1rias. O Nordeste se une. Ningu\u00e9m ataca um ministro ou parlamentar nordestino publicamente\u201d, comentou.<\/p>\n\n\n\n<p>Ele ressaltou que, independentemente do partido que esteja no poder, seja de esquerda ou direita, o objetivo do Governo Federal tem sido beneficiar a sociedade. \u201cO Plano Safra de 2022\/2023, \u00faltimo ano da gest\u00e3o do ex-presidente Jair Bolsonaro, destinou R$ 340 bilh\u00f5es para a agricultura brasileira. J\u00e1, o Plano Safra atual \u00e9 40% maior, chegando a R$ 475 bilh\u00f5es \u2014 tanto para a agricultura empresarial quanto para a familiar\u201d, destacou.<\/p>\n\n\n\n<p>O deputado tamb\u00e9m rebateu a afirma\u00e7\u00e3o de Adenilson de que o ministro F\u00e1varo nada fez pela agricultura familiar, al\u00e9m de responsabiliz\u00e1-lo pelos impasses envolvendo a Ferrogr\u00e3o \u2014 projeto ferrovi\u00e1rio entre Sinop (MT) e Miritituba (PA). \u201cA Ferrogr\u00e3o \u00e9 um sonho coletivo, n\u00e3o pertence a um ministro, senador ou deputado que possa resolv\u00ea-lo com uma varinha de cond\u00e3o. Trata-se de uma iniciativa complexa, que depende de empresas privadas e de diversas licen\u00e7as ambientais. Bolsonaro tentou liberar a obra em quatro anos e n\u00e3o conseguiu. O saudoso Vicente Vuolo lutou a vida toda pela ferrovia e n\u00e3o viu o projeto sair do papel. Nenhum presidente da Rep\u00fablica conseguiu avan\u00e7ar de forma decisiva, seja Fernando Henrique Cardoso, Lula, Dilma ou Bolsonaro. Porque \u00e9 um processo dif\u00edcil, sujeito a resist\u00eancias internas e externas\u201d, explicou.<\/p>\n\n\n\n<p>Wilson complementou dizendo que conversou recentemente com o ex-governador e ex-ministro Blairo Maggi, um dos grandes defensores da Ferrogr\u00e3o. Segundo ele, o projeto foi apoiado por empresas como ADM, Cargill, Amaggi e Bunge, que j\u00e1 financiaram estudos e etapas do projeto. No entanto, mesmo ap\u00f3s mais de 15 anos, a primeira licen\u00e7a ainda n\u00e3o foi obtida. \u201cN\u00e3o \u00e9 uma quest\u00e3o de querer ou n\u00e3o querer, \u00e9 muito mais complexo\u201d, afirmou.<\/p>\n\n\n\n<p>Ao encerrar sua fala, Santos refor\u00e7ou que o papel de um pol\u00edtico eleito \u00e9 representar o povo e trabalhar pelo bem comum, independentemente de ideologia ou partido. \u201cA pol\u00edtica deve estar a servi\u00e7o da popula\u00e7\u00e3o. A bandeira que deve ser levantada \u00e9 a da justi\u00e7a social, do desenvolvimento e da dignidade. N\u00e3o podemos colocar disputas partid\u00e1rias acima das necessidades do povo. Fomos eleitos para representar todos e \u00e9 isso que deve nortear nossas a\u00e7\u00f5es\u201d, finalizou.<\/p>\n","protected":false},"excerpt":{"rendered":"<p>Representando o bloco \u201cExperi\u00eancia e Trabalho\u201d da Assembleia Legislativa, o deputado Wilson Santos (PSD) saiu em defesa das a\u00e7\u00f5es do Governo Federal voltadas \u00e0 agricultura familiar e \u00e0 infraestrutura em Mato Grosso. Durante a sess\u00e3o plen\u00e1ria desta quarta-feira (30), ele rebateu cr\u00edticas recorrentes do deputado Adenilson Rocha (PSDB) que s\u00e3o movidas por interesses ideol\u00f3gicos e [&hellip;]<\/p>\n","protected":false},"author":4,"featured_media":1478,"comment_status":"closed","ping_status":"open","sticky":false,"template":"","format":"standard","meta":{"footnotes":""},"categories":[13],"tags":[],"yoast_head":"<!-- This site is optimized with the Yoast SEO Premium plugin v21.5 (Yoast SEO v21.4) - https:\/\/yoast.com\/wordpress\/plugins\/seo\/ -->\n<title>Wilson Santos rebate cr\u00edticas ideol\u00f3gicas e defende a\u00e7\u00f5es do Governo Federal - wilsonsantosmt.com.br<\/title>\n<meta name=\"robots\" content=\"index, follow, max-snippet:-1, max-image-preview:large, max-video-preview:-1\" \/>\n<link rel=\"canonical\" href=\"https:\/\/wilsonsantosmt.com.br\/index.php\/2025\/05\/02\/wilson-santos-rebate-criticas-ideologicas-e-defende-acoes-do-governo-federal\/\" \/>\n<meta property=\"og:locale\" content=\"pt_BR\" \/>\n<meta property=\"og:type\" content=\"article\" \/>\n<meta property=\"og:title\" content=\"Wilson Santos rebate cr\u00edticas ideol\u00f3gicas e defende a\u00e7\u00f5es do Governo Federal\" \/>\n<meta property=\"og:description\" content=\"Representando o bloco \u201cExperi\u00eancia e Trabalho\u201d da Assembleia Legislativa, o deputado Wilson Santos (PSD) saiu em defesa das a\u00e7\u00f5es do Governo Federal voltadas \u00e0 agricultura familiar e \u00e0 infraestrutura em Mato Grosso. Durante a sess\u00e3o plen\u00e1ria desta quarta-feira (30), ele rebateu cr\u00edticas recorrentes do deputado Adenilson Rocha (PSDB) que s\u00e3o movidas por interesses ideol\u00f3gicos e [&hellip;]\" \/>\n<meta property=\"og:url\" content=\"https:\/\/wilsonsantosmt.com.br\/index.php\/2025\/05\/02\/wilson-santos-rebate-criticas-ideologicas-e-defende-acoes-do-governo-federal\/\" \/>\n<meta property=\"og:site_name\" content=\"wilsonsantosmt.com.br\" \/>\n<meta property=\"article:publisher\" content=\"https:\/\/www.facebook.com\/WilsonSantosMT\/\" \/>\n<meta property=\"article:published_time\" content=\"2025-05-02T12:42:20+00:00\" \/>\n<meta property=\"article:modified_time\" content=\"2025-05-05T12:43:08+00:00\" \/>\n<meta property=\"og:image\" content=\"http:\/\/wilsonsantosmt.com.br\/wp-content\/uploads\/2025\/05\/WhatsApp-Image-2025-04-30-at-13.15.08.jpeg\" \/>\n\t<meta property=\"og:image:width\" content=\"1600\" \/>\n\t<meta property=\"og:image:height\" content=\"1066\" \/>\n\t<meta property=\"og:image:type\" content=\"image\/jpeg\" \/>\n<meta name=\"author\" content=\"Samantha dos Anjos\" \/>\n<meta name=\"twitter:card\" content=\"summary_large_image\" \/>\n<meta name=\"twitter:label1\" content=\"Escrito por\" \/>\n\t<meta name=\"twitter:data1\" content=\"Samantha dos Anjos\" \/>\n\t<meta name=\"twitter:label2\" content=\"Est. tempo de leitura\" \/>\n\t<meta name=\"twitter:data2\" content=\"3 minutos\" \/>\n<script type=\"application\/ld+json\" class=\"yoast-schema-graph\">{\"@context\":\"https:\/\/schema.org\",\"@graph\":[{\"@type\":\"Article\",\"@id\":\"https:\/\/wilsonsantosmt.com.br\/index.php\/2025\/05\/02\/wilson-santos-rebate-criticas-ideologicas-e-defende-acoes-do-governo-federal\/#article\",\"isPartOf\":{\"@id\":\"https:\/\/wilsonsantosmt.com.br\/index.php\/2025\/05\/02\/wilson-santos-rebate-criticas-ideologicas-e-defende-acoes-do-governo-federal\/\"},\"author\":{\"name\":\"Samantha dos Anjos\",\"@id\":\"https:\/\/wilsonsantosmt.com.br\/#\/schema\/person\/1d097ee45f526dd0455dbad8c679932c\"},\"headline\":\"Wilson Santos rebate cr\u00edticas ideol\u00f3gicas e defende a\u00e7\u00f5es do Governo Federal\",\"datePublished\":\"2025-05-02T12:42:20+00:00\",\"dateModified\":\"2025-05-05T12:43:08+00:00\",\"mainEntityOfPage\":{\"@id\":\"https:\/\/wilsonsantosmt.com.br\/index.php\/2025\/05\/02\/wilson-santos-rebate-criticas-ideologicas-e-defende-acoes-do-governo-federal\/\"},\"wordCount\":549,\"publisher\":{\"@id\":\"https:\/\/wilsonsantosmt.com.br\/#\/schema\/person\/9de3c54961637a9eadb16bcbf895b1ef\"},\"articleSection\":[\"Not\u00edcias\"],\"inLanguage\":\"pt-BR\"},{\"@type\":\"WebPage\",\"@id\":\"https:\/\/wilsonsantosmt.com.br\/index.php\/2025\/05\/02\/wilson-santos-rebate-criticas-ideologicas-e-defende-acoes-do-governo-federal\/\",\"url\":\"https:\/\/wilsonsantosmt.com.br\/index.php\/2025\/05\/02\/wilson-santos-rebate-criticas-ideologicas-e-defende-acoes-do-governo-federal\/\",\"name\":\"Wilson Santos rebate cr\u00edticas ideol\u00f3gicas e defende a\u00e7\u00f5es do Governo Federal - wilsonsantosmt.com.br\",\"isPartOf\":{\"@id\":\"https:\/\/wilsonsantosmt.com.br\/#website\"},\"datePublished\":\"2025-05-02T12:42:20+00:00\",\"dateModified\":\"2025-05-05T12:43:08+00:00\",\"breadcrumb\":{\"@id\":\"https:\/\/wilsonsantosmt.com.br\/index.php\/2025\/05\/02\/wilson-santos-rebate-criticas-ideologicas-e-defende-acoes-do-governo-federal\/#breadcrumb\"},\"inLanguage\":\"pt-BR\",\"potentialAction\":[{\"@type\":\"ReadAction\",\"target\":[\"https:\/\/wilsonsantosmt.com.br\/index.php\/2025\/05\/02\/wilson-santos-rebate-criticas-ideologicas-e-defende-acoes-do-governo-federal\/\"]}]},{\"@type\":\"BreadcrumbList\",\"@id\":\"https:\/\/wilsonsantosmt.com.br\/index.php\/2025\/05\/02\/wilson-santos-rebate-criticas-ideologicas-e-defende-acoes-do-governo-federal\/#breadcrumb\",\"itemListElement\":[{\"@type\":\"ListItem\",\"position\":1,\"name\":\"In\u00edcio\",\"item\":\"https:\/\/wilsonsantosmt.com.br\/\"},{\"@type\":\"ListItem\",\"position\":2,\"name\":\"Not\u00edcias\",\"item\":\"https:\/\/wilsonsantosmt.com.br\/index.php\/category\/noticias\/\"},{\"@type\":\"ListItem\",\"position\":3,\"name\":\"Wilson Santos rebate cr\u00edticas ideol\u00f3gicas e defende a\u00e7\u00f5es do Governo Federal\"}]},{\"@type\":\"WebSite\",\"@id\":\"https:\/\/wilsonsantosmt.com.br\/#website\",\"url\":\"https:\/\/wilsonsantosmt.com.br\/\",\"name\":\"wilsonsantosmt.com.br\",\"description\":\"\",\"publisher\":{\"@id\":\"https:\/\/wilsonsantosmt.com.br\/#\/schema\/person\/9de3c54961637a9eadb16bcbf895b1ef\"},\"potentialAction\":[{\"@type\":\"SearchAction\",\"target\":{\"@type\":\"EntryPoint\",\"urlTemplate\":\"https:\/\/wilsonsantosmt.com.br\/?s={search_term_string}\"},\"query-input\":\"required name=search_term_string\"}],\"inLanguage\":\"pt-BR\"},{\"@type\":[\"Person\",\"Organization\"],\"@id\":\"https:\/\/wilsonsantosmt.com.br\/#\/schema\/person\/9de3c54961637a9eadb16bcbf895b1ef\",\"name\":\"Wilson Santos\",\"image\":{\"@type\":\"ImageObject\",\"inLanguage\":\"pt-BR\",\"@id\":\"https:\/\/wilsonsantosmt.com.br\/#\/schema\/person\/image\/\",\"url\":\"https:\/\/wilsonsantosmt.com.br\/wp-content\/uploads\/2023\/11\/310828673_653254583023360_8795459643194608438_n.jpg\",\"contentUrl\":\"https:\/\/wilsonsantosmt.com.br\/wp-content\/uploads\/2023\/11\/310828673_653254583023360_8795459643194608438_n.jpg\",\"width\":1078,\"height\":1079,\"caption\":\"Wilson Santos\"},\"logo\":{\"@id\":\"https:\/\/wilsonsantosmt.com.br\/#\/schema\/person\/image\/\"},\"sameAs\":[\"http:\/\/wilsonsantosmt.com.br\",\"https:\/\/www.facebook.com\/WilsonSantosMT\/\",\"https:\/\/www.instagram.com\/wilsonsantosmt\/\",\"https:\/\/www.youtube.com\/@WilsonSantosWS\/videos\",\"https:\/\/pt.wikipedia.org\/wiki\/Wilson_Santos\"],\"honorificPrefix\":\"Sr\",\"gender\":\"masculino\",\"jobTitle\":\"Deputado Estadual\",\"worksFor\":\"Assembleia Legislativa de Mato Grosso\"},{\"@type\":\"Person\",\"@id\":\"https:\/\/wilsonsantosmt.com.br\/#\/schema\/person\/1d097ee45f526dd0455dbad8c679932c\",\"name\":\"Samantha dos Anjos\",\"image\":{\"@type\":\"ImageObject\",\"inLanguage\":\"pt-BR\",\"@id\":\"https:\/\/wilsonsantosmt.com.br\/#\/schema\/person\/image\/\",\"url\":\"https:\/\/secure.gravatar.com\/avatar\/7d8d0b6dd67d134a9fa841bee90c57c7?s=96&d=mm&r=g\",\"contentUrl\":\"https:\/\/secure.gravatar.com\/avatar\/7d8d0b6dd67d134a9fa841bee90c57c7?s=96&d=mm&r=g\",\"caption\":\"Samantha dos Anjos\"},\"url\":\"https:\/\/wilsonsantosmt.com.br\/index.php\/author\/samantha-dos-anjos\/\"}]}<\/script>\n<!-- \/ Yoast SEO Premium plugin. -->","yoast_head_json":{"title":"Wilson Santos rebate cr\u00edticas ideol\u00f3gicas e defende a\u00e7\u00f5es do Governo Federal - wilsonsantosmt.com.br","robots":{"index":"index","follow":"follow","max-snippet":"max-snippet:-1","max-image-preview":"max-image-preview:large","max-video-preview":"max-video-preview:-1"},"canonical":"https:\/\/wilsonsantosmt.com.br\/index.php\/2025\/05\/02\/wilson-santos-rebate-criticas-ideologicas-e-defende-acoes-do-governo-federal\/","og_locale":"pt_BR","og_type":"article","og_title":"Wilson Santos rebate cr\u00edticas ideol\u00f3gicas e defende a\u00e7\u00f5es do Governo Federal","og_description":"Representando o bloco \u201cExperi\u00eancia e Trabalho\u201d da Assembleia Legislativa, o deputado Wilson Santos (PSD) saiu em defesa das a\u00e7\u00f5es do Governo Federal voltadas \u00e0 agricultura familiar e \u00e0 infraestrutura em Mato Grosso. Durante a sess\u00e3o plen\u00e1ria desta quarta-feira (30), ele rebateu cr\u00edticas recorrentes do deputado Adenilson Rocha (PSDB) que s\u00e3o movidas por interesses ideol\u00f3gicos e [&hellip;]","og_url":"https:\/\/wilsonsantosmt.com.br\/index.php\/2025\/05\/02\/wilson-santos-rebate-criticas-ideologicas-e-defende-acoes-do-governo-federal\/","og_site_name":"wilsonsantosmt.com.br","article_publisher":"https:\/\/www.facebook.com\/WilsonSantosMT\/","article_published_time":"2025-05-02T12:42:20+00:00","article_modified_time":"2025-05-05T12:43:08+00:00","og_image":[{"width":1600,"height":1066,"url":"http:\/\/wilsonsantosmt.com.br\/wp-content\/uploads\/2025\/05\/WhatsApp-Image-2025-04-30-at-13.15.08.jpeg","type":"image\/jpeg"}],"author":"Samantha dos Anjos","twitter_card":"summary_large_image","twitter_misc":{"Escrito por":"Samantha dos Anjos","Est. tempo de leitura":"3 minutos"},"schema":{"@context":"https:\/\/schema.org","@graph":[{"@type":"Article","@id":"https:\/\/wilsonsantosmt.com.br\/index.php\/2025\/05\/02\/wilson-santos-rebate-criticas-ideologicas-e-defende-acoes-do-governo-federal\/#article","isPartOf":{"@id":"https:\/\/wilsonsantosmt.com.br\/index.php\/2025\/05\/02\/wilson-santos-rebate-criticas-ideologicas-e-defende-acoes-do-governo-federal\/"},"author":{"name":"Samantha dos Anjos","@id":"https:\/\/wilsonsantosmt.com.br\/#\/schema\/person\/1d097ee45f526dd0455dbad8c679932c"},"headline":"Wilson Santos rebate cr\u00edticas ideol\u00f3gicas e defende a\u00e7\u00f5es do Governo Federal","datePublished":"2025-05-02T12:42:20+00:00","dateModified":"2025-05-05T12:43:08+00:00","mainEntityOfPage":{"@id":"https:\/\/wilsonsantosmt.com.br\/index.php\/2025\/05\/02\/wilson-santos-rebate-criticas-ideologicas-e-defende-acoes-do-governo-federal\/"},"wordCount":549,"publisher":{"@id":"https:\/\/wilsonsantosmt.com.br\/#\/schema\/person\/9de3c54961637a9eadb16bcbf895b1ef"},"articleSection":["Not\u00edcias"],"inLanguage":"pt-BR"},{"@type":"WebPage","@id":"https:\/\/wilsonsantosmt.com.br\/index.php\/2025\/05\/02\/wilson-santos-rebate-criticas-ideologicas-e-defende-acoes-do-governo-federal\/","url":"https:\/\/wilsonsantosmt.com.br\/index.php\/2025\/05\/02\/wilson-santos-rebate-criticas-ideologicas-e-defende-acoes-do-governo-federal\/","name":"Wilson Santos rebate cr\u00edticas ideol\u00f3gicas e defende a\u00e7\u00f5es do Governo Federal - wilsonsantosmt.com.br","isPartOf":{"@id":"https:\/\/wilsonsantosmt.com.br\/#website"},"datePublished":"2025-05-02T12:42:20+00:00","dateModified":"2025-05-05T12:43:08+00:00","breadcrumb":{"@id":"https:\/\/wilsonsantosmt.com.br\/index.php\/2025\/05\/02\/wilson-santos-rebate-criticas-ideologicas-e-defende-acoes-do-governo-federal\/#breadcrumb"},"inLanguage":"pt-BR","potentialAction":[{"@type":"ReadAction","target":["https:\/\/wilsonsantosmt.com.br\/index.php\/2025\/05\/02\/wilson-santos-rebate-criticas-ideologicas-e-defende-acoes-do-governo-federal\/"]}]},{"@type":"BreadcrumbList","@id":"https:\/\/wilsonsantosmt.com.br\/index.php\/2025\/05\/02\/wilson-santos-rebate-criticas-ideologicas-e-defende-acoes-do-governo-federal\/#breadcrumb","itemListElement":[{"@type":"ListItem","position":1,"name":"In\u00edcio","item":"https:\/\/wilsonsantosmt.com.br\/"},{"@type":"ListItem","position":2,"name":"Not\u00edcias","item":"https:\/\/wilsonsantosmt.com.br\/index.php\/category\/noticias\/"},{"@type":"ListItem","position":3,"name":"Wilson Santos rebate cr\u00edticas ideol\u00f3gicas e defende a\u00e7\u00f5es do Governo Federal"}]},{"@type":"WebSite","@id":"https:\/\/wilsonsantosmt.com.br\/#website","url":"https:\/\/wilsonsantosmt.com.br\/","name":"wilsonsantosmt.com.br","description":"","publisher":{"@id":"https:\/\/wilsonsantosmt.com.br\/#\/schema\/person\/9de3c54961637a9eadb16bcbf895b1ef"},"potentialAction":[{"@type":"SearchAction","target":{"@type":"EntryPoint","urlTemplate":"https:\/\/wilsonsantosmt.com.br\/?s={search_term_string}"},"query-input":"required name=search_term_string"}],"inLanguage":"pt-BR"},{"@type":["Person","Organization"],"@id":"https:\/\/wilsonsantosmt.com.br\/#\/schema\/person\/9de3c54961637a9eadb16bcbf895b1ef","name":"Wilson Santos","image":{"@type":"ImageObject","inLanguage":"pt-BR","@id":"https:\/\/wilsonsantosmt.com.br\/#\/schema\/person\/image\/","url":"https:\/\/wilsonsantosmt.com.br\/wp-content\/uploads\/2023\/11\/310828673_653254583023360_8795459643194608438_n.jpg","contentUrl":"https:\/\/wilsonsantosmt.com.br\/wp-content\/uploads\/2023\/11\/310828673_653254583023360_8795459643194608438_n.jpg","width":1078,"height":1079,"caption":"Wilson Santos"},"logo":{"@id":"https:\/\/wilsonsantosmt.com.br\/#\/schema\/person\/image\/"},"sameAs":["http:\/\/wilsonsantosmt.com.br","https:\/\/www.facebook.com\/WilsonSantosMT\/","https:\/\/www.instagram.com\/wilsonsantosmt\/","https:\/\/www.youtube.com\/@WilsonSantosWS\/videos","https:\/\/pt.wikipedia.org\/wiki\/Wilson_Santos"],"honorificPrefix":"Sr","gender":"masculino","jobTitle":"Deputado Estadual","worksFor":"Assembleia Legislativa de Mato Grosso"},{"@type":"Person","@id":"https:\/\/wilsonsantosmt.com.br\/#\/schema\/person\/1d097ee45f526dd0455dbad8c679932c","name":"Samantha dos Anjos","image":{"@type":"ImageObject","inLanguage":"pt-BR","@id":"https:\/\/wilsonsantosmt.com.br\/#\/schema\/person\/image\/","url":"https:\/\/secure.gravatar.com\/avatar\/7d8d0b6dd67d134a9fa841bee90c57c7?s=96&d=mm&r=g","contentUrl":"https:\/\/secure.gravatar.com\/avatar\/7d8d0b6dd67d134a9fa841bee90c57c7?s=96&d=mm&r=g","caption":"Samantha dos Anjos"},"url":"https:\/\/wilsonsantosmt.com.br\/index.php\/author\/samantha-dos-anjos\/"}]}},"_links":{"self":[{"href":"https:\/\/wilsonsantosmt.com.br\/index.php\/wp-json\/wp\/v2\/posts\/1477"}],"collection":[{"href":"https:\/\/wilsonsantosmt.com.br\/index.php\/wp-json\/wp\/v2\/posts"}],"about":[{"href":"https:\/\/wilsonsantosmt.com.br\/index.php\/wp-json\/wp\/v2\/types\/post"}],"author":[{"embeddable":true,"href":"https:\/\/wilsonsantosmt.com.br\/index.php\/wp-json\/wp\/v2\/users\/4"}],"replies":[{"embeddable":true,"href":"https:\/\/wilsonsantosmt.com.br\/index.php\/wp-json\/wp\/v2\/comments?post=1477"}],"version-history":[{"count":1,"href":"https:\/\/wilsonsantosmt.com.br\/index.php\/wp-json\/wp\/v2\/posts\/1477\/revisions"}],"predecessor-version":[{"id":1479,"href":"https:\/\/wilsonsantosmt.com.br\/index.php\/wp-json\/wp\/v2\/posts\/1477\/revisions\/1479"}],"wp:featuredmedia":[{"embeddable":true,"href":"https:\/\/wilsonsantosmt.com.br\/index.php\/wp-json\/wp\/v2\/media\/1478"}],"wp:attachment":[{"href":"https:\/\/wilsonsantosmt.com.br\/index.php\/wp-json\/wp\/v2\/media?parent=1477"}],"wp:term":[{"taxonomy":"category","embeddable":true,"href":"https:\/\/wilsonsantosmt.com.br\/index.php\/wp-json\/wp\/v2\/categories?post=1477"},{"taxonomy":"post_tag","embeddable":true,"href":"https:\/\/wilsonsantosmt.com.br\/index.php\/wp-json\/wp\/v2\/tags?post=1477"}],"curies":[{"name":"wp","href":"https:\/\/api.w.org\/{rel}","templated":true}]}}