{"id":1480,"date":"2025-04-30T08:43:12","date_gmt":"2025-04-30T12:43:12","guid":{"rendered":"https:\/\/wilsonsantosmt.com.br\/?p=1480"},"modified":"2025-05-05T08:43:43","modified_gmt":"2025-05-05T12:43:43","slug":"wilson-santos-quer-pantanal-incluido-nas-prioridades-do-fundo-amazonia","status":"publish","type":"post","link":"https:\/\/wilsonsantosmt.com.br\/index.php\/2025\/04\/30\/wilson-santos-quer-pantanal-incluido-nas-prioridades-do-fundo-amazonia\/","title":{"rendered":"Wilson Santos quer Pantanal inclu\u00eddo nas prioridades do Fundo Amaz\u00f4nia"},"content":{"rendered":"\n<p><\/p>\n\n\n\n<p>Durante reuni\u00e3o ordin\u00e1ria da Comiss\u00e3o de Meio Ambiente da Assembleia Legislativa, nesta ter\u00e7a-feira (29), para tratar sobre as a\u00e7\u00f5es preventivas e de combate aos inc\u00eandios florestais nos biomas Cerrado, Pantanal e Amaz\u00f4nia no \u00e2mbito de Mato Grosso, o membro titular e deputado estadual Wilson Santos (PSD) demonstrou preocupa\u00e7\u00e3o quanto a falta de investimentos e projetos que possam contribuir nos aspectos socioecon\u00f4mico e ambiental da regi\u00e3o pantaneira.<\/p>\n\n\n\n<p>Em 2024, o Pantanal sofreu com queimadas que atingiram propor\u00e7\u00f5es \u2013 em que cerca de 17% de toda a sua extens\u00e3o territorial foi consumida pelo fogo. Isso representa aproximadamente 2,6 milh\u00f5es de hectares devastados, dentro de um total estimado de 15 milh\u00f5es de hectares que comp\u00f5em o bioma. As informa\u00e7\u00f5es s\u00e3o do Laborat\u00f3rio de Aplica\u00e7\u00f5es de Sat\u00e9lites Ambientais (Lasa) da Universidade Federal do Rio de Janeiro (UFRJ).<\/p>\n\n\n\n<p>\u201cAs queimadas causam mudan\u00e7as clim\u00e1ticas e o Pantanal se torna mais seco e a baixa umidade faz com que a vegeta\u00e7\u00e3o nativa se torne suscet\u00edvel ao fogo. Precisamos de a\u00e7\u00f5es efetivas de preven\u00e7\u00e3o e combate a queimadas, promo\u00e7\u00e3o de ecoturismo, desenvolvimento econ\u00f4mico para pequenas comunidades que existem na regi\u00e3o, beneficiando ribeirinhos, pescadores e os povos origin\u00e1rios. O Brasil simplesmente vive de costas para esse bioma que \u00e9 considerado um dos mais atraente do planeta. \u00c9 preciso tratar o Pantanal de forma s\u00e9ria\u201d, posicionou o parlamentar.<\/p>\n\n\n\n<p>Na ocasi\u00e3o, Wilson Santos anunciou a apresenta\u00e7\u00e3o da indica\u00e7\u00e3o de n.\u00b0 3.811\/2024, em que solicitou ao Governo Federal, por meio do Minist\u00e9rio do Meio Ambiente, a inclus\u00e3o do Pantanal entre as \u00e1reas priorit\u00e1rias do Fundo Amaz\u00f4nia. A proposta visa destinar parte dos recursos do fundo \u00e0 preven\u00e7\u00e3o e mitiga\u00e7\u00e3o de danos ambientais no bioma.<\/p>\n\n\n\n<p>\u201cO que me preocupa \u00e9 a aus\u00eancia de um projeto nacional para o Pantanal. Vivemos apenas de medidas emergenciais. \u00c9 um bioma que representa um patrim\u00f4nio da humanidade e est\u00e1 abandonado. Por isso, propus que o Minist\u00e9rio do Meio Ambiente utilize parte dos recursos do Fundo Amaz\u00f4nia para o Pantanal. N\u00e3o \u00e9 justo que esses milh\u00f5es beneficiem apenas a Amaz\u00f4nia\u201d, afirmou o deputado.<\/p>\n\n\n\n<p>Criado em 2008, o Fundo Amaz\u00f4nia tem o objetivo de financiar iniciativas voltadas \u00e0 redu\u00e7\u00e3o das emiss\u00f5es de gases de efeito estufa por meio do combate ao desmatamento e \u00e0 degrada\u00e7\u00e3o florestal, sendo que no ano de 2024, recebeu R$ 643 milh\u00f5es. Ele \u00e9 gerido pelo Banco Nacional de Desenvolvimento Econ\u00f4mico e Social (BNDES) que tamb\u00e9m \u00e9 respons\u00e1vel pela sele\u00e7\u00e3o e acompanhamento dos projetos apoiados.<\/p>\n","protected":false},"excerpt":{"rendered":"<p>Durante reuni\u00e3o ordin\u00e1ria da Comiss\u00e3o de Meio Ambiente da Assembleia Legislativa, nesta ter\u00e7a-feira (29), para tratar sobre as a\u00e7\u00f5es preventivas e de combate aos inc\u00eandios florestais nos biomas Cerrado, Pantanal e Amaz\u00f4nia no \u00e2mbito de Mato Grosso, o membro titular e deputado estadual Wilson Santos (PSD) demonstrou preocupa\u00e7\u00e3o quanto a falta de investimentos e projetos [&hellip;]<\/p>\n","protected":false},"author":4,"featured_media":1481,"comment_status":"closed","ping_status":"open","sticky":false,"template":"","format":"standard","meta":{"footnotes":""},"categories":[13],"tags":[],"yoast_head":"<!-- This site is optimized with the Yoast SEO Premium plugin v21.5 (Yoast SEO v21.4) - https:\/\/yoast.com\/wordpress\/plugins\/seo\/ -->\n<title>Wilson Santos quer Pantanal inclu\u00eddo nas prioridades do Fundo Amaz\u00f4nia - wilsonsantosmt.com.br<\/title>\n<meta name=\"robots\" content=\"index, follow, max-snippet:-1, max-image-preview:large, max-video-preview:-1\" \/>\n<link rel=\"canonical\" href=\"https:\/\/wilsonsantosmt.com.br\/index.php\/2025\/04\/30\/wilson-santos-quer-pantanal-incluido-nas-prioridades-do-fundo-amazonia\/\" \/>\n<meta property=\"og:locale\" content=\"pt_BR\" \/>\n<meta property=\"og:type\" content=\"article\" \/>\n<meta property=\"og:title\" content=\"Wilson Santos quer Pantanal inclu\u00eddo nas prioridades do Fundo Amaz\u00f4nia\" \/>\n<meta property=\"og:description\" content=\"Durante reuni\u00e3o ordin\u00e1ria da Comiss\u00e3o de Meio Ambiente da Assembleia Legislativa, nesta ter\u00e7a-feira (29), para tratar sobre as a\u00e7\u00f5es preventivas e de combate aos inc\u00eandios florestais nos biomas Cerrado, Pantanal e Amaz\u00f4nia no \u00e2mbito de Mato Grosso, o membro titular e deputado estadual Wilson Santos (PSD) demonstrou preocupa\u00e7\u00e3o quanto a falta de investimentos e projetos [&hellip;]\" \/>\n<meta property=\"og:url\" content=\"https:\/\/wilsonsantosmt.com.br\/index.php\/2025\/04\/30\/wilson-santos-quer-pantanal-incluido-nas-prioridades-do-fundo-amazonia\/\" \/>\n<meta property=\"og:site_name\" content=\"wilsonsantosmt.com.br\" \/>\n<meta property=\"article:publisher\" content=\"https:\/\/www.facebook.com\/WilsonSantosMT\/\" \/>\n<meta property=\"article:published_time\" content=\"2025-04-30T12:43:12+00:00\" \/>\n<meta property=\"article:modified_time\" content=\"2025-05-05T12:43:43+00:00\" \/>\n<meta property=\"og:image\" content=\"http:\/\/wilsonsantosmt.com.br\/wp-content\/uploads\/2025\/05\/WhatsApp-Image-2025-04-29-at-16.06.50.jpeg\" \/>\n\t<meta property=\"og:image:width\" content=\"1600\" \/>\n\t<meta property=\"og:image:height\" content=\"1067\" \/>\n\t<meta property=\"og:image:type\" content=\"image\/jpeg\" \/>\n<meta name=\"author\" content=\"Samantha dos Anjos\" \/>\n<meta name=\"twitter:card\" content=\"summary_large_image\" \/>\n<meta name=\"twitter:label1\" content=\"Escrito por\" \/>\n\t<meta name=\"twitter:data1\" content=\"Samantha dos Anjos\" \/>\n\t<meta name=\"twitter:label2\" content=\"Est. tempo de leitura\" \/>\n\t<meta name=\"twitter:data2\" content=\"3 minutos\" \/>\n<script type=\"application\/ld+json\" class=\"yoast-schema-graph\">{\"@context\":\"https:\/\/schema.org\",\"@graph\":[{\"@type\":\"Article\",\"@id\":\"https:\/\/wilsonsantosmt.com.br\/index.php\/2025\/04\/30\/wilson-santos-quer-pantanal-incluido-nas-prioridades-do-fundo-amazonia\/#article\",\"isPartOf\":{\"@id\":\"https:\/\/wilsonsantosmt.com.br\/index.php\/2025\/04\/30\/wilson-santos-quer-pantanal-incluido-nas-prioridades-do-fundo-amazonia\/\"},\"author\":{\"name\":\"Samantha dos Anjos\",\"@id\":\"https:\/\/wilsonsantosmt.com.br\/#\/schema\/person\/1d097ee45f526dd0455dbad8c679932c\"},\"headline\":\"Wilson Santos quer Pantanal inclu\u00eddo nas prioridades do Fundo Amaz\u00f4nia\",\"datePublished\":\"2025-04-30T12:43:12+00:00\",\"dateModified\":\"2025-05-05T12:43:43+00:00\",\"mainEntityOfPage\":{\"@id\":\"https:\/\/wilsonsantosmt.com.br\/index.php\/2025\/04\/30\/wilson-santos-quer-pantanal-incluido-nas-prioridades-do-fundo-amazonia\/\"},\"wordCount\":448,\"publisher\":{\"@id\":\"https:\/\/wilsonsantosmt.com.br\/#\/schema\/person\/9de3c54961637a9eadb16bcbf895b1ef\"},\"articleSection\":[\"Not\u00edcias\"],\"inLanguage\":\"pt-BR\"},{\"@type\":\"WebPage\",\"@id\":\"https:\/\/wilsonsantosmt.com.br\/index.php\/2025\/04\/30\/wilson-santos-quer-pantanal-incluido-nas-prioridades-do-fundo-amazonia\/\",\"url\":\"https:\/\/wilsonsantosmt.com.br\/index.php\/2025\/04\/30\/wilson-santos-quer-pantanal-incluido-nas-prioridades-do-fundo-amazonia\/\",\"name\":\"Wilson Santos quer Pantanal inclu\u00eddo nas prioridades do Fundo Amaz\u00f4nia - wilsonsantosmt.com.br\",\"isPartOf\":{\"@id\":\"https:\/\/wilsonsantosmt.com.br\/#website\"},\"datePublished\":\"2025-04-30T12:43:12+00:00\",\"dateModified\":\"2025-05-05T12:43:43+00:00\",\"breadcrumb\":{\"@id\":\"https:\/\/wilsonsantosmt.com.br\/index.php\/2025\/04\/30\/wilson-santos-quer-pantanal-incluido-nas-prioridades-do-fundo-amazonia\/#breadcrumb\"},\"inLanguage\":\"pt-BR\",\"potentialAction\":[{\"@type\":\"ReadAction\",\"target\":[\"https:\/\/wilsonsantosmt.com.br\/index.php\/2025\/04\/30\/wilson-santos-quer-pantanal-incluido-nas-prioridades-do-fundo-amazonia\/\"]}]},{\"@type\":\"BreadcrumbList\",\"@id\":\"https:\/\/wilsonsantosmt.com.br\/index.php\/2025\/04\/30\/wilson-santos-quer-pantanal-incluido-nas-prioridades-do-fundo-amazonia\/#breadcrumb\",\"itemListElement\":[{\"@type\":\"ListItem\",\"position\":1,\"name\":\"In\u00edcio\",\"item\":\"https:\/\/wilsonsantosmt.com.br\/\"},{\"@type\":\"ListItem\",\"position\":2,\"name\":\"Not\u00edcias\",\"item\":\"https:\/\/wilsonsantosmt.com.br\/index.php\/category\/noticias\/\"},{\"@type\":\"ListItem\",\"position\":3,\"name\":\"Wilson Santos quer Pantanal inclu\u00eddo nas prioridades do Fundo Amaz\u00f4nia\"}]},{\"@type\":\"WebSite\",\"@id\":\"https:\/\/wilsonsantosmt.com.br\/#website\",\"url\":\"https:\/\/wilsonsantosmt.com.br\/\",\"name\":\"wilsonsantosmt.com.br\",\"description\":\"\",\"publisher\":{\"@id\":\"https:\/\/wilsonsantosmt.com.br\/#\/schema\/person\/9de3c54961637a9eadb16bcbf895b1ef\"},\"potentialAction\":[{\"@type\":\"SearchAction\",\"target\":{\"@type\":\"EntryPoint\",\"urlTemplate\":\"https:\/\/wilsonsantosmt.com.br\/?s={search_term_string}\"},\"query-input\":\"required name=search_term_string\"}],\"inLanguage\":\"pt-BR\"},{\"@type\":[\"Person\",\"Organization\"],\"@id\":\"https:\/\/wilsonsantosmt.com.br\/#\/schema\/person\/9de3c54961637a9eadb16bcbf895b1ef\",\"name\":\"Wilson Santos\",\"image\":{\"@type\":\"ImageObject\",\"inLanguage\":\"pt-BR\",\"@id\":\"https:\/\/wilsonsantosmt.com.br\/#\/schema\/person\/image\/\",\"url\":\"https:\/\/wilsonsantosmt.com.br\/wp-content\/uploads\/2023\/11\/310828673_653254583023360_8795459643194608438_n.jpg\",\"contentUrl\":\"https:\/\/wilsonsantosmt.com.br\/wp-content\/uploads\/2023\/11\/310828673_653254583023360_8795459643194608438_n.jpg\",\"width\":1078,\"height\":1079,\"caption\":\"Wilson Santos\"},\"logo\":{\"@id\":\"https:\/\/wilsonsantosmt.com.br\/#\/schema\/person\/image\/\"},\"sameAs\":[\"http:\/\/wilsonsantosmt.com.br\",\"https:\/\/www.facebook.com\/WilsonSantosMT\/\",\"https:\/\/www.instagram.com\/wilsonsantosmt\/\",\"https:\/\/www.youtube.com\/@WilsonSantosWS\/videos\",\"https:\/\/pt.wikipedia.org\/wiki\/Wilson_Santos\"],\"honorificPrefix\":\"Sr\",\"gender\":\"masculino\",\"jobTitle\":\"Deputado Estadual\",\"worksFor\":\"Assembleia Legislativa de Mato Grosso\"},{\"@type\":\"Person\",\"@id\":\"https:\/\/wilsonsantosmt.com.br\/#\/schema\/person\/1d097ee45f526dd0455dbad8c679932c\",\"name\":\"Samantha dos Anjos\",\"image\":{\"@type\":\"ImageObject\",\"inLanguage\":\"pt-BR\",\"@id\":\"https:\/\/wilsonsantosmt.com.br\/#\/schema\/person\/image\/\",\"url\":\"https:\/\/secure.gravatar.com\/avatar\/7d8d0b6dd67d134a9fa841bee90c57c7?s=96&d=mm&r=g\",\"contentUrl\":\"https:\/\/secure.gravatar.com\/avatar\/7d8d0b6dd67d134a9fa841bee90c57c7?s=96&d=mm&r=g\",\"caption\":\"Samantha dos Anjos\"},\"url\":\"https:\/\/wilsonsantosmt.com.br\/index.php\/author\/samantha-dos-anjos\/\"}]}<\/script>\n<!-- \/ Yoast SEO Premium plugin. -->","yoast_head_json":{"title":"Wilson Santos quer Pantanal inclu\u00eddo nas prioridades do Fundo Amaz\u00f4nia - wilsonsantosmt.com.br","robots":{"index":"index","follow":"follow","max-snippet":"max-snippet:-1","max-image-preview":"max-image-preview:large","max-video-preview":"max-video-preview:-1"},"canonical":"https:\/\/wilsonsantosmt.com.br\/index.php\/2025\/04\/30\/wilson-santos-quer-pantanal-incluido-nas-prioridades-do-fundo-amazonia\/","og_locale":"pt_BR","og_type":"article","og_title":"Wilson Santos quer Pantanal inclu\u00eddo nas prioridades do Fundo Amaz\u00f4nia","og_description":"Durante reuni\u00e3o ordin\u00e1ria da Comiss\u00e3o de Meio Ambiente da Assembleia Legislativa, nesta ter\u00e7a-feira (29), para tratar sobre as a\u00e7\u00f5es preventivas e de combate aos inc\u00eandios florestais nos biomas Cerrado, Pantanal e Amaz\u00f4nia no \u00e2mbito de Mato Grosso, o membro titular e deputado estadual Wilson Santos (PSD) demonstrou preocupa\u00e7\u00e3o quanto a falta de investimentos e projetos [&hellip;]","og_url":"https:\/\/wilsonsantosmt.com.br\/index.php\/2025\/04\/30\/wilson-santos-quer-pantanal-incluido-nas-prioridades-do-fundo-amazonia\/","og_site_name":"wilsonsantosmt.com.br","article_publisher":"https:\/\/www.facebook.com\/WilsonSantosMT\/","article_published_time":"2025-04-30T12:43:12+00:00","article_modified_time":"2025-05-05T12:43:43+00:00","og_image":[{"width":1600,"height":1067,"url":"http:\/\/wilsonsantosmt.com.br\/wp-content\/uploads\/2025\/05\/WhatsApp-Image-2025-04-29-at-16.06.50.jpeg","type":"image\/jpeg"}],"author":"Samantha dos Anjos","twitter_card":"summary_large_image","twitter_misc":{"Escrito por":"Samantha dos Anjos","Est. tempo de leitura":"3 minutos"},"schema":{"@context":"https:\/\/schema.org","@graph":[{"@type":"Article","@id":"https:\/\/wilsonsantosmt.com.br\/index.php\/2025\/04\/30\/wilson-santos-quer-pantanal-incluido-nas-prioridades-do-fundo-amazonia\/#article","isPartOf":{"@id":"https:\/\/wilsonsantosmt.com.br\/index.php\/2025\/04\/30\/wilson-santos-quer-pantanal-incluido-nas-prioridades-do-fundo-amazonia\/"},"author":{"name":"Samantha dos Anjos","@id":"https:\/\/wilsonsantosmt.com.br\/#\/schema\/person\/1d097ee45f526dd0455dbad8c679932c"},"headline":"Wilson Santos quer Pantanal inclu\u00eddo nas prioridades do Fundo Amaz\u00f4nia","datePublished":"2025-04-30T12:43:12+00:00","dateModified":"2025-05-05T12:43:43+00:00","mainEntityOfPage":{"@id":"https:\/\/wilsonsantosmt.com.br\/index.php\/2025\/04\/30\/wilson-santos-quer-pantanal-incluido-nas-prioridades-do-fundo-amazonia\/"},"wordCount":448,"publisher":{"@id":"https:\/\/wilsonsantosmt.com.br\/#\/schema\/person\/9de3c54961637a9eadb16bcbf895b1ef"},"articleSection":["Not\u00edcias"],"inLanguage":"pt-BR"},{"@type":"WebPage","@id":"https:\/\/wilsonsantosmt.com.br\/index.php\/2025\/04\/30\/wilson-santos-quer-pantanal-incluido-nas-prioridades-do-fundo-amazonia\/","url":"https:\/\/wilsonsantosmt.com.br\/index.php\/2025\/04\/30\/wilson-santos-quer-pantanal-incluido-nas-prioridades-do-fundo-amazonia\/","name":"Wilson Santos quer Pantanal inclu\u00eddo nas prioridades do Fundo Amaz\u00f4nia - wilsonsantosmt.com.br","isPartOf":{"@id":"https:\/\/wilsonsantosmt.com.br\/#website"},"datePublished":"2025-04-30T12:43:12+00:00","dateModified":"2025-05-05T12:43:43+00:00","breadcrumb":{"@id":"https:\/\/wilsonsantosmt.com.br\/index.php\/2025\/04\/30\/wilson-santos-quer-pantanal-incluido-nas-prioridades-do-fundo-amazonia\/#breadcrumb"},"inLanguage":"pt-BR","potentialAction":[{"@type":"ReadAction","target":["https:\/\/wilsonsantosmt.com.br\/index.php\/2025\/04\/30\/wilson-santos-quer-pantanal-incluido-nas-prioridades-do-fundo-amazonia\/"]}]},{"@type":"BreadcrumbList","@id":"https:\/\/wilsonsantosmt.com.br\/index.php\/2025\/04\/30\/wilson-santos-quer-pantanal-incluido-nas-prioridades-do-fundo-amazonia\/#breadcrumb","itemListElement":[{"@type":"ListItem","position":1,"name":"In\u00edcio","item":"https:\/\/wilsonsantosmt.com.br\/"},{"@type":"ListItem","position":2,"name":"Not\u00edcias","item":"https:\/\/wilsonsantosmt.com.br\/index.php\/category\/noticias\/"},{"@type":"ListItem","position":3,"name":"Wilson Santos quer Pantanal inclu\u00eddo nas prioridades do Fundo Amaz\u00f4nia"}]},{"@type":"WebSite","@id":"https:\/\/wilsonsantosmt.com.br\/#website","url":"https:\/\/wilsonsantosmt.com.br\/","name":"wilsonsantosmt.com.br","description":"","publisher":{"@id":"https:\/\/wilsonsantosmt.com.br\/#\/schema\/person\/9de3c54961637a9eadb16bcbf895b1ef"},"potentialAction":[{"@type":"SearchAction","target":{"@type":"EntryPoint","urlTemplate":"https:\/\/wilsonsantosmt.com.br\/?s={search_term_string}"},"query-input":"required name=search_term_string"}],"inLanguage":"pt-BR"},{"@type":["Person","Organization"],"@id":"https:\/\/wilsonsantosmt.com.br\/#\/schema\/person\/9de3c54961637a9eadb16bcbf895b1ef","name":"Wilson Santos","image":{"@type":"ImageObject","inLanguage":"pt-BR","@id":"https:\/\/wilsonsantosmt.com.br\/#\/schema\/person\/image\/","url":"https:\/\/wilsonsantosmt.com.br\/wp-content\/uploads\/2023\/11\/310828673_653254583023360_8795459643194608438_n.jpg","contentUrl":"https:\/\/wilsonsantosmt.com.br\/wp-content\/uploads\/2023\/11\/310828673_653254583023360_8795459643194608438_n.jpg","width":1078,"height":1079,"caption":"Wilson Santos"},"logo":{"@id":"https:\/\/wilsonsantosmt.com.br\/#\/schema\/person\/image\/"},"sameAs":["http:\/\/wilsonsantosmt.com.br","https:\/\/www.facebook.com\/WilsonSantosMT\/","https:\/\/www.instagram.com\/wilsonsantosmt\/","https:\/\/www.youtube.com\/@WilsonSantosWS\/videos","https:\/\/pt.wikipedia.org\/wiki\/Wilson_Santos"],"honorificPrefix":"Sr","gender":"masculino","jobTitle":"Deputado Estadual","worksFor":"Assembleia Legislativa de Mato Grosso"},{"@type":"Person","@id":"https:\/\/wilsonsantosmt.com.br\/#\/schema\/person\/1d097ee45f526dd0455dbad8c679932c","name":"Samantha dos Anjos","image":{"@type":"ImageObject","inLanguage":"pt-BR","@id":"https:\/\/wilsonsantosmt.com.br\/#\/schema\/person\/image\/","url":"https:\/\/secure.gravatar.com\/avatar\/7d8d0b6dd67d134a9fa841bee90c57c7?s=96&d=mm&r=g","contentUrl":"https:\/\/secure.gravatar.com\/avatar\/7d8d0b6dd67d134a9fa841bee90c57c7?s=96&d=mm&r=g","caption":"Samantha dos Anjos"},"url":"https:\/\/wilsonsantosmt.com.br\/index.php\/author\/samantha-dos-anjos\/"}]}},"_links":{"self":[{"href":"https:\/\/wilsonsantosmt.com.br\/index.php\/wp-json\/wp\/v2\/posts\/1480"}],"collection":[{"href":"https:\/\/wilsonsantosmt.com.br\/index.php\/wp-json\/wp\/v2\/posts"}],"about":[{"href":"https:\/\/wilsonsantosmt.com.br\/index.php\/wp-json\/wp\/v2\/types\/post"}],"author":[{"embeddable":true,"href":"https:\/\/wilsonsantosmt.com.br\/index.php\/wp-json\/wp\/v2\/users\/4"}],"replies":[{"embeddable":true,"href":"https:\/\/wilsonsantosmt.com.br\/index.php\/wp-json\/wp\/v2\/comments?post=1480"}],"version-history":[{"count":1,"href":"https:\/\/wilsonsantosmt.com.br\/index.php\/wp-json\/wp\/v2\/posts\/1480\/revisions"}],"predecessor-version":[{"id":1482,"href":"https:\/\/wilsonsantosmt.com.br\/index.php\/wp-json\/wp\/v2\/posts\/1480\/revisions\/1482"}],"wp:featuredmedia":[{"embeddable":true,"href":"https:\/\/wilsonsantosmt.com.br\/index.php\/wp-json\/wp\/v2\/media\/1481"}],"wp:attachment":[{"href":"https:\/\/wilsonsantosmt.com.br\/index.php\/wp-json\/wp\/v2\/media?parent=1480"}],"wp:term":[{"taxonomy":"category","embeddable":true,"href":"https:\/\/wilsonsantosmt.com.br\/index.php\/wp-json\/wp\/v2\/categories?post=1480"},{"taxonomy":"post_tag","embeddable":true,"href":"https:\/\/wilsonsantosmt.com.br\/index.php\/wp-json\/wp\/v2\/tags?post=1480"}],"curies":[{"name":"wp","href":"https:\/\/api.w.org\/{rel}","templated":true}]}}