{"id":1504,"date":"2025-05-07T08:12:25","date_gmt":"2025-05-07T12:12:25","guid":{"rendered":"https:\/\/wilsonsantosmt.com.br\/?p=1504"},"modified":"2025-05-09T08:13:38","modified_gmt":"2025-05-09T12:13:38","slug":"produtores-rurais-recebem-esclarecimentos-sobre-o-programa-solo-vivo","status":"publish","type":"post","link":"https:\/\/wilsonsantosmt.com.br\/index.php\/2025\/05\/07\/produtores-rurais-recebem-esclarecimentos-sobre-o-programa-solo-vivo\/","title":{"rendered":"Produtores rurais recebem esclarecimentos sobre o Programa \u201cSolo Vivo\u201d"},"content":{"rendered":"\n<p><\/p>\n\n\n\n<p>Os pequenos produtores rurais do assentamento Santo Ant\u00f4nio da Fartura, em Campo Verde, j\u00e1 aguardam a chegada do presidente da Rep\u00fablica, Luiz In\u00e1cio da Silva, e do ministro da Agricultura e Pecu\u00e1ria (MAPA), Carlos F\u00e1varo, para o lan\u00e7amento do Programa \u201cSolo Vivo\u201d que vai beneficiar 115 fam\u00edlias da regi\u00e3o. O encontro foi conduzido pelo deputado estadual Wilson Santos (PSD), nesta ter\u00e7a-feira (6), no Sal\u00e3o Multiuso, com a presen\u00e7a de representantes da Federa\u00e7\u00e3o dos Trabalhadores na Agricultura do Estado de Mato Grosso (Fetagri) que passaram informa\u00e7\u00f5es sobre a metodologia a ser aplicada neste projeto experimental que beneficiar\u00e1 trabalhadores da agricultura familiar no \u00e2mbito nacional.<\/p>\n\n\n\n<p>\u201cOs representantes da Fetagri vieram para esclarecer como funciona o programa \u2018Solo Vivo\u2019. Independente da quest\u00e3o partid\u00e1ria, \u00e9 bom refor\u00e7ar a import\u00e2ncia do projeto, sendo muito raro de acontecer a presen\u00e7a de um presidente da Rep\u00fablica aqui e o assentamento est\u00e1 tendo essa oportunidade. Agora \u00e9 hora de unir-se com a chegada de maquin\u00e1rios pesados e \u00e9 um programa que vai impulsionar a agricultura familiar, aumentar a produtividade e gerar trabalho e renda. Quem vai ganhar s\u00e3o os produtores rurais. Essa \u00e9 uma iniciativa inovadora que vai beneficiar especialmente regi\u00f5es \u00e1ridas e de baixa fertilidade\u201d, esclareceu o parlamentar.<\/p>\n\n\n\n<p>O secret\u00e1rio de Finan\u00e7as e Administra\u00e7\u00e3o da Fetagri, Reginaldo Gon\u00e7alves, acrescentou que independente das correntes partid\u00e1rias, as comunidades da Fartura ser\u00e3o beneficiadas com melhorias no solo e o aumento da produtividade. \u201cVamos melhorar cada vez mais. Por isso, \u00e9 importante aproveitar esse momento e tirar o m\u00e1ximo de proveito. Este assentamento \u00e9 bastante produtivo, mesmo com alguns impasses, como qualquer comunidade rural. Temos uma diversidade de produ\u00e7\u00e3o, em que esse programa vai permitir ao homem do campo, se projetar para o Estado e, quem sabe, no pa\u00eds. Importante essa uni\u00e3o e o bem-estar da comunidade\u201d, posicionou.<\/p>\n\n\n\n<figure class=\"wp-block-image size-large\"><img fetchpriority=\"high\" decoding=\"async\" width=\"1024\" height=\"576\" src=\"http:\/\/wilsonsantosmt.com.br\/wp-content\/uploads\/2025\/05\/WhatsApp-Image-2025-05-08-at-09.19.30-1024x576.jpeg\" alt=\"\" class=\"wp-image-1506\" srcset=\"https:\/\/wilsonsantosmt.com.br\/wp-content\/uploads\/2025\/05\/WhatsApp-Image-2025-05-08-at-09.19.30-1024x576.jpeg 1024w, https:\/\/wilsonsantosmt.com.br\/wp-content\/uploads\/2025\/05\/WhatsApp-Image-2025-05-08-at-09.19.30-300x169.jpeg 300w, https:\/\/wilsonsantosmt.com.br\/wp-content\/uploads\/2025\/05\/WhatsApp-Image-2025-05-08-at-09.19.30-768x432.jpeg 768w, https:\/\/wilsonsantosmt.com.br\/wp-content\/uploads\/2025\/05\/WhatsApp-Image-2025-05-08-at-09.19.30-1536x864.jpeg 1536w, https:\/\/wilsonsantosmt.com.br\/wp-content\/uploads\/2025\/05\/WhatsApp-Image-2025-05-08-at-09.19.30-600x338.jpeg 600w, https:\/\/wilsonsantosmt.com.br\/wp-content\/uploads\/2025\/05\/WhatsApp-Image-2025-05-08-at-09.19.30.jpeg 1600w\" sizes=\"(max-width: 1024px) 100vw, 1024px\" \/><\/figure>\n\n\n\n<p>Al\u00e9m da Fetagri, ele explicou que o programa \u201cSolo Vivo\u201d contar\u00e1 tamb\u00e9m com a participa\u00e7\u00e3o direta do Instituto Federal de Educa\u00e7\u00e3o, Ci\u00eancia e Tecnologia de Mato Grosso (IFMT) e da Funda\u00e7\u00e3o de Apoio ao Desenvolvimento do IFMT (FNADIF). \u201cHouve muito di\u00e1logo para que fosse definida a realiza\u00e7\u00e3o do experimento no assentamento Santo Ant\u00f4nio da Fartura. Ser\u00e1 feita a recupera\u00e7\u00e3o de \u00e1reas com o uso de calc\u00e1rio e fosfato para preparar o solo para vir com a aduba\u00e7\u00e3o mais espec\u00edfica e tornar a \u00e1rea pronta para plantar. Aqui, na Fartura tem \u00e1reas de quatro a 20 hectares. Vamos trabalhar em cima das recomenda\u00e7\u00f5es t\u00e9cnicas. As an\u00e1lises de solos j\u00e1 est\u00e3o acontecendo e a recupera\u00e7\u00e3o vai gerar uma produ\u00e7\u00e3o muito maior\u201d, explicou Reginaldo.<\/p>\n\n\n\n<p>O representante da Fetagri ressaltou que o prazo de assist\u00eancia t\u00e9cnica para as \u00e1reas inscritas ser\u00e1 no prazo de dois anos, sendo que Mato Grosso \u00e9 o primeiro estado do pa\u00eds, a receber o projeto piloto que se transformar\u00e1 em um programa do Governo Federal que vai ser ampliado para beneficiar comunidades de diferentes regi\u00f5es brasileiras. Tamb\u00e9m, informou que ser\u00e3o disponibilizados um kit de m\u00e1quinas para a execu\u00e7\u00e3o do projeto que engloba uma p\u00e1 carregadeira, dois tratores, uma calcareadeira e duas grades aradoras por munic\u00edpio contemplado.<\/p>\n\n\n\n<p>O produtor rural Giliard Pereira de Oliveira, do assentamento Santo Ant\u00f4nio da Fartura, conta que t\u00e9cnicos do IFMT j\u00e1 levantaram amostras do solo da sua propriedade para an\u00e1lise. \u201cAtualmente, eu s\u00f3 planto hortali\u00e7as. Quando coletaram o solo, fiquei bastante animado. Mato Grosso \u00e9 t\u00e3o grande e, agora, estamos sendo beneficiados com esse projeto. A minha expectativa \u00e9 plantar milho com o solo f\u00e9rtil e alavancar a minha produ\u00e7\u00e3o. Esse foi o melhor ganho que tivemos\u201d, expressou.<\/p>\n\n\n\n<p>Al\u00e9m de Campo Verde, o governo federal destinar\u00e1 R$ 42,8 milh\u00f5es ao programa para atender tamb\u00e9m os munic\u00edpios de Alto Araguaia, Pocon\u00e9, Ros\u00e1rio Oeste, Barra do Bugres, S\u00e3o F\u00e9lix do Araguaia, Matup\u00e1, Ju\u00edna, Pontes e Lacerda, e S\u00e3o Jos\u00e9 dos Quatro Marcos.<\/p>\n","protected":false},"excerpt":{"rendered":"<p>Os pequenos produtores rurais do assentamento Santo Ant\u00f4nio da Fartura, em Campo Verde, j\u00e1 aguardam a chegada do presidente da Rep\u00fablica, Luiz In\u00e1cio da Silva, e do ministro da Agricultura e Pecu\u00e1ria (MAPA), Carlos F\u00e1varo, para o lan\u00e7amento do Programa \u201cSolo Vivo\u201d que vai beneficiar 115 fam\u00edlias da regi\u00e3o. O encontro foi conduzido pelo deputado [&hellip;]<\/p>\n","protected":false},"author":4,"featured_media":1505,"comment_status":"closed","ping_status":"open","sticky":false,"template":"","format":"standard","meta":{"footnotes":""},"categories":[13],"tags":[],"yoast_head":"<!-- This site is optimized with the Yoast SEO Premium plugin v21.5 (Yoast SEO v21.4) - https:\/\/yoast.com\/wordpress\/plugins\/seo\/ -->\n<title>Produtores rurais recebem esclarecimentos sobre o Programa \u201cSolo Vivo\u201d - wilsonsantosmt.com.br<\/title>\n<meta name=\"robots\" content=\"index, follow, max-snippet:-1, max-image-preview:large, max-video-preview:-1\" \/>\n<link rel=\"canonical\" href=\"https:\/\/wilsonsantosmt.com.br\/index.php\/2025\/05\/07\/produtores-rurais-recebem-esclarecimentos-sobre-o-programa-solo-vivo\/\" \/>\n<meta property=\"og:locale\" content=\"pt_BR\" \/>\n<meta property=\"og:type\" content=\"article\" \/>\n<meta property=\"og:title\" content=\"Produtores rurais recebem esclarecimentos sobre o Programa \u201cSolo Vivo\u201d\" \/>\n<meta property=\"og:description\" content=\"Os pequenos produtores rurais do assentamento Santo Ant\u00f4nio da Fartura, em Campo Verde, j\u00e1 aguardam a chegada do presidente da Rep\u00fablica, Luiz In\u00e1cio da Silva, e do ministro da Agricultura e Pecu\u00e1ria (MAPA), Carlos F\u00e1varo, para o lan\u00e7amento do Programa \u201cSolo Vivo\u201d que vai beneficiar 115 fam\u00edlias da regi\u00e3o. O encontro foi conduzido pelo deputado [&hellip;]\" \/>\n<meta property=\"og:url\" content=\"https:\/\/wilsonsantosmt.com.br\/index.php\/2025\/05\/07\/produtores-rurais-recebem-esclarecimentos-sobre-o-programa-solo-vivo\/\" \/>\n<meta property=\"og:site_name\" content=\"wilsonsantosmt.com.br\" \/>\n<meta property=\"article:publisher\" content=\"https:\/\/www.facebook.com\/WilsonSantosMT\/\" \/>\n<meta property=\"article:published_time\" content=\"2025-05-07T12:12:25+00:00\" \/>\n<meta property=\"article:modified_time\" content=\"2025-05-09T12:13:38+00:00\" \/>\n<meta property=\"og:image\" content=\"http:\/\/wilsonsantosmt.com.br\/wp-content\/uploads\/2025\/05\/WhatsApp-Image-2025-05-08-at-09.20.00.jpeg\" \/>\n\t<meta property=\"og:image:width\" content=\"1600\" \/>\n\t<meta property=\"og:image:height\" content=\"900\" \/>\n\t<meta property=\"og:image:type\" content=\"image\/jpeg\" \/>\n<meta name=\"author\" content=\"Samantha dos Anjos\" \/>\n<meta name=\"twitter:card\" content=\"summary_large_image\" \/>\n<meta name=\"twitter:label1\" content=\"Escrito por\" \/>\n\t<meta name=\"twitter:data1\" content=\"Samantha dos Anjos\" \/>\n\t<meta name=\"twitter:label2\" content=\"Est. tempo de leitura\" \/>\n\t<meta name=\"twitter:data2\" content=\"4 minutos\" \/>\n<script type=\"application\/ld+json\" class=\"yoast-schema-graph\">{\"@context\":\"https:\/\/schema.org\",\"@graph\":[{\"@type\":\"Article\",\"@id\":\"https:\/\/wilsonsantosmt.com.br\/index.php\/2025\/05\/07\/produtores-rurais-recebem-esclarecimentos-sobre-o-programa-solo-vivo\/#article\",\"isPartOf\":{\"@id\":\"https:\/\/wilsonsantosmt.com.br\/index.php\/2025\/05\/07\/produtores-rurais-recebem-esclarecimentos-sobre-o-programa-solo-vivo\/\"},\"author\":{\"name\":\"Samantha dos Anjos\",\"@id\":\"https:\/\/wilsonsantosmt.com.br\/#\/schema\/person\/1d097ee45f526dd0455dbad8c679932c\"},\"headline\":\"Produtores rurais recebem esclarecimentos sobre o Programa \u201cSolo Vivo\u201d\",\"datePublished\":\"2025-05-07T12:12:25+00:00\",\"dateModified\":\"2025-05-09T12:13:38+00:00\",\"mainEntityOfPage\":{\"@id\":\"https:\/\/wilsonsantosmt.com.br\/index.php\/2025\/05\/07\/produtores-rurais-recebem-esclarecimentos-sobre-o-programa-solo-vivo\/\"},\"wordCount\":694,\"publisher\":{\"@id\":\"https:\/\/wilsonsantosmt.com.br\/#\/schema\/person\/9de3c54961637a9eadb16bcbf895b1ef\"},\"articleSection\":[\"Not\u00edcias\"],\"inLanguage\":\"pt-BR\"},{\"@type\":\"WebPage\",\"@id\":\"https:\/\/wilsonsantosmt.com.br\/index.php\/2025\/05\/07\/produtores-rurais-recebem-esclarecimentos-sobre-o-programa-solo-vivo\/\",\"url\":\"https:\/\/wilsonsantosmt.com.br\/index.php\/2025\/05\/07\/produtores-rurais-recebem-esclarecimentos-sobre-o-programa-solo-vivo\/\",\"name\":\"Produtores rurais recebem esclarecimentos sobre o Programa \u201cSolo Vivo\u201d - wilsonsantosmt.com.br\",\"isPartOf\":{\"@id\":\"https:\/\/wilsonsantosmt.com.br\/#website\"},\"datePublished\":\"2025-05-07T12:12:25+00:00\",\"dateModified\":\"2025-05-09T12:13:38+00:00\",\"breadcrumb\":{\"@id\":\"https:\/\/wilsonsantosmt.com.br\/index.php\/2025\/05\/07\/produtores-rurais-recebem-esclarecimentos-sobre-o-programa-solo-vivo\/#breadcrumb\"},\"inLanguage\":\"pt-BR\",\"potentialAction\":[{\"@type\":\"ReadAction\",\"target\":[\"https:\/\/wilsonsantosmt.com.br\/index.php\/2025\/05\/07\/produtores-rurais-recebem-esclarecimentos-sobre-o-programa-solo-vivo\/\"]}]},{\"@type\":\"BreadcrumbList\",\"@id\":\"https:\/\/wilsonsantosmt.com.br\/index.php\/2025\/05\/07\/produtores-rurais-recebem-esclarecimentos-sobre-o-programa-solo-vivo\/#breadcrumb\",\"itemListElement\":[{\"@type\":\"ListItem\",\"position\":1,\"name\":\"In\u00edcio\",\"item\":\"https:\/\/wilsonsantosmt.com.br\/\"},{\"@type\":\"ListItem\",\"position\":2,\"name\":\"Not\u00edcias\",\"item\":\"https:\/\/wilsonsantosmt.com.br\/index.php\/category\/noticias\/\"},{\"@type\":\"ListItem\",\"position\":3,\"name\":\"Produtores rurais recebem esclarecimentos sobre o Programa \u201cSolo Vivo\u201d\"}]},{\"@type\":\"WebSite\",\"@id\":\"https:\/\/wilsonsantosmt.com.br\/#website\",\"url\":\"https:\/\/wilsonsantosmt.com.br\/\",\"name\":\"wilsonsantosmt.com.br\",\"description\":\"\",\"publisher\":{\"@id\":\"https:\/\/wilsonsantosmt.com.br\/#\/schema\/person\/9de3c54961637a9eadb16bcbf895b1ef\"},\"potentialAction\":[{\"@type\":\"SearchAction\",\"target\":{\"@type\":\"EntryPoint\",\"urlTemplate\":\"https:\/\/wilsonsantosmt.com.br\/?s={search_term_string}\"},\"query-input\":\"required name=search_term_string\"}],\"inLanguage\":\"pt-BR\"},{\"@type\":[\"Person\",\"Organization\"],\"@id\":\"https:\/\/wilsonsantosmt.com.br\/#\/schema\/person\/9de3c54961637a9eadb16bcbf895b1ef\",\"name\":\"Wilson Santos\",\"image\":{\"@type\":\"ImageObject\",\"inLanguage\":\"pt-BR\",\"@id\":\"https:\/\/wilsonsantosmt.com.br\/#\/schema\/person\/image\/\",\"url\":\"https:\/\/wilsonsantosmt.com.br\/wp-content\/uploads\/2023\/11\/310828673_653254583023360_8795459643194608438_n.jpg\",\"contentUrl\":\"https:\/\/wilsonsantosmt.com.br\/wp-content\/uploads\/2023\/11\/310828673_653254583023360_8795459643194608438_n.jpg\",\"width\":1078,\"height\":1079,\"caption\":\"Wilson Santos\"},\"logo\":{\"@id\":\"https:\/\/wilsonsantosmt.com.br\/#\/schema\/person\/image\/\"},\"sameAs\":[\"http:\/\/wilsonsantosmt.com.br\",\"https:\/\/www.facebook.com\/WilsonSantosMT\/\",\"https:\/\/www.instagram.com\/wilsonsantosmt\/\",\"https:\/\/www.youtube.com\/@WilsonSantosWS\/videos\",\"https:\/\/pt.wikipedia.org\/wiki\/Wilson_Santos\"],\"honorificPrefix\":\"Sr\",\"gender\":\"masculino\",\"jobTitle\":\"Deputado Estadual\",\"worksFor\":\"Assembleia Legislativa de Mato Grosso\"},{\"@type\":\"Person\",\"@id\":\"https:\/\/wilsonsantosmt.com.br\/#\/schema\/person\/1d097ee45f526dd0455dbad8c679932c\",\"name\":\"Samantha dos Anjos\",\"image\":{\"@type\":\"ImageObject\",\"inLanguage\":\"pt-BR\",\"@id\":\"https:\/\/wilsonsantosmt.com.br\/#\/schema\/person\/image\/\",\"url\":\"https:\/\/secure.gravatar.com\/avatar\/7d8d0b6dd67d134a9fa841bee90c57c7?s=96&d=mm&r=g\",\"contentUrl\":\"https:\/\/secure.gravatar.com\/avatar\/7d8d0b6dd67d134a9fa841bee90c57c7?s=96&d=mm&r=g\",\"caption\":\"Samantha dos Anjos\"},\"url\":\"https:\/\/wilsonsantosmt.com.br\/index.php\/author\/samantha-dos-anjos\/\"}]}<\/script>\n<!-- \/ Yoast SEO Premium plugin. -->","yoast_head_json":{"title":"Produtores rurais recebem esclarecimentos sobre o Programa \u201cSolo Vivo\u201d - wilsonsantosmt.com.br","robots":{"index":"index","follow":"follow","max-snippet":"max-snippet:-1","max-image-preview":"max-image-preview:large","max-video-preview":"max-video-preview:-1"},"canonical":"https:\/\/wilsonsantosmt.com.br\/index.php\/2025\/05\/07\/produtores-rurais-recebem-esclarecimentos-sobre-o-programa-solo-vivo\/","og_locale":"pt_BR","og_type":"article","og_title":"Produtores rurais recebem esclarecimentos sobre o Programa \u201cSolo Vivo\u201d","og_description":"Os pequenos produtores rurais do assentamento Santo Ant\u00f4nio da Fartura, em Campo Verde, j\u00e1 aguardam a chegada do presidente da Rep\u00fablica, Luiz In\u00e1cio da Silva, e do ministro da Agricultura e Pecu\u00e1ria (MAPA), Carlos F\u00e1varo, para o lan\u00e7amento do Programa \u201cSolo Vivo\u201d que vai beneficiar 115 fam\u00edlias da regi\u00e3o. O encontro foi conduzido pelo deputado [&hellip;]","og_url":"https:\/\/wilsonsantosmt.com.br\/index.php\/2025\/05\/07\/produtores-rurais-recebem-esclarecimentos-sobre-o-programa-solo-vivo\/","og_site_name":"wilsonsantosmt.com.br","article_publisher":"https:\/\/www.facebook.com\/WilsonSantosMT\/","article_published_time":"2025-05-07T12:12:25+00:00","article_modified_time":"2025-05-09T12:13:38+00:00","og_image":[{"width":1600,"height":900,"url":"http:\/\/wilsonsantosmt.com.br\/wp-content\/uploads\/2025\/05\/WhatsApp-Image-2025-05-08-at-09.20.00.jpeg","type":"image\/jpeg"}],"author":"Samantha dos Anjos","twitter_card":"summary_large_image","twitter_misc":{"Escrito por":"Samantha dos Anjos","Est. tempo de leitura":"4 minutos"},"schema":{"@context":"https:\/\/schema.org","@graph":[{"@type":"Article","@id":"https:\/\/wilsonsantosmt.com.br\/index.php\/2025\/05\/07\/produtores-rurais-recebem-esclarecimentos-sobre-o-programa-solo-vivo\/#article","isPartOf":{"@id":"https:\/\/wilsonsantosmt.com.br\/index.php\/2025\/05\/07\/produtores-rurais-recebem-esclarecimentos-sobre-o-programa-solo-vivo\/"},"author":{"name":"Samantha dos Anjos","@id":"https:\/\/wilsonsantosmt.com.br\/#\/schema\/person\/1d097ee45f526dd0455dbad8c679932c"},"headline":"Produtores rurais recebem esclarecimentos sobre o Programa \u201cSolo Vivo\u201d","datePublished":"2025-05-07T12:12:25+00:00","dateModified":"2025-05-09T12:13:38+00:00","mainEntityOfPage":{"@id":"https:\/\/wilsonsantosmt.com.br\/index.php\/2025\/05\/07\/produtores-rurais-recebem-esclarecimentos-sobre-o-programa-solo-vivo\/"},"wordCount":694,"publisher":{"@id":"https:\/\/wilsonsantosmt.com.br\/#\/schema\/person\/9de3c54961637a9eadb16bcbf895b1ef"},"articleSection":["Not\u00edcias"],"inLanguage":"pt-BR"},{"@type":"WebPage","@id":"https:\/\/wilsonsantosmt.com.br\/index.php\/2025\/05\/07\/produtores-rurais-recebem-esclarecimentos-sobre-o-programa-solo-vivo\/","url":"https:\/\/wilsonsantosmt.com.br\/index.php\/2025\/05\/07\/produtores-rurais-recebem-esclarecimentos-sobre-o-programa-solo-vivo\/","name":"Produtores rurais recebem esclarecimentos sobre o Programa \u201cSolo Vivo\u201d - wilsonsantosmt.com.br","isPartOf":{"@id":"https:\/\/wilsonsantosmt.com.br\/#website"},"datePublished":"2025-05-07T12:12:25+00:00","dateModified":"2025-05-09T12:13:38+00:00","breadcrumb":{"@id":"https:\/\/wilsonsantosmt.com.br\/index.php\/2025\/05\/07\/produtores-rurais-recebem-esclarecimentos-sobre-o-programa-solo-vivo\/#breadcrumb"},"inLanguage":"pt-BR","potentialAction":[{"@type":"ReadAction","target":["https:\/\/wilsonsantosmt.com.br\/index.php\/2025\/05\/07\/produtores-rurais-recebem-esclarecimentos-sobre-o-programa-solo-vivo\/"]}]},{"@type":"BreadcrumbList","@id":"https:\/\/wilsonsantosmt.com.br\/index.php\/2025\/05\/07\/produtores-rurais-recebem-esclarecimentos-sobre-o-programa-solo-vivo\/#breadcrumb","itemListElement":[{"@type":"ListItem","position":1,"name":"In\u00edcio","item":"https:\/\/wilsonsantosmt.com.br\/"},{"@type":"ListItem","position":2,"name":"Not\u00edcias","item":"https:\/\/wilsonsantosmt.com.br\/index.php\/category\/noticias\/"},{"@type":"ListItem","position":3,"name":"Produtores rurais recebem esclarecimentos sobre o Programa \u201cSolo Vivo\u201d"}]},{"@type":"WebSite","@id":"https:\/\/wilsonsantosmt.com.br\/#website","url":"https:\/\/wilsonsantosmt.com.br\/","name":"wilsonsantosmt.com.br","description":"","publisher":{"@id":"https:\/\/wilsonsantosmt.com.br\/#\/schema\/person\/9de3c54961637a9eadb16bcbf895b1ef"},"potentialAction":[{"@type":"SearchAction","target":{"@type":"EntryPoint","urlTemplate":"https:\/\/wilsonsantosmt.com.br\/?s={search_term_string}"},"query-input":"required name=search_term_string"}],"inLanguage":"pt-BR"},{"@type":["Person","Organization"],"@id":"https:\/\/wilsonsantosmt.com.br\/#\/schema\/person\/9de3c54961637a9eadb16bcbf895b1ef","name":"Wilson Santos","image":{"@type":"ImageObject","inLanguage":"pt-BR","@id":"https:\/\/wilsonsantosmt.com.br\/#\/schema\/person\/image\/","url":"https:\/\/wilsonsantosmt.com.br\/wp-content\/uploads\/2023\/11\/310828673_653254583023360_8795459643194608438_n.jpg","contentUrl":"https:\/\/wilsonsantosmt.com.br\/wp-content\/uploads\/2023\/11\/310828673_653254583023360_8795459643194608438_n.jpg","width":1078,"height":1079,"caption":"Wilson Santos"},"logo":{"@id":"https:\/\/wilsonsantosmt.com.br\/#\/schema\/person\/image\/"},"sameAs":["http:\/\/wilsonsantosmt.com.br","https:\/\/www.facebook.com\/WilsonSantosMT\/","https:\/\/www.instagram.com\/wilsonsantosmt\/","https:\/\/www.youtube.com\/@WilsonSantosWS\/videos","https:\/\/pt.wikipedia.org\/wiki\/Wilson_Santos"],"honorificPrefix":"Sr","gender":"masculino","jobTitle":"Deputado Estadual","worksFor":"Assembleia Legislativa de Mato Grosso"},{"@type":"Person","@id":"https:\/\/wilsonsantosmt.com.br\/#\/schema\/person\/1d097ee45f526dd0455dbad8c679932c","name":"Samantha dos Anjos","image":{"@type":"ImageObject","inLanguage":"pt-BR","@id":"https:\/\/wilsonsantosmt.com.br\/#\/schema\/person\/image\/","url":"https:\/\/secure.gravatar.com\/avatar\/7d8d0b6dd67d134a9fa841bee90c57c7?s=96&d=mm&r=g","contentUrl":"https:\/\/secure.gravatar.com\/avatar\/7d8d0b6dd67d134a9fa841bee90c57c7?s=96&d=mm&r=g","caption":"Samantha dos Anjos"},"url":"https:\/\/wilsonsantosmt.com.br\/index.php\/author\/samantha-dos-anjos\/"}]}},"_links":{"self":[{"href":"https:\/\/wilsonsantosmt.com.br\/index.php\/wp-json\/wp\/v2\/posts\/1504"}],"collection":[{"href":"https:\/\/wilsonsantosmt.com.br\/index.php\/wp-json\/wp\/v2\/posts"}],"about":[{"href":"https:\/\/wilsonsantosmt.com.br\/index.php\/wp-json\/wp\/v2\/types\/post"}],"author":[{"embeddable":true,"href":"https:\/\/wilsonsantosmt.com.br\/index.php\/wp-json\/wp\/v2\/users\/4"}],"replies":[{"embeddable":true,"href":"https:\/\/wilsonsantosmt.com.br\/index.php\/wp-json\/wp\/v2\/comments?post=1504"}],"version-history":[{"count":1,"href":"https:\/\/wilsonsantosmt.com.br\/index.php\/wp-json\/wp\/v2\/posts\/1504\/revisions"}],"predecessor-version":[{"id":1507,"href":"https:\/\/wilsonsantosmt.com.br\/index.php\/wp-json\/wp\/v2\/posts\/1504\/revisions\/1507"}],"wp:featuredmedia":[{"embeddable":true,"href":"https:\/\/wilsonsantosmt.com.br\/index.php\/wp-json\/wp\/v2\/media\/1505"}],"wp:attachment":[{"href":"https:\/\/wilsonsantosmt.com.br\/index.php\/wp-json\/wp\/v2\/media?parent=1504"}],"wp:term":[{"taxonomy":"category","embeddable":true,"href":"https:\/\/wilsonsantosmt.com.br\/index.php\/wp-json\/wp\/v2\/categories?post=1504"},{"taxonomy":"post_tag","embeddable":true,"href":"https:\/\/wilsonsantosmt.com.br\/index.php\/wp-json\/wp\/v2\/tags?post=1504"}],"curies":[{"name":"wp","href":"https:\/\/api.w.org\/{rel}","templated":true}]}}