{"id":1508,"date":"2025-05-06T18:13:00","date_gmt":"2025-05-06T22:13:00","guid":{"rendered":"https:\/\/wilsonsantosmt.com.br\/?p=1508"},"modified":"2025-05-09T08:14:52","modified_gmt":"2025-05-09T12:14:52","slug":"wilson-santos-e-prefeito-alinham-acoes-e-vao-apoiar-as-comunidades-rurais-incorporadas-a-campo-verde","status":"publish","type":"post","link":"https:\/\/wilsonsantosmt.com.br\/index.php\/2025\/05\/06\/wilson-santos-e-prefeito-alinham-acoes-e-vao-apoiar-as-comunidades-rurais-incorporadas-a-campo-verde\/","title":{"rendered":"Wilson Santos e prefeito alinham a\u00e7\u00f5es e v\u00e3o apoiar as comunidades rurais incorporadas \u00e0 Campo Verde"},"content":{"rendered":"\n<p><\/p>\n\n\n\n<p>Com a aprova\u00e7\u00e3o do Projeto de Lei n\u00ba 1.783\/2024, de autoria da Comiss\u00e3o de Revis\u00e3o Territorial dos Munic\u00edpios e das Cidades da Assembleia Legislativa de Mato Grosso (ALMT), que define os limites territoriais entre Santo Ant\u00f4nio de Leverger e Campo Verde &#8211; o deputado estadual Wilson Santos (PSD) reuniu-se, nesta ter\u00e7a-feira (6), com o prefeito Alexandre Lopes (Uni\u00e3o), para ajustar as principais demandas existentes pelas lideran\u00e7as das comunidades rurais de Santo Ant\u00f4nio da Fartura, Bigorna e C\u00f3rrego do Ouro.<\/p>\n\n\n\n<p>\u201cAgrade\u00e7o a recep\u00e7\u00e3o do prefeito Alexandre e por ter contribu\u00eddo com o acordo dos limites territoriais de Campo Verde, aprovado de forma un\u00e2nime pelos parlamentares e, agora, \u00e9 aguardada a san\u00e7\u00e3o do governo estadual. Ele atendeu aos anseios das fam\u00edlias que desejavam pertencer \u00e0 Campo Verde. N\u00e3o era obriga\u00e7\u00e3o dele assumir novas \u00e1reas, mas agora acolhe toda essa gente. S\u00e3o 20 lideran\u00e7as nesta reuni\u00e3o, representando as comunidades da regi\u00e3o e que v\u00e3o contribuir para definirmos novas parcerias. J\u00e1 entregamos muitos benef\u00edcios e pretendemos continuar fortalecendo essas regi\u00f5es com novas emendas parlamentares\u201d, destacou o deputado.<\/p>\n\n\n\n<p>O morador da comunidade de Santo Ant\u00f4nio da Fartura, Cildo Caldura, expressou a sua satisfa\u00e7\u00e3o com os avan\u00e7os na regi\u00e3o. \u201cMeu cora\u00e7\u00e3o est\u00e1 muito alegre. Vimos muitas dificuldades no passado. Hoje, ouvimos palavras de que est\u00e3o fazendo e j\u00e1 fizeram. Com a mudan\u00e7a de algumas comunidades para Campo Verde, muitas fam\u00edlias est\u00e3o felizes. S\u00f3 o fato de pertencermos a Campo Verde j\u00e1 nos enche de alegria\u201d, declarou.<\/p>\n\n\n\n<p>Na reuni\u00e3o, Wilson Santos destacou algumas iniciativas realizadas em conjunto com Alexandre, como a destina\u00e7\u00e3o de emenda parlamentar no valor de R$ 104 mil para a constru\u00e7\u00e3o da Unidade B\u00e1sica de Sa\u00fade e R$ 200 mil para contribuir com as obras da creche municipal (salas de aula, almoxarifado e parque infantil) de Santo Ant\u00f4nio da Fartura, em 2021. No ano seguinte, foram destinadas R$ 250 mil para aquisi\u00e7\u00e3o de patrulha mecanizada e R$ 50 mil para torneio de futebol. J\u00e1, no ano de 2014, garantiu R$ 1 milh\u00e3o para custeio na sa\u00fade e de cirurgias eletivas.<\/p>\n\n\n\n<p>\u201cAgrade\u00e7o a presen\u00e7a de todos, na sede da prefeitura, e ao deputado. Realmente, testemunhamos a presen\u00e7a e o envolvimento do Wilson Santos e agradecemos o empenho de outras empreitadas. \u00c9 um munic\u00edpio relativamente novo, com apenas 37 anos. Sou produtor rural e formado em agronomia e sempre tive facilidade em entender e atender as necessidades da ponta. Em outros epis\u00f3dios, Wilson tamb\u00e9m demonstrou preocupa\u00e7\u00e3o. Al\u00e9m do contexto hist\u00f3rico, ele vivenciou a realidade existente das comunidades. A gente sabe daquilo que ele fez, faz e que vai fazer. Eu aceito o desafio de fazermos novas parcerias em conjunto\u201d, ressaltou Lopes.<\/p>\n\n\n\n<p>Com a mudan\u00e7a territorial, em que seis comunidades de Santo Ant\u00f4nio de Leverger pertencer\u00e3o \u00e0 Campo Verde, Alexandre informou que o munic\u00edpio j\u00e1 conta com oito assentamentos e comunidades rurais, sendo que v\u00e3o entrar novas \u00e1reas e pede a compreens\u00e3o das lideran\u00e7as. \u201cH\u00e1 muita coisa para ser feita. Vou precisar de muita paci\u00eancia de todos, porque n\u00e3o vamos deixar de atender, mas precisamos inserir em nossa programa\u00e7\u00e3o as novas comunidades. A gente vai construir uma agenda e contar com o apoio do deputado. H\u00e1 muita coisa para ser feita\u201d, disse o gestor municipal.<\/p>\n\n\n\n<p>Ao final do encontro, ficou acordado um prazo de 10 a 15 dias para que os representantes das comunidades rurais encaminhem, documentado, as principais demandas. Em seguida, ser\u00e1 realizada nova reuni\u00e3o entre Wilson Santos e o prefeito Alexandre para avalia\u00e7\u00e3o das reivindica\u00e7\u00f5es e a defini\u00e7\u00e3o das a\u00e7\u00f5es a serem atendidas com as emendas parlamentares e contrapartida da gest\u00e3o municipal.<\/p>\n","protected":false},"excerpt":{"rendered":"<p>Com a aprova\u00e7\u00e3o do Projeto de Lei n\u00ba 1.783\/2024, de autoria da Comiss\u00e3o de Revis\u00e3o Territorial dos Munic\u00edpios e das Cidades da Assembleia Legislativa de Mato Grosso (ALMT), que define os limites territoriais entre Santo Ant\u00f4nio de Leverger e Campo Verde &#8211; o deputado estadual Wilson Santos (PSD) reuniu-se, nesta ter\u00e7a-feira (6), com o prefeito [&hellip;]<\/p>\n","protected":false},"author":4,"featured_media":1509,"comment_status":"closed","ping_status":"open","sticky":false,"template":"","format":"standard","meta":{"footnotes":""},"categories":[13],"tags":[],"yoast_head":"<!-- This site is optimized with the Yoast SEO Premium plugin v21.5 (Yoast SEO v21.4) - https:\/\/yoast.com\/wordpress\/plugins\/seo\/ -->\n<title>Wilson Santos e prefeito alinham a\u00e7\u00f5es e v\u00e3o apoiar as comunidades rurais incorporadas \u00e0 Campo Verde - wilsonsantosmt.com.br<\/title>\n<meta name=\"robots\" content=\"index, follow, max-snippet:-1, max-image-preview:large, max-video-preview:-1\" \/>\n<link rel=\"canonical\" href=\"https:\/\/wilsonsantosmt.com.br\/index.php\/2025\/05\/06\/wilson-santos-e-prefeito-alinham-acoes-e-vao-apoiar-as-comunidades-rurais-incorporadas-a-campo-verde\/\" \/>\n<meta property=\"og:locale\" content=\"pt_BR\" \/>\n<meta property=\"og:type\" content=\"article\" \/>\n<meta property=\"og:title\" content=\"Wilson Santos e prefeito alinham a\u00e7\u00f5es e v\u00e3o apoiar as comunidades rurais incorporadas \u00e0 Campo Verde\" \/>\n<meta property=\"og:description\" content=\"Com a aprova\u00e7\u00e3o do Projeto de Lei n\u00ba 1.783\/2024, de autoria da Comiss\u00e3o de Revis\u00e3o Territorial dos Munic\u00edpios e das Cidades da Assembleia Legislativa de Mato Grosso (ALMT), que define os limites territoriais entre Santo Ant\u00f4nio de Leverger e Campo Verde &#8211; o deputado estadual Wilson Santos (PSD) reuniu-se, nesta ter\u00e7a-feira (6), com o prefeito [&hellip;]\" \/>\n<meta property=\"og:url\" content=\"https:\/\/wilsonsantosmt.com.br\/index.php\/2025\/05\/06\/wilson-santos-e-prefeito-alinham-acoes-e-vao-apoiar-as-comunidades-rurais-incorporadas-a-campo-verde\/\" \/>\n<meta property=\"og:site_name\" content=\"wilsonsantosmt.com.br\" \/>\n<meta property=\"article:publisher\" content=\"https:\/\/www.facebook.com\/WilsonSantosMT\/\" \/>\n<meta property=\"article:published_time\" content=\"2025-05-06T22:13:00+00:00\" \/>\n<meta property=\"article:modified_time\" content=\"2025-05-09T12:14:52+00:00\" \/>\n<meta property=\"og:image\" content=\"http:\/\/wilsonsantosmt.com.br\/wp-content\/uploads\/2025\/05\/WhatsApp-Image-2025-05-07-at-15.44.16.jpeg\" \/>\n\t<meta property=\"og:image:width\" content=\"1600\" \/>\n\t<meta property=\"og:image:height\" content=\"900\" \/>\n\t<meta property=\"og:image:type\" content=\"image\/jpeg\" \/>\n<meta name=\"author\" content=\"Samantha dos Anjos\" \/>\n<meta name=\"twitter:card\" content=\"summary_large_image\" \/>\n<meta name=\"twitter:label1\" content=\"Escrito por\" \/>\n\t<meta name=\"twitter:data1\" content=\"Samantha dos Anjos\" \/>\n\t<meta name=\"twitter:label2\" content=\"Est. tempo de leitura\" \/>\n\t<meta name=\"twitter:data2\" content=\"4 minutos\" \/>\n<script type=\"application\/ld+json\" class=\"yoast-schema-graph\">{\"@context\":\"https:\/\/schema.org\",\"@graph\":[{\"@type\":\"Article\",\"@id\":\"https:\/\/wilsonsantosmt.com.br\/index.php\/2025\/05\/06\/wilson-santos-e-prefeito-alinham-acoes-e-vao-apoiar-as-comunidades-rurais-incorporadas-a-campo-verde\/#article\",\"isPartOf\":{\"@id\":\"https:\/\/wilsonsantosmt.com.br\/index.php\/2025\/05\/06\/wilson-santos-e-prefeito-alinham-acoes-e-vao-apoiar-as-comunidades-rurais-incorporadas-a-campo-verde\/\"},\"author\":{\"name\":\"Samantha dos Anjos\",\"@id\":\"https:\/\/wilsonsantosmt.com.br\/#\/schema\/person\/1d097ee45f526dd0455dbad8c679932c\"},\"headline\":\"Wilson Santos e prefeito alinham a\u00e7\u00f5es e v\u00e3o apoiar as comunidades rurais incorporadas \u00e0 Campo Verde\",\"datePublished\":\"2025-05-06T22:13:00+00:00\",\"dateModified\":\"2025-05-09T12:14:52+00:00\",\"mainEntityOfPage\":{\"@id\":\"https:\/\/wilsonsantosmt.com.br\/index.php\/2025\/05\/06\/wilson-santos-e-prefeito-alinham-acoes-e-vao-apoiar-as-comunidades-rurais-incorporadas-a-campo-verde\/\"},\"wordCount\":655,\"publisher\":{\"@id\":\"https:\/\/wilsonsantosmt.com.br\/#\/schema\/person\/9de3c54961637a9eadb16bcbf895b1ef\"},\"articleSection\":[\"Not\u00edcias\"],\"inLanguage\":\"pt-BR\"},{\"@type\":\"WebPage\",\"@id\":\"https:\/\/wilsonsantosmt.com.br\/index.php\/2025\/05\/06\/wilson-santos-e-prefeito-alinham-acoes-e-vao-apoiar-as-comunidades-rurais-incorporadas-a-campo-verde\/\",\"url\":\"https:\/\/wilsonsantosmt.com.br\/index.php\/2025\/05\/06\/wilson-santos-e-prefeito-alinham-acoes-e-vao-apoiar-as-comunidades-rurais-incorporadas-a-campo-verde\/\",\"name\":\"Wilson Santos e prefeito alinham a\u00e7\u00f5es e v\u00e3o apoiar as comunidades rurais incorporadas \u00e0 Campo Verde - wilsonsantosmt.com.br\",\"isPartOf\":{\"@id\":\"https:\/\/wilsonsantosmt.com.br\/#website\"},\"datePublished\":\"2025-05-06T22:13:00+00:00\",\"dateModified\":\"2025-05-09T12:14:52+00:00\",\"breadcrumb\":{\"@id\":\"https:\/\/wilsonsantosmt.com.br\/index.php\/2025\/05\/06\/wilson-santos-e-prefeito-alinham-acoes-e-vao-apoiar-as-comunidades-rurais-incorporadas-a-campo-verde\/#breadcrumb\"},\"inLanguage\":\"pt-BR\",\"potentialAction\":[{\"@type\":\"ReadAction\",\"target\":[\"https:\/\/wilsonsantosmt.com.br\/index.php\/2025\/05\/06\/wilson-santos-e-prefeito-alinham-acoes-e-vao-apoiar-as-comunidades-rurais-incorporadas-a-campo-verde\/\"]}]},{\"@type\":\"BreadcrumbList\",\"@id\":\"https:\/\/wilsonsantosmt.com.br\/index.php\/2025\/05\/06\/wilson-santos-e-prefeito-alinham-acoes-e-vao-apoiar-as-comunidades-rurais-incorporadas-a-campo-verde\/#breadcrumb\",\"itemListElement\":[{\"@type\":\"ListItem\",\"position\":1,\"name\":\"In\u00edcio\",\"item\":\"https:\/\/wilsonsantosmt.com.br\/\"},{\"@type\":\"ListItem\",\"position\":2,\"name\":\"Not\u00edcias\",\"item\":\"https:\/\/wilsonsantosmt.com.br\/index.php\/category\/noticias\/\"},{\"@type\":\"ListItem\",\"position\":3,\"name\":\"Wilson Santos e prefeito alinham a\u00e7\u00f5es e v\u00e3o apoiar as comunidades rurais incorporadas \u00e0 Campo Verde\"}]},{\"@type\":\"WebSite\",\"@id\":\"https:\/\/wilsonsantosmt.com.br\/#website\",\"url\":\"https:\/\/wilsonsantosmt.com.br\/\",\"name\":\"wilsonsantosmt.com.br\",\"description\":\"\",\"publisher\":{\"@id\":\"https:\/\/wilsonsantosmt.com.br\/#\/schema\/person\/9de3c54961637a9eadb16bcbf895b1ef\"},\"potentialAction\":[{\"@type\":\"SearchAction\",\"target\":{\"@type\":\"EntryPoint\",\"urlTemplate\":\"https:\/\/wilsonsantosmt.com.br\/?s={search_term_string}\"},\"query-input\":\"required name=search_term_string\"}],\"inLanguage\":\"pt-BR\"},{\"@type\":[\"Person\",\"Organization\"],\"@id\":\"https:\/\/wilsonsantosmt.com.br\/#\/schema\/person\/9de3c54961637a9eadb16bcbf895b1ef\",\"name\":\"Wilson Santos\",\"image\":{\"@type\":\"ImageObject\",\"inLanguage\":\"pt-BR\",\"@id\":\"https:\/\/wilsonsantosmt.com.br\/#\/schema\/person\/image\/\",\"url\":\"https:\/\/wilsonsantosmt.com.br\/wp-content\/uploads\/2023\/11\/310828673_653254583023360_8795459643194608438_n.jpg\",\"contentUrl\":\"https:\/\/wilsonsantosmt.com.br\/wp-content\/uploads\/2023\/11\/310828673_653254583023360_8795459643194608438_n.jpg\",\"width\":1078,\"height\":1079,\"caption\":\"Wilson Santos\"},\"logo\":{\"@id\":\"https:\/\/wilsonsantosmt.com.br\/#\/schema\/person\/image\/\"},\"sameAs\":[\"http:\/\/wilsonsantosmt.com.br\",\"https:\/\/www.facebook.com\/WilsonSantosMT\/\",\"https:\/\/www.instagram.com\/wilsonsantosmt\/\",\"https:\/\/www.youtube.com\/@WilsonSantosWS\/videos\",\"https:\/\/pt.wikipedia.org\/wiki\/Wilson_Santos\"],\"honorificPrefix\":\"Sr\",\"gender\":\"masculino\",\"jobTitle\":\"Deputado Estadual\",\"worksFor\":\"Assembleia Legislativa de Mato Grosso\"},{\"@type\":\"Person\",\"@id\":\"https:\/\/wilsonsantosmt.com.br\/#\/schema\/person\/1d097ee45f526dd0455dbad8c679932c\",\"name\":\"Samantha dos Anjos\",\"image\":{\"@type\":\"ImageObject\",\"inLanguage\":\"pt-BR\",\"@id\":\"https:\/\/wilsonsantosmt.com.br\/#\/schema\/person\/image\/\",\"url\":\"https:\/\/secure.gravatar.com\/avatar\/7d8d0b6dd67d134a9fa841bee90c57c7?s=96&d=mm&r=g\",\"contentUrl\":\"https:\/\/secure.gravatar.com\/avatar\/7d8d0b6dd67d134a9fa841bee90c57c7?s=96&d=mm&r=g\",\"caption\":\"Samantha dos Anjos\"},\"url\":\"https:\/\/wilsonsantosmt.com.br\/index.php\/author\/samantha-dos-anjos\/\"}]}<\/script>\n<!-- \/ Yoast SEO Premium plugin. -->","yoast_head_json":{"title":"Wilson Santos e prefeito alinham a\u00e7\u00f5es e v\u00e3o apoiar as comunidades rurais incorporadas \u00e0 Campo Verde - wilsonsantosmt.com.br","robots":{"index":"index","follow":"follow","max-snippet":"max-snippet:-1","max-image-preview":"max-image-preview:large","max-video-preview":"max-video-preview:-1"},"canonical":"https:\/\/wilsonsantosmt.com.br\/index.php\/2025\/05\/06\/wilson-santos-e-prefeito-alinham-acoes-e-vao-apoiar-as-comunidades-rurais-incorporadas-a-campo-verde\/","og_locale":"pt_BR","og_type":"article","og_title":"Wilson Santos e prefeito alinham a\u00e7\u00f5es e v\u00e3o apoiar as comunidades rurais incorporadas \u00e0 Campo Verde","og_description":"Com a aprova\u00e7\u00e3o do Projeto de Lei n\u00ba 1.783\/2024, de autoria da Comiss\u00e3o de Revis\u00e3o Territorial dos Munic\u00edpios e das Cidades da Assembleia Legislativa de Mato Grosso (ALMT), que define os limites territoriais entre Santo Ant\u00f4nio de Leverger e Campo Verde &#8211; o deputado estadual Wilson Santos (PSD) reuniu-se, nesta ter\u00e7a-feira (6), com o prefeito [&hellip;]","og_url":"https:\/\/wilsonsantosmt.com.br\/index.php\/2025\/05\/06\/wilson-santos-e-prefeito-alinham-acoes-e-vao-apoiar-as-comunidades-rurais-incorporadas-a-campo-verde\/","og_site_name":"wilsonsantosmt.com.br","article_publisher":"https:\/\/www.facebook.com\/WilsonSantosMT\/","article_published_time":"2025-05-06T22:13:00+00:00","article_modified_time":"2025-05-09T12:14:52+00:00","og_image":[{"width":1600,"height":900,"url":"http:\/\/wilsonsantosmt.com.br\/wp-content\/uploads\/2025\/05\/WhatsApp-Image-2025-05-07-at-15.44.16.jpeg","type":"image\/jpeg"}],"author":"Samantha dos Anjos","twitter_card":"summary_large_image","twitter_misc":{"Escrito por":"Samantha dos Anjos","Est. tempo de leitura":"4 minutos"},"schema":{"@context":"https:\/\/schema.org","@graph":[{"@type":"Article","@id":"https:\/\/wilsonsantosmt.com.br\/index.php\/2025\/05\/06\/wilson-santos-e-prefeito-alinham-acoes-e-vao-apoiar-as-comunidades-rurais-incorporadas-a-campo-verde\/#article","isPartOf":{"@id":"https:\/\/wilsonsantosmt.com.br\/index.php\/2025\/05\/06\/wilson-santos-e-prefeito-alinham-acoes-e-vao-apoiar-as-comunidades-rurais-incorporadas-a-campo-verde\/"},"author":{"name":"Samantha dos Anjos","@id":"https:\/\/wilsonsantosmt.com.br\/#\/schema\/person\/1d097ee45f526dd0455dbad8c679932c"},"headline":"Wilson Santos e prefeito alinham a\u00e7\u00f5es e v\u00e3o apoiar as comunidades rurais incorporadas \u00e0 Campo Verde","datePublished":"2025-05-06T22:13:00+00:00","dateModified":"2025-05-09T12:14:52+00:00","mainEntityOfPage":{"@id":"https:\/\/wilsonsantosmt.com.br\/index.php\/2025\/05\/06\/wilson-santos-e-prefeito-alinham-acoes-e-vao-apoiar-as-comunidades-rurais-incorporadas-a-campo-verde\/"},"wordCount":655,"publisher":{"@id":"https:\/\/wilsonsantosmt.com.br\/#\/schema\/person\/9de3c54961637a9eadb16bcbf895b1ef"},"articleSection":["Not\u00edcias"],"inLanguage":"pt-BR"},{"@type":"WebPage","@id":"https:\/\/wilsonsantosmt.com.br\/index.php\/2025\/05\/06\/wilson-santos-e-prefeito-alinham-acoes-e-vao-apoiar-as-comunidades-rurais-incorporadas-a-campo-verde\/","url":"https:\/\/wilsonsantosmt.com.br\/index.php\/2025\/05\/06\/wilson-santos-e-prefeito-alinham-acoes-e-vao-apoiar-as-comunidades-rurais-incorporadas-a-campo-verde\/","name":"Wilson Santos e prefeito alinham a\u00e7\u00f5es e v\u00e3o apoiar as comunidades rurais incorporadas \u00e0 Campo Verde - wilsonsantosmt.com.br","isPartOf":{"@id":"https:\/\/wilsonsantosmt.com.br\/#website"},"datePublished":"2025-05-06T22:13:00+00:00","dateModified":"2025-05-09T12:14:52+00:00","breadcrumb":{"@id":"https:\/\/wilsonsantosmt.com.br\/index.php\/2025\/05\/06\/wilson-santos-e-prefeito-alinham-acoes-e-vao-apoiar-as-comunidades-rurais-incorporadas-a-campo-verde\/#breadcrumb"},"inLanguage":"pt-BR","potentialAction":[{"@type":"ReadAction","target":["https:\/\/wilsonsantosmt.com.br\/index.php\/2025\/05\/06\/wilson-santos-e-prefeito-alinham-acoes-e-vao-apoiar-as-comunidades-rurais-incorporadas-a-campo-verde\/"]}]},{"@type":"BreadcrumbList","@id":"https:\/\/wilsonsantosmt.com.br\/index.php\/2025\/05\/06\/wilson-santos-e-prefeito-alinham-acoes-e-vao-apoiar-as-comunidades-rurais-incorporadas-a-campo-verde\/#breadcrumb","itemListElement":[{"@type":"ListItem","position":1,"name":"In\u00edcio","item":"https:\/\/wilsonsantosmt.com.br\/"},{"@type":"ListItem","position":2,"name":"Not\u00edcias","item":"https:\/\/wilsonsantosmt.com.br\/index.php\/category\/noticias\/"},{"@type":"ListItem","position":3,"name":"Wilson Santos e prefeito alinham a\u00e7\u00f5es e v\u00e3o apoiar as comunidades rurais incorporadas \u00e0 Campo Verde"}]},{"@type":"WebSite","@id":"https:\/\/wilsonsantosmt.com.br\/#website","url":"https:\/\/wilsonsantosmt.com.br\/","name":"wilsonsantosmt.com.br","description":"","publisher":{"@id":"https:\/\/wilsonsantosmt.com.br\/#\/schema\/person\/9de3c54961637a9eadb16bcbf895b1ef"},"potentialAction":[{"@type":"SearchAction","target":{"@type":"EntryPoint","urlTemplate":"https:\/\/wilsonsantosmt.com.br\/?s={search_term_string}"},"query-input":"required name=search_term_string"}],"inLanguage":"pt-BR"},{"@type":["Person","Organization"],"@id":"https:\/\/wilsonsantosmt.com.br\/#\/schema\/person\/9de3c54961637a9eadb16bcbf895b1ef","name":"Wilson Santos","image":{"@type":"ImageObject","inLanguage":"pt-BR","@id":"https:\/\/wilsonsantosmt.com.br\/#\/schema\/person\/image\/","url":"https:\/\/wilsonsantosmt.com.br\/wp-content\/uploads\/2023\/11\/310828673_653254583023360_8795459643194608438_n.jpg","contentUrl":"https:\/\/wilsonsantosmt.com.br\/wp-content\/uploads\/2023\/11\/310828673_653254583023360_8795459643194608438_n.jpg","width":1078,"height":1079,"caption":"Wilson Santos"},"logo":{"@id":"https:\/\/wilsonsantosmt.com.br\/#\/schema\/person\/image\/"},"sameAs":["http:\/\/wilsonsantosmt.com.br","https:\/\/www.facebook.com\/WilsonSantosMT\/","https:\/\/www.instagram.com\/wilsonsantosmt\/","https:\/\/www.youtube.com\/@WilsonSantosWS\/videos","https:\/\/pt.wikipedia.org\/wiki\/Wilson_Santos"],"honorificPrefix":"Sr","gender":"masculino","jobTitle":"Deputado Estadual","worksFor":"Assembleia Legislativa de Mato Grosso"},{"@type":"Person","@id":"https:\/\/wilsonsantosmt.com.br\/#\/schema\/person\/1d097ee45f526dd0455dbad8c679932c","name":"Samantha dos Anjos","image":{"@type":"ImageObject","inLanguage":"pt-BR","@id":"https:\/\/wilsonsantosmt.com.br\/#\/schema\/person\/image\/","url":"https:\/\/secure.gravatar.com\/avatar\/7d8d0b6dd67d134a9fa841bee90c57c7?s=96&d=mm&r=g","contentUrl":"https:\/\/secure.gravatar.com\/avatar\/7d8d0b6dd67d134a9fa841bee90c57c7?s=96&d=mm&r=g","caption":"Samantha dos Anjos"},"url":"https:\/\/wilsonsantosmt.com.br\/index.php\/author\/samantha-dos-anjos\/"}]}},"_links":{"self":[{"href":"https:\/\/wilsonsantosmt.com.br\/index.php\/wp-json\/wp\/v2\/posts\/1508"}],"collection":[{"href":"https:\/\/wilsonsantosmt.com.br\/index.php\/wp-json\/wp\/v2\/posts"}],"about":[{"href":"https:\/\/wilsonsantosmt.com.br\/index.php\/wp-json\/wp\/v2\/types\/post"}],"author":[{"embeddable":true,"href":"https:\/\/wilsonsantosmt.com.br\/index.php\/wp-json\/wp\/v2\/users\/4"}],"replies":[{"embeddable":true,"href":"https:\/\/wilsonsantosmt.com.br\/index.php\/wp-json\/wp\/v2\/comments?post=1508"}],"version-history":[{"count":1,"href":"https:\/\/wilsonsantosmt.com.br\/index.php\/wp-json\/wp\/v2\/posts\/1508\/revisions"}],"predecessor-version":[{"id":1510,"href":"https:\/\/wilsonsantosmt.com.br\/index.php\/wp-json\/wp\/v2\/posts\/1508\/revisions\/1510"}],"wp:featuredmedia":[{"embeddable":true,"href":"https:\/\/wilsonsantosmt.com.br\/index.php\/wp-json\/wp\/v2\/media\/1509"}],"wp:attachment":[{"href":"https:\/\/wilsonsantosmt.com.br\/index.php\/wp-json\/wp\/v2\/media?parent=1508"}],"wp:term":[{"taxonomy":"category","embeddable":true,"href":"https:\/\/wilsonsantosmt.com.br\/index.php\/wp-json\/wp\/v2\/categories?post=1508"},{"taxonomy":"post_tag","embeddable":true,"href":"https:\/\/wilsonsantosmt.com.br\/index.php\/wp-json\/wp\/v2\/tags?post=1508"}],"curies":[{"name":"wp","href":"https:\/\/api.w.org\/{rel}","templated":true}]}}