{"id":1511,"date":"2025-05-05T08:15:13","date_gmt":"2025-05-05T12:15:13","guid":{"rendered":"https:\/\/wilsonsantosmt.com.br\/?p=1511"},"modified":"2025-05-09T08:16:11","modified_gmt":"2025-05-09T12:16:11","slug":"wilson-santos-cria-dia-estadual-do-atleta-surdolimpico-em-mt","status":"publish","type":"post","link":"https:\/\/wilsonsantosmt.com.br\/index.php\/2025\/05\/05\/wilson-santos-cria-dia-estadual-do-atleta-surdolimpico-em-mt\/","title":{"rendered":"Wilson Santos cria Dia Estadual do Atleta Surdol\u00edmpico em MT"},"content":{"rendered":"\n<p><\/p>\n\n\n\n<p>O esporte e a inclus\u00e3o social s\u00e3o duas bandeiras defendidas pelo deputado estadual Wilson Santos (PSD) em seu mandato parlamentar. Para unir essas causas, ele prop\u00f4s a Lei n\u00ba 12.821\/2025, que institui o Dia Estadual do Atleta Surdol\u00edmpico em Mato Grosso, em reconhecimento \u00e0 representatividade e valoriza\u00e7\u00e3o dos desportistas com defici\u00eancia auditiva que enfrentam limites, superam obst\u00e1culos e conquistam espa\u00e7os em campeonatos regionais e nacionais.<\/p>\n\n\n\n<p>\u201cEssa lei \u00e9 um reconhecimento aos nossos atletas surdos, que v\u00eam se destacando cada vez mais em nosso Estado. Eles s\u00e3o a prova de que o esporte transforma vidas. Nos \u00faltimos anos, temos testemunhado suas conquistas, o aumento do respeito por seus trabalhos e sua inclus\u00e3o no cen\u00e1rio esportivo. Esses atletas merecem o nosso reconhecimento e devem servir de inspira\u00e7\u00e3o para outras pessoas com defici\u00eancia que desejam praticar atividades esportivas\u201d, ressaltou o parlamentar.<\/p>\n\n\n\n<p>Wilson destacou importantes competi\u00e7\u00f5es que comprovam o talento dos atletas surdos mato-grossenses, como a conquista do 5\u00ba lugar no Campeonato Brasileiro de Futebol em Campo, em 2022. Ele tamb\u00e9m mencionou a convoca\u00e7\u00e3o para os 6\u00ba Jogos Pan-Americanos de Surdos, em 2024. \u201cS\u00e3o exemplos que mostram que \u00e9 poss\u00edvel superar limita\u00e7\u00f5es. E, neste ano de 2025, tivemos a alegria de ver o jogador de futsal Heitor Wallas, da modalidade surdez, ser convocado para os jogos preparat\u00f3rios da Copa do Mundo. \u00c9 isso a\u00ed, Mato Grosso fazendo a diferen\u00e7a na inclus\u00e3o social\u201d, comentou o deputado.<\/p>\n\n\n\n<p>No in\u00edcio de fevereiro, o surdoatleta Heitor Wallas foi oficialmente convocado. E, no dia 28 do mesmo m\u00eas, a lei de autoria de Wilson Santos foi sancionada pelo Governo de Mato Grosso. A nova norma inclui o Dia Estadual do Atleta Surdol\u00edmpico, comemorado em 10 de setembro, no calend\u00e1rio oficial do Estado. \u201cA escolha da data se deve \u00e0 conquista da primeira medalha surdol\u00edmpica do Brasil por um atleta mato-grossense, al\u00e9m de setembro ser o m\u00eas em que se celebra o Dia Mundial do Surdo\u201d, justificou o parlamentar.<\/p>\n","protected":false},"excerpt":{"rendered":"<p>O esporte e a inclus\u00e3o social s\u00e3o duas bandeiras defendidas pelo deputado estadual Wilson Santos (PSD) em seu mandato parlamentar. Para unir essas causas, ele prop\u00f4s a Lei n\u00ba 12.821\/2025, que institui o Dia Estadual do Atleta Surdol\u00edmpico em Mato Grosso, em reconhecimento \u00e0 representatividade e valoriza\u00e7\u00e3o dos desportistas com defici\u00eancia auditiva que enfrentam limites, [&hellip;]<\/p>\n","protected":false},"author":4,"featured_media":1512,"comment_status":"closed","ping_status":"open","sticky":false,"template":"","format":"standard","meta":{"footnotes":""},"categories":[13],"tags":[],"yoast_head":"<!-- This site is optimized with the Yoast SEO Premium plugin v21.5 (Yoast SEO v21.4) - https:\/\/yoast.com\/wordpress\/plugins\/seo\/ -->\n<title>Wilson Santos cria Dia Estadual do Atleta Surdol\u00edmpico em MT - wilsonsantosmt.com.br<\/title>\n<meta name=\"robots\" content=\"index, follow, max-snippet:-1, max-image-preview:large, max-video-preview:-1\" \/>\n<link rel=\"canonical\" href=\"https:\/\/wilsonsantosmt.com.br\/index.php\/2025\/05\/05\/wilson-santos-cria-dia-estadual-do-atleta-surdolimpico-em-mt\/\" \/>\n<meta property=\"og:locale\" content=\"pt_BR\" \/>\n<meta property=\"og:type\" content=\"article\" \/>\n<meta property=\"og:title\" content=\"Wilson Santos cria Dia Estadual do Atleta Surdol\u00edmpico em MT\" \/>\n<meta property=\"og:description\" content=\"O esporte e a inclus\u00e3o social s\u00e3o duas bandeiras defendidas pelo deputado estadual Wilson Santos (PSD) em seu mandato parlamentar. Para unir essas causas, ele prop\u00f4s a Lei n\u00ba 12.821\/2025, que institui o Dia Estadual do Atleta Surdol\u00edmpico em Mato Grosso, em reconhecimento \u00e0 representatividade e valoriza\u00e7\u00e3o dos desportistas com defici\u00eancia auditiva que enfrentam limites, [&hellip;]\" \/>\n<meta property=\"og:url\" content=\"https:\/\/wilsonsantosmt.com.br\/index.php\/2025\/05\/05\/wilson-santos-cria-dia-estadual-do-atleta-surdolimpico-em-mt\/\" \/>\n<meta property=\"og:site_name\" content=\"wilsonsantosmt.com.br\" \/>\n<meta property=\"article:publisher\" content=\"https:\/\/www.facebook.com\/WilsonSantosMT\/\" \/>\n<meta property=\"article:published_time\" content=\"2025-05-05T12:15:13+00:00\" \/>\n<meta property=\"article:modified_time\" content=\"2025-05-09T12:16:11+00:00\" \/>\n<meta property=\"og:image\" content=\"http:\/\/wilsonsantosmt.com.br\/wp-content\/uploads\/2025\/05\/WhatsApp-Image-2025-05-06-at-10.23.12.jpeg\" \/>\n\t<meta property=\"og:image:width\" content=\"1080\" \/>\n\t<meta property=\"og:image:height\" content=\"825\" \/>\n\t<meta property=\"og:image:type\" content=\"image\/jpeg\" \/>\n<meta name=\"author\" content=\"Samantha dos Anjos\" \/>\n<meta name=\"twitter:card\" content=\"summary_large_image\" \/>\n<meta name=\"twitter:label1\" content=\"Escrito por\" \/>\n\t<meta name=\"twitter:data1\" content=\"Samantha dos Anjos\" \/>\n\t<meta name=\"twitter:label2\" content=\"Est. tempo de leitura\" \/>\n\t<meta name=\"twitter:data2\" content=\"2 minutos\" \/>\n<script type=\"application\/ld+json\" class=\"yoast-schema-graph\">{\"@context\":\"https:\/\/schema.org\",\"@graph\":[{\"@type\":\"Article\",\"@id\":\"https:\/\/wilsonsantosmt.com.br\/index.php\/2025\/05\/05\/wilson-santos-cria-dia-estadual-do-atleta-surdolimpico-em-mt\/#article\",\"isPartOf\":{\"@id\":\"https:\/\/wilsonsantosmt.com.br\/index.php\/2025\/05\/05\/wilson-santos-cria-dia-estadual-do-atleta-surdolimpico-em-mt\/\"},\"author\":{\"name\":\"Samantha dos Anjos\",\"@id\":\"https:\/\/wilsonsantosmt.com.br\/#\/schema\/person\/1d097ee45f526dd0455dbad8c679932c\"},\"headline\":\"Wilson Santos cria Dia Estadual do Atleta Surdol\u00edmpico em MT\",\"datePublished\":\"2025-05-05T12:15:13+00:00\",\"dateModified\":\"2025-05-09T12:16:11+00:00\",\"mainEntityOfPage\":{\"@id\":\"https:\/\/wilsonsantosmt.com.br\/index.php\/2025\/05\/05\/wilson-santos-cria-dia-estadual-do-atleta-surdolimpico-em-mt\/\"},\"wordCount\":347,\"publisher\":{\"@id\":\"https:\/\/wilsonsantosmt.com.br\/#\/schema\/person\/9de3c54961637a9eadb16bcbf895b1ef\"},\"articleSection\":[\"Not\u00edcias\"],\"inLanguage\":\"pt-BR\"},{\"@type\":\"WebPage\",\"@id\":\"https:\/\/wilsonsantosmt.com.br\/index.php\/2025\/05\/05\/wilson-santos-cria-dia-estadual-do-atleta-surdolimpico-em-mt\/\",\"url\":\"https:\/\/wilsonsantosmt.com.br\/index.php\/2025\/05\/05\/wilson-santos-cria-dia-estadual-do-atleta-surdolimpico-em-mt\/\",\"name\":\"Wilson Santos cria Dia Estadual do Atleta Surdol\u00edmpico em MT - wilsonsantosmt.com.br\",\"isPartOf\":{\"@id\":\"https:\/\/wilsonsantosmt.com.br\/#website\"},\"datePublished\":\"2025-05-05T12:15:13+00:00\",\"dateModified\":\"2025-05-09T12:16:11+00:00\",\"breadcrumb\":{\"@id\":\"https:\/\/wilsonsantosmt.com.br\/index.php\/2025\/05\/05\/wilson-santos-cria-dia-estadual-do-atleta-surdolimpico-em-mt\/#breadcrumb\"},\"inLanguage\":\"pt-BR\",\"potentialAction\":[{\"@type\":\"ReadAction\",\"target\":[\"https:\/\/wilsonsantosmt.com.br\/index.php\/2025\/05\/05\/wilson-santos-cria-dia-estadual-do-atleta-surdolimpico-em-mt\/\"]}]},{\"@type\":\"BreadcrumbList\",\"@id\":\"https:\/\/wilsonsantosmt.com.br\/index.php\/2025\/05\/05\/wilson-santos-cria-dia-estadual-do-atleta-surdolimpico-em-mt\/#breadcrumb\",\"itemListElement\":[{\"@type\":\"ListItem\",\"position\":1,\"name\":\"In\u00edcio\",\"item\":\"https:\/\/wilsonsantosmt.com.br\/\"},{\"@type\":\"ListItem\",\"position\":2,\"name\":\"Not\u00edcias\",\"item\":\"https:\/\/wilsonsantosmt.com.br\/index.php\/category\/noticias\/\"},{\"@type\":\"ListItem\",\"position\":3,\"name\":\"Wilson Santos cria Dia Estadual do Atleta Surdol\u00edmpico em MT\"}]},{\"@type\":\"WebSite\",\"@id\":\"https:\/\/wilsonsantosmt.com.br\/#website\",\"url\":\"https:\/\/wilsonsantosmt.com.br\/\",\"name\":\"wilsonsantosmt.com.br\",\"description\":\"\",\"publisher\":{\"@id\":\"https:\/\/wilsonsantosmt.com.br\/#\/schema\/person\/9de3c54961637a9eadb16bcbf895b1ef\"},\"potentialAction\":[{\"@type\":\"SearchAction\",\"target\":{\"@type\":\"EntryPoint\",\"urlTemplate\":\"https:\/\/wilsonsantosmt.com.br\/?s={search_term_string}\"},\"query-input\":\"required name=search_term_string\"}],\"inLanguage\":\"pt-BR\"},{\"@type\":[\"Person\",\"Organization\"],\"@id\":\"https:\/\/wilsonsantosmt.com.br\/#\/schema\/person\/9de3c54961637a9eadb16bcbf895b1ef\",\"name\":\"Wilson Santos\",\"image\":{\"@type\":\"ImageObject\",\"inLanguage\":\"pt-BR\",\"@id\":\"https:\/\/wilsonsantosmt.com.br\/#\/schema\/person\/image\/\",\"url\":\"https:\/\/wilsonsantosmt.com.br\/wp-content\/uploads\/2023\/11\/310828673_653254583023360_8795459643194608438_n.jpg\",\"contentUrl\":\"https:\/\/wilsonsantosmt.com.br\/wp-content\/uploads\/2023\/11\/310828673_653254583023360_8795459643194608438_n.jpg\",\"width\":1078,\"height\":1079,\"caption\":\"Wilson Santos\"},\"logo\":{\"@id\":\"https:\/\/wilsonsantosmt.com.br\/#\/schema\/person\/image\/\"},\"sameAs\":[\"http:\/\/wilsonsantosmt.com.br\",\"https:\/\/www.facebook.com\/WilsonSantosMT\/\",\"https:\/\/www.instagram.com\/wilsonsantosmt\/\",\"https:\/\/www.youtube.com\/@WilsonSantosWS\/videos\",\"https:\/\/pt.wikipedia.org\/wiki\/Wilson_Santos\"],\"honorificPrefix\":\"Sr\",\"gender\":\"masculino\",\"jobTitle\":\"Deputado Estadual\",\"worksFor\":\"Assembleia Legislativa de Mato Grosso\"},{\"@type\":\"Person\",\"@id\":\"https:\/\/wilsonsantosmt.com.br\/#\/schema\/person\/1d097ee45f526dd0455dbad8c679932c\",\"name\":\"Samantha dos Anjos\",\"image\":{\"@type\":\"ImageObject\",\"inLanguage\":\"pt-BR\",\"@id\":\"https:\/\/wilsonsantosmt.com.br\/#\/schema\/person\/image\/\",\"url\":\"https:\/\/secure.gravatar.com\/avatar\/7d8d0b6dd67d134a9fa841bee90c57c7?s=96&d=mm&r=g\",\"contentUrl\":\"https:\/\/secure.gravatar.com\/avatar\/7d8d0b6dd67d134a9fa841bee90c57c7?s=96&d=mm&r=g\",\"caption\":\"Samantha dos Anjos\"},\"url\":\"https:\/\/wilsonsantosmt.com.br\/index.php\/author\/samantha-dos-anjos\/\"}]}<\/script>\n<!-- \/ Yoast SEO Premium plugin. -->","yoast_head_json":{"title":"Wilson Santos cria Dia Estadual do Atleta Surdol\u00edmpico em MT - wilsonsantosmt.com.br","robots":{"index":"index","follow":"follow","max-snippet":"max-snippet:-1","max-image-preview":"max-image-preview:large","max-video-preview":"max-video-preview:-1"},"canonical":"https:\/\/wilsonsantosmt.com.br\/index.php\/2025\/05\/05\/wilson-santos-cria-dia-estadual-do-atleta-surdolimpico-em-mt\/","og_locale":"pt_BR","og_type":"article","og_title":"Wilson Santos cria Dia Estadual do Atleta Surdol\u00edmpico em MT","og_description":"O esporte e a inclus\u00e3o social s\u00e3o duas bandeiras defendidas pelo deputado estadual Wilson Santos (PSD) em seu mandato parlamentar. Para unir essas causas, ele prop\u00f4s a Lei n\u00ba 12.821\/2025, que institui o Dia Estadual do Atleta Surdol\u00edmpico em Mato Grosso, em reconhecimento \u00e0 representatividade e valoriza\u00e7\u00e3o dos desportistas com defici\u00eancia auditiva que enfrentam limites, [&hellip;]","og_url":"https:\/\/wilsonsantosmt.com.br\/index.php\/2025\/05\/05\/wilson-santos-cria-dia-estadual-do-atleta-surdolimpico-em-mt\/","og_site_name":"wilsonsantosmt.com.br","article_publisher":"https:\/\/www.facebook.com\/WilsonSantosMT\/","article_published_time":"2025-05-05T12:15:13+00:00","article_modified_time":"2025-05-09T12:16:11+00:00","og_image":[{"width":1080,"height":825,"url":"http:\/\/wilsonsantosmt.com.br\/wp-content\/uploads\/2025\/05\/WhatsApp-Image-2025-05-06-at-10.23.12.jpeg","type":"image\/jpeg"}],"author":"Samantha dos Anjos","twitter_card":"summary_large_image","twitter_misc":{"Escrito por":"Samantha dos Anjos","Est. tempo de leitura":"2 minutos"},"schema":{"@context":"https:\/\/schema.org","@graph":[{"@type":"Article","@id":"https:\/\/wilsonsantosmt.com.br\/index.php\/2025\/05\/05\/wilson-santos-cria-dia-estadual-do-atleta-surdolimpico-em-mt\/#article","isPartOf":{"@id":"https:\/\/wilsonsantosmt.com.br\/index.php\/2025\/05\/05\/wilson-santos-cria-dia-estadual-do-atleta-surdolimpico-em-mt\/"},"author":{"name":"Samantha dos Anjos","@id":"https:\/\/wilsonsantosmt.com.br\/#\/schema\/person\/1d097ee45f526dd0455dbad8c679932c"},"headline":"Wilson Santos cria Dia Estadual do Atleta Surdol\u00edmpico em MT","datePublished":"2025-05-05T12:15:13+00:00","dateModified":"2025-05-09T12:16:11+00:00","mainEntityOfPage":{"@id":"https:\/\/wilsonsantosmt.com.br\/index.php\/2025\/05\/05\/wilson-santos-cria-dia-estadual-do-atleta-surdolimpico-em-mt\/"},"wordCount":347,"publisher":{"@id":"https:\/\/wilsonsantosmt.com.br\/#\/schema\/person\/9de3c54961637a9eadb16bcbf895b1ef"},"articleSection":["Not\u00edcias"],"inLanguage":"pt-BR"},{"@type":"WebPage","@id":"https:\/\/wilsonsantosmt.com.br\/index.php\/2025\/05\/05\/wilson-santos-cria-dia-estadual-do-atleta-surdolimpico-em-mt\/","url":"https:\/\/wilsonsantosmt.com.br\/index.php\/2025\/05\/05\/wilson-santos-cria-dia-estadual-do-atleta-surdolimpico-em-mt\/","name":"Wilson Santos cria Dia Estadual do Atleta Surdol\u00edmpico em MT - wilsonsantosmt.com.br","isPartOf":{"@id":"https:\/\/wilsonsantosmt.com.br\/#website"},"datePublished":"2025-05-05T12:15:13+00:00","dateModified":"2025-05-09T12:16:11+00:00","breadcrumb":{"@id":"https:\/\/wilsonsantosmt.com.br\/index.php\/2025\/05\/05\/wilson-santos-cria-dia-estadual-do-atleta-surdolimpico-em-mt\/#breadcrumb"},"inLanguage":"pt-BR","potentialAction":[{"@type":"ReadAction","target":["https:\/\/wilsonsantosmt.com.br\/index.php\/2025\/05\/05\/wilson-santos-cria-dia-estadual-do-atleta-surdolimpico-em-mt\/"]}]},{"@type":"BreadcrumbList","@id":"https:\/\/wilsonsantosmt.com.br\/index.php\/2025\/05\/05\/wilson-santos-cria-dia-estadual-do-atleta-surdolimpico-em-mt\/#breadcrumb","itemListElement":[{"@type":"ListItem","position":1,"name":"In\u00edcio","item":"https:\/\/wilsonsantosmt.com.br\/"},{"@type":"ListItem","position":2,"name":"Not\u00edcias","item":"https:\/\/wilsonsantosmt.com.br\/index.php\/category\/noticias\/"},{"@type":"ListItem","position":3,"name":"Wilson Santos cria Dia Estadual do Atleta Surdol\u00edmpico em MT"}]},{"@type":"WebSite","@id":"https:\/\/wilsonsantosmt.com.br\/#website","url":"https:\/\/wilsonsantosmt.com.br\/","name":"wilsonsantosmt.com.br","description":"","publisher":{"@id":"https:\/\/wilsonsantosmt.com.br\/#\/schema\/person\/9de3c54961637a9eadb16bcbf895b1ef"},"potentialAction":[{"@type":"SearchAction","target":{"@type":"EntryPoint","urlTemplate":"https:\/\/wilsonsantosmt.com.br\/?s={search_term_string}"},"query-input":"required name=search_term_string"}],"inLanguage":"pt-BR"},{"@type":["Person","Organization"],"@id":"https:\/\/wilsonsantosmt.com.br\/#\/schema\/person\/9de3c54961637a9eadb16bcbf895b1ef","name":"Wilson Santos","image":{"@type":"ImageObject","inLanguage":"pt-BR","@id":"https:\/\/wilsonsantosmt.com.br\/#\/schema\/person\/image\/","url":"https:\/\/wilsonsantosmt.com.br\/wp-content\/uploads\/2023\/11\/310828673_653254583023360_8795459643194608438_n.jpg","contentUrl":"https:\/\/wilsonsantosmt.com.br\/wp-content\/uploads\/2023\/11\/310828673_653254583023360_8795459643194608438_n.jpg","width":1078,"height":1079,"caption":"Wilson Santos"},"logo":{"@id":"https:\/\/wilsonsantosmt.com.br\/#\/schema\/person\/image\/"},"sameAs":["http:\/\/wilsonsantosmt.com.br","https:\/\/www.facebook.com\/WilsonSantosMT\/","https:\/\/www.instagram.com\/wilsonsantosmt\/","https:\/\/www.youtube.com\/@WilsonSantosWS\/videos","https:\/\/pt.wikipedia.org\/wiki\/Wilson_Santos"],"honorificPrefix":"Sr","gender":"masculino","jobTitle":"Deputado Estadual","worksFor":"Assembleia Legislativa de Mato Grosso"},{"@type":"Person","@id":"https:\/\/wilsonsantosmt.com.br\/#\/schema\/person\/1d097ee45f526dd0455dbad8c679932c","name":"Samantha dos Anjos","image":{"@type":"ImageObject","inLanguage":"pt-BR","@id":"https:\/\/wilsonsantosmt.com.br\/#\/schema\/person\/image\/","url":"https:\/\/secure.gravatar.com\/avatar\/7d8d0b6dd67d134a9fa841bee90c57c7?s=96&d=mm&r=g","contentUrl":"https:\/\/secure.gravatar.com\/avatar\/7d8d0b6dd67d134a9fa841bee90c57c7?s=96&d=mm&r=g","caption":"Samantha dos Anjos"},"url":"https:\/\/wilsonsantosmt.com.br\/index.php\/author\/samantha-dos-anjos\/"}]}},"_links":{"self":[{"href":"https:\/\/wilsonsantosmt.com.br\/index.php\/wp-json\/wp\/v2\/posts\/1511"}],"collection":[{"href":"https:\/\/wilsonsantosmt.com.br\/index.php\/wp-json\/wp\/v2\/posts"}],"about":[{"href":"https:\/\/wilsonsantosmt.com.br\/index.php\/wp-json\/wp\/v2\/types\/post"}],"author":[{"embeddable":true,"href":"https:\/\/wilsonsantosmt.com.br\/index.php\/wp-json\/wp\/v2\/users\/4"}],"replies":[{"embeddable":true,"href":"https:\/\/wilsonsantosmt.com.br\/index.php\/wp-json\/wp\/v2\/comments?post=1511"}],"version-history":[{"count":1,"href":"https:\/\/wilsonsantosmt.com.br\/index.php\/wp-json\/wp\/v2\/posts\/1511\/revisions"}],"predecessor-version":[{"id":1513,"href":"https:\/\/wilsonsantosmt.com.br\/index.php\/wp-json\/wp\/v2\/posts\/1511\/revisions\/1513"}],"wp:featuredmedia":[{"embeddable":true,"href":"https:\/\/wilsonsantosmt.com.br\/index.php\/wp-json\/wp\/v2\/media\/1512"}],"wp:attachment":[{"href":"https:\/\/wilsonsantosmt.com.br\/index.php\/wp-json\/wp\/v2\/media?parent=1511"}],"wp:term":[{"taxonomy":"category","embeddable":true,"href":"https:\/\/wilsonsantosmt.com.br\/index.php\/wp-json\/wp\/v2\/categories?post=1511"},{"taxonomy":"post_tag","embeddable":true,"href":"https:\/\/wilsonsantosmt.com.br\/index.php\/wp-json\/wp\/v2\/tags?post=1511"}],"curies":[{"name":"wp","href":"https:\/\/api.w.org\/{rel}","templated":true}]}}