{"id":1514,"date":"2025-05-14T10:07:56","date_gmt":"2025-05-14T14:07:56","guid":{"rendered":"https:\/\/wilsonsantosmt.com.br\/?p=1514"},"modified":"2025-05-14T10:07:57","modified_gmt":"2025-05-14T14:07:57","slug":"wilson-santos-quer-impedir-obstrucao-de-informacoes-pelos-orgaos-publicos-fiscalizados-pela-almt","status":"publish","type":"post","link":"https:\/\/wilsonsantosmt.com.br\/index.php\/2025\/05\/14\/wilson-santos-quer-impedir-obstrucao-de-informacoes-pelos-orgaos-publicos-fiscalizados-pela-almt\/","title":{"rendered":"Wilson Santos quer impedir obstru\u00e7\u00e3o de informa\u00e7\u00f5es pelos \u00f3rg\u00e3os p\u00fablicos fiscalizados pela ALMT"},"content":{"rendered":"\n<p><\/p>\n\n\n\n<p><\/p>\n\n\n\n<p>Para garantir o bom andamento nos trabalhos da Assembleia Legislativa, o deputado estadual Wilson Santos (PSD) apresentou em sess\u00e3o plen\u00e1ria da \u00faltima quarta-feira (7), o Projeto de Lei <a href=\"https:\/\/www.al.mt.gov.br\/storage\/webdisco\/cp\/20250505095606130100.pdf\">n.\u00ba 786\/2025<\/a> que estabelece puni\u00e7\u00e3o aos agentes p\u00fablicos ou privados que obstru\u00edrem a fiscaliza\u00e7\u00e3o de deputados em \u00f3rg\u00e3os p\u00fablicos de Mato Grosso. A proposta vai garantir o acesso de documentos, relat\u00f3rios ou informa\u00e7\u00f5es necess\u00e1rias para atender o exerc\u00edcio da fun\u00e7\u00e3o do parlamentar no legislativo.<\/p>\n\n\n\n<p>Ele esclarece que o Poder Executivo Estadual atende a maioria das demandas dos parlamentares, mas existem momentos que \u00e9 preciso informa\u00e7\u00f5es em um prazo de cinco a 10 dias e acaba se estendendo por 30, 60 e 90 dias, o que interfere na execu\u00e7\u00e3o da atividade. &nbsp;\u201cN\u00f3s queremos deixar uma legisla\u00e7\u00e3o mais clara e objetiva para que estes deputados e os pr\u00f3ximos que vir\u00e3o, possam ter uma lei que obriga, determina e puna aquele secret\u00e1rio ou servidor que coloca obst\u00e1culos para conceder informa\u00e7\u00f5es. Essa legisla\u00e7\u00e3o n\u00e3o \u00e9 s\u00f3 para o momento e, sim, para sempre. Estamos dando mais estrutura e mais condi\u00e7\u00f5es de trabalho para o parlamentar\u201d, explicou.<\/p>\n\n\n\n<p>De acordo com a proposta de lei, a puni\u00e7\u00e3o contra um agente p\u00fablico ou privado poder\u00e1 ocorrer quando houver recusa para o acesso a documentos ou informa\u00e7\u00f5es necess\u00e1rias durante a fiscaliza\u00e7\u00e3o do parlamentar. Tamb\u00e9m, quando ele impedir a presen\u00e7a do deputado estadual ou seus representantes nas depend\u00eancias da Administra\u00e7\u00e3o P\u00fablica seja nas esferas federal ou municipal e exigir formalidades ou processos administrativos desnecess\u00e1rios ou que n\u00e3o se aplicam \u00e0 atividade inspecionada.<\/p>\n\n\n\n<p>Wilson Santos esclarece que, caso o agente n\u00e3o atenda o que \u00e9 imposto pela mat\u00e9ria, ele poder\u00e1 responder por irresponsabilidade administrativa. Conforme o projeto, o servidor p\u00fablico poder\u00e1 ter a suspens\u00e3o tempor\u00e1ria de suas fun\u00e7\u00f5es por at\u00e9 30 dias, multa a ser aplicada pelo Tribunal de Contas do Estado, em caso de reincid\u00eancia, conforme o regulamento do cargo ou fun\u00e7\u00e3o exercida &#8211; e outras penalidades.<\/p>\n\n\n\n<p>No caso do agente privado, a proposta aponta multa administrativa proporcional \u00e0 gravidade de obstru\u00e7\u00e3o, suspens\u00e3o tempor\u00e1ria da participa\u00e7\u00e3o em contratos com o Estado por at\u00e9 12 meses e ser\u00e1 proibido de realizar novos contratos e conv\u00eanios com o Poder P\u00fablico Estadual durante cinco anos, em caso de reincid\u00eancia.<\/p>\n","protected":false},"excerpt":{"rendered":"<p>Para garantir o bom andamento nos trabalhos da Assembleia Legislativa, o deputado estadual Wilson Santos (PSD) apresentou em sess\u00e3o plen\u00e1ria da \u00faltima quarta-feira (7), o Projeto de Lei n.\u00ba 786\/2025 que estabelece puni\u00e7\u00e3o aos agentes p\u00fablicos ou privados que obstru\u00edrem a fiscaliza\u00e7\u00e3o de deputados em \u00f3rg\u00e3os p\u00fablicos de Mato Grosso. A proposta vai garantir o [&hellip;]<\/p>\n","protected":false},"author":4,"featured_media":1515,"comment_status":"closed","ping_status":"open","sticky":false,"template":"","format":"standard","meta":{"footnotes":""},"categories":[13],"tags":[],"yoast_head":"<!-- This site is optimized with the Yoast SEO Premium plugin v21.5 (Yoast SEO v21.4) - https:\/\/yoast.com\/wordpress\/plugins\/seo\/ -->\n<title>Wilson Santos quer impedir obstru\u00e7\u00e3o de informa\u00e7\u00f5es pelos \u00f3rg\u00e3os p\u00fablicos fiscalizados pela ALMT - wilsonsantosmt.com.br<\/title>\n<meta name=\"robots\" content=\"index, follow, max-snippet:-1, max-image-preview:large, max-video-preview:-1\" \/>\n<link rel=\"canonical\" href=\"https:\/\/wilsonsantosmt.com.br\/index.php\/2025\/05\/14\/wilson-santos-quer-impedir-obstrucao-de-informacoes-pelos-orgaos-publicos-fiscalizados-pela-almt\/\" \/>\n<meta property=\"og:locale\" content=\"pt_BR\" \/>\n<meta property=\"og:type\" content=\"article\" \/>\n<meta property=\"og:title\" content=\"Wilson Santos quer impedir obstru\u00e7\u00e3o de informa\u00e7\u00f5es pelos \u00f3rg\u00e3os p\u00fablicos fiscalizados pela ALMT\" \/>\n<meta property=\"og:description\" content=\"Para garantir o bom andamento nos trabalhos da Assembleia Legislativa, o deputado estadual Wilson Santos (PSD) apresentou em sess\u00e3o plen\u00e1ria da \u00faltima quarta-feira (7), o Projeto de Lei n.\u00ba 786\/2025 que estabelece puni\u00e7\u00e3o aos agentes p\u00fablicos ou privados que obstru\u00edrem a fiscaliza\u00e7\u00e3o de deputados em \u00f3rg\u00e3os p\u00fablicos de Mato Grosso. A proposta vai garantir o [&hellip;]\" \/>\n<meta property=\"og:url\" content=\"https:\/\/wilsonsantosmt.com.br\/index.php\/2025\/05\/14\/wilson-santos-quer-impedir-obstrucao-de-informacoes-pelos-orgaos-publicos-fiscalizados-pela-almt\/\" \/>\n<meta property=\"og:site_name\" content=\"wilsonsantosmt.com.br\" \/>\n<meta property=\"article:publisher\" content=\"https:\/\/www.facebook.com\/WilsonSantosMT\/\" \/>\n<meta property=\"article:published_time\" content=\"2025-05-14T14:07:56+00:00\" \/>\n<meta property=\"article:modified_time\" content=\"2025-05-14T14:07:57+00:00\" \/>\n<meta property=\"og:image\" content=\"http:\/\/wilsonsantosmt.com.br\/wp-content\/uploads\/2025\/05\/8bf670ae40817edc07cf7ba46747b163680a26f0785d1-scaled.jpg\" \/>\n\t<meta property=\"og:image:width\" content=\"2560\" \/>\n\t<meta property=\"og:image:height\" content=\"1707\" \/>\n\t<meta property=\"og:image:type\" content=\"image\/jpeg\" \/>\n<meta name=\"author\" content=\"Samantha dos Anjos\" \/>\n<meta name=\"twitter:card\" content=\"summary_large_image\" \/>\n<meta name=\"twitter:label1\" content=\"Escrito por\" \/>\n\t<meta name=\"twitter:data1\" content=\"Samantha dos Anjos\" \/>\n\t<meta name=\"twitter:label2\" content=\"Est. tempo de leitura\" \/>\n\t<meta name=\"twitter:data2\" content=\"3 minutos\" \/>\n<script type=\"application\/ld+json\" class=\"yoast-schema-graph\">{\"@context\":\"https:\/\/schema.org\",\"@graph\":[{\"@type\":\"Article\",\"@id\":\"https:\/\/wilsonsantosmt.com.br\/index.php\/2025\/05\/14\/wilson-santos-quer-impedir-obstrucao-de-informacoes-pelos-orgaos-publicos-fiscalizados-pela-almt\/#article\",\"isPartOf\":{\"@id\":\"https:\/\/wilsonsantosmt.com.br\/index.php\/2025\/05\/14\/wilson-santos-quer-impedir-obstrucao-de-informacoes-pelos-orgaos-publicos-fiscalizados-pela-almt\/\"},\"author\":{\"name\":\"Samantha dos Anjos\",\"@id\":\"https:\/\/wilsonsantosmt.com.br\/#\/schema\/person\/1d097ee45f526dd0455dbad8c679932c\"},\"headline\":\"Wilson Santos quer impedir obstru\u00e7\u00e3o de informa\u00e7\u00f5es pelos \u00f3rg\u00e3os p\u00fablicos fiscalizados pela ALMT\",\"datePublished\":\"2025-05-14T14:07:56+00:00\",\"dateModified\":\"2025-05-14T14:07:57+00:00\",\"mainEntityOfPage\":{\"@id\":\"https:\/\/wilsonsantosmt.com.br\/index.php\/2025\/05\/14\/wilson-santos-quer-impedir-obstrucao-de-informacoes-pelos-orgaos-publicos-fiscalizados-pela-almt\/\"},\"wordCount\":422,\"publisher\":{\"@id\":\"https:\/\/wilsonsantosmt.com.br\/#\/schema\/person\/9de3c54961637a9eadb16bcbf895b1ef\"},\"articleSection\":[\"Not\u00edcias\"],\"inLanguage\":\"pt-BR\"},{\"@type\":\"WebPage\",\"@id\":\"https:\/\/wilsonsantosmt.com.br\/index.php\/2025\/05\/14\/wilson-santos-quer-impedir-obstrucao-de-informacoes-pelos-orgaos-publicos-fiscalizados-pela-almt\/\",\"url\":\"https:\/\/wilsonsantosmt.com.br\/index.php\/2025\/05\/14\/wilson-santos-quer-impedir-obstrucao-de-informacoes-pelos-orgaos-publicos-fiscalizados-pela-almt\/\",\"name\":\"Wilson Santos quer impedir obstru\u00e7\u00e3o de informa\u00e7\u00f5es pelos \u00f3rg\u00e3os p\u00fablicos fiscalizados pela ALMT - wilsonsantosmt.com.br\",\"isPartOf\":{\"@id\":\"https:\/\/wilsonsantosmt.com.br\/#website\"},\"datePublished\":\"2025-05-14T14:07:56+00:00\",\"dateModified\":\"2025-05-14T14:07:57+00:00\",\"breadcrumb\":{\"@id\":\"https:\/\/wilsonsantosmt.com.br\/index.php\/2025\/05\/14\/wilson-santos-quer-impedir-obstrucao-de-informacoes-pelos-orgaos-publicos-fiscalizados-pela-almt\/#breadcrumb\"},\"inLanguage\":\"pt-BR\",\"potentialAction\":[{\"@type\":\"ReadAction\",\"target\":[\"https:\/\/wilsonsantosmt.com.br\/index.php\/2025\/05\/14\/wilson-santos-quer-impedir-obstrucao-de-informacoes-pelos-orgaos-publicos-fiscalizados-pela-almt\/\"]}]},{\"@type\":\"BreadcrumbList\",\"@id\":\"https:\/\/wilsonsantosmt.com.br\/index.php\/2025\/05\/14\/wilson-santos-quer-impedir-obstrucao-de-informacoes-pelos-orgaos-publicos-fiscalizados-pela-almt\/#breadcrumb\",\"itemListElement\":[{\"@type\":\"ListItem\",\"position\":1,\"name\":\"In\u00edcio\",\"item\":\"https:\/\/wilsonsantosmt.com.br\/\"},{\"@type\":\"ListItem\",\"position\":2,\"name\":\"Not\u00edcias\",\"item\":\"https:\/\/wilsonsantosmt.com.br\/index.php\/category\/noticias\/\"},{\"@type\":\"ListItem\",\"position\":3,\"name\":\"Wilson Santos quer impedir obstru\u00e7\u00e3o de informa\u00e7\u00f5es pelos \u00f3rg\u00e3os p\u00fablicos fiscalizados pela ALMT\"}]},{\"@type\":\"WebSite\",\"@id\":\"https:\/\/wilsonsantosmt.com.br\/#website\",\"url\":\"https:\/\/wilsonsantosmt.com.br\/\",\"name\":\"wilsonsantosmt.com.br\",\"description\":\"\",\"publisher\":{\"@id\":\"https:\/\/wilsonsantosmt.com.br\/#\/schema\/person\/9de3c54961637a9eadb16bcbf895b1ef\"},\"potentialAction\":[{\"@type\":\"SearchAction\",\"target\":{\"@type\":\"EntryPoint\",\"urlTemplate\":\"https:\/\/wilsonsantosmt.com.br\/?s={search_term_string}\"},\"query-input\":\"required name=search_term_string\"}],\"inLanguage\":\"pt-BR\"},{\"@type\":[\"Person\",\"Organization\"],\"@id\":\"https:\/\/wilsonsantosmt.com.br\/#\/schema\/person\/9de3c54961637a9eadb16bcbf895b1ef\",\"name\":\"Wilson Santos\",\"image\":{\"@type\":\"ImageObject\",\"inLanguage\":\"pt-BR\",\"@id\":\"https:\/\/wilsonsantosmt.com.br\/#\/schema\/person\/image\/\",\"url\":\"https:\/\/wilsonsantosmt.com.br\/wp-content\/uploads\/2023\/11\/310828673_653254583023360_8795459643194608438_n.jpg\",\"contentUrl\":\"https:\/\/wilsonsantosmt.com.br\/wp-content\/uploads\/2023\/11\/310828673_653254583023360_8795459643194608438_n.jpg\",\"width\":1078,\"height\":1079,\"caption\":\"Wilson Santos\"},\"logo\":{\"@id\":\"https:\/\/wilsonsantosmt.com.br\/#\/schema\/person\/image\/\"},\"sameAs\":[\"http:\/\/wilsonsantosmt.com.br\",\"https:\/\/www.facebook.com\/WilsonSantosMT\/\",\"https:\/\/www.instagram.com\/wilsonsantosmt\/\",\"https:\/\/www.youtube.com\/@WilsonSantosWS\/videos\",\"https:\/\/pt.wikipedia.org\/wiki\/Wilson_Santos\"],\"honorificPrefix\":\"Sr\",\"gender\":\"masculino\",\"jobTitle\":\"Deputado Estadual\",\"worksFor\":\"Assembleia Legislativa de Mato Grosso\"},{\"@type\":\"Person\",\"@id\":\"https:\/\/wilsonsantosmt.com.br\/#\/schema\/person\/1d097ee45f526dd0455dbad8c679932c\",\"name\":\"Samantha dos Anjos\",\"image\":{\"@type\":\"ImageObject\",\"inLanguage\":\"pt-BR\",\"@id\":\"https:\/\/wilsonsantosmt.com.br\/#\/schema\/person\/image\/\",\"url\":\"https:\/\/secure.gravatar.com\/avatar\/7d8d0b6dd67d134a9fa841bee90c57c7?s=96&d=mm&r=g\",\"contentUrl\":\"https:\/\/secure.gravatar.com\/avatar\/7d8d0b6dd67d134a9fa841bee90c57c7?s=96&d=mm&r=g\",\"caption\":\"Samantha dos Anjos\"},\"url\":\"https:\/\/wilsonsantosmt.com.br\/index.php\/author\/samantha-dos-anjos\/\"}]}<\/script>\n<!-- \/ Yoast SEO Premium plugin. -->","yoast_head_json":{"title":"Wilson Santos quer impedir obstru\u00e7\u00e3o de informa\u00e7\u00f5es pelos \u00f3rg\u00e3os p\u00fablicos fiscalizados pela ALMT - wilsonsantosmt.com.br","robots":{"index":"index","follow":"follow","max-snippet":"max-snippet:-1","max-image-preview":"max-image-preview:large","max-video-preview":"max-video-preview:-1"},"canonical":"https:\/\/wilsonsantosmt.com.br\/index.php\/2025\/05\/14\/wilson-santos-quer-impedir-obstrucao-de-informacoes-pelos-orgaos-publicos-fiscalizados-pela-almt\/","og_locale":"pt_BR","og_type":"article","og_title":"Wilson Santos quer impedir obstru\u00e7\u00e3o de informa\u00e7\u00f5es pelos \u00f3rg\u00e3os p\u00fablicos fiscalizados pela ALMT","og_description":"Para garantir o bom andamento nos trabalhos da Assembleia Legislativa, o deputado estadual Wilson Santos (PSD) apresentou em sess\u00e3o plen\u00e1ria da \u00faltima quarta-feira (7), o Projeto de Lei n.\u00ba 786\/2025 que estabelece puni\u00e7\u00e3o aos agentes p\u00fablicos ou privados que obstru\u00edrem a fiscaliza\u00e7\u00e3o de deputados em \u00f3rg\u00e3os p\u00fablicos de Mato Grosso. A proposta vai garantir o [&hellip;]","og_url":"https:\/\/wilsonsantosmt.com.br\/index.php\/2025\/05\/14\/wilson-santos-quer-impedir-obstrucao-de-informacoes-pelos-orgaos-publicos-fiscalizados-pela-almt\/","og_site_name":"wilsonsantosmt.com.br","article_publisher":"https:\/\/www.facebook.com\/WilsonSantosMT\/","article_published_time":"2025-05-14T14:07:56+00:00","article_modified_time":"2025-05-14T14:07:57+00:00","og_image":[{"width":2560,"height":1707,"url":"http:\/\/wilsonsantosmt.com.br\/wp-content\/uploads\/2025\/05\/8bf670ae40817edc07cf7ba46747b163680a26f0785d1-scaled.jpg","type":"image\/jpeg"}],"author":"Samantha dos Anjos","twitter_card":"summary_large_image","twitter_misc":{"Escrito por":"Samantha dos Anjos","Est. tempo de leitura":"3 minutos"},"schema":{"@context":"https:\/\/schema.org","@graph":[{"@type":"Article","@id":"https:\/\/wilsonsantosmt.com.br\/index.php\/2025\/05\/14\/wilson-santos-quer-impedir-obstrucao-de-informacoes-pelos-orgaos-publicos-fiscalizados-pela-almt\/#article","isPartOf":{"@id":"https:\/\/wilsonsantosmt.com.br\/index.php\/2025\/05\/14\/wilson-santos-quer-impedir-obstrucao-de-informacoes-pelos-orgaos-publicos-fiscalizados-pela-almt\/"},"author":{"name":"Samantha dos Anjos","@id":"https:\/\/wilsonsantosmt.com.br\/#\/schema\/person\/1d097ee45f526dd0455dbad8c679932c"},"headline":"Wilson Santos quer impedir obstru\u00e7\u00e3o de informa\u00e7\u00f5es pelos \u00f3rg\u00e3os p\u00fablicos fiscalizados pela ALMT","datePublished":"2025-05-14T14:07:56+00:00","dateModified":"2025-05-14T14:07:57+00:00","mainEntityOfPage":{"@id":"https:\/\/wilsonsantosmt.com.br\/index.php\/2025\/05\/14\/wilson-santos-quer-impedir-obstrucao-de-informacoes-pelos-orgaos-publicos-fiscalizados-pela-almt\/"},"wordCount":422,"publisher":{"@id":"https:\/\/wilsonsantosmt.com.br\/#\/schema\/person\/9de3c54961637a9eadb16bcbf895b1ef"},"articleSection":["Not\u00edcias"],"inLanguage":"pt-BR"},{"@type":"WebPage","@id":"https:\/\/wilsonsantosmt.com.br\/index.php\/2025\/05\/14\/wilson-santos-quer-impedir-obstrucao-de-informacoes-pelos-orgaos-publicos-fiscalizados-pela-almt\/","url":"https:\/\/wilsonsantosmt.com.br\/index.php\/2025\/05\/14\/wilson-santos-quer-impedir-obstrucao-de-informacoes-pelos-orgaos-publicos-fiscalizados-pela-almt\/","name":"Wilson Santos quer impedir obstru\u00e7\u00e3o de informa\u00e7\u00f5es pelos \u00f3rg\u00e3os p\u00fablicos fiscalizados pela ALMT - wilsonsantosmt.com.br","isPartOf":{"@id":"https:\/\/wilsonsantosmt.com.br\/#website"},"datePublished":"2025-05-14T14:07:56+00:00","dateModified":"2025-05-14T14:07:57+00:00","breadcrumb":{"@id":"https:\/\/wilsonsantosmt.com.br\/index.php\/2025\/05\/14\/wilson-santos-quer-impedir-obstrucao-de-informacoes-pelos-orgaos-publicos-fiscalizados-pela-almt\/#breadcrumb"},"inLanguage":"pt-BR","potentialAction":[{"@type":"ReadAction","target":["https:\/\/wilsonsantosmt.com.br\/index.php\/2025\/05\/14\/wilson-santos-quer-impedir-obstrucao-de-informacoes-pelos-orgaos-publicos-fiscalizados-pela-almt\/"]}]},{"@type":"BreadcrumbList","@id":"https:\/\/wilsonsantosmt.com.br\/index.php\/2025\/05\/14\/wilson-santos-quer-impedir-obstrucao-de-informacoes-pelos-orgaos-publicos-fiscalizados-pela-almt\/#breadcrumb","itemListElement":[{"@type":"ListItem","position":1,"name":"In\u00edcio","item":"https:\/\/wilsonsantosmt.com.br\/"},{"@type":"ListItem","position":2,"name":"Not\u00edcias","item":"https:\/\/wilsonsantosmt.com.br\/index.php\/category\/noticias\/"},{"@type":"ListItem","position":3,"name":"Wilson Santos quer impedir obstru\u00e7\u00e3o de informa\u00e7\u00f5es pelos \u00f3rg\u00e3os p\u00fablicos fiscalizados pela ALMT"}]},{"@type":"WebSite","@id":"https:\/\/wilsonsantosmt.com.br\/#website","url":"https:\/\/wilsonsantosmt.com.br\/","name":"wilsonsantosmt.com.br","description":"","publisher":{"@id":"https:\/\/wilsonsantosmt.com.br\/#\/schema\/person\/9de3c54961637a9eadb16bcbf895b1ef"},"potentialAction":[{"@type":"SearchAction","target":{"@type":"EntryPoint","urlTemplate":"https:\/\/wilsonsantosmt.com.br\/?s={search_term_string}"},"query-input":"required name=search_term_string"}],"inLanguage":"pt-BR"},{"@type":["Person","Organization"],"@id":"https:\/\/wilsonsantosmt.com.br\/#\/schema\/person\/9de3c54961637a9eadb16bcbf895b1ef","name":"Wilson Santos","image":{"@type":"ImageObject","inLanguage":"pt-BR","@id":"https:\/\/wilsonsantosmt.com.br\/#\/schema\/person\/image\/","url":"https:\/\/wilsonsantosmt.com.br\/wp-content\/uploads\/2023\/11\/310828673_653254583023360_8795459643194608438_n.jpg","contentUrl":"https:\/\/wilsonsantosmt.com.br\/wp-content\/uploads\/2023\/11\/310828673_653254583023360_8795459643194608438_n.jpg","width":1078,"height":1079,"caption":"Wilson Santos"},"logo":{"@id":"https:\/\/wilsonsantosmt.com.br\/#\/schema\/person\/image\/"},"sameAs":["http:\/\/wilsonsantosmt.com.br","https:\/\/www.facebook.com\/WilsonSantosMT\/","https:\/\/www.instagram.com\/wilsonsantosmt\/","https:\/\/www.youtube.com\/@WilsonSantosWS\/videos","https:\/\/pt.wikipedia.org\/wiki\/Wilson_Santos"],"honorificPrefix":"Sr","gender":"masculino","jobTitle":"Deputado Estadual","worksFor":"Assembleia Legislativa de Mato Grosso"},{"@type":"Person","@id":"https:\/\/wilsonsantosmt.com.br\/#\/schema\/person\/1d097ee45f526dd0455dbad8c679932c","name":"Samantha dos Anjos","image":{"@type":"ImageObject","inLanguage":"pt-BR","@id":"https:\/\/wilsonsantosmt.com.br\/#\/schema\/person\/image\/","url":"https:\/\/secure.gravatar.com\/avatar\/7d8d0b6dd67d134a9fa841bee90c57c7?s=96&d=mm&r=g","contentUrl":"https:\/\/secure.gravatar.com\/avatar\/7d8d0b6dd67d134a9fa841bee90c57c7?s=96&d=mm&r=g","caption":"Samantha dos Anjos"},"url":"https:\/\/wilsonsantosmt.com.br\/index.php\/author\/samantha-dos-anjos\/"}]}},"_links":{"self":[{"href":"https:\/\/wilsonsantosmt.com.br\/index.php\/wp-json\/wp\/v2\/posts\/1514"}],"collection":[{"href":"https:\/\/wilsonsantosmt.com.br\/index.php\/wp-json\/wp\/v2\/posts"}],"about":[{"href":"https:\/\/wilsonsantosmt.com.br\/index.php\/wp-json\/wp\/v2\/types\/post"}],"author":[{"embeddable":true,"href":"https:\/\/wilsonsantosmt.com.br\/index.php\/wp-json\/wp\/v2\/users\/4"}],"replies":[{"embeddable":true,"href":"https:\/\/wilsonsantosmt.com.br\/index.php\/wp-json\/wp\/v2\/comments?post=1514"}],"version-history":[{"count":1,"href":"https:\/\/wilsonsantosmt.com.br\/index.php\/wp-json\/wp\/v2\/posts\/1514\/revisions"}],"predecessor-version":[{"id":1516,"href":"https:\/\/wilsonsantosmt.com.br\/index.php\/wp-json\/wp\/v2\/posts\/1514\/revisions\/1516"}],"wp:featuredmedia":[{"embeddable":true,"href":"https:\/\/wilsonsantosmt.com.br\/index.php\/wp-json\/wp\/v2\/media\/1515"}],"wp:attachment":[{"href":"https:\/\/wilsonsantosmt.com.br\/index.php\/wp-json\/wp\/v2\/media?parent=1514"}],"wp:term":[{"taxonomy":"category","embeddable":true,"href":"https:\/\/wilsonsantosmt.com.br\/index.php\/wp-json\/wp\/v2\/categories?post=1514"},{"taxonomy":"post_tag","embeddable":true,"href":"https:\/\/wilsonsantosmt.com.br\/index.php\/wp-json\/wp\/v2\/tags?post=1514"}],"curies":[{"name":"wp","href":"https:\/\/api.w.org\/{rel}","templated":true}]}}