{"id":1524,"date":"2025-05-12T10:13:31","date_gmt":"2025-05-12T14:13:31","guid":{"rendered":"https:\/\/wilsonsantosmt.com.br\/?p=1524"},"modified":"2025-05-14T10:14:20","modified_gmt":"2025-05-14T14:14:20","slug":"wilson-santos-reforca-compromisso-e-cobra-politicas-publicas-para-maes-atipicas-em-mt","status":"publish","type":"post","link":"https:\/\/wilsonsantosmt.com.br\/index.php\/2025\/05\/12\/wilson-santos-reforca-compromisso-e-cobra-politicas-publicas-para-maes-atipicas-em-mt\/","title":{"rendered":"Wilson Santos refor\u00e7a compromisso e cobra pol\u00edticas p\u00fablicas para m\u00e3es at\u00edpicas em MT"},"content":{"rendered":"\n<p><\/p>\n\n\n\n<p>Em alus\u00e3o ao Dia das M\u00e3es, comemorado neste domingo (11), o deputado estadual Wilson Santos (PSD) refor\u00e7ou o seu compromisso para a garantia e amplia\u00e7\u00e3o de pol\u00edticas p\u00fablicas voltadas \u00e0s m\u00e3es at\u00edpicas &#8211; mulheres que, al\u00e9m de desempenharem o papel de cuidadoras, enfrentam desafios cotidianos ao cuidar de filhos com defici\u00eancias, doen\u00e7as raras ou outras condi\u00e7\u00f5es que exigem aten\u00e7\u00e3o especial e acompanhamento cont\u00ednuo.<\/p>\n\n\n\n<p>Al\u00e9m de promover reuni\u00f5es, simp\u00f3sios e audi\u00eancias p\u00fablicas voltadas ao acolhimento e escuta ativa de fam\u00edlias, principalmente de m\u00e3es que lidam com diagn\u00f3sticos como Transtorno do Espectro Autista (TEA), Dislexia e outras condi\u00e7\u00f5es neurol\u00f3gicas, o parlamentar \u00e9 autor de importantes projetos de lei com a finalidade de assegurar direitos e reconhecimento \u00e0 maternidade at\u00edpica em Mato Grosso.<\/p>\n\n\n\n<p>\u201cQuando realizamos o I Simp\u00f3sio do Autismo, reunimos mais de mil pessoas. O autismo ainda \u00e9 um tema recente no debate p\u00fablico e exige muito das m\u00e3es, que est\u00e3o na linha de frente da luta por atendimento, inclus\u00e3o escolar e acompanhamento psicossocial adequado. Os encontros que j\u00e1 realizamos, deram voz e vez \u00e0s m\u00e3es at\u00edpicas que compartilharam as suas experi\u00eancias, dores, desafios e as dificuldades de garantir direitos b\u00e1sicos para seus filhos, como acesso \u00e0 educa\u00e7\u00e3o e sa\u00fade de qualidade\u201d, destacou o deputado que \u00e9 autor de 15 leis sancionadas voltadas ao p\u00fablico com TEA.<\/p>\n\n\n\n<p>Entre as propostas de autoria de Wilson Santos, na Assembleia Legislativa, est\u00e1 o Projeto de Lei n\u00ba 515\/2025, que estabelece diretrizes para a aloca\u00e7\u00e3o de professoras m\u00e3es at\u00edpicas na rede p\u00fablica de ensino. A mat\u00e9ria prev\u00ea flexibilidade na carga hor\u00e1ria, estabilidade funcional e prioridade para lota\u00e7\u00e3o das profissionais em unidades mais pr\u00f3ximas de sua resid\u00eancia, de modo a facilitar o cuidado cont\u00ednuo com os filhos.<\/p>\n\n\n\n<p>Outra iniciativa dele \u00e9 o Projeto de Lei n\u00ba 1.423\/2024, que institui a Pol\u00edtica Estadual de Apoio \u00e0s \u201cM\u00e3es P\u00e2ncreas\u201d, garantindo assist\u00eancia integral \u00e0s m\u00e3es e respons\u00e1veis por crian\u00e7as e adolescentes com diabetes mellitus tipo 1. J\u00e1 o Projeto de Lei n\u00ba 1.580\/2023 cria o Programa Estadual de Valoriza\u00e7\u00e3o \u00e0s M\u00e3es com Filhos Raros, voltado as fam\u00edlias afetadas por doen\u00e7as raras, que atingem at\u00e9 65 pessoas a cada 100 mil habitantes.<\/p>\n\n\n\n<p>Wilson Santos refor\u00e7a a import\u00e2ncia de fortalecer a rede de apoio \u00e0s m\u00e3es at\u00edpicas. \u201cCuidar de quem cuida precisa ser prioridade e precisamos fortalecer as pol\u00edticas p\u00fablicas para esse p\u00fablico. Essas m\u00e3es dedicam as suas vidas aos filhos e, muitas vezes, acabam n\u00e3o sendo vistas. \u00c9 preciso garantir condi\u00e7\u00f5es reais para que seus filhos tenham dignidade, apoio psicol\u00f3gico, acesso \u00e0 sa\u00fade e \u00e0 educa\u00e7\u00e3o especializada. Dar aten\u00e7\u00e3o \u00e0s m\u00e3es at\u00edpicas \u00e9 uma forma concreta de promover inclus\u00e3o e justi\u00e7a social. N\u00e3o podemos esquecer que a dor de um filho \u00e9 a dor de uma m\u00e3e. Ainda mais que quando elas sabem que os filhos est\u00e3o bem, j\u00e1 teremos a certeza que elas tamb\u00e9m estar\u00e3o\u201d, finalizou.<\/p>\n","protected":false},"excerpt":{"rendered":"<p>Em alus\u00e3o ao Dia das M\u00e3es, comemorado neste domingo (11), o deputado estadual Wilson Santos (PSD) refor\u00e7ou o seu compromisso para a garantia e amplia\u00e7\u00e3o de pol\u00edticas p\u00fablicas voltadas \u00e0s m\u00e3es at\u00edpicas &#8211; mulheres que, al\u00e9m de desempenharem o papel de cuidadoras, enfrentam desafios cotidianos ao cuidar de filhos com defici\u00eancias, doen\u00e7as raras ou outras [&hellip;]<\/p>\n","protected":false},"author":4,"featured_media":1525,"comment_status":"closed","ping_status":"open","sticky":false,"template":"","format":"standard","meta":{"footnotes":""},"categories":[13],"tags":[],"yoast_head":"<!-- This site is optimized with the Yoast SEO Premium plugin v21.5 (Yoast SEO v21.4) - https:\/\/yoast.com\/wordpress\/plugins\/seo\/ -->\n<title>Wilson Santos refor\u00e7a compromisso e cobra pol\u00edticas p\u00fablicas para m\u00e3es at\u00edpicas em MT - wilsonsantosmt.com.br<\/title>\n<meta name=\"robots\" content=\"index, follow, max-snippet:-1, max-image-preview:large, max-video-preview:-1\" \/>\n<link rel=\"canonical\" href=\"https:\/\/wilsonsantosmt.com.br\/index.php\/2025\/05\/12\/wilson-santos-reforca-compromisso-e-cobra-politicas-publicas-para-maes-atipicas-em-mt\/\" \/>\n<meta property=\"og:locale\" content=\"pt_BR\" \/>\n<meta property=\"og:type\" content=\"article\" \/>\n<meta property=\"og:title\" content=\"Wilson Santos refor\u00e7a compromisso e cobra pol\u00edticas p\u00fablicas para m\u00e3es at\u00edpicas em MT\" \/>\n<meta property=\"og:description\" content=\"Em alus\u00e3o ao Dia das M\u00e3es, comemorado neste domingo (11), o deputado estadual Wilson Santos (PSD) refor\u00e7ou o seu compromisso para a garantia e amplia\u00e7\u00e3o de pol\u00edticas p\u00fablicas voltadas \u00e0s m\u00e3es at\u00edpicas &#8211; mulheres que, al\u00e9m de desempenharem o papel de cuidadoras, enfrentam desafios cotidianos ao cuidar de filhos com defici\u00eancias, doen\u00e7as raras ou outras [&hellip;]\" \/>\n<meta property=\"og:url\" content=\"https:\/\/wilsonsantosmt.com.br\/index.php\/2025\/05\/12\/wilson-santos-reforca-compromisso-e-cobra-politicas-publicas-para-maes-atipicas-em-mt\/\" \/>\n<meta property=\"og:site_name\" content=\"wilsonsantosmt.com.br\" \/>\n<meta property=\"article:publisher\" content=\"https:\/\/www.facebook.com\/WilsonSantosMT\/\" \/>\n<meta property=\"article:published_time\" content=\"2025-05-12T14:13:31+00:00\" \/>\n<meta property=\"article:modified_time\" content=\"2025-05-14T14:14:20+00:00\" \/>\n<meta property=\"og:image\" content=\"http:\/\/wilsonsantosmt.com.br\/wp-content\/uploads\/2025\/05\/WhatsApp-Image-2025-05-09-at-15.45.07.jpeg\" \/>\n\t<meta property=\"og:image:width\" content=\"1600\" \/>\n\t<meta property=\"og:image:height\" content=\"1066\" \/>\n\t<meta property=\"og:image:type\" content=\"image\/jpeg\" \/>\n<meta name=\"author\" content=\"Samantha dos Anjos\" \/>\n<meta name=\"twitter:card\" content=\"summary_large_image\" \/>\n<meta name=\"twitter:label1\" content=\"Escrito por\" \/>\n\t<meta name=\"twitter:data1\" content=\"Samantha dos Anjos\" \/>\n\t<meta name=\"twitter:label2\" content=\"Est. tempo de leitura\" \/>\n\t<meta name=\"twitter:data2\" content=\"3 minutos\" \/>\n<script type=\"application\/ld+json\" class=\"yoast-schema-graph\">{\"@context\":\"https:\/\/schema.org\",\"@graph\":[{\"@type\":\"Article\",\"@id\":\"https:\/\/wilsonsantosmt.com.br\/index.php\/2025\/05\/12\/wilson-santos-reforca-compromisso-e-cobra-politicas-publicas-para-maes-atipicas-em-mt\/#article\",\"isPartOf\":{\"@id\":\"https:\/\/wilsonsantosmt.com.br\/index.php\/2025\/05\/12\/wilson-santos-reforca-compromisso-e-cobra-politicas-publicas-para-maes-atipicas-em-mt\/\"},\"author\":{\"name\":\"Samantha dos Anjos\",\"@id\":\"https:\/\/wilsonsantosmt.com.br\/#\/schema\/person\/1d097ee45f526dd0455dbad8c679932c\"},\"headline\":\"Wilson Santos refor\u00e7a compromisso e cobra pol\u00edticas p\u00fablicas para m\u00e3es at\u00edpicas em MT\",\"datePublished\":\"2025-05-12T14:13:31+00:00\",\"dateModified\":\"2025-05-14T14:14:20+00:00\",\"mainEntityOfPage\":{\"@id\":\"https:\/\/wilsonsantosmt.com.br\/index.php\/2025\/05\/12\/wilson-santos-reforca-compromisso-e-cobra-politicas-publicas-para-maes-atipicas-em-mt\/\"},\"wordCount\":546,\"publisher\":{\"@id\":\"https:\/\/wilsonsantosmt.com.br\/#\/schema\/person\/9de3c54961637a9eadb16bcbf895b1ef\"},\"articleSection\":[\"Not\u00edcias\"],\"inLanguage\":\"pt-BR\"},{\"@type\":\"WebPage\",\"@id\":\"https:\/\/wilsonsantosmt.com.br\/index.php\/2025\/05\/12\/wilson-santos-reforca-compromisso-e-cobra-politicas-publicas-para-maes-atipicas-em-mt\/\",\"url\":\"https:\/\/wilsonsantosmt.com.br\/index.php\/2025\/05\/12\/wilson-santos-reforca-compromisso-e-cobra-politicas-publicas-para-maes-atipicas-em-mt\/\",\"name\":\"Wilson Santos refor\u00e7a compromisso e cobra pol\u00edticas p\u00fablicas para m\u00e3es at\u00edpicas em MT - wilsonsantosmt.com.br\",\"isPartOf\":{\"@id\":\"https:\/\/wilsonsantosmt.com.br\/#website\"},\"datePublished\":\"2025-05-12T14:13:31+00:00\",\"dateModified\":\"2025-05-14T14:14:20+00:00\",\"breadcrumb\":{\"@id\":\"https:\/\/wilsonsantosmt.com.br\/index.php\/2025\/05\/12\/wilson-santos-reforca-compromisso-e-cobra-politicas-publicas-para-maes-atipicas-em-mt\/#breadcrumb\"},\"inLanguage\":\"pt-BR\",\"potentialAction\":[{\"@type\":\"ReadAction\",\"target\":[\"https:\/\/wilsonsantosmt.com.br\/index.php\/2025\/05\/12\/wilson-santos-reforca-compromisso-e-cobra-politicas-publicas-para-maes-atipicas-em-mt\/\"]}]},{\"@type\":\"BreadcrumbList\",\"@id\":\"https:\/\/wilsonsantosmt.com.br\/index.php\/2025\/05\/12\/wilson-santos-reforca-compromisso-e-cobra-politicas-publicas-para-maes-atipicas-em-mt\/#breadcrumb\",\"itemListElement\":[{\"@type\":\"ListItem\",\"position\":1,\"name\":\"In\u00edcio\",\"item\":\"https:\/\/wilsonsantosmt.com.br\/\"},{\"@type\":\"ListItem\",\"position\":2,\"name\":\"Not\u00edcias\",\"item\":\"https:\/\/wilsonsantosmt.com.br\/index.php\/category\/noticias\/\"},{\"@type\":\"ListItem\",\"position\":3,\"name\":\"Wilson Santos refor\u00e7a compromisso e cobra pol\u00edticas p\u00fablicas para m\u00e3es at\u00edpicas em MT\"}]},{\"@type\":\"WebSite\",\"@id\":\"https:\/\/wilsonsantosmt.com.br\/#website\",\"url\":\"https:\/\/wilsonsantosmt.com.br\/\",\"name\":\"wilsonsantosmt.com.br\",\"description\":\"\",\"publisher\":{\"@id\":\"https:\/\/wilsonsantosmt.com.br\/#\/schema\/person\/9de3c54961637a9eadb16bcbf895b1ef\"},\"potentialAction\":[{\"@type\":\"SearchAction\",\"target\":{\"@type\":\"EntryPoint\",\"urlTemplate\":\"https:\/\/wilsonsantosmt.com.br\/?s={search_term_string}\"},\"query-input\":\"required name=search_term_string\"}],\"inLanguage\":\"pt-BR\"},{\"@type\":[\"Person\",\"Organization\"],\"@id\":\"https:\/\/wilsonsantosmt.com.br\/#\/schema\/person\/9de3c54961637a9eadb16bcbf895b1ef\",\"name\":\"Wilson Santos\",\"image\":{\"@type\":\"ImageObject\",\"inLanguage\":\"pt-BR\",\"@id\":\"https:\/\/wilsonsantosmt.com.br\/#\/schema\/person\/image\/\",\"url\":\"https:\/\/wilsonsantosmt.com.br\/wp-content\/uploads\/2023\/11\/310828673_653254583023360_8795459643194608438_n.jpg\",\"contentUrl\":\"https:\/\/wilsonsantosmt.com.br\/wp-content\/uploads\/2023\/11\/310828673_653254583023360_8795459643194608438_n.jpg\",\"width\":1078,\"height\":1079,\"caption\":\"Wilson Santos\"},\"logo\":{\"@id\":\"https:\/\/wilsonsantosmt.com.br\/#\/schema\/person\/image\/\"},\"sameAs\":[\"http:\/\/wilsonsantosmt.com.br\",\"https:\/\/www.facebook.com\/WilsonSantosMT\/\",\"https:\/\/www.instagram.com\/wilsonsantosmt\/\",\"https:\/\/www.youtube.com\/@WilsonSantosWS\/videos\",\"https:\/\/pt.wikipedia.org\/wiki\/Wilson_Santos\"],\"honorificPrefix\":\"Sr\",\"gender\":\"masculino\",\"jobTitle\":\"Deputado Estadual\",\"worksFor\":\"Assembleia Legislativa de Mato Grosso\"},{\"@type\":\"Person\",\"@id\":\"https:\/\/wilsonsantosmt.com.br\/#\/schema\/person\/1d097ee45f526dd0455dbad8c679932c\",\"name\":\"Samantha dos Anjos\",\"image\":{\"@type\":\"ImageObject\",\"inLanguage\":\"pt-BR\",\"@id\":\"https:\/\/wilsonsantosmt.com.br\/#\/schema\/person\/image\/\",\"url\":\"https:\/\/secure.gravatar.com\/avatar\/7d8d0b6dd67d134a9fa841bee90c57c7?s=96&d=mm&r=g\",\"contentUrl\":\"https:\/\/secure.gravatar.com\/avatar\/7d8d0b6dd67d134a9fa841bee90c57c7?s=96&d=mm&r=g\",\"caption\":\"Samantha dos Anjos\"},\"url\":\"https:\/\/wilsonsantosmt.com.br\/index.php\/author\/samantha-dos-anjos\/\"}]}<\/script>\n<!-- \/ Yoast SEO Premium plugin. -->","yoast_head_json":{"title":"Wilson Santos refor\u00e7a compromisso e cobra pol\u00edticas p\u00fablicas para m\u00e3es at\u00edpicas em MT - wilsonsantosmt.com.br","robots":{"index":"index","follow":"follow","max-snippet":"max-snippet:-1","max-image-preview":"max-image-preview:large","max-video-preview":"max-video-preview:-1"},"canonical":"https:\/\/wilsonsantosmt.com.br\/index.php\/2025\/05\/12\/wilson-santos-reforca-compromisso-e-cobra-politicas-publicas-para-maes-atipicas-em-mt\/","og_locale":"pt_BR","og_type":"article","og_title":"Wilson Santos refor\u00e7a compromisso e cobra pol\u00edticas p\u00fablicas para m\u00e3es at\u00edpicas em MT","og_description":"Em alus\u00e3o ao Dia das M\u00e3es, comemorado neste domingo (11), o deputado estadual Wilson Santos (PSD) refor\u00e7ou o seu compromisso para a garantia e amplia\u00e7\u00e3o de pol\u00edticas p\u00fablicas voltadas \u00e0s m\u00e3es at\u00edpicas &#8211; mulheres que, al\u00e9m de desempenharem o papel de cuidadoras, enfrentam desafios cotidianos ao cuidar de filhos com defici\u00eancias, doen\u00e7as raras ou outras [&hellip;]","og_url":"https:\/\/wilsonsantosmt.com.br\/index.php\/2025\/05\/12\/wilson-santos-reforca-compromisso-e-cobra-politicas-publicas-para-maes-atipicas-em-mt\/","og_site_name":"wilsonsantosmt.com.br","article_publisher":"https:\/\/www.facebook.com\/WilsonSantosMT\/","article_published_time":"2025-05-12T14:13:31+00:00","article_modified_time":"2025-05-14T14:14:20+00:00","og_image":[{"width":1600,"height":1066,"url":"http:\/\/wilsonsantosmt.com.br\/wp-content\/uploads\/2025\/05\/WhatsApp-Image-2025-05-09-at-15.45.07.jpeg","type":"image\/jpeg"}],"author":"Samantha dos Anjos","twitter_card":"summary_large_image","twitter_misc":{"Escrito por":"Samantha dos Anjos","Est. tempo de leitura":"3 minutos"},"schema":{"@context":"https:\/\/schema.org","@graph":[{"@type":"Article","@id":"https:\/\/wilsonsantosmt.com.br\/index.php\/2025\/05\/12\/wilson-santos-reforca-compromisso-e-cobra-politicas-publicas-para-maes-atipicas-em-mt\/#article","isPartOf":{"@id":"https:\/\/wilsonsantosmt.com.br\/index.php\/2025\/05\/12\/wilson-santos-reforca-compromisso-e-cobra-politicas-publicas-para-maes-atipicas-em-mt\/"},"author":{"name":"Samantha dos Anjos","@id":"https:\/\/wilsonsantosmt.com.br\/#\/schema\/person\/1d097ee45f526dd0455dbad8c679932c"},"headline":"Wilson Santos refor\u00e7a compromisso e cobra pol\u00edticas p\u00fablicas para m\u00e3es at\u00edpicas em MT","datePublished":"2025-05-12T14:13:31+00:00","dateModified":"2025-05-14T14:14:20+00:00","mainEntityOfPage":{"@id":"https:\/\/wilsonsantosmt.com.br\/index.php\/2025\/05\/12\/wilson-santos-reforca-compromisso-e-cobra-politicas-publicas-para-maes-atipicas-em-mt\/"},"wordCount":546,"publisher":{"@id":"https:\/\/wilsonsantosmt.com.br\/#\/schema\/person\/9de3c54961637a9eadb16bcbf895b1ef"},"articleSection":["Not\u00edcias"],"inLanguage":"pt-BR"},{"@type":"WebPage","@id":"https:\/\/wilsonsantosmt.com.br\/index.php\/2025\/05\/12\/wilson-santos-reforca-compromisso-e-cobra-politicas-publicas-para-maes-atipicas-em-mt\/","url":"https:\/\/wilsonsantosmt.com.br\/index.php\/2025\/05\/12\/wilson-santos-reforca-compromisso-e-cobra-politicas-publicas-para-maes-atipicas-em-mt\/","name":"Wilson Santos refor\u00e7a compromisso e cobra pol\u00edticas p\u00fablicas para m\u00e3es at\u00edpicas em MT - wilsonsantosmt.com.br","isPartOf":{"@id":"https:\/\/wilsonsantosmt.com.br\/#website"},"datePublished":"2025-05-12T14:13:31+00:00","dateModified":"2025-05-14T14:14:20+00:00","breadcrumb":{"@id":"https:\/\/wilsonsantosmt.com.br\/index.php\/2025\/05\/12\/wilson-santos-reforca-compromisso-e-cobra-politicas-publicas-para-maes-atipicas-em-mt\/#breadcrumb"},"inLanguage":"pt-BR","potentialAction":[{"@type":"ReadAction","target":["https:\/\/wilsonsantosmt.com.br\/index.php\/2025\/05\/12\/wilson-santos-reforca-compromisso-e-cobra-politicas-publicas-para-maes-atipicas-em-mt\/"]}]},{"@type":"BreadcrumbList","@id":"https:\/\/wilsonsantosmt.com.br\/index.php\/2025\/05\/12\/wilson-santos-reforca-compromisso-e-cobra-politicas-publicas-para-maes-atipicas-em-mt\/#breadcrumb","itemListElement":[{"@type":"ListItem","position":1,"name":"In\u00edcio","item":"https:\/\/wilsonsantosmt.com.br\/"},{"@type":"ListItem","position":2,"name":"Not\u00edcias","item":"https:\/\/wilsonsantosmt.com.br\/index.php\/category\/noticias\/"},{"@type":"ListItem","position":3,"name":"Wilson Santos refor\u00e7a compromisso e cobra pol\u00edticas p\u00fablicas para m\u00e3es at\u00edpicas em MT"}]},{"@type":"WebSite","@id":"https:\/\/wilsonsantosmt.com.br\/#website","url":"https:\/\/wilsonsantosmt.com.br\/","name":"wilsonsantosmt.com.br","description":"","publisher":{"@id":"https:\/\/wilsonsantosmt.com.br\/#\/schema\/person\/9de3c54961637a9eadb16bcbf895b1ef"},"potentialAction":[{"@type":"SearchAction","target":{"@type":"EntryPoint","urlTemplate":"https:\/\/wilsonsantosmt.com.br\/?s={search_term_string}"},"query-input":"required name=search_term_string"}],"inLanguage":"pt-BR"},{"@type":["Person","Organization"],"@id":"https:\/\/wilsonsantosmt.com.br\/#\/schema\/person\/9de3c54961637a9eadb16bcbf895b1ef","name":"Wilson Santos","image":{"@type":"ImageObject","inLanguage":"pt-BR","@id":"https:\/\/wilsonsantosmt.com.br\/#\/schema\/person\/image\/","url":"https:\/\/wilsonsantosmt.com.br\/wp-content\/uploads\/2023\/11\/310828673_653254583023360_8795459643194608438_n.jpg","contentUrl":"https:\/\/wilsonsantosmt.com.br\/wp-content\/uploads\/2023\/11\/310828673_653254583023360_8795459643194608438_n.jpg","width":1078,"height":1079,"caption":"Wilson Santos"},"logo":{"@id":"https:\/\/wilsonsantosmt.com.br\/#\/schema\/person\/image\/"},"sameAs":["http:\/\/wilsonsantosmt.com.br","https:\/\/www.facebook.com\/WilsonSantosMT\/","https:\/\/www.instagram.com\/wilsonsantosmt\/","https:\/\/www.youtube.com\/@WilsonSantosWS\/videos","https:\/\/pt.wikipedia.org\/wiki\/Wilson_Santos"],"honorificPrefix":"Sr","gender":"masculino","jobTitle":"Deputado Estadual","worksFor":"Assembleia Legislativa de Mato Grosso"},{"@type":"Person","@id":"https:\/\/wilsonsantosmt.com.br\/#\/schema\/person\/1d097ee45f526dd0455dbad8c679932c","name":"Samantha dos Anjos","image":{"@type":"ImageObject","inLanguage":"pt-BR","@id":"https:\/\/wilsonsantosmt.com.br\/#\/schema\/person\/image\/","url":"https:\/\/secure.gravatar.com\/avatar\/7d8d0b6dd67d134a9fa841bee90c57c7?s=96&d=mm&r=g","contentUrl":"https:\/\/secure.gravatar.com\/avatar\/7d8d0b6dd67d134a9fa841bee90c57c7?s=96&d=mm&r=g","caption":"Samantha dos Anjos"},"url":"https:\/\/wilsonsantosmt.com.br\/index.php\/author\/samantha-dos-anjos\/"}]}},"_links":{"self":[{"href":"https:\/\/wilsonsantosmt.com.br\/index.php\/wp-json\/wp\/v2\/posts\/1524"}],"collection":[{"href":"https:\/\/wilsonsantosmt.com.br\/index.php\/wp-json\/wp\/v2\/posts"}],"about":[{"href":"https:\/\/wilsonsantosmt.com.br\/index.php\/wp-json\/wp\/v2\/types\/post"}],"author":[{"embeddable":true,"href":"https:\/\/wilsonsantosmt.com.br\/index.php\/wp-json\/wp\/v2\/users\/4"}],"replies":[{"embeddable":true,"href":"https:\/\/wilsonsantosmt.com.br\/index.php\/wp-json\/wp\/v2\/comments?post=1524"}],"version-history":[{"count":1,"href":"https:\/\/wilsonsantosmt.com.br\/index.php\/wp-json\/wp\/v2\/posts\/1524\/revisions"}],"predecessor-version":[{"id":1526,"href":"https:\/\/wilsonsantosmt.com.br\/index.php\/wp-json\/wp\/v2\/posts\/1524\/revisions\/1526"}],"wp:featuredmedia":[{"embeddable":true,"href":"https:\/\/wilsonsantosmt.com.br\/index.php\/wp-json\/wp\/v2\/media\/1525"}],"wp:attachment":[{"href":"https:\/\/wilsonsantosmt.com.br\/index.php\/wp-json\/wp\/v2\/media?parent=1524"}],"wp:term":[{"taxonomy":"category","embeddable":true,"href":"https:\/\/wilsonsantosmt.com.br\/index.php\/wp-json\/wp\/v2\/categories?post=1524"},{"taxonomy":"post_tag","embeddable":true,"href":"https:\/\/wilsonsantosmt.com.br\/index.php\/wp-json\/wp\/v2\/tags?post=1524"}],"curies":[{"name":"wp","href":"https:\/\/api.w.org\/{rel}","templated":true}]}}