{"id":1527,"date":"2025-05-11T10:14:27","date_gmt":"2025-05-11T14:14:27","guid":{"rendered":"https:\/\/wilsonsantosmt.com.br\/?p=1527"},"modified":"2025-05-14T10:15:19","modified_gmt":"2025-05-14T14:15:19","slug":"moradores-do-terra-prometida-recebem-a-2a-edicao-do-mutirao-de-cidadania-social-neste-sabado-10","status":"publish","type":"post","link":"https:\/\/wilsonsantosmt.com.br\/index.php\/2025\/05\/11\/moradores-do-terra-prometida-recebem-a-2a-edicao-do-mutirao-de-cidadania-social-neste-sabado-10\/","title":{"rendered":"Moradores do Terra Prometida recebem a 2\u00aa edi\u00e7\u00e3o do Mutir\u00e3o de Cidadania Social neste s\u00e1bado (10)"},"content":{"rendered":"\n<p><\/p>\n\n\n\n<p>Os moradores do bairro Terra Prometida e regi\u00e3o, em Cuiab\u00e1, poder\u00e3o ter acesso a diversos servi\u00e7os gratuitos durante a 2\u00aa edi\u00e7\u00e3o do Mutir\u00e3o de Cidadania Social. O evento ser\u00e1 realizado neste s\u00e1bado (10), das 7h \u00e0s 12h, no Campo de Futebol do bairro, pr\u00f3ximo \u00e0 Avenida Jayme Campos. A a\u00e7\u00e3o \u00e9 promovida pelo deputado estadual Wilson Santos (PSD), em parceria com entidades p\u00fablicas e privadas e a Assembleia Legislativa de Mato Grosso (ALMT) que disponibilizar\u00e1 toda a infraestrutura necess\u00e1ria.<\/p>\n\n\n\n<p>\u201cA primeira edi\u00e7\u00e3o foi um sucesso e nos mostrou o quanto a popula\u00e7\u00e3o precisa desse tipo de a\u00e7\u00e3o. Por isso, a nossa proposta \u00e9 ampliar o projeto para outros bairros de Cuiab\u00e1, durante todos os meses deste ano. Nossa expectativa \u00e9 garantir servi\u00e7os essenciais e de qualidade para a nossa gente, levando cidadania, sa\u00fade e dignidade para as comunidades que mais precisam\u201d, posicionou Wilson Santos.<\/p>\n\n\n\n<p>A popula\u00e7\u00e3o ter\u00e1 \u00e0 disposi\u00e7\u00e3o servi\u00e7os como aferi\u00e7\u00e3o de press\u00e3o arterial e glicemia, exames oftalmol\u00f3gicos, vacina\u00e7\u00e3o antirr\u00e1bica em c\u00e3es e gatos, corte de cabelo, atendimento odontol\u00f3gico, doa\u00e7\u00e3o de mudas de \u00e1rvores, orienta\u00e7\u00f5es sobre sa\u00fade mental, entre outros. Tamb\u00e9m ser\u00e1 oferecida a Oficina de Mosaico, onde os participantes aprender\u00e3o a criar pe\u00e7as decorativas com materiais como cer\u00e2mica, vidro, azulejo e pedra.<\/p>\n\n\n\n<p>Servi\u00e7o:<br>Evento: 2\u00aa edi\u00e7\u00e3o do Mutir\u00e3o de Cidadania Social<br>Data e hor\u00e1rio: 10 de abril, das 7h \u00e0s 12h<br>Local: Campo de Futebol do bairro Terra Prometida, pr\u00f3ximo \u00e0 Avenida Jayme Campos.<\/p>\n","protected":false},"excerpt":{"rendered":"<p>Os moradores do bairro Terra Prometida e regi\u00e3o, em Cuiab\u00e1, poder\u00e3o ter acesso a diversos servi\u00e7os gratuitos durante a 2\u00aa edi\u00e7\u00e3o do Mutir\u00e3o de Cidadania Social. O evento ser\u00e1 realizado neste s\u00e1bado (10), das 7h \u00e0s 12h, no Campo de Futebol do bairro, pr\u00f3ximo \u00e0 Avenida Jayme Campos. A a\u00e7\u00e3o \u00e9 promovida pelo deputado estadual [&hellip;]<\/p>\n","protected":false},"author":4,"featured_media":1528,"comment_status":"closed","ping_status":"open","sticky":false,"template":"","format":"standard","meta":{"footnotes":""},"categories":[13],"tags":[],"yoast_head":"<!-- This site is optimized with the Yoast SEO Premium plugin v21.5 (Yoast SEO v21.4) - https:\/\/yoast.com\/wordpress\/plugins\/seo\/ -->\n<title>Moradores do Terra Prometida recebem a 2\u00aa edi\u00e7\u00e3o do Mutir\u00e3o de Cidadania Social neste s\u00e1bado (10) - wilsonsantosmt.com.br<\/title>\n<meta name=\"robots\" content=\"index, follow, max-snippet:-1, max-image-preview:large, max-video-preview:-1\" \/>\n<link rel=\"canonical\" href=\"https:\/\/wilsonsantosmt.com.br\/index.php\/2025\/05\/11\/moradores-do-terra-prometida-recebem-a-2a-edicao-do-mutirao-de-cidadania-social-neste-sabado-10\/\" \/>\n<meta property=\"og:locale\" content=\"pt_BR\" \/>\n<meta property=\"og:type\" content=\"article\" \/>\n<meta property=\"og:title\" content=\"Moradores do Terra Prometida recebem a 2\u00aa edi\u00e7\u00e3o do Mutir\u00e3o de Cidadania Social neste s\u00e1bado (10)\" \/>\n<meta property=\"og:description\" content=\"Os moradores do bairro Terra Prometida e regi\u00e3o, em Cuiab\u00e1, poder\u00e3o ter acesso a diversos servi\u00e7os gratuitos durante a 2\u00aa edi\u00e7\u00e3o do Mutir\u00e3o de Cidadania Social. O evento ser\u00e1 realizado neste s\u00e1bado (10), das 7h \u00e0s 12h, no Campo de Futebol do bairro, pr\u00f3ximo \u00e0 Avenida Jayme Campos. A a\u00e7\u00e3o \u00e9 promovida pelo deputado estadual [&hellip;]\" \/>\n<meta property=\"og:url\" content=\"https:\/\/wilsonsantosmt.com.br\/index.php\/2025\/05\/11\/moradores-do-terra-prometida-recebem-a-2a-edicao-do-mutirao-de-cidadania-social-neste-sabado-10\/\" \/>\n<meta property=\"og:site_name\" content=\"wilsonsantosmt.com.br\" \/>\n<meta property=\"article:publisher\" content=\"https:\/\/www.facebook.com\/WilsonSantosMT\/\" \/>\n<meta property=\"article:published_time\" content=\"2025-05-11T14:14:27+00:00\" \/>\n<meta property=\"article:modified_time\" content=\"2025-05-14T14:15:19+00:00\" \/>\n<meta property=\"og:image\" content=\"http:\/\/wilsonsantosmt.com.br\/wp-content\/uploads\/2025\/05\/WhatsApp-Image-2025-05-09-at-10.10.30.jpeg\" \/>\n\t<meta property=\"og:image:width\" content=\"1600\" \/>\n\t<meta property=\"og:image:height\" content=\"1066\" \/>\n\t<meta property=\"og:image:type\" content=\"image\/jpeg\" \/>\n<meta name=\"author\" content=\"Samantha dos Anjos\" \/>\n<meta name=\"twitter:card\" content=\"summary_large_image\" \/>\n<meta name=\"twitter:label1\" content=\"Escrito por\" \/>\n\t<meta name=\"twitter:data1\" content=\"Samantha dos Anjos\" \/>\n\t<meta name=\"twitter:label2\" content=\"Est. tempo de leitura\" \/>\n\t<meta name=\"twitter:data2\" content=\"2 minutos\" \/>\n<script type=\"application\/ld+json\" class=\"yoast-schema-graph\">{\"@context\":\"https:\/\/schema.org\",\"@graph\":[{\"@type\":\"Article\",\"@id\":\"https:\/\/wilsonsantosmt.com.br\/index.php\/2025\/05\/11\/moradores-do-terra-prometida-recebem-a-2a-edicao-do-mutirao-de-cidadania-social-neste-sabado-10\/#article\",\"isPartOf\":{\"@id\":\"https:\/\/wilsonsantosmt.com.br\/index.php\/2025\/05\/11\/moradores-do-terra-prometida-recebem-a-2a-edicao-do-mutirao-de-cidadania-social-neste-sabado-10\/\"},\"author\":{\"name\":\"Samantha dos Anjos\",\"@id\":\"https:\/\/wilsonsantosmt.com.br\/#\/schema\/person\/1d097ee45f526dd0455dbad8c679932c\"},\"headline\":\"Moradores do Terra Prometida recebem a 2\u00aa edi\u00e7\u00e3o do Mutir\u00e3o de Cidadania Social neste s\u00e1bado (10)\",\"datePublished\":\"2025-05-11T14:14:27+00:00\",\"dateModified\":\"2025-05-14T14:15:19+00:00\",\"mainEntityOfPage\":{\"@id\":\"https:\/\/wilsonsantosmt.com.br\/index.php\/2025\/05\/11\/moradores-do-terra-prometida-recebem-a-2a-edicao-do-mutirao-de-cidadania-social-neste-sabado-10\/\"},\"wordCount\":278,\"publisher\":{\"@id\":\"https:\/\/wilsonsantosmt.com.br\/#\/schema\/person\/9de3c54961637a9eadb16bcbf895b1ef\"},\"articleSection\":[\"Not\u00edcias\"],\"inLanguage\":\"pt-BR\"},{\"@type\":\"WebPage\",\"@id\":\"https:\/\/wilsonsantosmt.com.br\/index.php\/2025\/05\/11\/moradores-do-terra-prometida-recebem-a-2a-edicao-do-mutirao-de-cidadania-social-neste-sabado-10\/\",\"url\":\"https:\/\/wilsonsantosmt.com.br\/index.php\/2025\/05\/11\/moradores-do-terra-prometida-recebem-a-2a-edicao-do-mutirao-de-cidadania-social-neste-sabado-10\/\",\"name\":\"Moradores do Terra Prometida recebem a 2\u00aa edi\u00e7\u00e3o do Mutir\u00e3o de Cidadania Social neste s\u00e1bado (10) - wilsonsantosmt.com.br\",\"isPartOf\":{\"@id\":\"https:\/\/wilsonsantosmt.com.br\/#website\"},\"datePublished\":\"2025-05-11T14:14:27+00:00\",\"dateModified\":\"2025-05-14T14:15:19+00:00\",\"breadcrumb\":{\"@id\":\"https:\/\/wilsonsantosmt.com.br\/index.php\/2025\/05\/11\/moradores-do-terra-prometida-recebem-a-2a-edicao-do-mutirao-de-cidadania-social-neste-sabado-10\/#breadcrumb\"},\"inLanguage\":\"pt-BR\",\"potentialAction\":[{\"@type\":\"ReadAction\",\"target\":[\"https:\/\/wilsonsantosmt.com.br\/index.php\/2025\/05\/11\/moradores-do-terra-prometida-recebem-a-2a-edicao-do-mutirao-de-cidadania-social-neste-sabado-10\/\"]}]},{\"@type\":\"BreadcrumbList\",\"@id\":\"https:\/\/wilsonsantosmt.com.br\/index.php\/2025\/05\/11\/moradores-do-terra-prometida-recebem-a-2a-edicao-do-mutirao-de-cidadania-social-neste-sabado-10\/#breadcrumb\",\"itemListElement\":[{\"@type\":\"ListItem\",\"position\":1,\"name\":\"In\u00edcio\",\"item\":\"https:\/\/wilsonsantosmt.com.br\/\"},{\"@type\":\"ListItem\",\"position\":2,\"name\":\"Not\u00edcias\",\"item\":\"https:\/\/wilsonsantosmt.com.br\/index.php\/category\/noticias\/\"},{\"@type\":\"ListItem\",\"position\":3,\"name\":\"Moradores do Terra Prometida recebem a 2\u00aa edi\u00e7\u00e3o do Mutir\u00e3o de Cidadania Social neste s\u00e1bado (10)\"}]},{\"@type\":\"WebSite\",\"@id\":\"https:\/\/wilsonsantosmt.com.br\/#website\",\"url\":\"https:\/\/wilsonsantosmt.com.br\/\",\"name\":\"wilsonsantosmt.com.br\",\"description\":\"\",\"publisher\":{\"@id\":\"https:\/\/wilsonsantosmt.com.br\/#\/schema\/person\/9de3c54961637a9eadb16bcbf895b1ef\"},\"potentialAction\":[{\"@type\":\"SearchAction\",\"target\":{\"@type\":\"EntryPoint\",\"urlTemplate\":\"https:\/\/wilsonsantosmt.com.br\/?s={search_term_string}\"},\"query-input\":\"required name=search_term_string\"}],\"inLanguage\":\"pt-BR\"},{\"@type\":[\"Person\",\"Organization\"],\"@id\":\"https:\/\/wilsonsantosmt.com.br\/#\/schema\/person\/9de3c54961637a9eadb16bcbf895b1ef\",\"name\":\"Wilson Santos\",\"image\":{\"@type\":\"ImageObject\",\"inLanguage\":\"pt-BR\",\"@id\":\"https:\/\/wilsonsantosmt.com.br\/#\/schema\/person\/image\/\",\"url\":\"https:\/\/wilsonsantosmt.com.br\/wp-content\/uploads\/2023\/11\/310828673_653254583023360_8795459643194608438_n.jpg\",\"contentUrl\":\"https:\/\/wilsonsantosmt.com.br\/wp-content\/uploads\/2023\/11\/310828673_653254583023360_8795459643194608438_n.jpg\",\"width\":1078,\"height\":1079,\"caption\":\"Wilson Santos\"},\"logo\":{\"@id\":\"https:\/\/wilsonsantosmt.com.br\/#\/schema\/person\/image\/\"},\"sameAs\":[\"http:\/\/wilsonsantosmt.com.br\",\"https:\/\/www.facebook.com\/WilsonSantosMT\/\",\"https:\/\/www.instagram.com\/wilsonsantosmt\/\",\"https:\/\/www.youtube.com\/@WilsonSantosWS\/videos\",\"https:\/\/pt.wikipedia.org\/wiki\/Wilson_Santos\"],\"honorificPrefix\":\"Sr\",\"gender\":\"masculino\",\"jobTitle\":\"Deputado Estadual\",\"worksFor\":\"Assembleia Legislativa de Mato Grosso\"},{\"@type\":\"Person\",\"@id\":\"https:\/\/wilsonsantosmt.com.br\/#\/schema\/person\/1d097ee45f526dd0455dbad8c679932c\",\"name\":\"Samantha dos Anjos\",\"image\":{\"@type\":\"ImageObject\",\"inLanguage\":\"pt-BR\",\"@id\":\"https:\/\/wilsonsantosmt.com.br\/#\/schema\/person\/image\/\",\"url\":\"https:\/\/secure.gravatar.com\/avatar\/7d8d0b6dd67d134a9fa841bee90c57c7?s=96&d=mm&r=g\",\"contentUrl\":\"https:\/\/secure.gravatar.com\/avatar\/7d8d0b6dd67d134a9fa841bee90c57c7?s=96&d=mm&r=g\",\"caption\":\"Samantha dos Anjos\"},\"url\":\"https:\/\/wilsonsantosmt.com.br\/index.php\/author\/samantha-dos-anjos\/\"}]}<\/script>\n<!-- \/ Yoast SEO Premium plugin. -->","yoast_head_json":{"title":"Moradores do Terra Prometida recebem a 2\u00aa edi\u00e7\u00e3o do Mutir\u00e3o de Cidadania Social neste s\u00e1bado (10) - wilsonsantosmt.com.br","robots":{"index":"index","follow":"follow","max-snippet":"max-snippet:-1","max-image-preview":"max-image-preview:large","max-video-preview":"max-video-preview:-1"},"canonical":"https:\/\/wilsonsantosmt.com.br\/index.php\/2025\/05\/11\/moradores-do-terra-prometida-recebem-a-2a-edicao-do-mutirao-de-cidadania-social-neste-sabado-10\/","og_locale":"pt_BR","og_type":"article","og_title":"Moradores do Terra Prometida recebem a 2\u00aa edi\u00e7\u00e3o do Mutir\u00e3o de Cidadania Social neste s\u00e1bado (10)","og_description":"Os moradores do bairro Terra Prometida e regi\u00e3o, em Cuiab\u00e1, poder\u00e3o ter acesso a diversos servi\u00e7os gratuitos durante a 2\u00aa edi\u00e7\u00e3o do Mutir\u00e3o de Cidadania Social. O evento ser\u00e1 realizado neste s\u00e1bado (10), das 7h \u00e0s 12h, no Campo de Futebol do bairro, pr\u00f3ximo \u00e0 Avenida Jayme Campos. A a\u00e7\u00e3o \u00e9 promovida pelo deputado estadual [&hellip;]","og_url":"https:\/\/wilsonsantosmt.com.br\/index.php\/2025\/05\/11\/moradores-do-terra-prometida-recebem-a-2a-edicao-do-mutirao-de-cidadania-social-neste-sabado-10\/","og_site_name":"wilsonsantosmt.com.br","article_publisher":"https:\/\/www.facebook.com\/WilsonSantosMT\/","article_published_time":"2025-05-11T14:14:27+00:00","article_modified_time":"2025-05-14T14:15:19+00:00","og_image":[{"width":1600,"height":1066,"url":"http:\/\/wilsonsantosmt.com.br\/wp-content\/uploads\/2025\/05\/WhatsApp-Image-2025-05-09-at-10.10.30.jpeg","type":"image\/jpeg"}],"author":"Samantha dos Anjos","twitter_card":"summary_large_image","twitter_misc":{"Escrito por":"Samantha dos Anjos","Est. tempo de leitura":"2 minutos"},"schema":{"@context":"https:\/\/schema.org","@graph":[{"@type":"Article","@id":"https:\/\/wilsonsantosmt.com.br\/index.php\/2025\/05\/11\/moradores-do-terra-prometida-recebem-a-2a-edicao-do-mutirao-de-cidadania-social-neste-sabado-10\/#article","isPartOf":{"@id":"https:\/\/wilsonsantosmt.com.br\/index.php\/2025\/05\/11\/moradores-do-terra-prometida-recebem-a-2a-edicao-do-mutirao-de-cidadania-social-neste-sabado-10\/"},"author":{"name":"Samantha dos Anjos","@id":"https:\/\/wilsonsantosmt.com.br\/#\/schema\/person\/1d097ee45f526dd0455dbad8c679932c"},"headline":"Moradores do Terra Prometida recebem a 2\u00aa edi\u00e7\u00e3o do Mutir\u00e3o de Cidadania Social neste s\u00e1bado (10)","datePublished":"2025-05-11T14:14:27+00:00","dateModified":"2025-05-14T14:15:19+00:00","mainEntityOfPage":{"@id":"https:\/\/wilsonsantosmt.com.br\/index.php\/2025\/05\/11\/moradores-do-terra-prometida-recebem-a-2a-edicao-do-mutirao-de-cidadania-social-neste-sabado-10\/"},"wordCount":278,"publisher":{"@id":"https:\/\/wilsonsantosmt.com.br\/#\/schema\/person\/9de3c54961637a9eadb16bcbf895b1ef"},"articleSection":["Not\u00edcias"],"inLanguage":"pt-BR"},{"@type":"WebPage","@id":"https:\/\/wilsonsantosmt.com.br\/index.php\/2025\/05\/11\/moradores-do-terra-prometida-recebem-a-2a-edicao-do-mutirao-de-cidadania-social-neste-sabado-10\/","url":"https:\/\/wilsonsantosmt.com.br\/index.php\/2025\/05\/11\/moradores-do-terra-prometida-recebem-a-2a-edicao-do-mutirao-de-cidadania-social-neste-sabado-10\/","name":"Moradores do Terra Prometida recebem a 2\u00aa edi\u00e7\u00e3o do Mutir\u00e3o de Cidadania Social neste s\u00e1bado (10) - wilsonsantosmt.com.br","isPartOf":{"@id":"https:\/\/wilsonsantosmt.com.br\/#website"},"datePublished":"2025-05-11T14:14:27+00:00","dateModified":"2025-05-14T14:15:19+00:00","breadcrumb":{"@id":"https:\/\/wilsonsantosmt.com.br\/index.php\/2025\/05\/11\/moradores-do-terra-prometida-recebem-a-2a-edicao-do-mutirao-de-cidadania-social-neste-sabado-10\/#breadcrumb"},"inLanguage":"pt-BR","potentialAction":[{"@type":"ReadAction","target":["https:\/\/wilsonsantosmt.com.br\/index.php\/2025\/05\/11\/moradores-do-terra-prometida-recebem-a-2a-edicao-do-mutirao-de-cidadania-social-neste-sabado-10\/"]}]},{"@type":"BreadcrumbList","@id":"https:\/\/wilsonsantosmt.com.br\/index.php\/2025\/05\/11\/moradores-do-terra-prometida-recebem-a-2a-edicao-do-mutirao-de-cidadania-social-neste-sabado-10\/#breadcrumb","itemListElement":[{"@type":"ListItem","position":1,"name":"In\u00edcio","item":"https:\/\/wilsonsantosmt.com.br\/"},{"@type":"ListItem","position":2,"name":"Not\u00edcias","item":"https:\/\/wilsonsantosmt.com.br\/index.php\/category\/noticias\/"},{"@type":"ListItem","position":3,"name":"Moradores do Terra Prometida recebem a 2\u00aa edi\u00e7\u00e3o do Mutir\u00e3o de Cidadania Social neste s\u00e1bado (10)"}]},{"@type":"WebSite","@id":"https:\/\/wilsonsantosmt.com.br\/#website","url":"https:\/\/wilsonsantosmt.com.br\/","name":"wilsonsantosmt.com.br","description":"","publisher":{"@id":"https:\/\/wilsonsantosmt.com.br\/#\/schema\/person\/9de3c54961637a9eadb16bcbf895b1ef"},"potentialAction":[{"@type":"SearchAction","target":{"@type":"EntryPoint","urlTemplate":"https:\/\/wilsonsantosmt.com.br\/?s={search_term_string}"},"query-input":"required name=search_term_string"}],"inLanguage":"pt-BR"},{"@type":["Person","Organization"],"@id":"https:\/\/wilsonsantosmt.com.br\/#\/schema\/person\/9de3c54961637a9eadb16bcbf895b1ef","name":"Wilson Santos","image":{"@type":"ImageObject","inLanguage":"pt-BR","@id":"https:\/\/wilsonsantosmt.com.br\/#\/schema\/person\/image\/","url":"https:\/\/wilsonsantosmt.com.br\/wp-content\/uploads\/2023\/11\/310828673_653254583023360_8795459643194608438_n.jpg","contentUrl":"https:\/\/wilsonsantosmt.com.br\/wp-content\/uploads\/2023\/11\/310828673_653254583023360_8795459643194608438_n.jpg","width":1078,"height":1079,"caption":"Wilson Santos"},"logo":{"@id":"https:\/\/wilsonsantosmt.com.br\/#\/schema\/person\/image\/"},"sameAs":["http:\/\/wilsonsantosmt.com.br","https:\/\/www.facebook.com\/WilsonSantosMT\/","https:\/\/www.instagram.com\/wilsonsantosmt\/","https:\/\/www.youtube.com\/@WilsonSantosWS\/videos","https:\/\/pt.wikipedia.org\/wiki\/Wilson_Santos"],"honorificPrefix":"Sr","gender":"masculino","jobTitle":"Deputado Estadual","worksFor":"Assembleia Legislativa de Mato Grosso"},{"@type":"Person","@id":"https:\/\/wilsonsantosmt.com.br\/#\/schema\/person\/1d097ee45f526dd0455dbad8c679932c","name":"Samantha dos Anjos","image":{"@type":"ImageObject","inLanguage":"pt-BR","@id":"https:\/\/wilsonsantosmt.com.br\/#\/schema\/person\/image\/","url":"https:\/\/secure.gravatar.com\/avatar\/7d8d0b6dd67d134a9fa841bee90c57c7?s=96&d=mm&r=g","contentUrl":"https:\/\/secure.gravatar.com\/avatar\/7d8d0b6dd67d134a9fa841bee90c57c7?s=96&d=mm&r=g","caption":"Samantha dos Anjos"},"url":"https:\/\/wilsonsantosmt.com.br\/index.php\/author\/samantha-dos-anjos\/"}]}},"_links":{"self":[{"href":"https:\/\/wilsonsantosmt.com.br\/index.php\/wp-json\/wp\/v2\/posts\/1527"}],"collection":[{"href":"https:\/\/wilsonsantosmt.com.br\/index.php\/wp-json\/wp\/v2\/posts"}],"about":[{"href":"https:\/\/wilsonsantosmt.com.br\/index.php\/wp-json\/wp\/v2\/types\/post"}],"author":[{"embeddable":true,"href":"https:\/\/wilsonsantosmt.com.br\/index.php\/wp-json\/wp\/v2\/users\/4"}],"replies":[{"embeddable":true,"href":"https:\/\/wilsonsantosmt.com.br\/index.php\/wp-json\/wp\/v2\/comments?post=1527"}],"version-history":[{"count":1,"href":"https:\/\/wilsonsantosmt.com.br\/index.php\/wp-json\/wp\/v2\/posts\/1527\/revisions"}],"predecessor-version":[{"id":1529,"href":"https:\/\/wilsonsantosmt.com.br\/index.php\/wp-json\/wp\/v2\/posts\/1527\/revisions\/1529"}],"wp:featuredmedia":[{"embeddable":true,"href":"https:\/\/wilsonsantosmt.com.br\/index.php\/wp-json\/wp\/v2\/media\/1528"}],"wp:attachment":[{"href":"https:\/\/wilsonsantosmt.com.br\/index.php\/wp-json\/wp\/v2\/media?parent=1527"}],"wp:term":[{"taxonomy":"category","embeddable":true,"href":"https:\/\/wilsonsantosmt.com.br\/index.php\/wp-json\/wp\/v2\/categories?post=1527"},{"taxonomy":"post_tag","embeddable":true,"href":"https:\/\/wilsonsantosmt.com.br\/index.php\/wp-json\/wp\/v2\/tags?post=1527"}],"curies":[{"name":"wp","href":"https:\/\/api.w.org\/{rel}","templated":true}]}}