{"id":1530,"date":"2025-05-14T16:44:27","date_gmt":"2025-05-14T20:44:27","guid":{"rendered":"https:\/\/wilsonsantosmt.com.br\/?p=1530"},"modified":"2025-05-14T16:44:28","modified_gmt":"2025-05-14T20:44:28","slug":"wilson-santos-confirma-audiencia-publica-para-tratar-sobre-a-concessao-de-energia-em-mt","status":"publish","type":"post","link":"https:\/\/wilsonsantosmt.com.br\/index.php\/2025\/05\/14\/wilson-santos-confirma-audiencia-publica-para-tratar-sobre-a-concessao-de-energia-em-mt\/","title":{"rendered":"Wilson Santos confirma audi\u00eancia p\u00fablica para tratar sobre a concess\u00e3o de energia em MT"},"content":{"rendered":"\n<p><\/p>\n\n\n\n<p><\/p>\n\n\n\n<p>O deputado estadual Wilson Santos (PSD) confirmou nesta quarta-feira (14), durante sess\u00e3o plen\u00e1ria, na Assembleia Legislativa, a realiza\u00e7\u00e3o de audi\u00eancia p\u00fablica que discutir\u00e1 a renova\u00e7\u00e3o ou n\u00e3o da concess\u00e3o da Energisa na distribui\u00e7\u00e3o de energia el\u00e9trica em Mato Grosso, que acontecer\u00e1 no dia 30 de maio, \u00e0s 9h, no Plen\u00e1rio de Delibera\u00e7\u00f5es \u201cRen\u00ea Barbour\u201d. Essa a\u00e7\u00e3o atende ao requerimento n.\u00ba 104\/2025 do parlamentar, com o objetivo de avaliar a atua\u00e7\u00e3o da empresa, analisando os pontos cr\u00edticos e favor\u00e1veis do servi\u00e7o prestado.<\/p>\n\n\n\n<p>\u201cEssa ser\u00e1 uma important\u00edssima audi\u00eancia p\u00fablica. Afinal, a concess\u00e3o dos servi\u00e7os de distribui\u00e7\u00e3o de energia el\u00e9trica est\u00e1 por vencer. Estamos no 28\u00b0 ano e a concess\u00e3o \u00e9 por 30 anos. N\u00f3s queremos ouvir o setor produtivo, a federa\u00e7\u00e3o das ind\u00fastrias e do com\u00e9rcio e todos os interessados em discutir o tema para avaliarmos os servi\u00e7os prestados pela Energisa. \u00c9 hora de apresentarmos as nossas demandas do Araguaia, Noroeste, Sudoeste do Estado, dos distritos industriais, entre outros. Vamos discutir a possibilidade de manter a Energisa na concess\u00e3o, se haver\u00e1 nova licita\u00e7\u00e3o ou se vai reestatizar os servi\u00e7os de distribui\u00e7\u00e3o de energia\u201d, explicou o parlamentar.<\/p>\n\n\n\n<p>O tema tem grande impacto social e econ\u00f4mico, pois envolve n\u00e3o apenas o setor energ\u00e9tico estadual, mas, tamb\u00e9m, as demandas crescentes da popula\u00e7\u00e3o e do setor produtivo que s\u00e3o fundamentais para o desenvolvimento de Mato Grosso. Wilson adiantou que j\u00e1 confirmaram presen\u00e7a representantes da Energisa, Ag\u00eancia Nacional de Energia El\u00e9trica (Aneel), Ag\u00eancia Estadual de Regula\u00e7\u00e3o dos Servi\u00e7os P\u00fablicos Delegados (AGER) e Associa\u00e7\u00e3o Mato-grossense dos Munic\u00edpios (AMM).<\/p>\n\n\n\n<p>A concess\u00e3o da Energisa, em Mato Grosso, \u00e9 v\u00e1lida at\u00e9 o dia 11 de dezembro de 2027. A Ag\u00eancia Nacional de Energia El\u00e9trica (Aneel) aprovou um termo que permite a renova\u00e7\u00e3o dos contratos de distribui\u00e7\u00e3o por mais 30 anos, em que abrange 19 empresas \u2013 cujos contratos vencem entre os anos de 2025 e 2031.<\/p>\n","protected":false},"excerpt":{"rendered":"<p>O deputado estadual Wilson Santos (PSD) confirmou nesta quarta-feira (14), durante sess\u00e3o plen\u00e1ria, na Assembleia Legislativa, a realiza\u00e7\u00e3o de audi\u00eancia p\u00fablica que discutir\u00e1 a renova\u00e7\u00e3o ou n\u00e3o da concess\u00e3o da Energisa na distribui\u00e7\u00e3o de energia el\u00e9trica em Mato Grosso, que acontecer\u00e1 no dia 30 de maio, \u00e0s 9h, no Plen\u00e1rio de Delibera\u00e7\u00f5es \u201cRen\u00ea Barbour\u201d. Essa [&hellip;]<\/p>\n","protected":false},"author":4,"featured_media":1531,"comment_status":"closed","ping_status":"open","sticky":false,"template":"","format":"standard","meta":{"footnotes":""},"categories":[13],"tags":[],"yoast_head":"<!-- This site is optimized with the Yoast SEO Premium plugin v21.5 (Yoast SEO v21.4) - https:\/\/yoast.com\/wordpress\/plugins\/seo\/ -->\n<title>Wilson Santos confirma audi\u00eancia p\u00fablica para tratar sobre a concess\u00e3o de energia em MT - wilsonsantosmt.com.br<\/title>\n<meta name=\"robots\" content=\"index, follow, max-snippet:-1, max-image-preview:large, max-video-preview:-1\" \/>\n<link rel=\"canonical\" href=\"https:\/\/wilsonsantosmt.com.br\/index.php\/2025\/05\/14\/wilson-santos-confirma-audiencia-publica-para-tratar-sobre-a-concessao-de-energia-em-mt\/\" \/>\n<meta property=\"og:locale\" content=\"pt_BR\" \/>\n<meta property=\"og:type\" content=\"article\" \/>\n<meta property=\"og:title\" content=\"Wilson Santos confirma audi\u00eancia p\u00fablica para tratar sobre a concess\u00e3o de energia em MT\" \/>\n<meta property=\"og:description\" content=\"O deputado estadual Wilson Santos (PSD) confirmou nesta quarta-feira (14), durante sess\u00e3o plen\u00e1ria, na Assembleia Legislativa, a realiza\u00e7\u00e3o de audi\u00eancia p\u00fablica que discutir\u00e1 a renova\u00e7\u00e3o ou n\u00e3o da concess\u00e3o da Energisa na distribui\u00e7\u00e3o de energia el\u00e9trica em Mato Grosso, que acontecer\u00e1 no dia 30 de maio, \u00e0s 9h, no Plen\u00e1rio de Delibera\u00e7\u00f5es \u201cRen\u00ea Barbour\u201d. Essa [&hellip;]\" \/>\n<meta property=\"og:url\" content=\"https:\/\/wilsonsantosmt.com.br\/index.php\/2025\/05\/14\/wilson-santos-confirma-audiencia-publica-para-tratar-sobre-a-concessao-de-energia-em-mt\/\" \/>\n<meta property=\"og:site_name\" content=\"wilsonsantosmt.com.br\" \/>\n<meta property=\"article:publisher\" content=\"https:\/\/www.facebook.com\/WilsonSantosMT\/\" \/>\n<meta property=\"article:published_time\" content=\"2025-05-14T20:44:27+00:00\" \/>\n<meta property=\"article:modified_time\" content=\"2025-05-14T20:44:28+00:00\" \/>\n<meta property=\"og:image\" content=\"http:\/\/wilsonsantosmt.com.br\/wp-content\/uploads\/2025\/05\/WhatsApp-Image-2025-05-14-at-16.20.21-1.jpeg\" \/>\n\t<meta property=\"og:image:width\" content=\"1209\" \/>\n\t<meta property=\"og:image:height\" content=\"712\" \/>\n\t<meta property=\"og:image:type\" content=\"image\/jpeg\" \/>\n<meta name=\"author\" content=\"Samantha dos Anjos\" \/>\n<meta name=\"twitter:card\" content=\"summary_large_image\" \/>\n<meta name=\"twitter:label1\" content=\"Escrito por\" \/>\n\t<meta name=\"twitter:data1\" content=\"Samantha dos Anjos\" \/>\n\t<meta name=\"twitter:label2\" content=\"Est. tempo de leitura\" \/>\n\t<meta name=\"twitter:data2\" content=\"2 minutos\" \/>\n<script type=\"application\/ld+json\" class=\"yoast-schema-graph\">{\"@context\":\"https:\/\/schema.org\",\"@graph\":[{\"@type\":\"Article\",\"@id\":\"https:\/\/wilsonsantosmt.com.br\/index.php\/2025\/05\/14\/wilson-santos-confirma-audiencia-publica-para-tratar-sobre-a-concessao-de-energia-em-mt\/#article\",\"isPartOf\":{\"@id\":\"https:\/\/wilsonsantosmt.com.br\/index.php\/2025\/05\/14\/wilson-santos-confirma-audiencia-publica-para-tratar-sobre-a-concessao-de-energia-em-mt\/\"},\"author\":{\"name\":\"Samantha dos Anjos\",\"@id\":\"https:\/\/wilsonsantosmt.com.br\/#\/schema\/person\/1d097ee45f526dd0455dbad8c679932c\"},\"headline\":\"Wilson Santos confirma audi\u00eancia p\u00fablica para tratar sobre a concess\u00e3o de energia em MT\",\"datePublished\":\"2025-05-14T20:44:27+00:00\",\"dateModified\":\"2025-05-14T20:44:28+00:00\",\"mainEntityOfPage\":{\"@id\":\"https:\/\/wilsonsantosmt.com.br\/index.php\/2025\/05\/14\/wilson-santos-confirma-audiencia-publica-para-tratar-sobre-a-concessao-de-energia-em-mt\/\"},\"wordCount\":362,\"publisher\":{\"@id\":\"https:\/\/wilsonsantosmt.com.br\/#\/schema\/person\/9de3c54961637a9eadb16bcbf895b1ef\"},\"articleSection\":[\"Not\u00edcias\"],\"inLanguage\":\"pt-BR\"},{\"@type\":\"WebPage\",\"@id\":\"https:\/\/wilsonsantosmt.com.br\/index.php\/2025\/05\/14\/wilson-santos-confirma-audiencia-publica-para-tratar-sobre-a-concessao-de-energia-em-mt\/\",\"url\":\"https:\/\/wilsonsantosmt.com.br\/index.php\/2025\/05\/14\/wilson-santos-confirma-audiencia-publica-para-tratar-sobre-a-concessao-de-energia-em-mt\/\",\"name\":\"Wilson Santos confirma audi\u00eancia p\u00fablica para tratar sobre a concess\u00e3o de energia em MT - wilsonsantosmt.com.br\",\"isPartOf\":{\"@id\":\"https:\/\/wilsonsantosmt.com.br\/#website\"},\"datePublished\":\"2025-05-14T20:44:27+00:00\",\"dateModified\":\"2025-05-14T20:44:28+00:00\",\"breadcrumb\":{\"@id\":\"https:\/\/wilsonsantosmt.com.br\/index.php\/2025\/05\/14\/wilson-santos-confirma-audiencia-publica-para-tratar-sobre-a-concessao-de-energia-em-mt\/#breadcrumb\"},\"inLanguage\":\"pt-BR\",\"potentialAction\":[{\"@type\":\"ReadAction\",\"target\":[\"https:\/\/wilsonsantosmt.com.br\/index.php\/2025\/05\/14\/wilson-santos-confirma-audiencia-publica-para-tratar-sobre-a-concessao-de-energia-em-mt\/\"]}]},{\"@type\":\"BreadcrumbList\",\"@id\":\"https:\/\/wilsonsantosmt.com.br\/index.php\/2025\/05\/14\/wilson-santos-confirma-audiencia-publica-para-tratar-sobre-a-concessao-de-energia-em-mt\/#breadcrumb\",\"itemListElement\":[{\"@type\":\"ListItem\",\"position\":1,\"name\":\"In\u00edcio\",\"item\":\"https:\/\/wilsonsantosmt.com.br\/\"},{\"@type\":\"ListItem\",\"position\":2,\"name\":\"Not\u00edcias\",\"item\":\"https:\/\/wilsonsantosmt.com.br\/index.php\/category\/noticias\/\"},{\"@type\":\"ListItem\",\"position\":3,\"name\":\"Wilson Santos confirma audi\u00eancia p\u00fablica para tratar sobre a concess\u00e3o de energia em MT\"}]},{\"@type\":\"WebSite\",\"@id\":\"https:\/\/wilsonsantosmt.com.br\/#website\",\"url\":\"https:\/\/wilsonsantosmt.com.br\/\",\"name\":\"wilsonsantosmt.com.br\",\"description\":\"\",\"publisher\":{\"@id\":\"https:\/\/wilsonsantosmt.com.br\/#\/schema\/person\/9de3c54961637a9eadb16bcbf895b1ef\"},\"potentialAction\":[{\"@type\":\"SearchAction\",\"target\":{\"@type\":\"EntryPoint\",\"urlTemplate\":\"https:\/\/wilsonsantosmt.com.br\/?s={search_term_string}\"},\"query-input\":\"required name=search_term_string\"}],\"inLanguage\":\"pt-BR\"},{\"@type\":[\"Person\",\"Organization\"],\"@id\":\"https:\/\/wilsonsantosmt.com.br\/#\/schema\/person\/9de3c54961637a9eadb16bcbf895b1ef\",\"name\":\"Wilson Santos\",\"image\":{\"@type\":\"ImageObject\",\"inLanguage\":\"pt-BR\",\"@id\":\"https:\/\/wilsonsantosmt.com.br\/#\/schema\/person\/image\/\",\"url\":\"https:\/\/wilsonsantosmt.com.br\/wp-content\/uploads\/2023\/11\/310828673_653254583023360_8795459643194608438_n.jpg\",\"contentUrl\":\"https:\/\/wilsonsantosmt.com.br\/wp-content\/uploads\/2023\/11\/310828673_653254583023360_8795459643194608438_n.jpg\",\"width\":1078,\"height\":1079,\"caption\":\"Wilson Santos\"},\"logo\":{\"@id\":\"https:\/\/wilsonsantosmt.com.br\/#\/schema\/person\/image\/\"},\"sameAs\":[\"http:\/\/wilsonsantosmt.com.br\",\"https:\/\/www.facebook.com\/WilsonSantosMT\/\",\"https:\/\/www.instagram.com\/wilsonsantosmt\/\",\"https:\/\/www.youtube.com\/@WilsonSantosWS\/videos\",\"https:\/\/pt.wikipedia.org\/wiki\/Wilson_Santos\"],\"honorificPrefix\":\"Sr\",\"gender\":\"masculino\",\"jobTitle\":\"Deputado Estadual\",\"worksFor\":\"Assembleia Legislativa de Mato Grosso\"},{\"@type\":\"Person\",\"@id\":\"https:\/\/wilsonsantosmt.com.br\/#\/schema\/person\/1d097ee45f526dd0455dbad8c679932c\",\"name\":\"Samantha dos Anjos\",\"image\":{\"@type\":\"ImageObject\",\"inLanguage\":\"pt-BR\",\"@id\":\"https:\/\/wilsonsantosmt.com.br\/#\/schema\/person\/image\/\",\"url\":\"https:\/\/secure.gravatar.com\/avatar\/7d8d0b6dd67d134a9fa841bee90c57c7?s=96&d=mm&r=g\",\"contentUrl\":\"https:\/\/secure.gravatar.com\/avatar\/7d8d0b6dd67d134a9fa841bee90c57c7?s=96&d=mm&r=g\",\"caption\":\"Samantha dos Anjos\"},\"url\":\"https:\/\/wilsonsantosmt.com.br\/index.php\/author\/samantha-dos-anjos\/\"}]}<\/script>\n<!-- \/ Yoast SEO Premium plugin. -->","yoast_head_json":{"title":"Wilson Santos confirma audi\u00eancia p\u00fablica para tratar sobre a concess\u00e3o de energia em MT - wilsonsantosmt.com.br","robots":{"index":"index","follow":"follow","max-snippet":"max-snippet:-1","max-image-preview":"max-image-preview:large","max-video-preview":"max-video-preview:-1"},"canonical":"https:\/\/wilsonsantosmt.com.br\/index.php\/2025\/05\/14\/wilson-santos-confirma-audiencia-publica-para-tratar-sobre-a-concessao-de-energia-em-mt\/","og_locale":"pt_BR","og_type":"article","og_title":"Wilson Santos confirma audi\u00eancia p\u00fablica para tratar sobre a concess\u00e3o de energia em MT","og_description":"O deputado estadual Wilson Santos (PSD) confirmou nesta quarta-feira (14), durante sess\u00e3o plen\u00e1ria, na Assembleia Legislativa, a realiza\u00e7\u00e3o de audi\u00eancia p\u00fablica que discutir\u00e1 a renova\u00e7\u00e3o ou n\u00e3o da concess\u00e3o da Energisa na distribui\u00e7\u00e3o de energia el\u00e9trica em Mato Grosso, que acontecer\u00e1 no dia 30 de maio, \u00e0s 9h, no Plen\u00e1rio de Delibera\u00e7\u00f5es \u201cRen\u00ea Barbour\u201d. Essa [&hellip;]","og_url":"https:\/\/wilsonsantosmt.com.br\/index.php\/2025\/05\/14\/wilson-santos-confirma-audiencia-publica-para-tratar-sobre-a-concessao-de-energia-em-mt\/","og_site_name":"wilsonsantosmt.com.br","article_publisher":"https:\/\/www.facebook.com\/WilsonSantosMT\/","article_published_time":"2025-05-14T20:44:27+00:00","article_modified_time":"2025-05-14T20:44:28+00:00","og_image":[{"width":1209,"height":712,"url":"http:\/\/wilsonsantosmt.com.br\/wp-content\/uploads\/2025\/05\/WhatsApp-Image-2025-05-14-at-16.20.21-1.jpeg","type":"image\/jpeg"}],"author":"Samantha dos Anjos","twitter_card":"summary_large_image","twitter_misc":{"Escrito por":"Samantha dos Anjos","Est. tempo de leitura":"2 minutos"},"schema":{"@context":"https:\/\/schema.org","@graph":[{"@type":"Article","@id":"https:\/\/wilsonsantosmt.com.br\/index.php\/2025\/05\/14\/wilson-santos-confirma-audiencia-publica-para-tratar-sobre-a-concessao-de-energia-em-mt\/#article","isPartOf":{"@id":"https:\/\/wilsonsantosmt.com.br\/index.php\/2025\/05\/14\/wilson-santos-confirma-audiencia-publica-para-tratar-sobre-a-concessao-de-energia-em-mt\/"},"author":{"name":"Samantha dos Anjos","@id":"https:\/\/wilsonsantosmt.com.br\/#\/schema\/person\/1d097ee45f526dd0455dbad8c679932c"},"headline":"Wilson Santos confirma audi\u00eancia p\u00fablica para tratar sobre a concess\u00e3o de energia em MT","datePublished":"2025-05-14T20:44:27+00:00","dateModified":"2025-05-14T20:44:28+00:00","mainEntityOfPage":{"@id":"https:\/\/wilsonsantosmt.com.br\/index.php\/2025\/05\/14\/wilson-santos-confirma-audiencia-publica-para-tratar-sobre-a-concessao-de-energia-em-mt\/"},"wordCount":362,"publisher":{"@id":"https:\/\/wilsonsantosmt.com.br\/#\/schema\/person\/9de3c54961637a9eadb16bcbf895b1ef"},"articleSection":["Not\u00edcias"],"inLanguage":"pt-BR"},{"@type":"WebPage","@id":"https:\/\/wilsonsantosmt.com.br\/index.php\/2025\/05\/14\/wilson-santos-confirma-audiencia-publica-para-tratar-sobre-a-concessao-de-energia-em-mt\/","url":"https:\/\/wilsonsantosmt.com.br\/index.php\/2025\/05\/14\/wilson-santos-confirma-audiencia-publica-para-tratar-sobre-a-concessao-de-energia-em-mt\/","name":"Wilson Santos confirma audi\u00eancia p\u00fablica para tratar sobre a concess\u00e3o de energia em MT - wilsonsantosmt.com.br","isPartOf":{"@id":"https:\/\/wilsonsantosmt.com.br\/#website"},"datePublished":"2025-05-14T20:44:27+00:00","dateModified":"2025-05-14T20:44:28+00:00","breadcrumb":{"@id":"https:\/\/wilsonsantosmt.com.br\/index.php\/2025\/05\/14\/wilson-santos-confirma-audiencia-publica-para-tratar-sobre-a-concessao-de-energia-em-mt\/#breadcrumb"},"inLanguage":"pt-BR","potentialAction":[{"@type":"ReadAction","target":["https:\/\/wilsonsantosmt.com.br\/index.php\/2025\/05\/14\/wilson-santos-confirma-audiencia-publica-para-tratar-sobre-a-concessao-de-energia-em-mt\/"]}]},{"@type":"BreadcrumbList","@id":"https:\/\/wilsonsantosmt.com.br\/index.php\/2025\/05\/14\/wilson-santos-confirma-audiencia-publica-para-tratar-sobre-a-concessao-de-energia-em-mt\/#breadcrumb","itemListElement":[{"@type":"ListItem","position":1,"name":"In\u00edcio","item":"https:\/\/wilsonsantosmt.com.br\/"},{"@type":"ListItem","position":2,"name":"Not\u00edcias","item":"https:\/\/wilsonsantosmt.com.br\/index.php\/category\/noticias\/"},{"@type":"ListItem","position":3,"name":"Wilson Santos confirma audi\u00eancia p\u00fablica para tratar sobre a concess\u00e3o de energia em MT"}]},{"@type":"WebSite","@id":"https:\/\/wilsonsantosmt.com.br\/#website","url":"https:\/\/wilsonsantosmt.com.br\/","name":"wilsonsantosmt.com.br","description":"","publisher":{"@id":"https:\/\/wilsonsantosmt.com.br\/#\/schema\/person\/9de3c54961637a9eadb16bcbf895b1ef"},"potentialAction":[{"@type":"SearchAction","target":{"@type":"EntryPoint","urlTemplate":"https:\/\/wilsonsantosmt.com.br\/?s={search_term_string}"},"query-input":"required name=search_term_string"}],"inLanguage":"pt-BR"},{"@type":["Person","Organization"],"@id":"https:\/\/wilsonsantosmt.com.br\/#\/schema\/person\/9de3c54961637a9eadb16bcbf895b1ef","name":"Wilson Santos","image":{"@type":"ImageObject","inLanguage":"pt-BR","@id":"https:\/\/wilsonsantosmt.com.br\/#\/schema\/person\/image\/","url":"https:\/\/wilsonsantosmt.com.br\/wp-content\/uploads\/2023\/11\/310828673_653254583023360_8795459643194608438_n.jpg","contentUrl":"https:\/\/wilsonsantosmt.com.br\/wp-content\/uploads\/2023\/11\/310828673_653254583023360_8795459643194608438_n.jpg","width":1078,"height":1079,"caption":"Wilson Santos"},"logo":{"@id":"https:\/\/wilsonsantosmt.com.br\/#\/schema\/person\/image\/"},"sameAs":["http:\/\/wilsonsantosmt.com.br","https:\/\/www.facebook.com\/WilsonSantosMT\/","https:\/\/www.instagram.com\/wilsonsantosmt\/","https:\/\/www.youtube.com\/@WilsonSantosWS\/videos","https:\/\/pt.wikipedia.org\/wiki\/Wilson_Santos"],"honorificPrefix":"Sr","gender":"masculino","jobTitle":"Deputado Estadual","worksFor":"Assembleia Legislativa de Mato Grosso"},{"@type":"Person","@id":"https:\/\/wilsonsantosmt.com.br\/#\/schema\/person\/1d097ee45f526dd0455dbad8c679932c","name":"Samantha dos Anjos","image":{"@type":"ImageObject","inLanguage":"pt-BR","@id":"https:\/\/wilsonsantosmt.com.br\/#\/schema\/person\/image\/","url":"https:\/\/secure.gravatar.com\/avatar\/7d8d0b6dd67d134a9fa841bee90c57c7?s=96&d=mm&r=g","contentUrl":"https:\/\/secure.gravatar.com\/avatar\/7d8d0b6dd67d134a9fa841bee90c57c7?s=96&d=mm&r=g","caption":"Samantha dos Anjos"},"url":"https:\/\/wilsonsantosmt.com.br\/index.php\/author\/samantha-dos-anjos\/"}]}},"_links":{"self":[{"href":"https:\/\/wilsonsantosmt.com.br\/index.php\/wp-json\/wp\/v2\/posts\/1530"}],"collection":[{"href":"https:\/\/wilsonsantosmt.com.br\/index.php\/wp-json\/wp\/v2\/posts"}],"about":[{"href":"https:\/\/wilsonsantosmt.com.br\/index.php\/wp-json\/wp\/v2\/types\/post"}],"author":[{"embeddable":true,"href":"https:\/\/wilsonsantosmt.com.br\/index.php\/wp-json\/wp\/v2\/users\/4"}],"replies":[{"embeddable":true,"href":"https:\/\/wilsonsantosmt.com.br\/index.php\/wp-json\/wp\/v2\/comments?post=1530"}],"version-history":[{"count":1,"href":"https:\/\/wilsonsantosmt.com.br\/index.php\/wp-json\/wp\/v2\/posts\/1530\/revisions"}],"predecessor-version":[{"id":1532,"href":"https:\/\/wilsonsantosmt.com.br\/index.php\/wp-json\/wp\/v2\/posts\/1530\/revisions\/1532"}],"wp:featuredmedia":[{"embeddable":true,"href":"https:\/\/wilsonsantosmt.com.br\/index.php\/wp-json\/wp\/v2\/media\/1531"}],"wp:attachment":[{"href":"https:\/\/wilsonsantosmt.com.br\/index.php\/wp-json\/wp\/v2\/media?parent=1530"}],"wp:term":[{"taxonomy":"category","embeddable":true,"href":"https:\/\/wilsonsantosmt.com.br\/index.php\/wp-json\/wp\/v2\/categories?post=1530"},{"taxonomy":"post_tag","embeddable":true,"href":"https:\/\/wilsonsantosmt.com.br\/index.php\/wp-json\/wp\/v2\/tags?post=1530"}],"curies":[{"name":"wp","href":"https:\/\/api.w.org\/{rel}","templated":true}]}}