{"id":1539,"date":"2025-05-16T13:24:18","date_gmt":"2025-05-16T17:24:18","guid":{"rendered":"https:\/\/wilsonsantosmt.com.br\/?p=1539"},"modified":"2025-05-16T13:24:19","modified_gmt":"2025-05-16T17:24:19","slug":"wilson-santos-destina-emenda-e-impulsiona-projetos-que-fortalecem-a-cultura-tradicional-de-mt","status":"publish","type":"post","link":"https:\/\/wilsonsantosmt.com.br\/index.php\/2025\/05\/16\/wilson-santos-destina-emenda-e-impulsiona-projetos-que-fortalecem-a-cultura-tradicional-de-mt\/","title":{"rendered":"Wilson Santos destina emenda e impulsiona projetos que fortalecem a cultura tradicional de MT"},"content":{"rendered":"\n<p><\/p>\n\n\n\n<p>Uma das bandeiras do deputado estadual Wilson Santos (PSD) \u00e9 valorizar e fortalecer a cultura tradicional de Mato Grosso. Em 2024, ele destinou uma emenda parlamentar no valor de R$ 185 mil para contribuir com os pontos culturais Flor do Campo, Siriri El\u00e9trico, S\u00e3o Gon\u00e7alo Beira Rio e Ra\u00edzes Cuiabanas. Os recursos permitiram a realiza\u00e7\u00e3o de cursos art\u00edsticos e t\u00e9cnicos promovidos pelo Instituto Inclus\u00e3o, Cidadania e A\u00e7\u00e3o (Inca), beneficiando diretamente cerca de 300 pessoas.<\/p>\n\n\n\n<p>\u201cQuero aqui reafirmar o meu compromisso com a cultura popular cuiabana. A Assembleia Legislativa estar\u00e1 sempre de portas abertas para apoiar projetos s\u00e9rios, como os desenvolvidos pelo Inca, que \u00e9 uma institui\u00e7\u00e3o de respeito, formada por pessoas talentosas e dedicadas \u00e0 valoriza\u00e7\u00e3o da nossa identidade. Cuiab\u00e1 possui uma diversidade cultural, com manifesta\u00e7\u00f5es que v\u00e3o do siriri ao rasqueado, do teatro \u00e0 literatura, e precisamos investir ainda mais para fortalecer cada uma delas. Que a cultura seja um instrumento de transforma\u00e7\u00e3o social, inclus\u00e3o e orgulho cuiabano. Contem comigo nessa luta\u201d, declarou o parlamentar.<\/p>\n\n\n\n<p>De acordo com a presidente da Associa\u00e7\u00e3o Cultural Flor do Campo, Matilde da Silva, o apoio do deputado \u00e9 fundamental para preservar as tradi\u00e7\u00f5es e repass\u00e1-las \u00e0s novas gera\u00e7\u00f5es. \u201cO deputado nos agraciou tamb\u00e9m com um notebook, que vai nos dar suporte na elabora\u00e7\u00e3o de projetos e no desenvolvimento das nossas a\u00e7\u00f5es culturais. A nossa associa\u00e7\u00e3o existe desde 1982 e busca difundir a cultura por meio da dan\u00e7a do Cururu e Siriri. Hoje, contamos com integrantes de diferentes faixas et\u00e1rias, moradores dos bairros Ohara, Nova Esperan\u00e7a, Pedra 90, Carumb\u00e9, entre outros\u201d, explica.<\/p>\n\n\n\n<p>O secret\u00e1rio adjunto de Cultura, Esporte e Lazer de Mato Grosso (Secel), Jean Moura, ressaltou a relev\u00e2ncia do apoio do poder p\u00fablico nas a\u00e7\u00f5es culturais. \u201cAgradecemos ao deputado Wilson Santos por todo o suporte, que tem ajudado a impulsionar nossas a\u00e7\u00f5es culturais. \u00c9 dever do Estado apoiar essas iniciativas. Ainda h\u00e1 muito a ser feito pela cultura de Mato Grosso\u201d, afirmou.<\/p>\n\n\n\n<p>A presidente do Inca, Cibele Bussiki, destacou a import\u00e2ncia das a\u00e7\u00f5es promovidas nos pontos culturais atendidos. \u201cAs dificuldades dos grupos que identificamos, estamos prontos para atender. Essa nossa parceria, j\u00e1 garantiu para que eles conseguissem legalizar e passar a ser cadastro no sistema do governo para receberem recursos direto. Eles t\u00eam valores, esses quintais, s\u00e3o extremamente acolhedores, principalmente os jovens e s\u00e3o eles que mant\u00e9m as nossas tradi\u00e7\u00f5es. Todas as refer\u00eancias da cultura cuiabana s\u00e3o importantes. Agradecemos as emendas e a Secel pela for\u00e7a aos grupos\u201d, ressaltou.<\/p>\n\n\n\n<p>Com os recursos destinados por Wilson Santos, o Inca proporciona aos grupos culturais o acesso a cursos como dan\u00e7a afro, coreografia, percuss\u00e3o, cenografia, figurino e maquiagem art\u00edstica. Tamb\u00e9m s\u00e3o oferecidas capacita\u00e7\u00f5es sobre redes sociais, elabora\u00e7\u00e3o de projetos, produ\u00e7\u00e3o de eventos, gest\u00e3o financeira e networking.<br><\/p>\n","protected":false},"excerpt":{"rendered":"<p>Uma das bandeiras do deputado estadual Wilson Santos (PSD) \u00e9 valorizar e fortalecer a cultura tradicional de Mato Grosso. Em 2024, ele destinou uma emenda parlamentar no valor de R$ 185 mil para contribuir com os pontos culturais Flor do Campo, Siriri El\u00e9trico, S\u00e3o Gon\u00e7alo Beira Rio e Ra\u00edzes Cuiabanas. Os recursos permitiram a realiza\u00e7\u00e3o [&hellip;]<\/p>\n","protected":false},"author":4,"featured_media":1540,"comment_status":"closed","ping_status":"open","sticky":false,"template":"","format":"standard","meta":{"footnotes":""},"categories":[13],"tags":[],"yoast_head":"<!-- This site is optimized with the Yoast SEO Premium plugin v21.5 (Yoast SEO v21.4) - https:\/\/yoast.com\/wordpress\/plugins\/seo\/ -->\n<title>Wilson Santos destina emenda e impulsiona projetos que fortalecem a cultura tradicional de MT - wilsonsantosmt.com.br<\/title>\n<meta name=\"robots\" content=\"index, follow, max-snippet:-1, max-image-preview:large, max-video-preview:-1\" \/>\n<link rel=\"canonical\" href=\"https:\/\/wilsonsantosmt.com.br\/index.php\/2025\/05\/16\/wilson-santos-destina-emenda-e-impulsiona-projetos-que-fortalecem-a-cultura-tradicional-de-mt\/\" \/>\n<meta property=\"og:locale\" content=\"pt_BR\" \/>\n<meta property=\"og:type\" content=\"article\" \/>\n<meta property=\"og:title\" content=\"Wilson Santos destina emenda e impulsiona projetos que fortalecem a cultura tradicional de MT\" \/>\n<meta property=\"og:description\" content=\"Uma das bandeiras do deputado estadual Wilson Santos (PSD) \u00e9 valorizar e fortalecer a cultura tradicional de Mato Grosso. Em 2024, ele destinou uma emenda parlamentar no valor de R$ 185 mil para contribuir com os pontos culturais Flor do Campo, Siriri El\u00e9trico, S\u00e3o Gon\u00e7alo Beira Rio e Ra\u00edzes Cuiabanas. Os recursos permitiram a realiza\u00e7\u00e3o [&hellip;]\" \/>\n<meta property=\"og:url\" content=\"https:\/\/wilsonsantosmt.com.br\/index.php\/2025\/05\/16\/wilson-santos-destina-emenda-e-impulsiona-projetos-que-fortalecem-a-cultura-tradicional-de-mt\/\" \/>\n<meta property=\"og:site_name\" content=\"wilsonsantosmt.com.br\" \/>\n<meta property=\"article:publisher\" content=\"https:\/\/www.facebook.com\/WilsonSantosMT\/\" \/>\n<meta property=\"article:published_time\" content=\"2025-05-16T17:24:18+00:00\" \/>\n<meta property=\"article:modified_time\" content=\"2025-05-16T17:24:19+00:00\" \/>\n<meta property=\"og:image\" content=\"http:\/\/wilsonsantosmt.com.br\/wp-content\/uploads\/2025\/05\/WhatsApp-Image-2025-05-15-at-20.59.43-scaled.jpeg\" \/>\n\t<meta property=\"og:image:width\" content=\"2560\" \/>\n\t<meta property=\"og:image:height\" content=\"1440\" \/>\n\t<meta property=\"og:image:type\" content=\"image\/jpeg\" \/>\n<meta name=\"author\" content=\"Samantha dos Anjos\" \/>\n<meta name=\"twitter:card\" content=\"summary_large_image\" \/>\n<meta name=\"twitter:label1\" content=\"Escrito por\" \/>\n\t<meta name=\"twitter:data1\" content=\"Samantha dos Anjos\" \/>\n\t<meta name=\"twitter:label2\" content=\"Est. tempo de leitura\" \/>\n\t<meta name=\"twitter:data2\" content=\"3 minutos\" \/>\n<script type=\"application\/ld+json\" class=\"yoast-schema-graph\">{\"@context\":\"https:\/\/schema.org\",\"@graph\":[{\"@type\":\"Article\",\"@id\":\"https:\/\/wilsonsantosmt.com.br\/index.php\/2025\/05\/16\/wilson-santos-destina-emenda-e-impulsiona-projetos-que-fortalecem-a-cultura-tradicional-de-mt\/#article\",\"isPartOf\":{\"@id\":\"https:\/\/wilsonsantosmt.com.br\/index.php\/2025\/05\/16\/wilson-santos-destina-emenda-e-impulsiona-projetos-que-fortalecem-a-cultura-tradicional-de-mt\/\"},\"author\":{\"name\":\"Samantha dos Anjos\",\"@id\":\"https:\/\/wilsonsantosmt.com.br\/#\/schema\/person\/1d097ee45f526dd0455dbad8c679932c\"},\"headline\":\"Wilson Santos destina emenda e impulsiona projetos que fortalecem a cultura tradicional de MT\",\"datePublished\":\"2025-05-16T17:24:18+00:00\",\"dateModified\":\"2025-05-16T17:24:19+00:00\",\"mainEntityOfPage\":{\"@id\":\"https:\/\/wilsonsantosmt.com.br\/index.php\/2025\/05\/16\/wilson-santos-destina-emenda-e-impulsiona-projetos-que-fortalecem-a-cultura-tradicional-de-mt\/\"},\"wordCount\":504,\"publisher\":{\"@id\":\"https:\/\/wilsonsantosmt.com.br\/#\/schema\/person\/9de3c54961637a9eadb16bcbf895b1ef\"},\"articleSection\":[\"Not\u00edcias\"],\"inLanguage\":\"pt-BR\"},{\"@type\":\"WebPage\",\"@id\":\"https:\/\/wilsonsantosmt.com.br\/index.php\/2025\/05\/16\/wilson-santos-destina-emenda-e-impulsiona-projetos-que-fortalecem-a-cultura-tradicional-de-mt\/\",\"url\":\"https:\/\/wilsonsantosmt.com.br\/index.php\/2025\/05\/16\/wilson-santos-destina-emenda-e-impulsiona-projetos-que-fortalecem-a-cultura-tradicional-de-mt\/\",\"name\":\"Wilson Santos destina emenda e impulsiona projetos que fortalecem a cultura tradicional de MT - wilsonsantosmt.com.br\",\"isPartOf\":{\"@id\":\"https:\/\/wilsonsantosmt.com.br\/#website\"},\"datePublished\":\"2025-05-16T17:24:18+00:00\",\"dateModified\":\"2025-05-16T17:24:19+00:00\",\"breadcrumb\":{\"@id\":\"https:\/\/wilsonsantosmt.com.br\/index.php\/2025\/05\/16\/wilson-santos-destina-emenda-e-impulsiona-projetos-que-fortalecem-a-cultura-tradicional-de-mt\/#breadcrumb\"},\"inLanguage\":\"pt-BR\",\"potentialAction\":[{\"@type\":\"ReadAction\",\"target\":[\"https:\/\/wilsonsantosmt.com.br\/index.php\/2025\/05\/16\/wilson-santos-destina-emenda-e-impulsiona-projetos-que-fortalecem-a-cultura-tradicional-de-mt\/\"]}]},{\"@type\":\"BreadcrumbList\",\"@id\":\"https:\/\/wilsonsantosmt.com.br\/index.php\/2025\/05\/16\/wilson-santos-destina-emenda-e-impulsiona-projetos-que-fortalecem-a-cultura-tradicional-de-mt\/#breadcrumb\",\"itemListElement\":[{\"@type\":\"ListItem\",\"position\":1,\"name\":\"In\u00edcio\",\"item\":\"https:\/\/wilsonsantosmt.com.br\/\"},{\"@type\":\"ListItem\",\"position\":2,\"name\":\"Not\u00edcias\",\"item\":\"https:\/\/wilsonsantosmt.com.br\/index.php\/category\/noticias\/\"},{\"@type\":\"ListItem\",\"position\":3,\"name\":\"Wilson Santos destina emenda e impulsiona projetos que fortalecem a cultura tradicional de MT\"}]},{\"@type\":\"WebSite\",\"@id\":\"https:\/\/wilsonsantosmt.com.br\/#website\",\"url\":\"https:\/\/wilsonsantosmt.com.br\/\",\"name\":\"wilsonsantosmt.com.br\",\"description\":\"\",\"publisher\":{\"@id\":\"https:\/\/wilsonsantosmt.com.br\/#\/schema\/person\/9de3c54961637a9eadb16bcbf895b1ef\"},\"potentialAction\":[{\"@type\":\"SearchAction\",\"target\":{\"@type\":\"EntryPoint\",\"urlTemplate\":\"https:\/\/wilsonsantosmt.com.br\/?s={search_term_string}\"},\"query-input\":\"required name=search_term_string\"}],\"inLanguage\":\"pt-BR\"},{\"@type\":[\"Person\",\"Organization\"],\"@id\":\"https:\/\/wilsonsantosmt.com.br\/#\/schema\/person\/9de3c54961637a9eadb16bcbf895b1ef\",\"name\":\"Wilson Santos\",\"image\":{\"@type\":\"ImageObject\",\"inLanguage\":\"pt-BR\",\"@id\":\"https:\/\/wilsonsantosmt.com.br\/#\/schema\/person\/image\/\",\"url\":\"https:\/\/wilsonsantosmt.com.br\/wp-content\/uploads\/2023\/11\/310828673_653254583023360_8795459643194608438_n.jpg\",\"contentUrl\":\"https:\/\/wilsonsantosmt.com.br\/wp-content\/uploads\/2023\/11\/310828673_653254583023360_8795459643194608438_n.jpg\",\"width\":1078,\"height\":1079,\"caption\":\"Wilson Santos\"},\"logo\":{\"@id\":\"https:\/\/wilsonsantosmt.com.br\/#\/schema\/person\/image\/\"},\"sameAs\":[\"http:\/\/wilsonsantosmt.com.br\",\"https:\/\/www.facebook.com\/WilsonSantosMT\/\",\"https:\/\/www.instagram.com\/wilsonsantosmt\/\",\"https:\/\/www.youtube.com\/@WilsonSantosWS\/videos\",\"https:\/\/pt.wikipedia.org\/wiki\/Wilson_Santos\"],\"honorificPrefix\":\"Sr\",\"gender\":\"masculino\",\"jobTitle\":\"Deputado Estadual\",\"worksFor\":\"Assembleia Legislativa de Mato Grosso\"},{\"@type\":\"Person\",\"@id\":\"https:\/\/wilsonsantosmt.com.br\/#\/schema\/person\/1d097ee45f526dd0455dbad8c679932c\",\"name\":\"Samantha dos Anjos\",\"image\":{\"@type\":\"ImageObject\",\"inLanguage\":\"pt-BR\",\"@id\":\"https:\/\/wilsonsantosmt.com.br\/#\/schema\/person\/image\/\",\"url\":\"https:\/\/secure.gravatar.com\/avatar\/7d8d0b6dd67d134a9fa841bee90c57c7?s=96&d=mm&r=g\",\"contentUrl\":\"https:\/\/secure.gravatar.com\/avatar\/7d8d0b6dd67d134a9fa841bee90c57c7?s=96&d=mm&r=g\",\"caption\":\"Samantha dos Anjos\"},\"url\":\"https:\/\/wilsonsantosmt.com.br\/index.php\/author\/samantha-dos-anjos\/\"}]}<\/script>\n<!-- \/ Yoast SEO Premium plugin. -->","yoast_head_json":{"title":"Wilson Santos destina emenda e impulsiona projetos que fortalecem a cultura tradicional de MT - wilsonsantosmt.com.br","robots":{"index":"index","follow":"follow","max-snippet":"max-snippet:-1","max-image-preview":"max-image-preview:large","max-video-preview":"max-video-preview:-1"},"canonical":"https:\/\/wilsonsantosmt.com.br\/index.php\/2025\/05\/16\/wilson-santos-destina-emenda-e-impulsiona-projetos-que-fortalecem-a-cultura-tradicional-de-mt\/","og_locale":"pt_BR","og_type":"article","og_title":"Wilson Santos destina emenda e impulsiona projetos que fortalecem a cultura tradicional de MT","og_description":"Uma das bandeiras do deputado estadual Wilson Santos (PSD) \u00e9 valorizar e fortalecer a cultura tradicional de Mato Grosso. Em 2024, ele destinou uma emenda parlamentar no valor de R$ 185 mil para contribuir com os pontos culturais Flor do Campo, Siriri El\u00e9trico, S\u00e3o Gon\u00e7alo Beira Rio e Ra\u00edzes Cuiabanas. Os recursos permitiram a realiza\u00e7\u00e3o [&hellip;]","og_url":"https:\/\/wilsonsantosmt.com.br\/index.php\/2025\/05\/16\/wilson-santos-destina-emenda-e-impulsiona-projetos-que-fortalecem-a-cultura-tradicional-de-mt\/","og_site_name":"wilsonsantosmt.com.br","article_publisher":"https:\/\/www.facebook.com\/WilsonSantosMT\/","article_published_time":"2025-05-16T17:24:18+00:00","article_modified_time":"2025-05-16T17:24:19+00:00","og_image":[{"width":2560,"height":1440,"url":"http:\/\/wilsonsantosmt.com.br\/wp-content\/uploads\/2025\/05\/WhatsApp-Image-2025-05-15-at-20.59.43-scaled.jpeg","type":"image\/jpeg"}],"author":"Samantha dos Anjos","twitter_card":"summary_large_image","twitter_misc":{"Escrito por":"Samantha dos Anjos","Est. tempo de leitura":"3 minutos"},"schema":{"@context":"https:\/\/schema.org","@graph":[{"@type":"Article","@id":"https:\/\/wilsonsantosmt.com.br\/index.php\/2025\/05\/16\/wilson-santos-destina-emenda-e-impulsiona-projetos-que-fortalecem-a-cultura-tradicional-de-mt\/#article","isPartOf":{"@id":"https:\/\/wilsonsantosmt.com.br\/index.php\/2025\/05\/16\/wilson-santos-destina-emenda-e-impulsiona-projetos-que-fortalecem-a-cultura-tradicional-de-mt\/"},"author":{"name":"Samantha dos Anjos","@id":"https:\/\/wilsonsantosmt.com.br\/#\/schema\/person\/1d097ee45f526dd0455dbad8c679932c"},"headline":"Wilson Santos destina emenda e impulsiona projetos que fortalecem a cultura tradicional de MT","datePublished":"2025-05-16T17:24:18+00:00","dateModified":"2025-05-16T17:24:19+00:00","mainEntityOfPage":{"@id":"https:\/\/wilsonsantosmt.com.br\/index.php\/2025\/05\/16\/wilson-santos-destina-emenda-e-impulsiona-projetos-que-fortalecem-a-cultura-tradicional-de-mt\/"},"wordCount":504,"publisher":{"@id":"https:\/\/wilsonsantosmt.com.br\/#\/schema\/person\/9de3c54961637a9eadb16bcbf895b1ef"},"articleSection":["Not\u00edcias"],"inLanguage":"pt-BR"},{"@type":"WebPage","@id":"https:\/\/wilsonsantosmt.com.br\/index.php\/2025\/05\/16\/wilson-santos-destina-emenda-e-impulsiona-projetos-que-fortalecem-a-cultura-tradicional-de-mt\/","url":"https:\/\/wilsonsantosmt.com.br\/index.php\/2025\/05\/16\/wilson-santos-destina-emenda-e-impulsiona-projetos-que-fortalecem-a-cultura-tradicional-de-mt\/","name":"Wilson Santos destina emenda e impulsiona projetos que fortalecem a cultura tradicional de MT - wilsonsantosmt.com.br","isPartOf":{"@id":"https:\/\/wilsonsantosmt.com.br\/#website"},"datePublished":"2025-05-16T17:24:18+00:00","dateModified":"2025-05-16T17:24:19+00:00","breadcrumb":{"@id":"https:\/\/wilsonsantosmt.com.br\/index.php\/2025\/05\/16\/wilson-santos-destina-emenda-e-impulsiona-projetos-que-fortalecem-a-cultura-tradicional-de-mt\/#breadcrumb"},"inLanguage":"pt-BR","potentialAction":[{"@type":"ReadAction","target":["https:\/\/wilsonsantosmt.com.br\/index.php\/2025\/05\/16\/wilson-santos-destina-emenda-e-impulsiona-projetos-que-fortalecem-a-cultura-tradicional-de-mt\/"]}]},{"@type":"BreadcrumbList","@id":"https:\/\/wilsonsantosmt.com.br\/index.php\/2025\/05\/16\/wilson-santos-destina-emenda-e-impulsiona-projetos-que-fortalecem-a-cultura-tradicional-de-mt\/#breadcrumb","itemListElement":[{"@type":"ListItem","position":1,"name":"In\u00edcio","item":"https:\/\/wilsonsantosmt.com.br\/"},{"@type":"ListItem","position":2,"name":"Not\u00edcias","item":"https:\/\/wilsonsantosmt.com.br\/index.php\/category\/noticias\/"},{"@type":"ListItem","position":3,"name":"Wilson Santos destina emenda e impulsiona projetos que fortalecem a cultura tradicional de MT"}]},{"@type":"WebSite","@id":"https:\/\/wilsonsantosmt.com.br\/#website","url":"https:\/\/wilsonsantosmt.com.br\/","name":"wilsonsantosmt.com.br","description":"","publisher":{"@id":"https:\/\/wilsonsantosmt.com.br\/#\/schema\/person\/9de3c54961637a9eadb16bcbf895b1ef"},"potentialAction":[{"@type":"SearchAction","target":{"@type":"EntryPoint","urlTemplate":"https:\/\/wilsonsantosmt.com.br\/?s={search_term_string}"},"query-input":"required name=search_term_string"}],"inLanguage":"pt-BR"},{"@type":["Person","Organization"],"@id":"https:\/\/wilsonsantosmt.com.br\/#\/schema\/person\/9de3c54961637a9eadb16bcbf895b1ef","name":"Wilson Santos","image":{"@type":"ImageObject","inLanguage":"pt-BR","@id":"https:\/\/wilsonsantosmt.com.br\/#\/schema\/person\/image\/","url":"https:\/\/wilsonsantosmt.com.br\/wp-content\/uploads\/2023\/11\/310828673_653254583023360_8795459643194608438_n.jpg","contentUrl":"https:\/\/wilsonsantosmt.com.br\/wp-content\/uploads\/2023\/11\/310828673_653254583023360_8795459643194608438_n.jpg","width":1078,"height":1079,"caption":"Wilson Santos"},"logo":{"@id":"https:\/\/wilsonsantosmt.com.br\/#\/schema\/person\/image\/"},"sameAs":["http:\/\/wilsonsantosmt.com.br","https:\/\/www.facebook.com\/WilsonSantosMT\/","https:\/\/www.instagram.com\/wilsonsantosmt\/","https:\/\/www.youtube.com\/@WilsonSantosWS\/videos","https:\/\/pt.wikipedia.org\/wiki\/Wilson_Santos"],"honorificPrefix":"Sr","gender":"masculino","jobTitle":"Deputado Estadual","worksFor":"Assembleia Legislativa de Mato Grosso"},{"@type":"Person","@id":"https:\/\/wilsonsantosmt.com.br\/#\/schema\/person\/1d097ee45f526dd0455dbad8c679932c","name":"Samantha dos Anjos","image":{"@type":"ImageObject","inLanguage":"pt-BR","@id":"https:\/\/wilsonsantosmt.com.br\/#\/schema\/person\/image\/","url":"https:\/\/secure.gravatar.com\/avatar\/7d8d0b6dd67d134a9fa841bee90c57c7?s=96&d=mm&r=g","contentUrl":"https:\/\/secure.gravatar.com\/avatar\/7d8d0b6dd67d134a9fa841bee90c57c7?s=96&d=mm&r=g","caption":"Samantha dos Anjos"},"url":"https:\/\/wilsonsantosmt.com.br\/index.php\/author\/samantha-dos-anjos\/"}]}},"_links":{"self":[{"href":"https:\/\/wilsonsantosmt.com.br\/index.php\/wp-json\/wp\/v2\/posts\/1539"}],"collection":[{"href":"https:\/\/wilsonsantosmt.com.br\/index.php\/wp-json\/wp\/v2\/posts"}],"about":[{"href":"https:\/\/wilsonsantosmt.com.br\/index.php\/wp-json\/wp\/v2\/types\/post"}],"author":[{"embeddable":true,"href":"https:\/\/wilsonsantosmt.com.br\/index.php\/wp-json\/wp\/v2\/users\/4"}],"replies":[{"embeddable":true,"href":"https:\/\/wilsonsantosmt.com.br\/index.php\/wp-json\/wp\/v2\/comments?post=1539"}],"version-history":[{"count":1,"href":"https:\/\/wilsonsantosmt.com.br\/index.php\/wp-json\/wp\/v2\/posts\/1539\/revisions"}],"predecessor-version":[{"id":1541,"href":"https:\/\/wilsonsantosmt.com.br\/index.php\/wp-json\/wp\/v2\/posts\/1539\/revisions\/1541"}],"wp:featuredmedia":[{"embeddable":true,"href":"https:\/\/wilsonsantosmt.com.br\/index.php\/wp-json\/wp\/v2\/media\/1540"}],"wp:attachment":[{"href":"https:\/\/wilsonsantosmt.com.br\/index.php\/wp-json\/wp\/v2\/media?parent=1539"}],"wp:term":[{"taxonomy":"category","embeddable":true,"href":"https:\/\/wilsonsantosmt.com.br\/index.php\/wp-json\/wp\/v2\/categories?post=1539"},{"taxonomy":"post_tag","embeddable":true,"href":"https:\/\/wilsonsantosmt.com.br\/index.php\/wp-json\/wp\/v2\/tags?post=1539"}],"curies":[{"name":"wp","href":"https:\/\/api.w.org\/{rel}","templated":true}]}}