{"id":1543,"date":"2025-05-19T16:51:44","date_gmt":"2025-05-19T20:51:44","guid":{"rendered":"https:\/\/wilsonsantosmt.com.br\/?p=1543"},"modified":"2025-05-19T17:04:59","modified_gmt":"2025-05-19T21:04:59","slug":"recurso-parado-l-wilson-santos-cobra-stf-por-urgencia-no-julgamento-da-lei-da-pesca","status":"publish","type":"post","link":"https:\/\/wilsonsantosmt.com.br\/index.php\/2025\/05\/19\/recurso-parado-l-wilson-santos-cobra-stf-por-urgencia-no-julgamento-da-lei-da-pesca\/","title":{"rendered":"RECURSO PARADO: Wilson Santos cobra STF por urg\u00eancia no julgamento da Lei da Pesca"},"content":{"rendered":"\n<p><\/p>\n\n\n\n<p>O deputado estadual Wilson Santos (PSD) apresentou a indica\u00e7\u00e3o <a href=\"https:\/\/www.al.mt.gov.br\/storage\/webdisco\/cp\/20250513164132130600.pdf\">n\u00ba 2.932\/2025<\/a>, na \u00faltima quarta-feira (14), durante sess\u00e3o plen\u00e1ria na Assembleia Legislativa, solicitando ao presidente do Supremo Tribunal Federal (STF), ministro Lu\u00eds Roberto Barroso, que paute com urg\u00eancia o julgamento das A\u00e7\u00f5es Diretas de Inconstitucionalidade (ADIs) n\u00ba 7.471, 7.514 e 7.590, protocoladas pelo MDB, PSD e pela Confedera\u00e7\u00e3o Nacional dos Pescadores e Aquicultores (CNPA).<\/p>\n\n\n\n<p>Desde julho de 2024, o relator das a\u00e7\u00f5es, ministro Andr\u00e9 Mendon\u00e7a, n\u00e3o se manifestou sobre o recurso que pede a suspens\u00e3o dos efeitos da Lei <a href=\"https:\/\/www.al.mt.gov.br\/norma-juridica\/urn:lex:br;mato.grosso:estadual:lei.ordinaria:2024-03-01;12434\">n\u00ba 12.434\/2024<\/a>, que estabelece diretrizes para a Pol\u00edtica da Pesca em Mato Grosso. Segundo o parlamentar, o Minist\u00e9rio P\u00fablico Federal (MPF), a Defensoria P\u00fablica da Uni\u00e3o (DPU) e a Advocacia-Geral da Uni\u00e3o (AGU) j\u00e1 se posicionaram contra a norma e mais de dez entidades ligadas \u00e0 prote\u00e7\u00e3o ambiental e \u00e0 ictiofauna tamb\u00e9m se disponibilizaram para contribuir com informa\u00e7\u00f5es t\u00e9cnicas ao processo.<\/p>\n\n\n\n<p>\u201cInfelizmente, o ministro Andr\u00e9 Mendon\u00e7a tem respaldo regimental para agir dessa forma absurda. Sabemos que ele votar\u00e1 contra os pescadores profissionais e artesanais de Mato Grosso. Isso \u00e9 um direito dele. O que questionamos \u00e9 o fato de manter o processo engavetado h\u00e1 cerca de dois anos, sem votar e sem permitir que os outros ministros do STF exer\u00e7am o seu direito de manifesta\u00e7\u00e3o\u201d, declarou Wilson Santos.<\/p>\n\n\n\n<p>O deputado afirma que, com a proibi\u00e7\u00e3o do transporte e comercializa\u00e7\u00e3o de 12 esp\u00e9cies de maior valor econ\u00f4mico e fundamentais para o estado, muitos pescadores &#8211; mesmo com a oferta de aux\u00edlio &#8211; querem apenas retomar a atividade, garantida pela Constitui\u00e7\u00e3o. \u201cConfundem o pescador com o predador, sendo que ele \u00e9 quem realmente protege o rio. O pescador n\u00e3o quer esmola, ele quer o direito de voltar a pescar. Isso foi tirado dele. Muitos est\u00e3o em situa\u00e7\u00e3o de miserabilidade. Criaram o Repesca, mas a maioria nem quis se cadastrar\u201d, ressaltou.<\/p>\n\n\n\n<p>Wilson tamb\u00e9m destacou que, das tr\u00eas bacias do rio Cuiab\u00e1, apenas a da Amaz\u00f4nia Mato-grossense sob a bacia do Alto Paraguai &#8211; foi objeto de estudo pela Ag\u00eancia Nacional de \u00c1guas (ANA) e da Embrapa Pantanal, o qual concluiu que o estoque de peixes est\u00e1 normal e equilibrado. \u201cNa verdade, o que realmente cresceu foi o n\u00famero de tablados e pescadores. Em um trecho de apenas 48 km, entre Santo Ant\u00f4nio de Leverger e Bar\u00e3o de Melga\u00e7o, minha equipe contou com uma m\u00e9dia de 1.100 tablados. Isso \u00e9 um absurdo! N\u00e3o h\u00e1 fiscaliza\u00e7\u00e3o efetiva e muita gente age fora da lei\u201d, criticou o deputado. Enquanto o STF n\u00e3o julga as tr\u00eas ADIs, ainda sem data marcada, milhares de &nbsp;pescadores mato-grossenses, al\u00e9m de comerciantes e outros profissionais que dependem da pesca artesanal e tradicional, seguem sem uma resposta definitiva.<\/p>\n\n\n\n<p><\/p>\n","protected":false},"excerpt":{"rendered":"<p>O deputado estadual Wilson Santos (PSD) apresentou a indica\u00e7\u00e3o n\u00ba 2.932\/2025, na \u00faltima quarta-feira (14), durante sess\u00e3o plen\u00e1ria na Assembleia Legislativa, solicitando ao presidente do Supremo Tribunal Federal (STF), ministro Lu\u00eds Roberto Barroso, que paute com urg\u00eancia o julgamento das A\u00e7\u00f5es Diretas de Inconstitucionalidade (ADIs) n\u00ba 7.471, 7.514 e 7.590, protocoladas pelo MDB, PSD e [&hellip;]<\/p>\n","protected":false},"author":4,"featured_media":1544,"comment_status":"closed","ping_status":"open","sticky":false,"template":"","format":"standard","meta":{"footnotes":""},"categories":[13],"tags":[],"yoast_head":"<!-- This site is optimized with the Yoast SEO Premium plugin v21.5 (Yoast SEO v21.4) - https:\/\/yoast.com\/wordpress\/plugins\/seo\/ -->\n<title>RECURSO PARADO: Wilson Santos cobra STF por urg\u00eancia no julgamento da Lei da Pesca - wilsonsantosmt.com.br<\/title>\n<meta name=\"robots\" content=\"index, follow, max-snippet:-1, max-image-preview:large, max-video-preview:-1\" \/>\n<link rel=\"canonical\" href=\"https:\/\/wilsonsantosmt.com.br\/index.php\/2025\/05\/19\/recurso-parado-l-wilson-santos-cobra-stf-por-urgencia-no-julgamento-da-lei-da-pesca\/\" \/>\n<meta property=\"og:locale\" content=\"pt_BR\" \/>\n<meta property=\"og:type\" content=\"article\" \/>\n<meta property=\"og:title\" content=\"RECURSO PARADO: Wilson Santos cobra STF por urg\u00eancia no julgamento da Lei da Pesca\" \/>\n<meta property=\"og:description\" content=\"O deputado estadual Wilson Santos (PSD) apresentou a indica\u00e7\u00e3o n\u00ba 2.932\/2025, na \u00faltima quarta-feira (14), durante sess\u00e3o plen\u00e1ria na Assembleia Legislativa, solicitando ao presidente do Supremo Tribunal Federal (STF), ministro Lu\u00eds Roberto Barroso, que paute com urg\u00eancia o julgamento das A\u00e7\u00f5es Diretas de Inconstitucionalidade (ADIs) n\u00ba 7.471, 7.514 e 7.590, protocoladas pelo MDB, PSD e [&hellip;]\" \/>\n<meta property=\"og:url\" content=\"https:\/\/wilsonsantosmt.com.br\/index.php\/2025\/05\/19\/recurso-parado-l-wilson-santos-cobra-stf-por-urgencia-no-julgamento-da-lei-da-pesca\/\" \/>\n<meta property=\"og:site_name\" content=\"wilsonsantosmt.com.br\" \/>\n<meta property=\"article:publisher\" content=\"https:\/\/www.facebook.com\/WilsonSantosMT\/\" \/>\n<meta property=\"article:published_time\" content=\"2025-05-19T20:51:44+00:00\" \/>\n<meta property=\"article:modified_time\" content=\"2025-05-19T21:04:59+00:00\" \/>\n<meta property=\"og:image\" content=\"http:\/\/wilsonsantosmt.com.br\/wp-content\/uploads\/2025\/05\/9fcee9bd147a4c0c961b1816e199ade96824e02af2ad7.jpg\" \/>\n\t<meta property=\"og:image:width\" content=\"1600\" \/>\n\t<meta property=\"og:image:height\" content=\"1066\" \/>\n\t<meta property=\"og:image:type\" content=\"image\/jpeg\" \/>\n<meta name=\"author\" content=\"Samantha dos Anjos\" \/>\n<meta name=\"twitter:card\" content=\"summary_large_image\" \/>\n<meta name=\"twitter:label1\" content=\"Escrito por\" \/>\n\t<meta name=\"twitter:data1\" content=\"Samantha dos Anjos\" \/>\n\t<meta name=\"twitter:label2\" content=\"Est. tempo de leitura\" \/>\n\t<meta name=\"twitter:data2\" content=\"3 minutos\" \/>\n<script type=\"application\/ld+json\" class=\"yoast-schema-graph\">{\"@context\":\"https:\/\/schema.org\",\"@graph\":[{\"@type\":\"Article\",\"@id\":\"https:\/\/wilsonsantosmt.com.br\/index.php\/2025\/05\/19\/recurso-parado-l-wilson-santos-cobra-stf-por-urgencia-no-julgamento-da-lei-da-pesca\/#article\",\"isPartOf\":{\"@id\":\"https:\/\/wilsonsantosmt.com.br\/index.php\/2025\/05\/19\/recurso-parado-l-wilson-santos-cobra-stf-por-urgencia-no-julgamento-da-lei-da-pesca\/\"},\"author\":{\"name\":\"Samantha dos Anjos\",\"@id\":\"https:\/\/wilsonsantosmt.com.br\/#\/schema\/person\/1d097ee45f526dd0455dbad8c679932c\"},\"headline\":\"RECURSO PARADO: Wilson Santos cobra STF por urg\u00eancia no julgamento da Lei da Pesca\",\"datePublished\":\"2025-05-19T20:51:44+00:00\",\"dateModified\":\"2025-05-19T21:04:59+00:00\",\"mainEntityOfPage\":{\"@id\":\"https:\/\/wilsonsantosmt.com.br\/index.php\/2025\/05\/19\/recurso-parado-l-wilson-santos-cobra-stf-por-urgencia-no-julgamento-da-lei-da-pesca\/\"},\"wordCount\":491,\"publisher\":{\"@id\":\"https:\/\/wilsonsantosmt.com.br\/#\/schema\/person\/9de3c54961637a9eadb16bcbf895b1ef\"},\"articleSection\":[\"Not\u00edcias\"],\"inLanguage\":\"pt-BR\"},{\"@type\":\"WebPage\",\"@id\":\"https:\/\/wilsonsantosmt.com.br\/index.php\/2025\/05\/19\/recurso-parado-l-wilson-santos-cobra-stf-por-urgencia-no-julgamento-da-lei-da-pesca\/\",\"url\":\"https:\/\/wilsonsantosmt.com.br\/index.php\/2025\/05\/19\/recurso-parado-l-wilson-santos-cobra-stf-por-urgencia-no-julgamento-da-lei-da-pesca\/\",\"name\":\"RECURSO PARADO: Wilson Santos cobra STF por urg\u00eancia no julgamento da Lei da Pesca - wilsonsantosmt.com.br\",\"isPartOf\":{\"@id\":\"https:\/\/wilsonsantosmt.com.br\/#website\"},\"datePublished\":\"2025-05-19T20:51:44+00:00\",\"dateModified\":\"2025-05-19T21:04:59+00:00\",\"breadcrumb\":{\"@id\":\"https:\/\/wilsonsantosmt.com.br\/index.php\/2025\/05\/19\/recurso-parado-l-wilson-santos-cobra-stf-por-urgencia-no-julgamento-da-lei-da-pesca\/#breadcrumb\"},\"inLanguage\":\"pt-BR\",\"potentialAction\":[{\"@type\":\"ReadAction\",\"target\":[\"https:\/\/wilsonsantosmt.com.br\/index.php\/2025\/05\/19\/recurso-parado-l-wilson-santos-cobra-stf-por-urgencia-no-julgamento-da-lei-da-pesca\/\"]}]},{\"@type\":\"BreadcrumbList\",\"@id\":\"https:\/\/wilsonsantosmt.com.br\/index.php\/2025\/05\/19\/recurso-parado-l-wilson-santos-cobra-stf-por-urgencia-no-julgamento-da-lei-da-pesca\/#breadcrumb\",\"itemListElement\":[{\"@type\":\"ListItem\",\"position\":1,\"name\":\"In\u00edcio\",\"item\":\"https:\/\/wilsonsantosmt.com.br\/\"},{\"@type\":\"ListItem\",\"position\":2,\"name\":\"Not\u00edcias\",\"item\":\"https:\/\/wilsonsantosmt.com.br\/index.php\/category\/noticias\/\"},{\"@type\":\"ListItem\",\"position\":3,\"name\":\"RECURSO PARADO: Wilson Santos cobra STF por urg\u00eancia no julgamento da Lei da Pesca\"}]},{\"@type\":\"WebSite\",\"@id\":\"https:\/\/wilsonsantosmt.com.br\/#website\",\"url\":\"https:\/\/wilsonsantosmt.com.br\/\",\"name\":\"wilsonsantosmt.com.br\",\"description\":\"\",\"publisher\":{\"@id\":\"https:\/\/wilsonsantosmt.com.br\/#\/schema\/person\/9de3c54961637a9eadb16bcbf895b1ef\"},\"potentialAction\":[{\"@type\":\"SearchAction\",\"target\":{\"@type\":\"EntryPoint\",\"urlTemplate\":\"https:\/\/wilsonsantosmt.com.br\/?s={search_term_string}\"},\"query-input\":\"required name=search_term_string\"}],\"inLanguage\":\"pt-BR\"},{\"@type\":[\"Person\",\"Organization\"],\"@id\":\"https:\/\/wilsonsantosmt.com.br\/#\/schema\/person\/9de3c54961637a9eadb16bcbf895b1ef\",\"name\":\"Wilson Santos\",\"image\":{\"@type\":\"ImageObject\",\"inLanguage\":\"pt-BR\",\"@id\":\"https:\/\/wilsonsantosmt.com.br\/#\/schema\/person\/image\/\",\"url\":\"https:\/\/wilsonsantosmt.com.br\/wp-content\/uploads\/2023\/11\/310828673_653254583023360_8795459643194608438_n.jpg\",\"contentUrl\":\"https:\/\/wilsonsantosmt.com.br\/wp-content\/uploads\/2023\/11\/310828673_653254583023360_8795459643194608438_n.jpg\",\"width\":1078,\"height\":1079,\"caption\":\"Wilson Santos\"},\"logo\":{\"@id\":\"https:\/\/wilsonsantosmt.com.br\/#\/schema\/person\/image\/\"},\"sameAs\":[\"http:\/\/wilsonsantosmt.com.br\",\"https:\/\/www.facebook.com\/WilsonSantosMT\/\",\"https:\/\/www.instagram.com\/wilsonsantosmt\/\",\"https:\/\/www.youtube.com\/@WilsonSantosWS\/videos\",\"https:\/\/pt.wikipedia.org\/wiki\/Wilson_Santos\"],\"honorificPrefix\":\"Sr\",\"gender\":\"masculino\",\"jobTitle\":\"Deputado Estadual\",\"worksFor\":\"Assembleia Legislativa de Mato Grosso\"},{\"@type\":\"Person\",\"@id\":\"https:\/\/wilsonsantosmt.com.br\/#\/schema\/person\/1d097ee45f526dd0455dbad8c679932c\",\"name\":\"Samantha dos Anjos\",\"image\":{\"@type\":\"ImageObject\",\"inLanguage\":\"pt-BR\",\"@id\":\"https:\/\/wilsonsantosmt.com.br\/#\/schema\/person\/image\/\",\"url\":\"https:\/\/secure.gravatar.com\/avatar\/7d8d0b6dd67d134a9fa841bee90c57c7?s=96&d=mm&r=g\",\"contentUrl\":\"https:\/\/secure.gravatar.com\/avatar\/7d8d0b6dd67d134a9fa841bee90c57c7?s=96&d=mm&r=g\",\"caption\":\"Samantha dos Anjos\"},\"url\":\"https:\/\/wilsonsantosmt.com.br\/index.php\/author\/samantha-dos-anjos\/\"}]}<\/script>\n<!-- \/ Yoast SEO Premium plugin. -->","yoast_head_json":{"title":"RECURSO PARADO: Wilson Santos cobra STF por urg\u00eancia no julgamento da Lei da Pesca - wilsonsantosmt.com.br","robots":{"index":"index","follow":"follow","max-snippet":"max-snippet:-1","max-image-preview":"max-image-preview:large","max-video-preview":"max-video-preview:-1"},"canonical":"https:\/\/wilsonsantosmt.com.br\/index.php\/2025\/05\/19\/recurso-parado-l-wilson-santos-cobra-stf-por-urgencia-no-julgamento-da-lei-da-pesca\/","og_locale":"pt_BR","og_type":"article","og_title":"RECURSO PARADO: Wilson Santos cobra STF por urg\u00eancia no julgamento da Lei da Pesca","og_description":"O deputado estadual Wilson Santos (PSD) apresentou a indica\u00e7\u00e3o n\u00ba 2.932\/2025, na \u00faltima quarta-feira (14), durante sess\u00e3o plen\u00e1ria na Assembleia Legislativa, solicitando ao presidente do Supremo Tribunal Federal (STF), ministro Lu\u00eds Roberto Barroso, que paute com urg\u00eancia o julgamento das A\u00e7\u00f5es Diretas de Inconstitucionalidade (ADIs) n\u00ba 7.471, 7.514 e 7.590, protocoladas pelo MDB, PSD e [&hellip;]","og_url":"https:\/\/wilsonsantosmt.com.br\/index.php\/2025\/05\/19\/recurso-parado-l-wilson-santos-cobra-stf-por-urgencia-no-julgamento-da-lei-da-pesca\/","og_site_name":"wilsonsantosmt.com.br","article_publisher":"https:\/\/www.facebook.com\/WilsonSantosMT\/","article_published_time":"2025-05-19T20:51:44+00:00","article_modified_time":"2025-05-19T21:04:59+00:00","og_image":[{"width":1600,"height":1066,"url":"http:\/\/wilsonsantosmt.com.br\/wp-content\/uploads\/2025\/05\/9fcee9bd147a4c0c961b1816e199ade96824e02af2ad7.jpg","type":"image\/jpeg"}],"author":"Samantha dos Anjos","twitter_card":"summary_large_image","twitter_misc":{"Escrito por":"Samantha dos Anjos","Est. tempo de leitura":"3 minutos"},"schema":{"@context":"https:\/\/schema.org","@graph":[{"@type":"Article","@id":"https:\/\/wilsonsantosmt.com.br\/index.php\/2025\/05\/19\/recurso-parado-l-wilson-santos-cobra-stf-por-urgencia-no-julgamento-da-lei-da-pesca\/#article","isPartOf":{"@id":"https:\/\/wilsonsantosmt.com.br\/index.php\/2025\/05\/19\/recurso-parado-l-wilson-santos-cobra-stf-por-urgencia-no-julgamento-da-lei-da-pesca\/"},"author":{"name":"Samantha dos Anjos","@id":"https:\/\/wilsonsantosmt.com.br\/#\/schema\/person\/1d097ee45f526dd0455dbad8c679932c"},"headline":"RECURSO PARADO: Wilson Santos cobra STF por urg\u00eancia no julgamento da Lei da Pesca","datePublished":"2025-05-19T20:51:44+00:00","dateModified":"2025-05-19T21:04:59+00:00","mainEntityOfPage":{"@id":"https:\/\/wilsonsantosmt.com.br\/index.php\/2025\/05\/19\/recurso-parado-l-wilson-santos-cobra-stf-por-urgencia-no-julgamento-da-lei-da-pesca\/"},"wordCount":491,"publisher":{"@id":"https:\/\/wilsonsantosmt.com.br\/#\/schema\/person\/9de3c54961637a9eadb16bcbf895b1ef"},"articleSection":["Not\u00edcias"],"inLanguage":"pt-BR"},{"@type":"WebPage","@id":"https:\/\/wilsonsantosmt.com.br\/index.php\/2025\/05\/19\/recurso-parado-l-wilson-santos-cobra-stf-por-urgencia-no-julgamento-da-lei-da-pesca\/","url":"https:\/\/wilsonsantosmt.com.br\/index.php\/2025\/05\/19\/recurso-parado-l-wilson-santos-cobra-stf-por-urgencia-no-julgamento-da-lei-da-pesca\/","name":"RECURSO PARADO: Wilson Santos cobra STF por urg\u00eancia no julgamento da Lei da Pesca - wilsonsantosmt.com.br","isPartOf":{"@id":"https:\/\/wilsonsantosmt.com.br\/#website"},"datePublished":"2025-05-19T20:51:44+00:00","dateModified":"2025-05-19T21:04:59+00:00","breadcrumb":{"@id":"https:\/\/wilsonsantosmt.com.br\/index.php\/2025\/05\/19\/recurso-parado-l-wilson-santos-cobra-stf-por-urgencia-no-julgamento-da-lei-da-pesca\/#breadcrumb"},"inLanguage":"pt-BR","potentialAction":[{"@type":"ReadAction","target":["https:\/\/wilsonsantosmt.com.br\/index.php\/2025\/05\/19\/recurso-parado-l-wilson-santos-cobra-stf-por-urgencia-no-julgamento-da-lei-da-pesca\/"]}]},{"@type":"BreadcrumbList","@id":"https:\/\/wilsonsantosmt.com.br\/index.php\/2025\/05\/19\/recurso-parado-l-wilson-santos-cobra-stf-por-urgencia-no-julgamento-da-lei-da-pesca\/#breadcrumb","itemListElement":[{"@type":"ListItem","position":1,"name":"In\u00edcio","item":"https:\/\/wilsonsantosmt.com.br\/"},{"@type":"ListItem","position":2,"name":"Not\u00edcias","item":"https:\/\/wilsonsantosmt.com.br\/index.php\/category\/noticias\/"},{"@type":"ListItem","position":3,"name":"RECURSO PARADO: Wilson Santos cobra STF por urg\u00eancia no julgamento da Lei da Pesca"}]},{"@type":"WebSite","@id":"https:\/\/wilsonsantosmt.com.br\/#website","url":"https:\/\/wilsonsantosmt.com.br\/","name":"wilsonsantosmt.com.br","description":"","publisher":{"@id":"https:\/\/wilsonsantosmt.com.br\/#\/schema\/person\/9de3c54961637a9eadb16bcbf895b1ef"},"potentialAction":[{"@type":"SearchAction","target":{"@type":"EntryPoint","urlTemplate":"https:\/\/wilsonsantosmt.com.br\/?s={search_term_string}"},"query-input":"required name=search_term_string"}],"inLanguage":"pt-BR"},{"@type":["Person","Organization"],"@id":"https:\/\/wilsonsantosmt.com.br\/#\/schema\/person\/9de3c54961637a9eadb16bcbf895b1ef","name":"Wilson Santos","image":{"@type":"ImageObject","inLanguage":"pt-BR","@id":"https:\/\/wilsonsantosmt.com.br\/#\/schema\/person\/image\/","url":"https:\/\/wilsonsantosmt.com.br\/wp-content\/uploads\/2023\/11\/310828673_653254583023360_8795459643194608438_n.jpg","contentUrl":"https:\/\/wilsonsantosmt.com.br\/wp-content\/uploads\/2023\/11\/310828673_653254583023360_8795459643194608438_n.jpg","width":1078,"height":1079,"caption":"Wilson Santos"},"logo":{"@id":"https:\/\/wilsonsantosmt.com.br\/#\/schema\/person\/image\/"},"sameAs":["http:\/\/wilsonsantosmt.com.br","https:\/\/www.facebook.com\/WilsonSantosMT\/","https:\/\/www.instagram.com\/wilsonsantosmt\/","https:\/\/www.youtube.com\/@WilsonSantosWS\/videos","https:\/\/pt.wikipedia.org\/wiki\/Wilson_Santos"],"honorificPrefix":"Sr","gender":"masculino","jobTitle":"Deputado Estadual","worksFor":"Assembleia Legislativa de Mato Grosso"},{"@type":"Person","@id":"https:\/\/wilsonsantosmt.com.br\/#\/schema\/person\/1d097ee45f526dd0455dbad8c679932c","name":"Samantha dos Anjos","image":{"@type":"ImageObject","inLanguage":"pt-BR","@id":"https:\/\/wilsonsantosmt.com.br\/#\/schema\/person\/image\/","url":"https:\/\/secure.gravatar.com\/avatar\/7d8d0b6dd67d134a9fa841bee90c57c7?s=96&d=mm&r=g","contentUrl":"https:\/\/secure.gravatar.com\/avatar\/7d8d0b6dd67d134a9fa841bee90c57c7?s=96&d=mm&r=g","caption":"Samantha dos Anjos"},"url":"https:\/\/wilsonsantosmt.com.br\/index.php\/author\/samantha-dos-anjos\/"}]}},"_links":{"self":[{"href":"https:\/\/wilsonsantosmt.com.br\/index.php\/wp-json\/wp\/v2\/posts\/1543"}],"collection":[{"href":"https:\/\/wilsonsantosmt.com.br\/index.php\/wp-json\/wp\/v2\/posts"}],"about":[{"href":"https:\/\/wilsonsantosmt.com.br\/index.php\/wp-json\/wp\/v2\/types\/post"}],"author":[{"embeddable":true,"href":"https:\/\/wilsonsantosmt.com.br\/index.php\/wp-json\/wp\/v2\/users\/4"}],"replies":[{"embeddable":true,"href":"https:\/\/wilsonsantosmt.com.br\/index.php\/wp-json\/wp\/v2\/comments?post=1543"}],"version-history":[{"count":2,"href":"https:\/\/wilsonsantosmt.com.br\/index.php\/wp-json\/wp\/v2\/posts\/1543\/revisions"}],"predecessor-version":[{"id":1546,"href":"https:\/\/wilsonsantosmt.com.br\/index.php\/wp-json\/wp\/v2\/posts\/1543\/revisions\/1546"}],"wp:featuredmedia":[{"embeddable":true,"href":"https:\/\/wilsonsantosmt.com.br\/index.php\/wp-json\/wp\/v2\/media\/1544"}],"wp:attachment":[{"href":"https:\/\/wilsonsantosmt.com.br\/index.php\/wp-json\/wp\/v2\/media?parent=1543"}],"wp:term":[{"taxonomy":"category","embeddable":true,"href":"https:\/\/wilsonsantosmt.com.br\/index.php\/wp-json\/wp\/v2\/categories?post=1543"},{"taxonomy":"post_tag","embeddable":true,"href":"https:\/\/wilsonsantosmt.com.br\/index.php\/wp-json\/wp\/v2\/tags?post=1543"}],"curies":[{"name":"wp","href":"https:\/\/api.w.org\/{rel}","templated":true}]}}