{"id":1547,"date":"2025-05-26T09:38:02","date_gmt":"2025-05-26T13:38:02","guid":{"rendered":"https:\/\/wilsonsantosmt.com.br\/?p=1547"},"modified":"2025-05-26T09:38:04","modified_gmt":"2025-05-26T13:38:04","slug":"wilson-santos-destaca-programa-solo-vivo-que-vai-fomentar-a-cadeia-produtiva-de-mt","status":"publish","type":"post","link":"https:\/\/wilsonsantosmt.com.br\/index.php\/2025\/05\/26\/wilson-santos-destaca-programa-solo-vivo-que-vai-fomentar-a-cadeia-produtiva-de-mt\/","title":{"rendered":"Wilson Santos destaca programa \u201cSolo Vivo\u201d que vai fomentar a cadeia produtiva de MT"},"content":{"rendered":"\n<p><\/p>\n\n\n\n<p>O deputado estadual Wilson Santos (PSD) prestigiou, no \u00faltimo s\u00e1bado (24), no assentamento Santo Ant\u00f4nio da Fartura, em Campo Verde, a solenidade de lan\u00e7amento do programa Solo Vivo, uma importante iniciativa do Governo Federal voltada para a recupera\u00e7\u00e3o de \u00e1reas degradadas e o fortalecimento da agricultura familiar. O evento contou com a presen\u00e7a do presidente Luiz In\u00e1cio Lula da Silva, do governador Mauro Mendes (Uni\u00e3o), do ministro da Agricultura e Pecu\u00e1ria (MAPA), Carlos F\u00e1varo, representantes de entidades p\u00fablicas, al\u00e9m de outras lideran\u00e7as pol\u00edticas do Estado.<\/p>\n\n\n\n<p>\u201cMato Grosso recebe o programa Solo Vivo para fortalecer a nossa cadeia produtiva. Essa \u00e9 a oportunidade para mudar a cara da reforma agr\u00e1ria. Eu fiz quest\u00e3o de prestigiar este evento e torcer para que n\u00e3o s\u00f3 beneficie esses dez assentamentos do Estado, como, tamb\u00e9m, d\u00ea certo para alcan\u00e7ar outras regi\u00f5es em todo pa\u00eds. Foi um dia hist\u00f3rico para a reforma agr\u00e1ria, onde o solo ser\u00e1 corrigido e permitir\u00e1 o aumento da produtividade do trabalhador do campo, gerando renda e levando o alimento de qualidade na mesa do cidad\u00e3o. Esses investimentos chegam em boa hora para quem vive da terra\u201d, posicionou o parlamentar.<\/p>\n\n\n\n<p>Conhecedor das dificuldades enfrentadas por agricultores familiares, Wilson tem acompanhado de perto os avan\u00e7os e os desafios dos assentamentos mato-grossenses desde o in\u00edcio de sua trajet\u00f3ria pol\u00edtica. Ele ressaltou a import\u00e2ncia de pol\u00edticas p\u00fablicas que incentivem a perman\u00eancia das fam\u00edlias no campo. \u201cA sucess\u00e3o rural passa necessariamente por condi\u00e7\u00f5es de trabalho adequadas. Quando o jovem v\u00ea que \u00e9 poss\u00edvel produzir com dignidade, ele permanece no campo e d\u00e1 continuidade ao legado da fam\u00edlia\u201d, comenta.<\/p>\n\n\n\n<p>Durante a cerim\u00f4nia, o presidente Lula oficializou a entrega de maquin\u00e1rios agr\u00edcolas &#8211; p\u00e1 carregadeira, dois tratores, uma calcareadeira e duas grades aradoras por munic\u00edpio contemplado &#8211; e anunciou investimentos voltados ao aumento da produtividade nos assentamentos rurais. Em Mato Grosso, dez assentamentos ser\u00e3o contemplados nesta primeira etapa, em que o Governo Federal destinar\u00e1 R$ 42,8 milh\u00f5es ao programa para atender os munic\u00edpios de Campo Verde, Alto Araguaia, Pocon\u00e9, Ros\u00e1rio Oeste, Barra do Bugres, S\u00e3o F\u00e9lix do Araguaia, Matup\u00e1, Ju\u00edna, Pontes e Lacerda e S\u00e3o Jos\u00e9 dos Quatro Marcos.<\/p>\n\n\n\n<p>O programa Solo Vivo envolver\u00e1 a parceria do MAPA, do Instituto Federal de Educa\u00e7\u00e3o, Ci\u00eancia e Tecnologia de Mato Grosso (IFMT), da Federa\u00e7\u00e3o dos Trabalhadores da Agricultura de Mato Grosso (Fetagri) e da Funda\u00e7\u00e3o de Apoio ao Desenvolvimento do IFMT (FNADIF).<\/p>\n","protected":false},"excerpt":{"rendered":"<p>O deputado estadual Wilson Santos (PSD) prestigiou, no \u00faltimo s\u00e1bado (24), no assentamento Santo Ant\u00f4nio da Fartura, em Campo Verde, a solenidade de lan\u00e7amento do programa Solo Vivo, uma importante iniciativa do Governo Federal voltada para a recupera\u00e7\u00e3o de \u00e1reas degradadas e o fortalecimento da agricultura familiar. O evento contou com a presen\u00e7a do presidente [&hellip;]<\/p>\n","protected":false},"author":4,"featured_media":1549,"comment_status":"closed","ping_status":"open","sticky":false,"template":"","format":"standard","meta":{"footnotes":""},"categories":[13],"tags":[],"yoast_head":"<!-- This site is optimized with the Yoast SEO Premium plugin v21.5 (Yoast SEO v21.4) - https:\/\/yoast.com\/wordpress\/plugins\/seo\/ -->\n<title>Wilson Santos destaca programa \u201cSolo Vivo\u201d que vai fomentar a cadeia produtiva de MT - wilsonsantosmt.com.br<\/title>\n<meta name=\"robots\" content=\"index, follow, max-snippet:-1, max-image-preview:large, max-video-preview:-1\" \/>\n<link rel=\"canonical\" href=\"https:\/\/wilsonsantosmt.com.br\/index.php\/2025\/05\/26\/wilson-santos-destaca-programa-solo-vivo-que-vai-fomentar-a-cadeia-produtiva-de-mt\/\" \/>\n<meta property=\"og:locale\" content=\"pt_BR\" \/>\n<meta property=\"og:type\" content=\"article\" \/>\n<meta property=\"og:title\" content=\"Wilson Santos destaca programa \u201cSolo Vivo\u201d que vai fomentar a cadeia produtiva de MT\" \/>\n<meta property=\"og:description\" content=\"O deputado estadual Wilson Santos (PSD) prestigiou, no \u00faltimo s\u00e1bado (24), no assentamento Santo Ant\u00f4nio da Fartura, em Campo Verde, a solenidade de lan\u00e7amento do programa Solo Vivo, uma importante iniciativa do Governo Federal voltada para a recupera\u00e7\u00e3o de \u00e1reas degradadas e o fortalecimento da agricultura familiar. O evento contou com a presen\u00e7a do presidente [&hellip;]\" \/>\n<meta property=\"og:url\" content=\"https:\/\/wilsonsantosmt.com.br\/index.php\/2025\/05\/26\/wilson-santos-destaca-programa-solo-vivo-que-vai-fomentar-a-cadeia-produtiva-de-mt\/\" \/>\n<meta property=\"og:site_name\" content=\"wilsonsantosmt.com.br\" \/>\n<meta property=\"article:publisher\" content=\"https:\/\/www.facebook.com\/WilsonSantosMT\/\" \/>\n<meta property=\"article:published_time\" content=\"2025-05-26T13:38:02+00:00\" \/>\n<meta property=\"article:modified_time\" content=\"2025-05-26T13:38:04+00:00\" \/>\n<meta property=\"og:image\" content=\"http:\/\/wilsonsantosmt.com.br\/wp-content\/uploads\/2025\/05\/WhatsApp-Image-2025-05-26-at-09.25.04-scaled.jpeg\" \/>\n\t<meta property=\"og:image:width\" content=\"2560\" \/>\n\t<meta property=\"og:image:height\" content=\"1440\" \/>\n\t<meta property=\"og:image:type\" content=\"image\/jpeg\" \/>\n<meta name=\"author\" content=\"Samantha dos Anjos\" \/>\n<meta name=\"twitter:card\" content=\"summary_large_image\" \/>\n<meta name=\"twitter:label1\" content=\"Escrito por\" \/>\n\t<meta name=\"twitter:data1\" content=\"Samantha dos Anjos\" \/>\n\t<meta name=\"twitter:label2\" content=\"Est. tempo de leitura\" \/>\n\t<meta name=\"twitter:data2\" content=\"3 minutos\" \/>\n<script type=\"application\/ld+json\" class=\"yoast-schema-graph\">{\"@context\":\"https:\/\/schema.org\",\"@graph\":[{\"@type\":\"Article\",\"@id\":\"https:\/\/wilsonsantosmt.com.br\/index.php\/2025\/05\/26\/wilson-santos-destaca-programa-solo-vivo-que-vai-fomentar-a-cadeia-produtiva-de-mt\/#article\",\"isPartOf\":{\"@id\":\"https:\/\/wilsonsantosmt.com.br\/index.php\/2025\/05\/26\/wilson-santos-destaca-programa-solo-vivo-que-vai-fomentar-a-cadeia-produtiva-de-mt\/\"},\"author\":{\"name\":\"Samantha dos Anjos\",\"@id\":\"https:\/\/wilsonsantosmt.com.br\/#\/schema\/person\/1d097ee45f526dd0455dbad8c679932c\"},\"headline\":\"Wilson Santos destaca programa \u201cSolo Vivo\u201d que vai fomentar a cadeia produtiva de MT\",\"datePublished\":\"2025-05-26T13:38:02+00:00\",\"dateModified\":\"2025-05-26T13:38:04+00:00\",\"mainEntityOfPage\":{\"@id\":\"https:\/\/wilsonsantosmt.com.br\/index.php\/2025\/05\/26\/wilson-santos-destaca-programa-solo-vivo-que-vai-fomentar-a-cadeia-produtiva-de-mt\/\"},\"wordCount\":454,\"publisher\":{\"@id\":\"https:\/\/wilsonsantosmt.com.br\/#\/schema\/person\/9de3c54961637a9eadb16bcbf895b1ef\"},\"articleSection\":[\"Not\u00edcias\"],\"inLanguage\":\"pt-BR\"},{\"@type\":\"WebPage\",\"@id\":\"https:\/\/wilsonsantosmt.com.br\/index.php\/2025\/05\/26\/wilson-santos-destaca-programa-solo-vivo-que-vai-fomentar-a-cadeia-produtiva-de-mt\/\",\"url\":\"https:\/\/wilsonsantosmt.com.br\/index.php\/2025\/05\/26\/wilson-santos-destaca-programa-solo-vivo-que-vai-fomentar-a-cadeia-produtiva-de-mt\/\",\"name\":\"Wilson Santos destaca programa \u201cSolo Vivo\u201d que vai fomentar a cadeia produtiva de MT - wilsonsantosmt.com.br\",\"isPartOf\":{\"@id\":\"https:\/\/wilsonsantosmt.com.br\/#website\"},\"datePublished\":\"2025-05-26T13:38:02+00:00\",\"dateModified\":\"2025-05-26T13:38:04+00:00\",\"breadcrumb\":{\"@id\":\"https:\/\/wilsonsantosmt.com.br\/index.php\/2025\/05\/26\/wilson-santos-destaca-programa-solo-vivo-que-vai-fomentar-a-cadeia-produtiva-de-mt\/#breadcrumb\"},\"inLanguage\":\"pt-BR\",\"potentialAction\":[{\"@type\":\"ReadAction\",\"target\":[\"https:\/\/wilsonsantosmt.com.br\/index.php\/2025\/05\/26\/wilson-santos-destaca-programa-solo-vivo-que-vai-fomentar-a-cadeia-produtiva-de-mt\/\"]}]},{\"@type\":\"BreadcrumbList\",\"@id\":\"https:\/\/wilsonsantosmt.com.br\/index.php\/2025\/05\/26\/wilson-santos-destaca-programa-solo-vivo-que-vai-fomentar-a-cadeia-produtiva-de-mt\/#breadcrumb\",\"itemListElement\":[{\"@type\":\"ListItem\",\"position\":1,\"name\":\"In\u00edcio\",\"item\":\"https:\/\/wilsonsantosmt.com.br\/\"},{\"@type\":\"ListItem\",\"position\":2,\"name\":\"Not\u00edcias\",\"item\":\"https:\/\/wilsonsantosmt.com.br\/index.php\/category\/noticias\/\"},{\"@type\":\"ListItem\",\"position\":3,\"name\":\"Wilson Santos destaca programa \u201cSolo Vivo\u201d que vai fomentar a cadeia produtiva de MT\"}]},{\"@type\":\"WebSite\",\"@id\":\"https:\/\/wilsonsantosmt.com.br\/#website\",\"url\":\"https:\/\/wilsonsantosmt.com.br\/\",\"name\":\"wilsonsantosmt.com.br\",\"description\":\"\",\"publisher\":{\"@id\":\"https:\/\/wilsonsantosmt.com.br\/#\/schema\/person\/9de3c54961637a9eadb16bcbf895b1ef\"},\"potentialAction\":[{\"@type\":\"SearchAction\",\"target\":{\"@type\":\"EntryPoint\",\"urlTemplate\":\"https:\/\/wilsonsantosmt.com.br\/?s={search_term_string}\"},\"query-input\":\"required name=search_term_string\"}],\"inLanguage\":\"pt-BR\"},{\"@type\":[\"Person\",\"Organization\"],\"@id\":\"https:\/\/wilsonsantosmt.com.br\/#\/schema\/person\/9de3c54961637a9eadb16bcbf895b1ef\",\"name\":\"Wilson Santos\",\"image\":{\"@type\":\"ImageObject\",\"inLanguage\":\"pt-BR\",\"@id\":\"https:\/\/wilsonsantosmt.com.br\/#\/schema\/person\/image\/\",\"url\":\"https:\/\/wilsonsantosmt.com.br\/wp-content\/uploads\/2023\/11\/310828673_653254583023360_8795459643194608438_n.jpg\",\"contentUrl\":\"https:\/\/wilsonsantosmt.com.br\/wp-content\/uploads\/2023\/11\/310828673_653254583023360_8795459643194608438_n.jpg\",\"width\":1078,\"height\":1079,\"caption\":\"Wilson Santos\"},\"logo\":{\"@id\":\"https:\/\/wilsonsantosmt.com.br\/#\/schema\/person\/image\/\"},\"sameAs\":[\"http:\/\/wilsonsantosmt.com.br\",\"https:\/\/www.facebook.com\/WilsonSantosMT\/\",\"https:\/\/www.instagram.com\/wilsonsantosmt\/\",\"https:\/\/www.youtube.com\/@WilsonSantosWS\/videos\",\"https:\/\/pt.wikipedia.org\/wiki\/Wilson_Santos\"],\"honorificPrefix\":\"Sr\",\"gender\":\"masculino\",\"jobTitle\":\"Deputado Estadual\",\"worksFor\":\"Assembleia Legislativa de Mato Grosso\"},{\"@type\":\"Person\",\"@id\":\"https:\/\/wilsonsantosmt.com.br\/#\/schema\/person\/1d097ee45f526dd0455dbad8c679932c\",\"name\":\"Samantha dos Anjos\",\"image\":{\"@type\":\"ImageObject\",\"inLanguage\":\"pt-BR\",\"@id\":\"https:\/\/wilsonsantosmt.com.br\/#\/schema\/person\/image\/\",\"url\":\"https:\/\/secure.gravatar.com\/avatar\/7d8d0b6dd67d134a9fa841bee90c57c7?s=96&d=mm&r=g\",\"contentUrl\":\"https:\/\/secure.gravatar.com\/avatar\/7d8d0b6dd67d134a9fa841bee90c57c7?s=96&d=mm&r=g\",\"caption\":\"Samantha dos Anjos\"},\"url\":\"https:\/\/wilsonsantosmt.com.br\/index.php\/author\/samantha-dos-anjos\/\"}]}<\/script>\n<!-- \/ Yoast SEO Premium plugin. -->","yoast_head_json":{"title":"Wilson Santos destaca programa \u201cSolo Vivo\u201d que vai fomentar a cadeia produtiva de MT - wilsonsantosmt.com.br","robots":{"index":"index","follow":"follow","max-snippet":"max-snippet:-1","max-image-preview":"max-image-preview:large","max-video-preview":"max-video-preview:-1"},"canonical":"https:\/\/wilsonsantosmt.com.br\/index.php\/2025\/05\/26\/wilson-santos-destaca-programa-solo-vivo-que-vai-fomentar-a-cadeia-produtiva-de-mt\/","og_locale":"pt_BR","og_type":"article","og_title":"Wilson Santos destaca programa \u201cSolo Vivo\u201d que vai fomentar a cadeia produtiva de MT","og_description":"O deputado estadual Wilson Santos (PSD) prestigiou, no \u00faltimo s\u00e1bado (24), no assentamento Santo Ant\u00f4nio da Fartura, em Campo Verde, a solenidade de lan\u00e7amento do programa Solo Vivo, uma importante iniciativa do Governo Federal voltada para a recupera\u00e7\u00e3o de \u00e1reas degradadas e o fortalecimento da agricultura familiar. O evento contou com a presen\u00e7a do presidente [&hellip;]","og_url":"https:\/\/wilsonsantosmt.com.br\/index.php\/2025\/05\/26\/wilson-santos-destaca-programa-solo-vivo-que-vai-fomentar-a-cadeia-produtiva-de-mt\/","og_site_name":"wilsonsantosmt.com.br","article_publisher":"https:\/\/www.facebook.com\/WilsonSantosMT\/","article_published_time":"2025-05-26T13:38:02+00:00","article_modified_time":"2025-05-26T13:38:04+00:00","og_image":[{"width":2560,"height":1440,"url":"http:\/\/wilsonsantosmt.com.br\/wp-content\/uploads\/2025\/05\/WhatsApp-Image-2025-05-26-at-09.25.04-scaled.jpeg","type":"image\/jpeg"}],"author":"Samantha dos Anjos","twitter_card":"summary_large_image","twitter_misc":{"Escrito por":"Samantha dos Anjos","Est. tempo de leitura":"3 minutos"},"schema":{"@context":"https:\/\/schema.org","@graph":[{"@type":"Article","@id":"https:\/\/wilsonsantosmt.com.br\/index.php\/2025\/05\/26\/wilson-santos-destaca-programa-solo-vivo-que-vai-fomentar-a-cadeia-produtiva-de-mt\/#article","isPartOf":{"@id":"https:\/\/wilsonsantosmt.com.br\/index.php\/2025\/05\/26\/wilson-santos-destaca-programa-solo-vivo-que-vai-fomentar-a-cadeia-produtiva-de-mt\/"},"author":{"name":"Samantha dos Anjos","@id":"https:\/\/wilsonsantosmt.com.br\/#\/schema\/person\/1d097ee45f526dd0455dbad8c679932c"},"headline":"Wilson Santos destaca programa \u201cSolo Vivo\u201d que vai fomentar a cadeia produtiva de MT","datePublished":"2025-05-26T13:38:02+00:00","dateModified":"2025-05-26T13:38:04+00:00","mainEntityOfPage":{"@id":"https:\/\/wilsonsantosmt.com.br\/index.php\/2025\/05\/26\/wilson-santos-destaca-programa-solo-vivo-que-vai-fomentar-a-cadeia-produtiva-de-mt\/"},"wordCount":454,"publisher":{"@id":"https:\/\/wilsonsantosmt.com.br\/#\/schema\/person\/9de3c54961637a9eadb16bcbf895b1ef"},"articleSection":["Not\u00edcias"],"inLanguage":"pt-BR"},{"@type":"WebPage","@id":"https:\/\/wilsonsantosmt.com.br\/index.php\/2025\/05\/26\/wilson-santos-destaca-programa-solo-vivo-que-vai-fomentar-a-cadeia-produtiva-de-mt\/","url":"https:\/\/wilsonsantosmt.com.br\/index.php\/2025\/05\/26\/wilson-santos-destaca-programa-solo-vivo-que-vai-fomentar-a-cadeia-produtiva-de-mt\/","name":"Wilson Santos destaca programa \u201cSolo Vivo\u201d que vai fomentar a cadeia produtiva de MT - wilsonsantosmt.com.br","isPartOf":{"@id":"https:\/\/wilsonsantosmt.com.br\/#website"},"datePublished":"2025-05-26T13:38:02+00:00","dateModified":"2025-05-26T13:38:04+00:00","breadcrumb":{"@id":"https:\/\/wilsonsantosmt.com.br\/index.php\/2025\/05\/26\/wilson-santos-destaca-programa-solo-vivo-que-vai-fomentar-a-cadeia-produtiva-de-mt\/#breadcrumb"},"inLanguage":"pt-BR","potentialAction":[{"@type":"ReadAction","target":["https:\/\/wilsonsantosmt.com.br\/index.php\/2025\/05\/26\/wilson-santos-destaca-programa-solo-vivo-que-vai-fomentar-a-cadeia-produtiva-de-mt\/"]}]},{"@type":"BreadcrumbList","@id":"https:\/\/wilsonsantosmt.com.br\/index.php\/2025\/05\/26\/wilson-santos-destaca-programa-solo-vivo-que-vai-fomentar-a-cadeia-produtiva-de-mt\/#breadcrumb","itemListElement":[{"@type":"ListItem","position":1,"name":"In\u00edcio","item":"https:\/\/wilsonsantosmt.com.br\/"},{"@type":"ListItem","position":2,"name":"Not\u00edcias","item":"https:\/\/wilsonsantosmt.com.br\/index.php\/category\/noticias\/"},{"@type":"ListItem","position":3,"name":"Wilson Santos destaca programa \u201cSolo Vivo\u201d que vai fomentar a cadeia produtiva de MT"}]},{"@type":"WebSite","@id":"https:\/\/wilsonsantosmt.com.br\/#website","url":"https:\/\/wilsonsantosmt.com.br\/","name":"wilsonsantosmt.com.br","description":"","publisher":{"@id":"https:\/\/wilsonsantosmt.com.br\/#\/schema\/person\/9de3c54961637a9eadb16bcbf895b1ef"},"potentialAction":[{"@type":"SearchAction","target":{"@type":"EntryPoint","urlTemplate":"https:\/\/wilsonsantosmt.com.br\/?s={search_term_string}"},"query-input":"required name=search_term_string"}],"inLanguage":"pt-BR"},{"@type":["Person","Organization"],"@id":"https:\/\/wilsonsantosmt.com.br\/#\/schema\/person\/9de3c54961637a9eadb16bcbf895b1ef","name":"Wilson Santos","image":{"@type":"ImageObject","inLanguage":"pt-BR","@id":"https:\/\/wilsonsantosmt.com.br\/#\/schema\/person\/image\/","url":"https:\/\/wilsonsantosmt.com.br\/wp-content\/uploads\/2023\/11\/310828673_653254583023360_8795459643194608438_n.jpg","contentUrl":"https:\/\/wilsonsantosmt.com.br\/wp-content\/uploads\/2023\/11\/310828673_653254583023360_8795459643194608438_n.jpg","width":1078,"height":1079,"caption":"Wilson Santos"},"logo":{"@id":"https:\/\/wilsonsantosmt.com.br\/#\/schema\/person\/image\/"},"sameAs":["http:\/\/wilsonsantosmt.com.br","https:\/\/www.facebook.com\/WilsonSantosMT\/","https:\/\/www.instagram.com\/wilsonsantosmt\/","https:\/\/www.youtube.com\/@WilsonSantosWS\/videos","https:\/\/pt.wikipedia.org\/wiki\/Wilson_Santos"],"honorificPrefix":"Sr","gender":"masculino","jobTitle":"Deputado Estadual","worksFor":"Assembleia Legislativa de Mato Grosso"},{"@type":"Person","@id":"https:\/\/wilsonsantosmt.com.br\/#\/schema\/person\/1d097ee45f526dd0455dbad8c679932c","name":"Samantha dos Anjos","image":{"@type":"ImageObject","inLanguage":"pt-BR","@id":"https:\/\/wilsonsantosmt.com.br\/#\/schema\/person\/image\/","url":"https:\/\/secure.gravatar.com\/avatar\/7d8d0b6dd67d134a9fa841bee90c57c7?s=96&d=mm&r=g","contentUrl":"https:\/\/secure.gravatar.com\/avatar\/7d8d0b6dd67d134a9fa841bee90c57c7?s=96&d=mm&r=g","caption":"Samantha dos Anjos"},"url":"https:\/\/wilsonsantosmt.com.br\/index.php\/author\/samantha-dos-anjos\/"}]}},"_links":{"self":[{"href":"https:\/\/wilsonsantosmt.com.br\/index.php\/wp-json\/wp\/v2\/posts\/1547"}],"collection":[{"href":"https:\/\/wilsonsantosmt.com.br\/index.php\/wp-json\/wp\/v2\/posts"}],"about":[{"href":"https:\/\/wilsonsantosmt.com.br\/index.php\/wp-json\/wp\/v2\/types\/post"}],"author":[{"embeddable":true,"href":"https:\/\/wilsonsantosmt.com.br\/index.php\/wp-json\/wp\/v2\/users\/4"}],"replies":[{"embeddable":true,"href":"https:\/\/wilsonsantosmt.com.br\/index.php\/wp-json\/wp\/v2\/comments?post=1547"}],"version-history":[{"count":1,"href":"https:\/\/wilsonsantosmt.com.br\/index.php\/wp-json\/wp\/v2\/posts\/1547\/revisions"}],"predecessor-version":[{"id":1550,"href":"https:\/\/wilsonsantosmt.com.br\/index.php\/wp-json\/wp\/v2\/posts\/1547\/revisions\/1550"}],"wp:featuredmedia":[{"embeddable":true,"href":"https:\/\/wilsonsantosmt.com.br\/index.php\/wp-json\/wp\/v2\/media\/1549"}],"wp:attachment":[{"href":"https:\/\/wilsonsantosmt.com.br\/index.php\/wp-json\/wp\/v2\/media?parent=1547"}],"wp:term":[{"taxonomy":"category","embeddable":true,"href":"https:\/\/wilsonsantosmt.com.br\/index.php\/wp-json\/wp\/v2\/categories?post=1547"},{"taxonomy":"post_tag","embeddable":true,"href":"https:\/\/wilsonsantosmt.com.br\/index.php\/wp-json\/wp\/v2\/tags?post=1547"}],"curies":[{"name":"wp","href":"https:\/\/api.w.org\/{rel}","templated":true}]}}