{"id":1551,"date":"2025-05-23T09:38:18","date_gmt":"2025-05-23T13:38:18","guid":{"rendered":"https:\/\/wilsonsantosmt.com.br\/?p=1551"},"modified":"2025-05-26T09:38:54","modified_gmt":"2025-05-26T13:38:54","slug":"wilson-santos-propoe-lei-para-tratar-a-relacao-entre-os-bebes-reborn-e-a-saude-mental","status":"publish","type":"post","link":"https:\/\/wilsonsantosmt.com.br\/index.php\/2025\/05\/23\/wilson-santos-propoe-lei-para-tratar-a-relacao-entre-os-bebes-reborn-e-a-saude-mental\/","title":{"rendered":"Wilson Santos prop\u00f5e lei para tratar a rela\u00e7\u00e3o entre os &#8220;beb\u00eas reborn&#8221; e a sa\u00fade mental"},"content":{"rendered":"\n<p><\/p>\n\n\n\n<p>Com a crescente pol\u00eamica em torno do cuidado com bonecos realistas, conhecidos como \u201cbeb\u00eas reborn\u201d, levanta uma grande preocupa\u00e7\u00e3o n\u00e3o s\u00f3 em Mato Grosso, como, tamb\u00e9m, em todo o pa\u00eds. Com a alta incid\u00eancia de posturas comportamentais por parte dos cidad\u00e3os, em quer que um elemento sem vida tenha os mesmos direitos de uma pessoa, o deputado estadual Wilson Santos (PSD) apresentou um projeto de lei, na \u00faltima quarta-feira (21), em sess\u00e3o plen\u00e1ria, para instituir um Programa de Aten\u00e7\u00e3o \u00e0 Sa\u00fade Mental para pessoas que manifestam v\u00ednculos afetivos com o objeto inanimado.<\/p>\n\n\n\n<p>\u201cEstamos vendo v\u00eddeos nas redes sociais e reportagens sobre pessoas que possuem esses bonecos e os tratam como crian\u00e7as reais \u2014 montando enxovais, levando a parques, buscando atendimento m\u00e9dico e at\u00e9 solicitando emiss\u00e3o de documentos como certid\u00e3o de nascimento, Registro Geral (RG) e carteira de vacina\u00e7\u00e3o. Toda essa febre gera preocupa\u00e7\u00e3o, sejam por cr\u00edticas ou acolhimento de quem busca viver a maternidade ou paternidade, mesmo que simbolicamente. Precisamos oferecer apoio psicol\u00f3gico, pois essas posturas podem estar relacionadas a perdas, frustra\u00e7\u00f5es ou quadros psiqui\u00e1tricos\u201d, explicou o parlamentar.<\/p>\n\n\n\n<p>O projeto prop\u00f5e a proibi\u00e7\u00e3o de atendimentos cl\u00ednicos, ambulatoriais ou hospitalares a bonecos \u201creborn\u201d nas unidades de sa\u00fade p\u00fablicas ou conveniadas ao Sistema \u00danico de Sa\u00fade (SUS). Por outro lado, a cria\u00e7\u00e3o de um Programa de Sa\u00fade Mental visa identificar e acolher essas pessoas, oferecendo diagn\u00f3stico psicol\u00f3gico e psiqui\u00e1trico, tratamento terap\u00eautico, acompanhamento psicossocial e a preven\u00e7\u00e3o do uso inadequado da rede p\u00fablica em situa\u00e7\u00f5es que envolvam confus\u00e3o entre o simb\u00f3lico e o real.<\/p>\n\n\n\n<p>Embora os \u201cbeb\u00eas reborn\u201d tenham conquistado admiradores em diversas partes do mundo, sendo usados como recurso terap\u00eautico, objetos de colecionismo ou express\u00e3o simb\u00f3lica de maternidade, o fen\u00f4meno tamb\u00e9m desperta debates sobre os limites entre fantasia e realidade. Nesse contexto, a proposta apresentada por Wilson Santos refor\u00e7a a import\u00e2ncia de olhar para esse comportamento com responsabilidade, oferecendo apoio psicol\u00f3gico \u00e0s pessoas envolvidas, sem desconsiderar a complexidade emocional por tr\u00e1s dessa rela\u00e7\u00e3o com o objeto inanimado.<\/p>\n","protected":false},"excerpt":{"rendered":"<p>Com a crescente pol\u00eamica em torno do cuidado com bonecos realistas, conhecidos como \u201cbeb\u00eas reborn\u201d, levanta uma grande preocupa\u00e7\u00e3o n\u00e3o s\u00f3 em Mato Grosso, como, tamb\u00e9m, em todo o pa\u00eds. Com a alta incid\u00eancia de posturas comportamentais por parte dos cidad\u00e3os, em quer que um elemento sem vida tenha os mesmos direitos de uma pessoa, [&hellip;]<\/p>\n","protected":false},"author":4,"featured_media":1552,"comment_status":"closed","ping_status":"open","sticky":false,"template":"","format":"standard","meta":{"footnotes":""},"categories":[13],"tags":[],"yoast_head":"<!-- This site is optimized with the Yoast SEO Premium plugin v21.5 (Yoast SEO v21.4) - https:\/\/yoast.com\/wordpress\/plugins\/seo\/ -->\n<title>Wilson Santos prop\u00f5e lei para tratar a rela\u00e7\u00e3o entre os &quot;beb\u00eas reborn&quot; e a sa\u00fade mental - wilsonsantosmt.com.br<\/title>\n<meta name=\"robots\" content=\"index, follow, max-snippet:-1, max-image-preview:large, max-video-preview:-1\" \/>\n<link rel=\"canonical\" href=\"https:\/\/wilsonsantosmt.com.br\/index.php\/2025\/05\/23\/wilson-santos-propoe-lei-para-tratar-a-relacao-entre-os-bebes-reborn-e-a-saude-mental\/\" \/>\n<meta property=\"og:locale\" content=\"pt_BR\" \/>\n<meta property=\"og:type\" content=\"article\" \/>\n<meta property=\"og:title\" content=\"Wilson Santos prop\u00f5e lei para tratar a rela\u00e7\u00e3o entre os &quot;beb\u00eas reborn&quot; e a sa\u00fade mental\" \/>\n<meta property=\"og:description\" content=\"Com a crescente pol\u00eamica em torno do cuidado com bonecos realistas, conhecidos como \u201cbeb\u00eas reborn\u201d, levanta uma grande preocupa\u00e7\u00e3o n\u00e3o s\u00f3 em Mato Grosso, como, tamb\u00e9m, em todo o pa\u00eds. Com a alta incid\u00eancia de posturas comportamentais por parte dos cidad\u00e3os, em quer que um elemento sem vida tenha os mesmos direitos de uma pessoa, [&hellip;]\" \/>\n<meta property=\"og:url\" content=\"https:\/\/wilsonsantosmt.com.br\/index.php\/2025\/05\/23\/wilson-santos-propoe-lei-para-tratar-a-relacao-entre-os-bebes-reborn-e-a-saude-mental\/\" \/>\n<meta property=\"og:site_name\" content=\"wilsonsantosmt.com.br\" \/>\n<meta property=\"article:publisher\" content=\"https:\/\/www.facebook.com\/WilsonSantosMT\/\" \/>\n<meta property=\"article:published_time\" content=\"2025-05-23T13:38:18+00:00\" \/>\n<meta property=\"article:modified_time\" content=\"2025-05-26T13:38:54+00:00\" \/>\n<meta property=\"og:image\" content=\"http:\/\/wilsonsantosmt.com.br\/wp-content\/uploads\/2025\/05\/WhatsApp-Image-2025-05-23-at-12.49.36.jpeg\" \/>\n\t<meta property=\"og:image:width\" content=\"1600\" \/>\n\t<meta property=\"og:image:height\" content=\"1066\" \/>\n\t<meta property=\"og:image:type\" content=\"image\/jpeg\" \/>\n<meta name=\"author\" content=\"Samantha dos Anjos\" \/>\n<meta name=\"twitter:card\" content=\"summary_large_image\" \/>\n<meta name=\"twitter:label1\" content=\"Escrito por\" \/>\n\t<meta name=\"twitter:data1\" content=\"Samantha dos Anjos\" \/>\n\t<meta name=\"twitter:label2\" content=\"Est. tempo de leitura\" \/>\n\t<meta name=\"twitter:data2\" content=\"2 minutos\" \/>\n<script type=\"application\/ld+json\" class=\"yoast-schema-graph\">{\"@context\":\"https:\/\/schema.org\",\"@graph\":[{\"@type\":\"Article\",\"@id\":\"https:\/\/wilsonsantosmt.com.br\/index.php\/2025\/05\/23\/wilson-santos-propoe-lei-para-tratar-a-relacao-entre-os-bebes-reborn-e-a-saude-mental\/#article\",\"isPartOf\":{\"@id\":\"https:\/\/wilsonsantosmt.com.br\/index.php\/2025\/05\/23\/wilson-santos-propoe-lei-para-tratar-a-relacao-entre-os-bebes-reborn-e-a-saude-mental\/\"},\"author\":{\"name\":\"Samantha dos Anjos\",\"@id\":\"https:\/\/wilsonsantosmt.com.br\/#\/schema\/person\/1d097ee45f526dd0455dbad8c679932c\"},\"headline\":\"Wilson Santos prop\u00f5e lei para tratar a rela\u00e7\u00e3o entre os &#8220;beb\u00eas reborn&#8221; e a sa\u00fade mental\",\"datePublished\":\"2025-05-23T13:38:18+00:00\",\"dateModified\":\"2025-05-26T13:38:54+00:00\",\"mainEntityOfPage\":{\"@id\":\"https:\/\/wilsonsantosmt.com.br\/index.php\/2025\/05\/23\/wilson-santos-propoe-lei-para-tratar-a-relacao-entre-os-bebes-reborn-e-a-saude-mental\/\"},\"wordCount\":394,\"publisher\":{\"@id\":\"https:\/\/wilsonsantosmt.com.br\/#\/schema\/person\/9de3c54961637a9eadb16bcbf895b1ef\"},\"articleSection\":[\"Not\u00edcias\"],\"inLanguage\":\"pt-BR\"},{\"@type\":\"WebPage\",\"@id\":\"https:\/\/wilsonsantosmt.com.br\/index.php\/2025\/05\/23\/wilson-santos-propoe-lei-para-tratar-a-relacao-entre-os-bebes-reborn-e-a-saude-mental\/\",\"url\":\"https:\/\/wilsonsantosmt.com.br\/index.php\/2025\/05\/23\/wilson-santos-propoe-lei-para-tratar-a-relacao-entre-os-bebes-reborn-e-a-saude-mental\/\",\"name\":\"Wilson Santos prop\u00f5e lei para tratar a rela\u00e7\u00e3o entre os \\\"beb\u00eas reborn\\\" e a sa\u00fade mental - wilsonsantosmt.com.br\",\"isPartOf\":{\"@id\":\"https:\/\/wilsonsantosmt.com.br\/#website\"},\"datePublished\":\"2025-05-23T13:38:18+00:00\",\"dateModified\":\"2025-05-26T13:38:54+00:00\",\"breadcrumb\":{\"@id\":\"https:\/\/wilsonsantosmt.com.br\/index.php\/2025\/05\/23\/wilson-santos-propoe-lei-para-tratar-a-relacao-entre-os-bebes-reborn-e-a-saude-mental\/#breadcrumb\"},\"inLanguage\":\"pt-BR\",\"potentialAction\":[{\"@type\":\"ReadAction\",\"target\":[\"https:\/\/wilsonsantosmt.com.br\/index.php\/2025\/05\/23\/wilson-santos-propoe-lei-para-tratar-a-relacao-entre-os-bebes-reborn-e-a-saude-mental\/\"]}]},{\"@type\":\"BreadcrumbList\",\"@id\":\"https:\/\/wilsonsantosmt.com.br\/index.php\/2025\/05\/23\/wilson-santos-propoe-lei-para-tratar-a-relacao-entre-os-bebes-reborn-e-a-saude-mental\/#breadcrumb\",\"itemListElement\":[{\"@type\":\"ListItem\",\"position\":1,\"name\":\"In\u00edcio\",\"item\":\"https:\/\/wilsonsantosmt.com.br\/\"},{\"@type\":\"ListItem\",\"position\":2,\"name\":\"Not\u00edcias\",\"item\":\"https:\/\/wilsonsantosmt.com.br\/index.php\/category\/noticias\/\"},{\"@type\":\"ListItem\",\"position\":3,\"name\":\"Wilson Santos prop\u00f5e lei para tratar a rela\u00e7\u00e3o entre os &#8220;beb\u00eas reborn&#8221; e a sa\u00fade mental\"}]},{\"@type\":\"WebSite\",\"@id\":\"https:\/\/wilsonsantosmt.com.br\/#website\",\"url\":\"https:\/\/wilsonsantosmt.com.br\/\",\"name\":\"wilsonsantosmt.com.br\",\"description\":\"\",\"publisher\":{\"@id\":\"https:\/\/wilsonsantosmt.com.br\/#\/schema\/person\/9de3c54961637a9eadb16bcbf895b1ef\"},\"potentialAction\":[{\"@type\":\"SearchAction\",\"target\":{\"@type\":\"EntryPoint\",\"urlTemplate\":\"https:\/\/wilsonsantosmt.com.br\/?s={search_term_string}\"},\"query-input\":\"required name=search_term_string\"}],\"inLanguage\":\"pt-BR\"},{\"@type\":[\"Person\",\"Organization\"],\"@id\":\"https:\/\/wilsonsantosmt.com.br\/#\/schema\/person\/9de3c54961637a9eadb16bcbf895b1ef\",\"name\":\"Wilson Santos\",\"image\":{\"@type\":\"ImageObject\",\"inLanguage\":\"pt-BR\",\"@id\":\"https:\/\/wilsonsantosmt.com.br\/#\/schema\/person\/image\/\",\"url\":\"https:\/\/wilsonsantosmt.com.br\/wp-content\/uploads\/2023\/11\/310828673_653254583023360_8795459643194608438_n.jpg\",\"contentUrl\":\"https:\/\/wilsonsantosmt.com.br\/wp-content\/uploads\/2023\/11\/310828673_653254583023360_8795459643194608438_n.jpg\",\"width\":1078,\"height\":1079,\"caption\":\"Wilson Santos\"},\"logo\":{\"@id\":\"https:\/\/wilsonsantosmt.com.br\/#\/schema\/person\/image\/\"},\"sameAs\":[\"http:\/\/wilsonsantosmt.com.br\",\"https:\/\/www.facebook.com\/WilsonSantosMT\/\",\"https:\/\/www.instagram.com\/wilsonsantosmt\/\",\"https:\/\/www.youtube.com\/@WilsonSantosWS\/videos\",\"https:\/\/pt.wikipedia.org\/wiki\/Wilson_Santos\"],\"honorificPrefix\":\"Sr\",\"gender\":\"masculino\",\"jobTitle\":\"Deputado Estadual\",\"worksFor\":\"Assembleia Legislativa de Mato Grosso\"},{\"@type\":\"Person\",\"@id\":\"https:\/\/wilsonsantosmt.com.br\/#\/schema\/person\/1d097ee45f526dd0455dbad8c679932c\",\"name\":\"Samantha dos Anjos\",\"image\":{\"@type\":\"ImageObject\",\"inLanguage\":\"pt-BR\",\"@id\":\"https:\/\/wilsonsantosmt.com.br\/#\/schema\/person\/image\/\",\"url\":\"https:\/\/secure.gravatar.com\/avatar\/7d8d0b6dd67d134a9fa841bee90c57c7?s=96&d=mm&r=g\",\"contentUrl\":\"https:\/\/secure.gravatar.com\/avatar\/7d8d0b6dd67d134a9fa841bee90c57c7?s=96&d=mm&r=g\",\"caption\":\"Samantha dos Anjos\"},\"url\":\"https:\/\/wilsonsantosmt.com.br\/index.php\/author\/samantha-dos-anjos\/\"}]}<\/script>\n<!-- \/ Yoast SEO Premium plugin. -->","yoast_head_json":{"title":"Wilson Santos prop\u00f5e lei para tratar a rela\u00e7\u00e3o entre os \"beb\u00eas reborn\" e a sa\u00fade mental - wilsonsantosmt.com.br","robots":{"index":"index","follow":"follow","max-snippet":"max-snippet:-1","max-image-preview":"max-image-preview:large","max-video-preview":"max-video-preview:-1"},"canonical":"https:\/\/wilsonsantosmt.com.br\/index.php\/2025\/05\/23\/wilson-santos-propoe-lei-para-tratar-a-relacao-entre-os-bebes-reborn-e-a-saude-mental\/","og_locale":"pt_BR","og_type":"article","og_title":"Wilson Santos prop\u00f5e lei para tratar a rela\u00e7\u00e3o entre os \"beb\u00eas reborn\" e a sa\u00fade mental","og_description":"Com a crescente pol\u00eamica em torno do cuidado com bonecos realistas, conhecidos como \u201cbeb\u00eas reborn\u201d, levanta uma grande preocupa\u00e7\u00e3o n\u00e3o s\u00f3 em Mato Grosso, como, tamb\u00e9m, em todo o pa\u00eds. Com a alta incid\u00eancia de posturas comportamentais por parte dos cidad\u00e3os, em quer que um elemento sem vida tenha os mesmos direitos de uma pessoa, [&hellip;]","og_url":"https:\/\/wilsonsantosmt.com.br\/index.php\/2025\/05\/23\/wilson-santos-propoe-lei-para-tratar-a-relacao-entre-os-bebes-reborn-e-a-saude-mental\/","og_site_name":"wilsonsantosmt.com.br","article_publisher":"https:\/\/www.facebook.com\/WilsonSantosMT\/","article_published_time":"2025-05-23T13:38:18+00:00","article_modified_time":"2025-05-26T13:38:54+00:00","og_image":[{"width":1600,"height":1066,"url":"http:\/\/wilsonsantosmt.com.br\/wp-content\/uploads\/2025\/05\/WhatsApp-Image-2025-05-23-at-12.49.36.jpeg","type":"image\/jpeg"}],"author":"Samantha dos Anjos","twitter_card":"summary_large_image","twitter_misc":{"Escrito por":"Samantha dos Anjos","Est. tempo de leitura":"2 minutos"},"schema":{"@context":"https:\/\/schema.org","@graph":[{"@type":"Article","@id":"https:\/\/wilsonsantosmt.com.br\/index.php\/2025\/05\/23\/wilson-santos-propoe-lei-para-tratar-a-relacao-entre-os-bebes-reborn-e-a-saude-mental\/#article","isPartOf":{"@id":"https:\/\/wilsonsantosmt.com.br\/index.php\/2025\/05\/23\/wilson-santos-propoe-lei-para-tratar-a-relacao-entre-os-bebes-reborn-e-a-saude-mental\/"},"author":{"name":"Samantha dos Anjos","@id":"https:\/\/wilsonsantosmt.com.br\/#\/schema\/person\/1d097ee45f526dd0455dbad8c679932c"},"headline":"Wilson Santos prop\u00f5e lei para tratar a rela\u00e7\u00e3o entre os &#8220;beb\u00eas reborn&#8221; e a sa\u00fade mental","datePublished":"2025-05-23T13:38:18+00:00","dateModified":"2025-05-26T13:38:54+00:00","mainEntityOfPage":{"@id":"https:\/\/wilsonsantosmt.com.br\/index.php\/2025\/05\/23\/wilson-santos-propoe-lei-para-tratar-a-relacao-entre-os-bebes-reborn-e-a-saude-mental\/"},"wordCount":394,"publisher":{"@id":"https:\/\/wilsonsantosmt.com.br\/#\/schema\/person\/9de3c54961637a9eadb16bcbf895b1ef"},"articleSection":["Not\u00edcias"],"inLanguage":"pt-BR"},{"@type":"WebPage","@id":"https:\/\/wilsonsantosmt.com.br\/index.php\/2025\/05\/23\/wilson-santos-propoe-lei-para-tratar-a-relacao-entre-os-bebes-reborn-e-a-saude-mental\/","url":"https:\/\/wilsonsantosmt.com.br\/index.php\/2025\/05\/23\/wilson-santos-propoe-lei-para-tratar-a-relacao-entre-os-bebes-reborn-e-a-saude-mental\/","name":"Wilson Santos prop\u00f5e lei para tratar a rela\u00e7\u00e3o entre os \"beb\u00eas reborn\" e a sa\u00fade mental - wilsonsantosmt.com.br","isPartOf":{"@id":"https:\/\/wilsonsantosmt.com.br\/#website"},"datePublished":"2025-05-23T13:38:18+00:00","dateModified":"2025-05-26T13:38:54+00:00","breadcrumb":{"@id":"https:\/\/wilsonsantosmt.com.br\/index.php\/2025\/05\/23\/wilson-santos-propoe-lei-para-tratar-a-relacao-entre-os-bebes-reborn-e-a-saude-mental\/#breadcrumb"},"inLanguage":"pt-BR","potentialAction":[{"@type":"ReadAction","target":["https:\/\/wilsonsantosmt.com.br\/index.php\/2025\/05\/23\/wilson-santos-propoe-lei-para-tratar-a-relacao-entre-os-bebes-reborn-e-a-saude-mental\/"]}]},{"@type":"BreadcrumbList","@id":"https:\/\/wilsonsantosmt.com.br\/index.php\/2025\/05\/23\/wilson-santos-propoe-lei-para-tratar-a-relacao-entre-os-bebes-reborn-e-a-saude-mental\/#breadcrumb","itemListElement":[{"@type":"ListItem","position":1,"name":"In\u00edcio","item":"https:\/\/wilsonsantosmt.com.br\/"},{"@type":"ListItem","position":2,"name":"Not\u00edcias","item":"https:\/\/wilsonsantosmt.com.br\/index.php\/category\/noticias\/"},{"@type":"ListItem","position":3,"name":"Wilson Santos prop\u00f5e lei para tratar a rela\u00e7\u00e3o entre os &#8220;beb\u00eas reborn&#8221; e a sa\u00fade mental"}]},{"@type":"WebSite","@id":"https:\/\/wilsonsantosmt.com.br\/#website","url":"https:\/\/wilsonsantosmt.com.br\/","name":"wilsonsantosmt.com.br","description":"","publisher":{"@id":"https:\/\/wilsonsantosmt.com.br\/#\/schema\/person\/9de3c54961637a9eadb16bcbf895b1ef"},"potentialAction":[{"@type":"SearchAction","target":{"@type":"EntryPoint","urlTemplate":"https:\/\/wilsonsantosmt.com.br\/?s={search_term_string}"},"query-input":"required name=search_term_string"}],"inLanguage":"pt-BR"},{"@type":["Person","Organization"],"@id":"https:\/\/wilsonsantosmt.com.br\/#\/schema\/person\/9de3c54961637a9eadb16bcbf895b1ef","name":"Wilson Santos","image":{"@type":"ImageObject","inLanguage":"pt-BR","@id":"https:\/\/wilsonsantosmt.com.br\/#\/schema\/person\/image\/","url":"https:\/\/wilsonsantosmt.com.br\/wp-content\/uploads\/2023\/11\/310828673_653254583023360_8795459643194608438_n.jpg","contentUrl":"https:\/\/wilsonsantosmt.com.br\/wp-content\/uploads\/2023\/11\/310828673_653254583023360_8795459643194608438_n.jpg","width":1078,"height":1079,"caption":"Wilson Santos"},"logo":{"@id":"https:\/\/wilsonsantosmt.com.br\/#\/schema\/person\/image\/"},"sameAs":["http:\/\/wilsonsantosmt.com.br","https:\/\/www.facebook.com\/WilsonSantosMT\/","https:\/\/www.instagram.com\/wilsonsantosmt\/","https:\/\/www.youtube.com\/@WilsonSantosWS\/videos","https:\/\/pt.wikipedia.org\/wiki\/Wilson_Santos"],"honorificPrefix":"Sr","gender":"masculino","jobTitle":"Deputado Estadual","worksFor":"Assembleia Legislativa de Mato Grosso"},{"@type":"Person","@id":"https:\/\/wilsonsantosmt.com.br\/#\/schema\/person\/1d097ee45f526dd0455dbad8c679932c","name":"Samantha dos Anjos","image":{"@type":"ImageObject","inLanguage":"pt-BR","@id":"https:\/\/wilsonsantosmt.com.br\/#\/schema\/person\/image\/","url":"https:\/\/secure.gravatar.com\/avatar\/7d8d0b6dd67d134a9fa841bee90c57c7?s=96&d=mm&r=g","contentUrl":"https:\/\/secure.gravatar.com\/avatar\/7d8d0b6dd67d134a9fa841bee90c57c7?s=96&d=mm&r=g","caption":"Samantha dos Anjos"},"url":"https:\/\/wilsonsantosmt.com.br\/index.php\/author\/samantha-dos-anjos\/"}]}},"_links":{"self":[{"href":"https:\/\/wilsonsantosmt.com.br\/index.php\/wp-json\/wp\/v2\/posts\/1551"}],"collection":[{"href":"https:\/\/wilsonsantosmt.com.br\/index.php\/wp-json\/wp\/v2\/posts"}],"about":[{"href":"https:\/\/wilsonsantosmt.com.br\/index.php\/wp-json\/wp\/v2\/types\/post"}],"author":[{"embeddable":true,"href":"https:\/\/wilsonsantosmt.com.br\/index.php\/wp-json\/wp\/v2\/users\/4"}],"replies":[{"embeddable":true,"href":"https:\/\/wilsonsantosmt.com.br\/index.php\/wp-json\/wp\/v2\/comments?post=1551"}],"version-history":[{"count":1,"href":"https:\/\/wilsonsantosmt.com.br\/index.php\/wp-json\/wp\/v2\/posts\/1551\/revisions"}],"predecessor-version":[{"id":1553,"href":"https:\/\/wilsonsantosmt.com.br\/index.php\/wp-json\/wp\/v2\/posts\/1551\/revisions\/1553"}],"wp:featuredmedia":[{"embeddable":true,"href":"https:\/\/wilsonsantosmt.com.br\/index.php\/wp-json\/wp\/v2\/media\/1552"}],"wp:attachment":[{"href":"https:\/\/wilsonsantosmt.com.br\/index.php\/wp-json\/wp\/v2\/media?parent=1551"}],"wp:term":[{"taxonomy":"category","embeddable":true,"href":"https:\/\/wilsonsantosmt.com.br\/index.php\/wp-json\/wp\/v2\/categories?post=1551"},{"taxonomy":"post_tag","embeddable":true,"href":"https:\/\/wilsonsantosmt.com.br\/index.php\/wp-json\/wp\/v2\/tags?post=1551"}],"curies":[{"name":"wp","href":"https:\/\/api.w.org\/{rel}","templated":true}]}}