{"id":1554,"date":"2025-05-22T09:39:00","date_gmt":"2025-05-22T13:39:00","guid":{"rendered":"https:\/\/wilsonsantosmt.com.br\/?p=1554"},"modified":"2025-05-26T09:40:04","modified_gmt":"2025-05-26T13:40:04","slug":"homenagem-a-classe-gastronomica-de-mato-grosso-reune-mais-de-5-mil-pessoas","status":"publish","type":"post","link":"https:\/\/wilsonsantosmt.com.br\/index.php\/2025\/05\/22\/homenagem-a-classe-gastronomica-de-mato-grosso-reune-mais-de-5-mil-pessoas\/","title":{"rendered":"Homenagem \u00e0 Classe Gastron\u00f4mica de Mato Grosso re\u00fane mais de 5 mil pessoas"},"content":{"rendered":"\n<p><\/p>\n\n\n\n<p>O primeiro dia da 7\u00aa edi\u00e7\u00e3o da Homenagem \u00e0 Classe Gastron\u00f4mica de Mato Grosso &amp; Festival Gastron\u00f4mico reuniu mais de cinco mil pessoas, nesta quarta-feira (21), na sede do Sesc Arsenal, em Cuiab\u00e1. O evento, que valoriza a for\u00e7a da culin\u00e1ria regional, contou com a presen\u00e7a dos deputados estaduais Wilson Santos (PSD), Eduardo Botelho (Uni\u00e3o), Gilberto Cattani (PL) e Edcley Coelho (PSB) que entregaram honrarias a profissionais da gastronomia em reconhecimento ao trabalho e ao empreendedorismo no setor em Mato Grosso.<\/p>\n\n\n\n<p>\u201cPara mim \u00e9 muito gratificante realizar este evento. Foi um sonho que Deus permitiu concretizar. Busquei o apoio do deputado Wilson Santos, que me consolidou como padrinho da gastronomia no Estado. Desde a primeira edi\u00e7\u00e3o, ele tem nos apoiado e se colocado \u00e0 disposi\u00e7\u00e3o. Hoje, representamos mais de 95 mil profissionais da \u00e1rea em Mato Grosso. Nosso Estado vem se consolidando cada vez mais como refer\u00eancia na gastronomia nacional\u201d, destacou o chef F\u00e1bio Cruz, presidente da Associa\u00e7\u00e3o dos Profissionais de Cozinha (APC) e idealizador do evento.<\/p>\n\n\n\n<p>Wilson Santos assume ser um apreciador da gastronomia regional e ressalta que realiza homenagens consecutivas h\u00e1 sete anos aos profissionais do setor \u2013 somando for\u00e7as com a categoria e valorizando o trabalho realizado pelos profissionais. Ele destacou a import\u00e2ncia da regulamenta\u00e7\u00e3o da profiss\u00e3o, por meio do Projeto de Lei n\u00ba 1.020\/2022, de autoria do senador Carlos F\u00e1varo (PSD), apresentado por indica\u00e7\u00e3o de F\u00e1bio Cruz, que prop\u00f5e a regulamenta\u00e7\u00e3o das profiss\u00f5es de cozinheiro e gastr\u00f4nomo no Brasil.<\/p>\n\n\n\n<p>\u201cTemos uma das mesas gastron\u00f4micas mais ricas e saborosas do pa\u00eds, mas essa categoria era, por muito tempo, pouco lembrada na cadeia produtiva do Estado. A Assembleia Legislativa tem reconhecido o trabalho de pessoas an\u00f4nimas e conhecidas que se destacaram em 2024, gerando milhares de empregos em bares, hot\u00e9is, restaurantes, shoppings e diversos outros ambientes que fazem da nossa culin\u00e1ria uma das mais desejadas do Brasil\u201d, afirmou Santos.<\/p>\n\n\n\n<p>A empres\u00e1ria Sandra Mazieiro Cattani, da Queijaria Cattani, foi uma das homenageadas. Ela, que \u00e9 esposa de Gilberto Cattani, destacou a trajet\u00f3ria da empresa, reconhecida nacional e internacionalmente. \u201cO setor de queijos em Mato Grosso ainda \u00e9 novo. Mesmo com a aus\u00eancia da nossa filha Raquel Cattani, seguimos com o legado deixado por ela. Hoje, o mercado est\u00e1 mais vi\u00e1vel, menos burocr\u00e1tico e agrade\u00e7o ao deputado Wilson Santos pelo incentivo aos produtores. Gostaria de frisar que a nossa Raquel acendeu a chama e motivou quem estava desanimado no setor do queijo\u201d, conta.<\/p>\n\n\n\n<p>A especialista em azeite de oliva, Ana Beloto, de S\u00e3o Paulo, que faz parte da programa\u00e7\u00e3o do evento, comenta que \u00e9 primeira vez que visita Cuiab\u00e1 e ficou encantada com a culin\u00e1ria mato-grossense. \u201cSou azeite\u00f3loga h\u00e1 25 anos e trabalho pela educa\u00e7\u00e3o e valoriza\u00e7\u00e3o do bom azeite. Ser\u00e1 um prazer, durante minha palestra, apresentar azeites brasileiros rec\u00e9m-extra\u00eddos e combin\u00e1-los com pratos regionais como o furrund\u00fa. Diferente do vinho, o azeite \u00e9 melhor quanto mais novo. Prefira sempre azeites rec\u00e9m-produzidos, em vidro escuro e bem vedado. Estou muito agradecida pelo carinho e espero todos na palestra de sexta-feira\u201d, pontuou a azeite\u00f3loga.<\/p>\n\n\n\n<p>Marcos Silva, propriet\u00e1rio do restaurante Mirante das \u00c1guas, ficou muito contente com a homenagem recebida pela Assembleia Legislativa. \u201c\u00c9 uma grande alegria cozinhar a tradicional comida cuiabana, com seus sabores \u00fanicos, temperos e peixes diferenciados. Recebo pessoas de todo o Brasil que v\u00eam em busca do nosso peixe. Estamos h\u00e1 14 anos em frente ao rio Cuiab\u00e1, oferecendo boa comida com uma vista privilegiada. Este evento valoriza a gastronomia, movimenta o turismo e aquece a economia. Entre os pratos mais tradicionais que servimos est\u00e3o o pac\u00fa assado recheado, o cachara na brasa, o pintado e a banda de pac\u00fa no sal grosso\u201d, diz o homenageado.<\/p>\n\n\n\n<p>J\u00e1 o empres\u00e1rio Robson Bel\u00e9m, s\u00f3cio-propriet\u00e1rio do Instituto Gourmet de Tangar\u00e1 da Serra, destacou o impacto social da gastronomia. \u201cEstamos h\u00e1 dois anos, em Tangar\u00e1, com uma marca que tem 10 anos. Nosso foco \u00e9 transformar vidas por meio da gastronomia, com pilares baseados no empreendedorismo, na empregabilidade e no hobby. \u00c9 fundamental valorizar a gastronomia como faz o deputado Wilson Santos, pois isso resgata mem\u00f3rias, afetos e oportunidades. Nosso carro-chefe \u00e9 a confeitaria e temos alcan\u00e7ado resultados significativos\u201d, expressa o profissional que teve a empresa homenageada.<\/p>\n\n\n\n<p>A programa\u00e7\u00e3o segue nos dias 22 e 23 de maio com degusta\u00e7\u00f5es, apresenta\u00e7\u00f5es musicais e palestras de especialistas como o chef Reginaldo, com a palestra &#8220;Do Lixo ao Luxo&#8221;, e a azeit\u00f3loga Ana Beloto. O encerramento contar\u00e1 com o tradicional &#8220;Panela\u00e7o no Jardim&#8221;, que oferecer\u00e1 gratuitamente o prato Maria Isabel a cerca de 800 pessoas, seguido por apresenta\u00e7\u00e3o da CIA Sinf\u00f4nica.<\/p>\n","protected":false},"excerpt":{"rendered":"<p>O primeiro dia da 7\u00aa edi\u00e7\u00e3o da Homenagem \u00e0 Classe Gastron\u00f4mica de Mato Grosso &amp; Festival Gastron\u00f4mico reuniu mais de cinco mil pessoas, nesta quarta-feira (21), na sede do Sesc Arsenal, em Cuiab\u00e1. O evento, que valoriza a for\u00e7a da culin\u00e1ria regional, contou com a presen\u00e7a dos deputados estaduais Wilson Santos (PSD), Eduardo Botelho (Uni\u00e3o), [&hellip;]<\/p>\n","protected":false},"author":4,"featured_media":1555,"comment_status":"closed","ping_status":"open","sticky":false,"template":"","format":"standard","meta":{"footnotes":""},"categories":[13],"tags":[],"yoast_head":"<!-- This site is optimized with the Yoast SEO Premium plugin v21.5 (Yoast SEO v21.4) - https:\/\/yoast.com\/wordpress\/plugins\/seo\/ -->\n<title>Homenagem \u00e0 Classe Gastron\u00f4mica de Mato Grosso re\u00fane mais de 5 mil pessoas - wilsonsantosmt.com.br<\/title>\n<meta name=\"robots\" content=\"index, follow, max-snippet:-1, max-image-preview:large, max-video-preview:-1\" \/>\n<link rel=\"canonical\" href=\"https:\/\/wilsonsantosmt.com.br\/index.php\/2025\/05\/22\/homenagem-a-classe-gastronomica-de-mato-grosso-reune-mais-de-5-mil-pessoas\/\" \/>\n<meta property=\"og:locale\" content=\"pt_BR\" \/>\n<meta property=\"og:type\" content=\"article\" \/>\n<meta property=\"og:title\" content=\"Homenagem \u00e0 Classe Gastron\u00f4mica de Mato Grosso re\u00fane mais de 5 mil pessoas\" \/>\n<meta property=\"og:description\" content=\"O primeiro dia da 7\u00aa edi\u00e7\u00e3o da Homenagem \u00e0 Classe Gastron\u00f4mica de Mato Grosso &amp; Festival Gastron\u00f4mico reuniu mais de cinco mil pessoas, nesta quarta-feira (21), na sede do Sesc Arsenal, em Cuiab\u00e1. O evento, que valoriza a for\u00e7a da culin\u00e1ria regional, contou com a presen\u00e7a dos deputados estaduais Wilson Santos (PSD), Eduardo Botelho (Uni\u00e3o), [&hellip;]\" \/>\n<meta property=\"og:url\" content=\"https:\/\/wilsonsantosmt.com.br\/index.php\/2025\/05\/22\/homenagem-a-classe-gastronomica-de-mato-grosso-reune-mais-de-5-mil-pessoas\/\" \/>\n<meta property=\"og:site_name\" content=\"wilsonsantosmt.com.br\" \/>\n<meta property=\"article:publisher\" content=\"https:\/\/www.facebook.com\/WilsonSantosMT\/\" \/>\n<meta property=\"article:published_time\" content=\"2025-05-22T13:39:00+00:00\" \/>\n<meta property=\"article:modified_time\" content=\"2025-05-26T13:40:04+00:00\" \/>\n<meta property=\"og:image\" content=\"http:\/\/wilsonsantosmt.com.br\/wp-content\/uploads\/2025\/05\/WhatsApp-Image-2025-05-22-at-17.28.47.jpeg\" \/>\n\t<meta property=\"og:image:width\" content=\"1600\" \/>\n\t<meta property=\"og:image:height\" content=\"1066\" \/>\n\t<meta property=\"og:image:type\" content=\"image\/jpeg\" \/>\n<meta name=\"author\" content=\"Samantha dos Anjos\" \/>\n<meta name=\"twitter:card\" content=\"summary_large_image\" \/>\n<meta name=\"twitter:label1\" content=\"Escrito por\" \/>\n\t<meta name=\"twitter:data1\" content=\"Samantha dos Anjos\" \/>\n\t<meta name=\"twitter:label2\" content=\"Est. tempo de leitura\" \/>\n\t<meta name=\"twitter:data2\" content=\"5 minutos\" \/>\n<script type=\"application\/ld+json\" class=\"yoast-schema-graph\">{\"@context\":\"https:\/\/schema.org\",\"@graph\":[{\"@type\":\"Article\",\"@id\":\"https:\/\/wilsonsantosmt.com.br\/index.php\/2025\/05\/22\/homenagem-a-classe-gastronomica-de-mato-grosso-reune-mais-de-5-mil-pessoas\/#article\",\"isPartOf\":{\"@id\":\"https:\/\/wilsonsantosmt.com.br\/index.php\/2025\/05\/22\/homenagem-a-classe-gastronomica-de-mato-grosso-reune-mais-de-5-mil-pessoas\/\"},\"author\":{\"name\":\"Samantha dos Anjos\",\"@id\":\"https:\/\/wilsonsantosmt.com.br\/#\/schema\/person\/1d097ee45f526dd0455dbad8c679932c\"},\"headline\":\"Homenagem \u00e0 Classe Gastron\u00f4mica de Mato Grosso re\u00fane mais de 5 mil pessoas\",\"datePublished\":\"2025-05-22T13:39:00+00:00\",\"dateModified\":\"2025-05-26T13:40:04+00:00\",\"mainEntityOfPage\":{\"@id\":\"https:\/\/wilsonsantosmt.com.br\/index.php\/2025\/05\/22\/homenagem-a-classe-gastronomica-de-mato-grosso-reune-mais-de-5-mil-pessoas\/\"},\"wordCount\":807,\"publisher\":{\"@id\":\"https:\/\/wilsonsantosmt.com.br\/#\/schema\/person\/9de3c54961637a9eadb16bcbf895b1ef\"},\"articleSection\":[\"Not\u00edcias\"],\"inLanguage\":\"pt-BR\"},{\"@type\":\"WebPage\",\"@id\":\"https:\/\/wilsonsantosmt.com.br\/index.php\/2025\/05\/22\/homenagem-a-classe-gastronomica-de-mato-grosso-reune-mais-de-5-mil-pessoas\/\",\"url\":\"https:\/\/wilsonsantosmt.com.br\/index.php\/2025\/05\/22\/homenagem-a-classe-gastronomica-de-mato-grosso-reune-mais-de-5-mil-pessoas\/\",\"name\":\"Homenagem \u00e0 Classe Gastron\u00f4mica de Mato Grosso re\u00fane mais de 5 mil pessoas - wilsonsantosmt.com.br\",\"isPartOf\":{\"@id\":\"https:\/\/wilsonsantosmt.com.br\/#website\"},\"datePublished\":\"2025-05-22T13:39:00+00:00\",\"dateModified\":\"2025-05-26T13:40:04+00:00\",\"breadcrumb\":{\"@id\":\"https:\/\/wilsonsantosmt.com.br\/index.php\/2025\/05\/22\/homenagem-a-classe-gastronomica-de-mato-grosso-reune-mais-de-5-mil-pessoas\/#breadcrumb\"},\"inLanguage\":\"pt-BR\",\"potentialAction\":[{\"@type\":\"ReadAction\",\"target\":[\"https:\/\/wilsonsantosmt.com.br\/index.php\/2025\/05\/22\/homenagem-a-classe-gastronomica-de-mato-grosso-reune-mais-de-5-mil-pessoas\/\"]}]},{\"@type\":\"BreadcrumbList\",\"@id\":\"https:\/\/wilsonsantosmt.com.br\/index.php\/2025\/05\/22\/homenagem-a-classe-gastronomica-de-mato-grosso-reune-mais-de-5-mil-pessoas\/#breadcrumb\",\"itemListElement\":[{\"@type\":\"ListItem\",\"position\":1,\"name\":\"In\u00edcio\",\"item\":\"https:\/\/wilsonsantosmt.com.br\/\"},{\"@type\":\"ListItem\",\"position\":2,\"name\":\"Not\u00edcias\",\"item\":\"https:\/\/wilsonsantosmt.com.br\/index.php\/category\/noticias\/\"},{\"@type\":\"ListItem\",\"position\":3,\"name\":\"Homenagem \u00e0 Classe Gastron\u00f4mica de Mato Grosso re\u00fane mais de 5 mil pessoas\"}]},{\"@type\":\"WebSite\",\"@id\":\"https:\/\/wilsonsantosmt.com.br\/#website\",\"url\":\"https:\/\/wilsonsantosmt.com.br\/\",\"name\":\"wilsonsantosmt.com.br\",\"description\":\"\",\"publisher\":{\"@id\":\"https:\/\/wilsonsantosmt.com.br\/#\/schema\/person\/9de3c54961637a9eadb16bcbf895b1ef\"},\"potentialAction\":[{\"@type\":\"SearchAction\",\"target\":{\"@type\":\"EntryPoint\",\"urlTemplate\":\"https:\/\/wilsonsantosmt.com.br\/?s={search_term_string}\"},\"query-input\":\"required name=search_term_string\"}],\"inLanguage\":\"pt-BR\"},{\"@type\":[\"Person\",\"Organization\"],\"@id\":\"https:\/\/wilsonsantosmt.com.br\/#\/schema\/person\/9de3c54961637a9eadb16bcbf895b1ef\",\"name\":\"Wilson Santos\",\"image\":{\"@type\":\"ImageObject\",\"inLanguage\":\"pt-BR\",\"@id\":\"https:\/\/wilsonsantosmt.com.br\/#\/schema\/person\/image\/\",\"url\":\"https:\/\/wilsonsantosmt.com.br\/wp-content\/uploads\/2023\/11\/310828673_653254583023360_8795459643194608438_n.jpg\",\"contentUrl\":\"https:\/\/wilsonsantosmt.com.br\/wp-content\/uploads\/2023\/11\/310828673_653254583023360_8795459643194608438_n.jpg\",\"width\":1078,\"height\":1079,\"caption\":\"Wilson Santos\"},\"logo\":{\"@id\":\"https:\/\/wilsonsantosmt.com.br\/#\/schema\/person\/image\/\"},\"sameAs\":[\"http:\/\/wilsonsantosmt.com.br\",\"https:\/\/www.facebook.com\/WilsonSantosMT\/\",\"https:\/\/www.instagram.com\/wilsonsantosmt\/\",\"https:\/\/www.youtube.com\/@WilsonSantosWS\/videos\",\"https:\/\/pt.wikipedia.org\/wiki\/Wilson_Santos\"],\"honorificPrefix\":\"Sr\",\"gender\":\"masculino\",\"jobTitle\":\"Deputado Estadual\",\"worksFor\":\"Assembleia Legislativa de Mato Grosso\"},{\"@type\":\"Person\",\"@id\":\"https:\/\/wilsonsantosmt.com.br\/#\/schema\/person\/1d097ee45f526dd0455dbad8c679932c\",\"name\":\"Samantha dos Anjos\",\"image\":{\"@type\":\"ImageObject\",\"inLanguage\":\"pt-BR\",\"@id\":\"https:\/\/wilsonsantosmt.com.br\/#\/schema\/person\/image\/\",\"url\":\"https:\/\/secure.gravatar.com\/avatar\/7d8d0b6dd67d134a9fa841bee90c57c7?s=96&d=mm&r=g\",\"contentUrl\":\"https:\/\/secure.gravatar.com\/avatar\/7d8d0b6dd67d134a9fa841bee90c57c7?s=96&d=mm&r=g\",\"caption\":\"Samantha dos Anjos\"},\"url\":\"https:\/\/wilsonsantosmt.com.br\/index.php\/author\/samantha-dos-anjos\/\"}]}<\/script>\n<!-- \/ Yoast SEO Premium plugin. -->","yoast_head_json":{"title":"Homenagem \u00e0 Classe Gastron\u00f4mica de Mato Grosso re\u00fane mais de 5 mil pessoas - wilsonsantosmt.com.br","robots":{"index":"index","follow":"follow","max-snippet":"max-snippet:-1","max-image-preview":"max-image-preview:large","max-video-preview":"max-video-preview:-1"},"canonical":"https:\/\/wilsonsantosmt.com.br\/index.php\/2025\/05\/22\/homenagem-a-classe-gastronomica-de-mato-grosso-reune-mais-de-5-mil-pessoas\/","og_locale":"pt_BR","og_type":"article","og_title":"Homenagem \u00e0 Classe Gastron\u00f4mica de Mato Grosso re\u00fane mais de 5 mil pessoas","og_description":"O primeiro dia da 7\u00aa edi\u00e7\u00e3o da Homenagem \u00e0 Classe Gastron\u00f4mica de Mato Grosso &amp; Festival Gastron\u00f4mico reuniu mais de cinco mil pessoas, nesta quarta-feira (21), na sede do Sesc Arsenal, em Cuiab\u00e1. O evento, que valoriza a for\u00e7a da culin\u00e1ria regional, contou com a presen\u00e7a dos deputados estaduais Wilson Santos (PSD), Eduardo Botelho (Uni\u00e3o), [&hellip;]","og_url":"https:\/\/wilsonsantosmt.com.br\/index.php\/2025\/05\/22\/homenagem-a-classe-gastronomica-de-mato-grosso-reune-mais-de-5-mil-pessoas\/","og_site_name":"wilsonsantosmt.com.br","article_publisher":"https:\/\/www.facebook.com\/WilsonSantosMT\/","article_published_time":"2025-05-22T13:39:00+00:00","article_modified_time":"2025-05-26T13:40:04+00:00","og_image":[{"width":1600,"height":1066,"url":"http:\/\/wilsonsantosmt.com.br\/wp-content\/uploads\/2025\/05\/WhatsApp-Image-2025-05-22-at-17.28.47.jpeg","type":"image\/jpeg"}],"author":"Samantha dos Anjos","twitter_card":"summary_large_image","twitter_misc":{"Escrito por":"Samantha dos Anjos","Est. tempo de leitura":"5 minutos"},"schema":{"@context":"https:\/\/schema.org","@graph":[{"@type":"Article","@id":"https:\/\/wilsonsantosmt.com.br\/index.php\/2025\/05\/22\/homenagem-a-classe-gastronomica-de-mato-grosso-reune-mais-de-5-mil-pessoas\/#article","isPartOf":{"@id":"https:\/\/wilsonsantosmt.com.br\/index.php\/2025\/05\/22\/homenagem-a-classe-gastronomica-de-mato-grosso-reune-mais-de-5-mil-pessoas\/"},"author":{"name":"Samantha dos Anjos","@id":"https:\/\/wilsonsantosmt.com.br\/#\/schema\/person\/1d097ee45f526dd0455dbad8c679932c"},"headline":"Homenagem \u00e0 Classe Gastron\u00f4mica de Mato Grosso re\u00fane mais de 5 mil pessoas","datePublished":"2025-05-22T13:39:00+00:00","dateModified":"2025-05-26T13:40:04+00:00","mainEntityOfPage":{"@id":"https:\/\/wilsonsantosmt.com.br\/index.php\/2025\/05\/22\/homenagem-a-classe-gastronomica-de-mato-grosso-reune-mais-de-5-mil-pessoas\/"},"wordCount":807,"publisher":{"@id":"https:\/\/wilsonsantosmt.com.br\/#\/schema\/person\/9de3c54961637a9eadb16bcbf895b1ef"},"articleSection":["Not\u00edcias"],"inLanguage":"pt-BR"},{"@type":"WebPage","@id":"https:\/\/wilsonsantosmt.com.br\/index.php\/2025\/05\/22\/homenagem-a-classe-gastronomica-de-mato-grosso-reune-mais-de-5-mil-pessoas\/","url":"https:\/\/wilsonsantosmt.com.br\/index.php\/2025\/05\/22\/homenagem-a-classe-gastronomica-de-mato-grosso-reune-mais-de-5-mil-pessoas\/","name":"Homenagem \u00e0 Classe Gastron\u00f4mica de Mato Grosso re\u00fane mais de 5 mil pessoas - wilsonsantosmt.com.br","isPartOf":{"@id":"https:\/\/wilsonsantosmt.com.br\/#website"},"datePublished":"2025-05-22T13:39:00+00:00","dateModified":"2025-05-26T13:40:04+00:00","breadcrumb":{"@id":"https:\/\/wilsonsantosmt.com.br\/index.php\/2025\/05\/22\/homenagem-a-classe-gastronomica-de-mato-grosso-reune-mais-de-5-mil-pessoas\/#breadcrumb"},"inLanguage":"pt-BR","potentialAction":[{"@type":"ReadAction","target":["https:\/\/wilsonsantosmt.com.br\/index.php\/2025\/05\/22\/homenagem-a-classe-gastronomica-de-mato-grosso-reune-mais-de-5-mil-pessoas\/"]}]},{"@type":"BreadcrumbList","@id":"https:\/\/wilsonsantosmt.com.br\/index.php\/2025\/05\/22\/homenagem-a-classe-gastronomica-de-mato-grosso-reune-mais-de-5-mil-pessoas\/#breadcrumb","itemListElement":[{"@type":"ListItem","position":1,"name":"In\u00edcio","item":"https:\/\/wilsonsantosmt.com.br\/"},{"@type":"ListItem","position":2,"name":"Not\u00edcias","item":"https:\/\/wilsonsantosmt.com.br\/index.php\/category\/noticias\/"},{"@type":"ListItem","position":3,"name":"Homenagem \u00e0 Classe Gastron\u00f4mica de Mato Grosso re\u00fane mais de 5 mil pessoas"}]},{"@type":"WebSite","@id":"https:\/\/wilsonsantosmt.com.br\/#website","url":"https:\/\/wilsonsantosmt.com.br\/","name":"wilsonsantosmt.com.br","description":"","publisher":{"@id":"https:\/\/wilsonsantosmt.com.br\/#\/schema\/person\/9de3c54961637a9eadb16bcbf895b1ef"},"potentialAction":[{"@type":"SearchAction","target":{"@type":"EntryPoint","urlTemplate":"https:\/\/wilsonsantosmt.com.br\/?s={search_term_string}"},"query-input":"required name=search_term_string"}],"inLanguage":"pt-BR"},{"@type":["Person","Organization"],"@id":"https:\/\/wilsonsantosmt.com.br\/#\/schema\/person\/9de3c54961637a9eadb16bcbf895b1ef","name":"Wilson Santos","image":{"@type":"ImageObject","inLanguage":"pt-BR","@id":"https:\/\/wilsonsantosmt.com.br\/#\/schema\/person\/image\/","url":"https:\/\/wilsonsantosmt.com.br\/wp-content\/uploads\/2023\/11\/310828673_653254583023360_8795459643194608438_n.jpg","contentUrl":"https:\/\/wilsonsantosmt.com.br\/wp-content\/uploads\/2023\/11\/310828673_653254583023360_8795459643194608438_n.jpg","width":1078,"height":1079,"caption":"Wilson Santos"},"logo":{"@id":"https:\/\/wilsonsantosmt.com.br\/#\/schema\/person\/image\/"},"sameAs":["http:\/\/wilsonsantosmt.com.br","https:\/\/www.facebook.com\/WilsonSantosMT\/","https:\/\/www.instagram.com\/wilsonsantosmt\/","https:\/\/www.youtube.com\/@WilsonSantosWS\/videos","https:\/\/pt.wikipedia.org\/wiki\/Wilson_Santos"],"honorificPrefix":"Sr","gender":"masculino","jobTitle":"Deputado Estadual","worksFor":"Assembleia Legislativa de Mato Grosso"},{"@type":"Person","@id":"https:\/\/wilsonsantosmt.com.br\/#\/schema\/person\/1d097ee45f526dd0455dbad8c679932c","name":"Samantha dos Anjos","image":{"@type":"ImageObject","inLanguage":"pt-BR","@id":"https:\/\/wilsonsantosmt.com.br\/#\/schema\/person\/image\/","url":"https:\/\/secure.gravatar.com\/avatar\/7d8d0b6dd67d134a9fa841bee90c57c7?s=96&d=mm&r=g","contentUrl":"https:\/\/secure.gravatar.com\/avatar\/7d8d0b6dd67d134a9fa841bee90c57c7?s=96&d=mm&r=g","caption":"Samantha dos Anjos"},"url":"https:\/\/wilsonsantosmt.com.br\/index.php\/author\/samantha-dos-anjos\/"}]}},"_links":{"self":[{"href":"https:\/\/wilsonsantosmt.com.br\/index.php\/wp-json\/wp\/v2\/posts\/1554"}],"collection":[{"href":"https:\/\/wilsonsantosmt.com.br\/index.php\/wp-json\/wp\/v2\/posts"}],"about":[{"href":"https:\/\/wilsonsantosmt.com.br\/index.php\/wp-json\/wp\/v2\/types\/post"}],"author":[{"embeddable":true,"href":"https:\/\/wilsonsantosmt.com.br\/index.php\/wp-json\/wp\/v2\/users\/4"}],"replies":[{"embeddable":true,"href":"https:\/\/wilsonsantosmt.com.br\/index.php\/wp-json\/wp\/v2\/comments?post=1554"}],"version-history":[{"count":1,"href":"https:\/\/wilsonsantosmt.com.br\/index.php\/wp-json\/wp\/v2\/posts\/1554\/revisions"}],"predecessor-version":[{"id":1556,"href":"https:\/\/wilsonsantosmt.com.br\/index.php\/wp-json\/wp\/v2\/posts\/1554\/revisions\/1556"}],"wp:featuredmedia":[{"embeddable":true,"href":"https:\/\/wilsonsantosmt.com.br\/index.php\/wp-json\/wp\/v2\/media\/1555"}],"wp:attachment":[{"href":"https:\/\/wilsonsantosmt.com.br\/index.php\/wp-json\/wp\/v2\/media?parent=1554"}],"wp:term":[{"taxonomy":"category","embeddable":true,"href":"https:\/\/wilsonsantosmt.com.br\/index.php\/wp-json\/wp\/v2\/categories?post=1554"},{"taxonomy":"post_tag","embeddable":true,"href":"https:\/\/wilsonsantosmt.com.br\/index.php\/wp-json\/wp\/v2\/tags?post=1554"}],"curies":[{"name":"wp","href":"https:\/\/api.w.org\/{rel}","templated":true}]}}