{"id":1560,"date":"2025-05-20T09:41:26","date_gmt":"2025-05-20T13:41:26","guid":{"rendered":"https:\/\/wilsonsantosmt.com.br\/?p=1560"},"modified":"2025-05-26T09:42:00","modified_gmt":"2025-05-26T13:42:00","slug":"deputados-homenageiam-profissionais-da-gastronomia-em-festival-no-sesc-arsenal","status":"publish","type":"post","link":"https:\/\/wilsonsantosmt.com.br\/index.php\/2025\/05\/20\/deputados-homenageiam-profissionais-da-gastronomia-em-festival-no-sesc-arsenal\/","title":{"rendered":"Deputados homenageiam profissionais da gastronomia em festival no Sesc Arsenal"},"content":{"rendered":"\n<p><\/p>\n\n\n\n<p>Os deputados estaduais Wilson Santos (PSD) e Eduardo Botelho (Uni\u00e3o), nesta quarta-feira (21), \u00e0s 19h30, realizam a 7\u00aa edi\u00e7\u00e3o da Homenagem \u00e0 Classe Gastron\u00f4mica de Mato Grosso &amp; Festival Gastron\u00f4mico. O evento que j\u00e1 se consolidou como um dos principais reconhecimentos p\u00fablicos \u00e0queles que fazem da culin\u00e1ria regional um s\u00edmbolo de identidade e orgulho cultural, acontecer\u00e1 na sede do Sesc Arsenal, em Cuiab\u00e1, e marca tamb\u00e9m a abertura oficial do acontecimento.<\/p>\n\n\n\n<p>A programa\u00e7\u00e3o seguir\u00e1 nos dias 22 e 23 de maio com degusta\u00e7\u00f5es, apresenta\u00e7\u00f5es musicais e palestras de especialistas como o chef Reginaldo, com a palestra &#8220;Do Lixo ao Luxo&#8221;, e a azeit\u00f3loga convidada. O encerramento contar\u00e1 com o tradicional &#8220;Panela\u00e7o no Jardim&#8221;, que oferecer\u00e1 gratuitamente o prato Maria Isabel a cerca de 800 pessoas, seguido por apresenta\u00e7\u00e3o da CIA Sinf\u00f4nica.<\/p>\n\n\n\n<p>No primeiro dia, os parlamentares entregar\u00e3o mo\u00e7\u00f5es de aplausos e t\u00edtulos de reconhecimento a diversos profissionais da \u00e1rea, em uma cerim\u00f4nia marcada pelo reconhecimento profissional e do empreendedorismo na \u00e1rea. A noite ser\u00e1 embalada pelas apresenta\u00e7\u00f5es musicais de Gilson Mark, Juliano e Roberto Lucialdo.<\/p>\n\n\n\n<p>\u201cValorizar a gastronomia \u00e9 reconhecer a nossa hist\u00f3ria, nossas ra\u00edzes e os trabalhadores que, com talento e dedica\u00e7\u00e3o, levam o nome de Mato Grosso para o Brasil inteiro\u201d, afirmou Wilson Santos, que \u00e9 um entusiasta da culin\u00e1ria regional e autor da Mo\u00e7\u00e3o de Aplausos n\u00ba 419\/2025, que ser\u00e1 entregue no evento.<\/p>\n\n\n\n<p>O co-autor da proposta, Eduardo Botelho, ressaltou a import\u00e2ncia do setor para o desenvolvimento econ\u00f4mico e cultural do estado. \u201cA gastronomia \u00e9 uma for\u00e7a que gera empregos, movimenta o turismo e mant\u00e9m vivas as tradi\u00e7\u00f5es do nosso povo. Esta homenagem \u00e9 mais que merecida\u201d, declarou.<\/p>\n\n\n\n<p>O Festival Gastron\u00f4mico, idealizado pelo chef F\u00e1bio Cruz, re\u00fane anualmente chefs de cozinha, cozinheiros, gar\u00e7ons, merendeiras, empres\u00e1rios do setor e demais profissionais da gastronomia para celebrar talentos, promover debates e valorizar a diversidade dos sabores mato-grossenses.<\/p>\n\n\n\n<p>O evento \u00e9 gratuito e aberto ao p\u00fablico e promete ser uma imers\u00e3o saborosa e inspiradora na rica cultura alimentar mato-grossense.<\/p>\n\n\n\n<p>Servi\u00e7o<\/p>\n\n\n\n<p>Evento: 7\u00aa Homenagem \u00e0 Classe Gastron\u00f4mica &amp; Festival Gastron\u00f4mico do Sesc<\/p>\n\n\n\n<p>Data: 21 a 23 de maio de 2025<br>Local: Sesc Arsenal \u2013 Rua 13 de Junho, 1435 \u2013 Centro Sul, Cuiab\u00e1<\/p>\n\n\n\n<p>Contato para imprensa: Samantha dos Anjos \u2013 (65) 99639-9715<\/p>\n","protected":false},"excerpt":{"rendered":"<p>Os deputados estaduais Wilson Santos (PSD) e Eduardo Botelho (Uni\u00e3o), nesta quarta-feira (21), \u00e0s 19h30, realizam a 7\u00aa edi\u00e7\u00e3o da Homenagem \u00e0 Classe Gastron\u00f4mica de Mato Grosso &amp; Festival Gastron\u00f4mico. O evento que j\u00e1 se consolidou como um dos principais reconhecimentos p\u00fablicos \u00e0queles que fazem da culin\u00e1ria regional um s\u00edmbolo de identidade e orgulho cultural, [&hellip;]<\/p>\n","protected":false},"author":4,"featured_media":1561,"comment_status":"closed","ping_status":"open","sticky":false,"template":"","format":"standard","meta":{"footnotes":""},"categories":[13],"tags":[],"yoast_head":"<!-- This site is optimized with the Yoast SEO Premium plugin v21.5 (Yoast SEO v21.4) - https:\/\/yoast.com\/wordpress\/plugins\/seo\/ -->\n<title>Deputados homenageiam profissionais da gastronomia em festival no Sesc Arsenal - wilsonsantosmt.com.br<\/title>\n<meta name=\"robots\" content=\"index, follow, max-snippet:-1, max-image-preview:large, max-video-preview:-1\" \/>\n<link rel=\"canonical\" href=\"https:\/\/wilsonsantosmt.com.br\/index.php\/2025\/05\/20\/deputados-homenageiam-profissionais-da-gastronomia-em-festival-no-sesc-arsenal\/\" \/>\n<meta property=\"og:locale\" content=\"pt_BR\" \/>\n<meta property=\"og:type\" content=\"article\" \/>\n<meta property=\"og:title\" content=\"Deputados homenageiam profissionais da gastronomia em festival no Sesc Arsenal\" \/>\n<meta property=\"og:description\" content=\"Os deputados estaduais Wilson Santos (PSD) e Eduardo Botelho (Uni\u00e3o), nesta quarta-feira (21), \u00e0s 19h30, realizam a 7\u00aa edi\u00e7\u00e3o da Homenagem \u00e0 Classe Gastron\u00f4mica de Mato Grosso &amp; Festival Gastron\u00f4mico. O evento que j\u00e1 se consolidou como um dos principais reconhecimentos p\u00fablicos \u00e0queles que fazem da culin\u00e1ria regional um s\u00edmbolo de identidade e orgulho cultural, [&hellip;]\" \/>\n<meta property=\"og:url\" content=\"https:\/\/wilsonsantosmt.com.br\/index.php\/2025\/05\/20\/deputados-homenageiam-profissionais-da-gastronomia-em-festival-no-sesc-arsenal\/\" \/>\n<meta property=\"og:site_name\" content=\"wilsonsantosmt.com.br\" \/>\n<meta property=\"article:publisher\" content=\"https:\/\/www.facebook.com\/WilsonSantosMT\/\" \/>\n<meta property=\"article:published_time\" content=\"2025-05-20T13:41:26+00:00\" \/>\n<meta property=\"article:modified_time\" content=\"2025-05-26T13:42:00+00:00\" \/>\n<meta property=\"og:image\" content=\"http:\/\/wilsonsantosmt.com.br\/wp-content\/uploads\/2025\/05\/WhatsApp-Image-2025-05-20-at-16.30.48.jpeg\" \/>\n\t<meta property=\"og:image:width\" content=\"854\" \/>\n\t<meta property=\"og:image:height\" content=\"621\" \/>\n\t<meta property=\"og:image:type\" content=\"image\/jpeg\" \/>\n<meta name=\"author\" content=\"Samantha dos Anjos\" \/>\n<meta name=\"twitter:card\" content=\"summary_large_image\" \/>\n<meta name=\"twitter:label1\" content=\"Escrito por\" \/>\n\t<meta name=\"twitter:data1\" content=\"Samantha dos Anjos\" \/>\n\t<meta name=\"twitter:label2\" content=\"Est. tempo de leitura\" \/>\n\t<meta name=\"twitter:data2\" content=\"3 minutos\" \/>\n<script type=\"application\/ld+json\" class=\"yoast-schema-graph\">{\"@context\":\"https:\/\/schema.org\",\"@graph\":[{\"@type\":\"Article\",\"@id\":\"https:\/\/wilsonsantosmt.com.br\/index.php\/2025\/05\/20\/deputados-homenageiam-profissionais-da-gastronomia-em-festival-no-sesc-arsenal\/#article\",\"isPartOf\":{\"@id\":\"https:\/\/wilsonsantosmt.com.br\/index.php\/2025\/05\/20\/deputados-homenageiam-profissionais-da-gastronomia-em-festival-no-sesc-arsenal\/\"},\"author\":{\"name\":\"Samantha dos Anjos\",\"@id\":\"https:\/\/wilsonsantosmt.com.br\/#\/schema\/person\/1d097ee45f526dd0455dbad8c679932c\"},\"headline\":\"Deputados homenageiam profissionais da gastronomia em festival no Sesc Arsenal\",\"datePublished\":\"2025-05-20T13:41:26+00:00\",\"dateModified\":\"2025-05-26T13:42:00+00:00\",\"mainEntityOfPage\":{\"@id\":\"https:\/\/wilsonsantosmt.com.br\/index.php\/2025\/05\/20\/deputados-homenageiam-profissionais-da-gastronomia-em-festival-no-sesc-arsenal\/\"},\"wordCount\":397,\"publisher\":{\"@id\":\"https:\/\/wilsonsantosmt.com.br\/#\/schema\/person\/9de3c54961637a9eadb16bcbf895b1ef\"},\"articleSection\":[\"Not\u00edcias\"],\"inLanguage\":\"pt-BR\"},{\"@type\":\"WebPage\",\"@id\":\"https:\/\/wilsonsantosmt.com.br\/index.php\/2025\/05\/20\/deputados-homenageiam-profissionais-da-gastronomia-em-festival-no-sesc-arsenal\/\",\"url\":\"https:\/\/wilsonsantosmt.com.br\/index.php\/2025\/05\/20\/deputados-homenageiam-profissionais-da-gastronomia-em-festival-no-sesc-arsenal\/\",\"name\":\"Deputados homenageiam profissionais da gastronomia em festival no Sesc Arsenal - wilsonsantosmt.com.br\",\"isPartOf\":{\"@id\":\"https:\/\/wilsonsantosmt.com.br\/#website\"},\"datePublished\":\"2025-05-20T13:41:26+00:00\",\"dateModified\":\"2025-05-26T13:42:00+00:00\",\"breadcrumb\":{\"@id\":\"https:\/\/wilsonsantosmt.com.br\/index.php\/2025\/05\/20\/deputados-homenageiam-profissionais-da-gastronomia-em-festival-no-sesc-arsenal\/#breadcrumb\"},\"inLanguage\":\"pt-BR\",\"potentialAction\":[{\"@type\":\"ReadAction\",\"target\":[\"https:\/\/wilsonsantosmt.com.br\/index.php\/2025\/05\/20\/deputados-homenageiam-profissionais-da-gastronomia-em-festival-no-sesc-arsenal\/\"]}]},{\"@type\":\"BreadcrumbList\",\"@id\":\"https:\/\/wilsonsantosmt.com.br\/index.php\/2025\/05\/20\/deputados-homenageiam-profissionais-da-gastronomia-em-festival-no-sesc-arsenal\/#breadcrumb\",\"itemListElement\":[{\"@type\":\"ListItem\",\"position\":1,\"name\":\"In\u00edcio\",\"item\":\"https:\/\/wilsonsantosmt.com.br\/\"},{\"@type\":\"ListItem\",\"position\":2,\"name\":\"Not\u00edcias\",\"item\":\"https:\/\/wilsonsantosmt.com.br\/index.php\/category\/noticias\/\"},{\"@type\":\"ListItem\",\"position\":3,\"name\":\"Deputados homenageiam profissionais da gastronomia em festival no Sesc Arsenal\"}]},{\"@type\":\"WebSite\",\"@id\":\"https:\/\/wilsonsantosmt.com.br\/#website\",\"url\":\"https:\/\/wilsonsantosmt.com.br\/\",\"name\":\"wilsonsantosmt.com.br\",\"description\":\"\",\"publisher\":{\"@id\":\"https:\/\/wilsonsantosmt.com.br\/#\/schema\/person\/9de3c54961637a9eadb16bcbf895b1ef\"},\"potentialAction\":[{\"@type\":\"SearchAction\",\"target\":{\"@type\":\"EntryPoint\",\"urlTemplate\":\"https:\/\/wilsonsantosmt.com.br\/?s={search_term_string}\"},\"query-input\":\"required name=search_term_string\"}],\"inLanguage\":\"pt-BR\"},{\"@type\":[\"Person\",\"Organization\"],\"@id\":\"https:\/\/wilsonsantosmt.com.br\/#\/schema\/person\/9de3c54961637a9eadb16bcbf895b1ef\",\"name\":\"Wilson Santos\",\"image\":{\"@type\":\"ImageObject\",\"inLanguage\":\"pt-BR\",\"@id\":\"https:\/\/wilsonsantosmt.com.br\/#\/schema\/person\/image\/\",\"url\":\"https:\/\/wilsonsantosmt.com.br\/wp-content\/uploads\/2023\/11\/310828673_653254583023360_8795459643194608438_n.jpg\",\"contentUrl\":\"https:\/\/wilsonsantosmt.com.br\/wp-content\/uploads\/2023\/11\/310828673_653254583023360_8795459643194608438_n.jpg\",\"width\":1078,\"height\":1079,\"caption\":\"Wilson Santos\"},\"logo\":{\"@id\":\"https:\/\/wilsonsantosmt.com.br\/#\/schema\/person\/image\/\"},\"sameAs\":[\"http:\/\/wilsonsantosmt.com.br\",\"https:\/\/www.facebook.com\/WilsonSantosMT\/\",\"https:\/\/www.instagram.com\/wilsonsantosmt\/\",\"https:\/\/www.youtube.com\/@WilsonSantosWS\/videos\",\"https:\/\/pt.wikipedia.org\/wiki\/Wilson_Santos\"],\"honorificPrefix\":\"Sr\",\"gender\":\"masculino\",\"jobTitle\":\"Deputado Estadual\",\"worksFor\":\"Assembleia Legislativa de Mato Grosso\"},{\"@type\":\"Person\",\"@id\":\"https:\/\/wilsonsantosmt.com.br\/#\/schema\/person\/1d097ee45f526dd0455dbad8c679932c\",\"name\":\"Samantha dos Anjos\",\"image\":{\"@type\":\"ImageObject\",\"inLanguage\":\"pt-BR\",\"@id\":\"https:\/\/wilsonsantosmt.com.br\/#\/schema\/person\/image\/\",\"url\":\"https:\/\/secure.gravatar.com\/avatar\/7d8d0b6dd67d134a9fa841bee90c57c7?s=96&d=mm&r=g\",\"contentUrl\":\"https:\/\/secure.gravatar.com\/avatar\/7d8d0b6dd67d134a9fa841bee90c57c7?s=96&d=mm&r=g\",\"caption\":\"Samantha dos Anjos\"},\"url\":\"https:\/\/wilsonsantosmt.com.br\/index.php\/author\/samantha-dos-anjos\/\"}]}<\/script>\n<!-- \/ Yoast SEO Premium plugin. -->","yoast_head_json":{"title":"Deputados homenageiam profissionais da gastronomia em festival no Sesc Arsenal - wilsonsantosmt.com.br","robots":{"index":"index","follow":"follow","max-snippet":"max-snippet:-1","max-image-preview":"max-image-preview:large","max-video-preview":"max-video-preview:-1"},"canonical":"https:\/\/wilsonsantosmt.com.br\/index.php\/2025\/05\/20\/deputados-homenageiam-profissionais-da-gastronomia-em-festival-no-sesc-arsenal\/","og_locale":"pt_BR","og_type":"article","og_title":"Deputados homenageiam profissionais da gastronomia em festival no Sesc Arsenal","og_description":"Os deputados estaduais Wilson Santos (PSD) e Eduardo Botelho (Uni\u00e3o), nesta quarta-feira (21), \u00e0s 19h30, realizam a 7\u00aa edi\u00e7\u00e3o da Homenagem \u00e0 Classe Gastron\u00f4mica de Mato Grosso &amp; Festival Gastron\u00f4mico. O evento que j\u00e1 se consolidou como um dos principais reconhecimentos p\u00fablicos \u00e0queles que fazem da culin\u00e1ria regional um s\u00edmbolo de identidade e orgulho cultural, [&hellip;]","og_url":"https:\/\/wilsonsantosmt.com.br\/index.php\/2025\/05\/20\/deputados-homenageiam-profissionais-da-gastronomia-em-festival-no-sesc-arsenal\/","og_site_name":"wilsonsantosmt.com.br","article_publisher":"https:\/\/www.facebook.com\/WilsonSantosMT\/","article_published_time":"2025-05-20T13:41:26+00:00","article_modified_time":"2025-05-26T13:42:00+00:00","og_image":[{"width":854,"height":621,"url":"http:\/\/wilsonsantosmt.com.br\/wp-content\/uploads\/2025\/05\/WhatsApp-Image-2025-05-20-at-16.30.48.jpeg","type":"image\/jpeg"}],"author":"Samantha dos Anjos","twitter_card":"summary_large_image","twitter_misc":{"Escrito por":"Samantha dos Anjos","Est. tempo de leitura":"3 minutos"},"schema":{"@context":"https:\/\/schema.org","@graph":[{"@type":"Article","@id":"https:\/\/wilsonsantosmt.com.br\/index.php\/2025\/05\/20\/deputados-homenageiam-profissionais-da-gastronomia-em-festival-no-sesc-arsenal\/#article","isPartOf":{"@id":"https:\/\/wilsonsantosmt.com.br\/index.php\/2025\/05\/20\/deputados-homenageiam-profissionais-da-gastronomia-em-festival-no-sesc-arsenal\/"},"author":{"name":"Samantha dos Anjos","@id":"https:\/\/wilsonsantosmt.com.br\/#\/schema\/person\/1d097ee45f526dd0455dbad8c679932c"},"headline":"Deputados homenageiam profissionais da gastronomia em festival no Sesc Arsenal","datePublished":"2025-05-20T13:41:26+00:00","dateModified":"2025-05-26T13:42:00+00:00","mainEntityOfPage":{"@id":"https:\/\/wilsonsantosmt.com.br\/index.php\/2025\/05\/20\/deputados-homenageiam-profissionais-da-gastronomia-em-festival-no-sesc-arsenal\/"},"wordCount":397,"publisher":{"@id":"https:\/\/wilsonsantosmt.com.br\/#\/schema\/person\/9de3c54961637a9eadb16bcbf895b1ef"},"articleSection":["Not\u00edcias"],"inLanguage":"pt-BR"},{"@type":"WebPage","@id":"https:\/\/wilsonsantosmt.com.br\/index.php\/2025\/05\/20\/deputados-homenageiam-profissionais-da-gastronomia-em-festival-no-sesc-arsenal\/","url":"https:\/\/wilsonsantosmt.com.br\/index.php\/2025\/05\/20\/deputados-homenageiam-profissionais-da-gastronomia-em-festival-no-sesc-arsenal\/","name":"Deputados homenageiam profissionais da gastronomia em festival no Sesc Arsenal - wilsonsantosmt.com.br","isPartOf":{"@id":"https:\/\/wilsonsantosmt.com.br\/#website"},"datePublished":"2025-05-20T13:41:26+00:00","dateModified":"2025-05-26T13:42:00+00:00","breadcrumb":{"@id":"https:\/\/wilsonsantosmt.com.br\/index.php\/2025\/05\/20\/deputados-homenageiam-profissionais-da-gastronomia-em-festival-no-sesc-arsenal\/#breadcrumb"},"inLanguage":"pt-BR","potentialAction":[{"@type":"ReadAction","target":["https:\/\/wilsonsantosmt.com.br\/index.php\/2025\/05\/20\/deputados-homenageiam-profissionais-da-gastronomia-em-festival-no-sesc-arsenal\/"]}]},{"@type":"BreadcrumbList","@id":"https:\/\/wilsonsantosmt.com.br\/index.php\/2025\/05\/20\/deputados-homenageiam-profissionais-da-gastronomia-em-festival-no-sesc-arsenal\/#breadcrumb","itemListElement":[{"@type":"ListItem","position":1,"name":"In\u00edcio","item":"https:\/\/wilsonsantosmt.com.br\/"},{"@type":"ListItem","position":2,"name":"Not\u00edcias","item":"https:\/\/wilsonsantosmt.com.br\/index.php\/category\/noticias\/"},{"@type":"ListItem","position":3,"name":"Deputados homenageiam profissionais da gastronomia em festival no Sesc Arsenal"}]},{"@type":"WebSite","@id":"https:\/\/wilsonsantosmt.com.br\/#website","url":"https:\/\/wilsonsantosmt.com.br\/","name":"wilsonsantosmt.com.br","description":"","publisher":{"@id":"https:\/\/wilsonsantosmt.com.br\/#\/schema\/person\/9de3c54961637a9eadb16bcbf895b1ef"},"potentialAction":[{"@type":"SearchAction","target":{"@type":"EntryPoint","urlTemplate":"https:\/\/wilsonsantosmt.com.br\/?s={search_term_string}"},"query-input":"required name=search_term_string"}],"inLanguage":"pt-BR"},{"@type":["Person","Organization"],"@id":"https:\/\/wilsonsantosmt.com.br\/#\/schema\/person\/9de3c54961637a9eadb16bcbf895b1ef","name":"Wilson Santos","image":{"@type":"ImageObject","inLanguage":"pt-BR","@id":"https:\/\/wilsonsantosmt.com.br\/#\/schema\/person\/image\/","url":"https:\/\/wilsonsantosmt.com.br\/wp-content\/uploads\/2023\/11\/310828673_653254583023360_8795459643194608438_n.jpg","contentUrl":"https:\/\/wilsonsantosmt.com.br\/wp-content\/uploads\/2023\/11\/310828673_653254583023360_8795459643194608438_n.jpg","width":1078,"height":1079,"caption":"Wilson Santos"},"logo":{"@id":"https:\/\/wilsonsantosmt.com.br\/#\/schema\/person\/image\/"},"sameAs":["http:\/\/wilsonsantosmt.com.br","https:\/\/www.facebook.com\/WilsonSantosMT\/","https:\/\/www.instagram.com\/wilsonsantosmt\/","https:\/\/www.youtube.com\/@WilsonSantosWS\/videos","https:\/\/pt.wikipedia.org\/wiki\/Wilson_Santos"],"honorificPrefix":"Sr","gender":"masculino","jobTitle":"Deputado Estadual","worksFor":"Assembleia Legislativa de Mato Grosso"},{"@type":"Person","@id":"https:\/\/wilsonsantosmt.com.br\/#\/schema\/person\/1d097ee45f526dd0455dbad8c679932c","name":"Samantha dos Anjos","image":{"@type":"ImageObject","inLanguage":"pt-BR","@id":"https:\/\/wilsonsantosmt.com.br\/#\/schema\/person\/image\/","url":"https:\/\/secure.gravatar.com\/avatar\/7d8d0b6dd67d134a9fa841bee90c57c7?s=96&d=mm&r=g","contentUrl":"https:\/\/secure.gravatar.com\/avatar\/7d8d0b6dd67d134a9fa841bee90c57c7?s=96&d=mm&r=g","caption":"Samantha dos Anjos"},"url":"https:\/\/wilsonsantosmt.com.br\/index.php\/author\/samantha-dos-anjos\/"}]}},"_links":{"self":[{"href":"https:\/\/wilsonsantosmt.com.br\/index.php\/wp-json\/wp\/v2\/posts\/1560"}],"collection":[{"href":"https:\/\/wilsonsantosmt.com.br\/index.php\/wp-json\/wp\/v2\/posts"}],"about":[{"href":"https:\/\/wilsonsantosmt.com.br\/index.php\/wp-json\/wp\/v2\/types\/post"}],"author":[{"embeddable":true,"href":"https:\/\/wilsonsantosmt.com.br\/index.php\/wp-json\/wp\/v2\/users\/4"}],"replies":[{"embeddable":true,"href":"https:\/\/wilsonsantosmt.com.br\/index.php\/wp-json\/wp\/v2\/comments?post=1560"}],"version-history":[{"count":1,"href":"https:\/\/wilsonsantosmt.com.br\/index.php\/wp-json\/wp\/v2\/posts\/1560\/revisions"}],"predecessor-version":[{"id":1562,"href":"https:\/\/wilsonsantosmt.com.br\/index.php\/wp-json\/wp\/v2\/posts\/1560\/revisions\/1562"}],"wp:featuredmedia":[{"embeddable":true,"href":"https:\/\/wilsonsantosmt.com.br\/index.php\/wp-json\/wp\/v2\/media\/1561"}],"wp:attachment":[{"href":"https:\/\/wilsonsantosmt.com.br\/index.php\/wp-json\/wp\/v2\/media?parent=1560"}],"wp:term":[{"taxonomy":"category","embeddable":true,"href":"https:\/\/wilsonsantosmt.com.br\/index.php\/wp-json\/wp\/v2\/categories?post=1560"},{"taxonomy":"post_tag","embeddable":true,"href":"https:\/\/wilsonsantosmt.com.br\/index.php\/wp-json\/wp\/v2\/tags?post=1560"}],"curies":[{"name":"wp","href":"https:\/\/api.w.org\/{rel}","templated":true}]}}