{"id":1563,"date":"2025-05-13T07:42:00","date_gmt":"2025-05-13T11:42:00","guid":{"rendered":"https:\/\/wilsonsantosmt.com.br\/?p=1563"},"modified":"2025-05-26T09:43:10","modified_gmt":"2025-05-26T13:43:10","slug":"wilson-santos-prestigia-lancamento-de-obra-literaria-premiada-nacional-e-internacionalmente","status":"publish","type":"post","link":"https:\/\/wilsonsantosmt.com.br\/index.php\/2025\/05\/13\/wilson-santos-prestigia-lancamento-de-obra-literaria-premiada-nacional-e-internacionalmente\/","title":{"rendered":"Wilson Santos prestigia lan\u00e7amento de obra liter\u00e1ria premiada nacional e internacionalmente"},"content":{"rendered":"\n<p><\/p>\n\n\n\n<p>A escritora e poetisa Jacy Proen\u00e7a lan\u00e7ou, nesta segunda-feira (19), sua mais recente obra liter\u00e1ria &#8220;Versos Livres&#8221;, em evento realizado no Sal\u00e3o Negro da Assembleia Legislativa. Apaixonado pela cultura mato-grossense, o deputado estadual Wilson Santos (PSD) prestigiou o lan\u00e7amento e destacou o talento da autora, j\u00e1 reconhecida com premia\u00e7\u00f5es no Brasil e no exterior.<\/p>\n\n\n\n<p>\u201cUma escritora com um talento todo especial. J\u00e1 \u00e9 reconhecida nacionalmente e tem pr\u00eamios internacionais. A gente fica muito feliz. Jacy \u00e9 genuinamente cuiabana, do tradicional bairro Mercedes. Ela nos presenteia com uma literatura de alto n\u00edvel, sempre foi poetisa e tem essa facilidade de escrever, divertindo-se com a arte das letras. Sua literatura \u00e9 um b\u00e1lsamo, algo que nos inspira a continuar acreditando no talento e nas coisas boas da vida\u201d, declarou o parlamentar.<\/p>\n\n\n\n<p>Wilson Santos relembrou o per\u00edodo em que foi prefeito de Cuiab\u00e1 e teve Jacy Proen\u00e7a como vice-prefeita, de 1\u00ba de janeiro de 2005 a 30 de mar\u00e7o de 2010. \u201cQuando disputei a prefeitura, quer\u00edamos uma mulher que entendesse Cuiab\u00e1 para ser vice. E nada melhor do que a professora Jacy. Durante a campanha, parecia que tudo estava perdido, mas vencemos. Fizemos um governo extraordin\u00e1rio, que nos permitiu sermos reeleitos. Depois da minha ren\u00fancia, Jacy assumiu a gest\u00e3o municipal\u201d, recordou o deputado.<\/p>\n\n\n\n<p>Durante o evento, a escritora expressou gratid\u00e3o pelo reconhecimento e pela presen\u00e7a do parlamentar. \u201cA Assembleia Legislativa nos concedeu esse espa\u00e7o para o lan\u00e7amento da obra, e eu tenho sido aben\u00e7oada. Agrade\u00e7o a presen\u00e7a do deputado Wilson Santos, que tem uma grande trajet\u00f3ria na pol\u00edtica. Para n\u00f3s, que somos do povo, \u00e9 extremamente dif\u00edcil alcan\u00e7ar o reconhecimento. Uma das provas disso s\u00e3o algumas premia\u00e7\u00f5es nacionais e internacionais que recebi. Louvo a Deus por isso. Gra\u00e7as \u00e0 minha escrita simples. O simples tamb\u00e9m \u00e9 bonito e toca as pessoas\u201d, afirmou a escritora.<\/p>\n\n\n\n<p>Natural de Cuiab\u00e1, Jacy Proen\u00e7a \u00e9 graduada em Pedagogia e Teologia, al\u00e9m de ser ativista do movimento negro e de mulheres. Com amplo reconhecimento por suas lutas sociais e pela produ\u00e7\u00e3o liter\u00e1ria, atualmente \u00e9 superintendente da Academia de Artes, Ci\u00eancias e Letras do Brasil (ACILBRAS) em Mato Grosso. Al\u00e9m de &#8220;Versos Livres&#8221;, ela j\u00e1 lan\u00e7ou outras obras no Brasil e em pa\u00edses como It\u00e1lia, Fran\u00e7a, Portugal, Peru, Chile e Argentina.<\/p>\n","protected":false},"excerpt":{"rendered":"<p>A escritora e poetisa Jacy Proen\u00e7a lan\u00e7ou, nesta segunda-feira (19), sua mais recente obra liter\u00e1ria &#8220;Versos Livres&#8221;, em evento realizado no Sal\u00e3o Negro da Assembleia Legislativa. Apaixonado pela cultura mato-grossense, o deputado estadual Wilson Santos (PSD) prestigiou o lan\u00e7amento e destacou o talento da autora, j\u00e1 reconhecida com premia\u00e7\u00f5es no Brasil e no exterior. \u201cUma [&hellip;]<\/p>\n","protected":false},"author":4,"featured_media":1564,"comment_status":"closed","ping_status":"open","sticky":false,"template":"","format":"standard","meta":{"footnotes":""},"categories":[13],"tags":[],"yoast_head":"<!-- This site is optimized with the Yoast SEO Premium plugin v21.5 (Yoast SEO v21.4) - https:\/\/yoast.com\/wordpress\/plugins\/seo\/ -->\n<title>Wilson Santos prestigia lan\u00e7amento de obra liter\u00e1ria premiada nacional e internacionalmente - wilsonsantosmt.com.br<\/title>\n<meta name=\"robots\" content=\"index, follow, max-snippet:-1, max-image-preview:large, max-video-preview:-1\" \/>\n<link rel=\"canonical\" href=\"https:\/\/wilsonsantosmt.com.br\/index.php\/2025\/05\/13\/wilson-santos-prestigia-lancamento-de-obra-literaria-premiada-nacional-e-internacionalmente\/\" \/>\n<meta property=\"og:locale\" content=\"pt_BR\" \/>\n<meta property=\"og:type\" content=\"article\" \/>\n<meta property=\"og:title\" content=\"Wilson Santos prestigia lan\u00e7amento de obra liter\u00e1ria premiada nacional e internacionalmente\" \/>\n<meta property=\"og:description\" content=\"A escritora e poetisa Jacy Proen\u00e7a lan\u00e7ou, nesta segunda-feira (19), sua mais recente obra liter\u00e1ria &#8220;Versos Livres&#8221;, em evento realizado no Sal\u00e3o Negro da Assembleia Legislativa. Apaixonado pela cultura mato-grossense, o deputado estadual Wilson Santos (PSD) prestigiou o lan\u00e7amento e destacou o talento da autora, j\u00e1 reconhecida com premia\u00e7\u00f5es no Brasil e no exterior. \u201cUma [&hellip;]\" \/>\n<meta property=\"og:url\" content=\"https:\/\/wilsonsantosmt.com.br\/index.php\/2025\/05\/13\/wilson-santos-prestigia-lancamento-de-obra-literaria-premiada-nacional-e-internacionalmente\/\" \/>\n<meta property=\"og:site_name\" content=\"wilsonsantosmt.com.br\" \/>\n<meta property=\"article:publisher\" content=\"https:\/\/www.facebook.com\/WilsonSantosMT\/\" \/>\n<meta property=\"article:published_time\" content=\"2025-05-13T11:42:00+00:00\" \/>\n<meta property=\"article:modified_time\" content=\"2025-05-26T13:43:10+00:00\" \/>\n<meta property=\"og:image\" content=\"http:\/\/wilsonsantosmt.com.br\/wp-content\/uploads\/2025\/05\/WhatsApp-Image-2025-05-20-at-10.27.37-scaled.jpeg\" \/>\n\t<meta property=\"og:image:width\" content=\"2560\" \/>\n\t<meta property=\"og:image:height\" content=\"1440\" \/>\n\t<meta property=\"og:image:type\" content=\"image\/jpeg\" \/>\n<meta name=\"author\" content=\"Samantha dos Anjos\" \/>\n<meta name=\"twitter:card\" content=\"summary_large_image\" \/>\n<meta name=\"twitter:label1\" content=\"Escrito por\" \/>\n\t<meta name=\"twitter:data1\" content=\"Samantha dos Anjos\" \/>\n\t<meta name=\"twitter:label2\" content=\"Est. tempo de leitura\" \/>\n\t<meta name=\"twitter:data2\" content=\"3 minutos\" \/>\n<script type=\"application\/ld+json\" class=\"yoast-schema-graph\">{\"@context\":\"https:\/\/schema.org\",\"@graph\":[{\"@type\":\"Article\",\"@id\":\"https:\/\/wilsonsantosmt.com.br\/index.php\/2025\/05\/13\/wilson-santos-prestigia-lancamento-de-obra-literaria-premiada-nacional-e-internacionalmente\/#article\",\"isPartOf\":{\"@id\":\"https:\/\/wilsonsantosmt.com.br\/index.php\/2025\/05\/13\/wilson-santos-prestigia-lancamento-de-obra-literaria-premiada-nacional-e-internacionalmente\/\"},\"author\":{\"name\":\"Samantha dos Anjos\",\"@id\":\"https:\/\/wilsonsantosmt.com.br\/#\/schema\/person\/1d097ee45f526dd0455dbad8c679932c\"},\"headline\":\"Wilson Santos prestigia lan\u00e7amento de obra liter\u00e1ria premiada nacional e internacionalmente\",\"datePublished\":\"2025-05-13T11:42:00+00:00\",\"dateModified\":\"2025-05-26T13:43:10+00:00\",\"mainEntityOfPage\":{\"@id\":\"https:\/\/wilsonsantosmt.com.br\/index.php\/2025\/05\/13\/wilson-santos-prestigia-lancamento-de-obra-literaria-premiada-nacional-e-internacionalmente\/\"},\"wordCount\":413,\"publisher\":{\"@id\":\"https:\/\/wilsonsantosmt.com.br\/#\/schema\/person\/9de3c54961637a9eadb16bcbf895b1ef\"},\"articleSection\":[\"Not\u00edcias\"],\"inLanguage\":\"pt-BR\"},{\"@type\":\"WebPage\",\"@id\":\"https:\/\/wilsonsantosmt.com.br\/index.php\/2025\/05\/13\/wilson-santos-prestigia-lancamento-de-obra-literaria-premiada-nacional-e-internacionalmente\/\",\"url\":\"https:\/\/wilsonsantosmt.com.br\/index.php\/2025\/05\/13\/wilson-santos-prestigia-lancamento-de-obra-literaria-premiada-nacional-e-internacionalmente\/\",\"name\":\"Wilson Santos prestigia lan\u00e7amento de obra liter\u00e1ria premiada nacional e internacionalmente - wilsonsantosmt.com.br\",\"isPartOf\":{\"@id\":\"https:\/\/wilsonsantosmt.com.br\/#website\"},\"datePublished\":\"2025-05-13T11:42:00+00:00\",\"dateModified\":\"2025-05-26T13:43:10+00:00\",\"breadcrumb\":{\"@id\":\"https:\/\/wilsonsantosmt.com.br\/index.php\/2025\/05\/13\/wilson-santos-prestigia-lancamento-de-obra-literaria-premiada-nacional-e-internacionalmente\/#breadcrumb\"},\"inLanguage\":\"pt-BR\",\"potentialAction\":[{\"@type\":\"ReadAction\",\"target\":[\"https:\/\/wilsonsantosmt.com.br\/index.php\/2025\/05\/13\/wilson-santos-prestigia-lancamento-de-obra-literaria-premiada-nacional-e-internacionalmente\/\"]}]},{\"@type\":\"BreadcrumbList\",\"@id\":\"https:\/\/wilsonsantosmt.com.br\/index.php\/2025\/05\/13\/wilson-santos-prestigia-lancamento-de-obra-literaria-premiada-nacional-e-internacionalmente\/#breadcrumb\",\"itemListElement\":[{\"@type\":\"ListItem\",\"position\":1,\"name\":\"In\u00edcio\",\"item\":\"https:\/\/wilsonsantosmt.com.br\/\"},{\"@type\":\"ListItem\",\"position\":2,\"name\":\"Not\u00edcias\",\"item\":\"https:\/\/wilsonsantosmt.com.br\/index.php\/category\/noticias\/\"},{\"@type\":\"ListItem\",\"position\":3,\"name\":\"Wilson Santos prestigia lan\u00e7amento de obra liter\u00e1ria premiada nacional e internacionalmente\"}]},{\"@type\":\"WebSite\",\"@id\":\"https:\/\/wilsonsantosmt.com.br\/#website\",\"url\":\"https:\/\/wilsonsantosmt.com.br\/\",\"name\":\"wilsonsantosmt.com.br\",\"description\":\"\",\"publisher\":{\"@id\":\"https:\/\/wilsonsantosmt.com.br\/#\/schema\/person\/9de3c54961637a9eadb16bcbf895b1ef\"},\"potentialAction\":[{\"@type\":\"SearchAction\",\"target\":{\"@type\":\"EntryPoint\",\"urlTemplate\":\"https:\/\/wilsonsantosmt.com.br\/?s={search_term_string}\"},\"query-input\":\"required name=search_term_string\"}],\"inLanguage\":\"pt-BR\"},{\"@type\":[\"Person\",\"Organization\"],\"@id\":\"https:\/\/wilsonsantosmt.com.br\/#\/schema\/person\/9de3c54961637a9eadb16bcbf895b1ef\",\"name\":\"Wilson Santos\",\"image\":{\"@type\":\"ImageObject\",\"inLanguage\":\"pt-BR\",\"@id\":\"https:\/\/wilsonsantosmt.com.br\/#\/schema\/person\/image\/\",\"url\":\"https:\/\/wilsonsantosmt.com.br\/wp-content\/uploads\/2023\/11\/310828673_653254583023360_8795459643194608438_n.jpg\",\"contentUrl\":\"https:\/\/wilsonsantosmt.com.br\/wp-content\/uploads\/2023\/11\/310828673_653254583023360_8795459643194608438_n.jpg\",\"width\":1078,\"height\":1079,\"caption\":\"Wilson Santos\"},\"logo\":{\"@id\":\"https:\/\/wilsonsantosmt.com.br\/#\/schema\/person\/image\/\"},\"sameAs\":[\"http:\/\/wilsonsantosmt.com.br\",\"https:\/\/www.facebook.com\/WilsonSantosMT\/\",\"https:\/\/www.instagram.com\/wilsonsantosmt\/\",\"https:\/\/www.youtube.com\/@WilsonSantosWS\/videos\",\"https:\/\/pt.wikipedia.org\/wiki\/Wilson_Santos\"],\"honorificPrefix\":\"Sr\",\"gender\":\"masculino\",\"jobTitle\":\"Deputado Estadual\",\"worksFor\":\"Assembleia Legislativa de Mato Grosso\"},{\"@type\":\"Person\",\"@id\":\"https:\/\/wilsonsantosmt.com.br\/#\/schema\/person\/1d097ee45f526dd0455dbad8c679932c\",\"name\":\"Samantha dos Anjos\",\"image\":{\"@type\":\"ImageObject\",\"inLanguage\":\"pt-BR\",\"@id\":\"https:\/\/wilsonsantosmt.com.br\/#\/schema\/person\/image\/\",\"url\":\"https:\/\/secure.gravatar.com\/avatar\/7d8d0b6dd67d134a9fa841bee90c57c7?s=96&d=mm&r=g\",\"contentUrl\":\"https:\/\/secure.gravatar.com\/avatar\/7d8d0b6dd67d134a9fa841bee90c57c7?s=96&d=mm&r=g\",\"caption\":\"Samantha dos Anjos\"},\"url\":\"https:\/\/wilsonsantosmt.com.br\/index.php\/author\/samantha-dos-anjos\/\"}]}<\/script>\n<!-- \/ Yoast SEO Premium plugin. -->","yoast_head_json":{"title":"Wilson Santos prestigia lan\u00e7amento de obra liter\u00e1ria premiada nacional e internacionalmente - wilsonsantosmt.com.br","robots":{"index":"index","follow":"follow","max-snippet":"max-snippet:-1","max-image-preview":"max-image-preview:large","max-video-preview":"max-video-preview:-1"},"canonical":"https:\/\/wilsonsantosmt.com.br\/index.php\/2025\/05\/13\/wilson-santos-prestigia-lancamento-de-obra-literaria-premiada-nacional-e-internacionalmente\/","og_locale":"pt_BR","og_type":"article","og_title":"Wilson Santos prestigia lan\u00e7amento de obra liter\u00e1ria premiada nacional e internacionalmente","og_description":"A escritora e poetisa Jacy Proen\u00e7a lan\u00e7ou, nesta segunda-feira (19), sua mais recente obra liter\u00e1ria &#8220;Versos Livres&#8221;, em evento realizado no Sal\u00e3o Negro da Assembleia Legislativa. Apaixonado pela cultura mato-grossense, o deputado estadual Wilson Santos (PSD) prestigiou o lan\u00e7amento e destacou o talento da autora, j\u00e1 reconhecida com premia\u00e7\u00f5es no Brasil e no exterior. \u201cUma [&hellip;]","og_url":"https:\/\/wilsonsantosmt.com.br\/index.php\/2025\/05\/13\/wilson-santos-prestigia-lancamento-de-obra-literaria-premiada-nacional-e-internacionalmente\/","og_site_name":"wilsonsantosmt.com.br","article_publisher":"https:\/\/www.facebook.com\/WilsonSantosMT\/","article_published_time":"2025-05-13T11:42:00+00:00","article_modified_time":"2025-05-26T13:43:10+00:00","og_image":[{"width":2560,"height":1440,"url":"http:\/\/wilsonsantosmt.com.br\/wp-content\/uploads\/2025\/05\/WhatsApp-Image-2025-05-20-at-10.27.37-scaled.jpeg","type":"image\/jpeg"}],"author":"Samantha dos Anjos","twitter_card":"summary_large_image","twitter_misc":{"Escrito por":"Samantha dos Anjos","Est. tempo de leitura":"3 minutos"},"schema":{"@context":"https:\/\/schema.org","@graph":[{"@type":"Article","@id":"https:\/\/wilsonsantosmt.com.br\/index.php\/2025\/05\/13\/wilson-santos-prestigia-lancamento-de-obra-literaria-premiada-nacional-e-internacionalmente\/#article","isPartOf":{"@id":"https:\/\/wilsonsantosmt.com.br\/index.php\/2025\/05\/13\/wilson-santos-prestigia-lancamento-de-obra-literaria-premiada-nacional-e-internacionalmente\/"},"author":{"name":"Samantha dos Anjos","@id":"https:\/\/wilsonsantosmt.com.br\/#\/schema\/person\/1d097ee45f526dd0455dbad8c679932c"},"headline":"Wilson Santos prestigia lan\u00e7amento de obra liter\u00e1ria premiada nacional e internacionalmente","datePublished":"2025-05-13T11:42:00+00:00","dateModified":"2025-05-26T13:43:10+00:00","mainEntityOfPage":{"@id":"https:\/\/wilsonsantosmt.com.br\/index.php\/2025\/05\/13\/wilson-santos-prestigia-lancamento-de-obra-literaria-premiada-nacional-e-internacionalmente\/"},"wordCount":413,"publisher":{"@id":"https:\/\/wilsonsantosmt.com.br\/#\/schema\/person\/9de3c54961637a9eadb16bcbf895b1ef"},"articleSection":["Not\u00edcias"],"inLanguage":"pt-BR"},{"@type":"WebPage","@id":"https:\/\/wilsonsantosmt.com.br\/index.php\/2025\/05\/13\/wilson-santos-prestigia-lancamento-de-obra-literaria-premiada-nacional-e-internacionalmente\/","url":"https:\/\/wilsonsantosmt.com.br\/index.php\/2025\/05\/13\/wilson-santos-prestigia-lancamento-de-obra-literaria-premiada-nacional-e-internacionalmente\/","name":"Wilson Santos prestigia lan\u00e7amento de obra liter\u00e1ria premiada nacional e internacionalmente - wilsonsantosmt.com.br","isPartOf":{"@id":"https:\/\/wilsonsantosmt.com.br\/#website"},"datePublished":"2025-05-13T11:42:00+00:00","dateModified":"2025-05-26T13:43:10+00:00","breadcrumb":{"@id":"https:\/\/wilsonsantosmt.com.br\/index.php\/2025\/05\/13\/wilson-santos-prestigia-lancamento-de-obra-literaria-premiada-nacional-e-internacionalmente\/#breadcrumb"},"inLanguage":"pt-BR","potentialAction":[{"@type":"ReadAction","target":["https:\/\/wilsonsantosmt.com.br\/index.php\/2025\/05\/13\/wilson-santos-prestigia-lancamento-de-obra-literaria-premiada-nacional-e-internacionalmente\/"]}]},{"@type":"BreadcrumbList","@id":"https:\/\/wilsonsantosmt.com.br\/index.php\/2025\/05\/13\/wilson-santos-prestigia-lancamento-de-obra-literaria-premiada-nacional-e-internacionalmente\/#breadcrumb","itemListElement":[{"@type":"ListItem","position":1,"name":"In\u00edcio","item":"https:\/\/wilsonsantosmt.com.br\/"},{"@type":"ListItem","position":2,"name":"Not\u00edcias","item":"https:\/\/wilsonsantosmt.com.br\/index.php\/category\/noticias\/"},{"@type":"ListItem","position":3,"name":"Wilson Santos prestigia lan\u00e7amento de obra liter\u00e1ria premiada nacional e internacionalmente"}]},{"@type":"WebSite","@id":"https:\/\/wilsonsantosmt.com.br\/#website","url":"https:\/\/wilsonsantosmt.com.br\/","name":"wilsonsantosmt.com.br","description":"","publisher":{"@id":"https:\/\/wilsonsantosmt.com.br\/#\/schema\/person\/9de3c54961637a9eadb16bcbf895b1ef"},"potentialAction":[{"@type":"SearchAction","target":{"@type":"EntryPoint","urlTemplate":"https:\/\/wilsonsantosmt.com.br\/?s={search_term_string}"},"query-input":"required name=search_term_string"}],"inLanguage":"pt-BR"},{"@type":["Person","Organization"],"@id":"https:\/\/wilsonsantosmt.com.br\/#\/schema\/person\/9de3c54961637a9eadb16bcbf895b1ef","name":"Wilson Santos","image":{"@type":"ImageObject","inLanguage":"pt-BR","@id":"https:\/\/wilsonsantosmt.com.br\/#\/schema\/person\/image\/","url":"https:\/\/wilsonsantosmt.com.br\/wp-content\/uploads\/2023\/11\/310828673_653254583023360_8795459643194608438_n.jpg","contentUrl":"https:\/\/wilsonsantosmt.com.br\/wp-content\/uploads\/2023\/11\/310828673_653254583023360_8795459643194608438_n.jpg","width":1078,"height":1079,"caption":"Wilson Santos"},"logo":{"@id":"https:\/\/wilsonsantosmt.com.br\/#\/schema\/person\/image\/"},"sameAs":["http:\/\/wilsonsantosmt.com.br","https:\/\/www.facebook.com\/WilsonSantosMT\/","https:\/\/www.instagram.com\/wilsonsantosmt\/","https:\/\/www.youtube.com\/@WilsonSantosWS\/videos","https:\/\/pt.wikipedia.org\/wiki\/Wilson_Santos"],"honorificPrefix":"Sr","gender":"masculino","jobTitle":"Deputado Estadual","worksFor":"Assembleia Legislativa de Mato Grosso"},{"@type":"Person","@id":"https:\/\/wilsonsantosmt.com.br\/#\/schema\/person\/1d097ee45f526dd0455dbad8c679932c","name":"Samantha dos Anjos","image":{"@type":"ImageObject","inLanguage":"pt-BR","@id":"https:\/\/wilsonsantosmt.com.br\/#\/schema\/person\/image\/","url":"https:\/\/secure.gravatar.com\/avatar\/7d8d0b6dd67d134a9fa841bee90c57c7?s=96&d=mm&r=g","contentUrl":"https:\/\/secure.gravatar.com\/avatar\/7d8d0b6dd67d134a9fa841bee90c57c7?s=96&d=mm&r=g","caption":"Samantha dos Anjos"},"url":"https:\/\/wilsonsantosmt.com.br\/index.php\/author\/samantha-dos-anjos\/"}]}},"_links":{"self":[{"href":"https:\/\/wilsonsantosmt.com.br\/index.php\/wp-json\/wp\/v2\/posts\/1563"}],"collection":[{"href":"https:\/\/wilsonsantosmt.com.br\/index.php\/wp-json\/wp\/v2\/posts"}],"about":[{"href":"https:\/\/wilsonsantosmt.com.br\/index.php\/wp-json\/wp\/v2\/types\/post"}],"author":[{"embeddable":true,"href":"https:\/\/wilsonsantosmt.com.br\/index.php\/wp-json\/wp\/v2\/users\/4"}],"replies":[{"embeddable":true,"href":"https:\/\/wilsonsantosmt.com.br\/index.php\/wp-json\/wp\/v2\/comments?post=1563"}],"version-history":[{"count":1,"href":"https:\/\/wilsonsantosmt.com.br\/index.php\/wp-json\/wp\/v2\/posts\/1563\/revisions"}],"predecessor-version":[{"id":1565,"href":"https:\/\/wilsonsantosmt.com.br\/index.php\/wp-json\/wp\/v2\/posts\/1563\/revisions\/1565"}],"wp:featuredmedia":[{"embeddable":true,"href":"https:\/\/wilsonsantosmt.com.br\/index.php\/wp-json\/wp\/v2\/media\/1564"}],"wp:attachment":[{"href":"https:\/\/wilsonsantosmt.com.br\/index.php\/wp-json\/wp\/v2\/media?parent=1563"}],"wp:term":[{"taxonomy":"category","embeddable":true,"href":"https:\/\/wilsonsantosmt.com.br\/index.php\/wp-json\/wp\/v2\/categories?post=1563"},{"taxonomy":"post_tag","embeddable":true,"href":"https:\/\/wilsonsantosmt.com.br\/index.php\/wp-json\/wp\/v2\/tags?post=1563"}],"curies":[{"name":"wp","href":"https:\/\/api.w.org\/{rel}","templated":true}]}}