{"id":1566,"date":"2025-05-28T16:33:15","date_gmt":"2025-05-28T20:33:15","guid":{"rendered":"https:\/\/wilsonsantosmt.com.br\/?p=1566"},"modified":"2025-05-28T16:33:16","modified_gmt":"2025-05-28T20:33:16","slug":"wilson-santos-realiza-audiencia-sobre-concessao-de-energia-com-presenca-do-mme-nesta-sexta-feira-30","status":"publish","type":"post","link":"https:\/\/wilsonsantosmt.com.br\/index.php\/2025\/05\/28\/wilson-santos-realiza-audiencia-sobre-concessao-de-energia-com-presenca-do-mme-nesta-sexta-feira-30\/","title":{"rendered":"Wilson Santos realiza audi\u00eancia sobre concess\u00e3o de energia com presen\u00e7a do MME nesta sexta-feira (30)"},"content":{"rendered":"\n<p>MATO GROSSO<\/p>\n\n\n\n<p><\/p>\n\n\n\n<p>A audi\u00eancia p\u00fablica que discutir\u00e1 a renova\u00e7\u00e3o ou n\u00e3o da concess\u00e3o da Energisa na distribui\u00e7\u00e3o de energia el\u00e9trica em Mato Grosso, acontecer\u00e1 nesta sexta-feira (30), \u00e0s 9h, no Plen\u00e1rio de Delibera\u00e7\u00f5es &#8220;Ren\u00ea Barbour&#8221;. O deputado estadual Wilson Santos (PSD) informou que foram convidados representantes de importantes entidades p\u00fablicas e privadas, empres\u00e1rios e p\u00fablico em geral e adiantou que o diretor do Departamento de Pol\u00edticas Setoriais do Minist\u00e9rio de Minas e Energia (MME), Frederico de Ara\u00fajo Teles, confirmou a presen\u00e7a e debater\u00e1 sobre o tema.<\/p>\n\n\n\n<p>\u201cVamos realizar v\u00e1rias audi\u00eancias p\u00fablicas, com o objetivo de avaliar a atua\u00e7\u00e3o da Energisa. Se n\u00f3s n\u00e3o provocarmos este assunto, isso seria decidido sem o conhecimento da sociedade, como muitas defini\u00e7\u00f5es que acontecem no pa\u00eds, sem a opini\u00e3o p\u00fablica. A entrada \u00e9 franca e queremos debater a pr\u00f3xima concess\u00e3o ou mesmo a reestatiza\u00e7\u00e3o dos servi\u00e7os de distribui\u00e7\u00e3o de energia el\u00e9trica em Mato Grosso. Faltam dois anos para vencer a concess\u00e3o. Estamos iniciando um debate para avaliarmos os aspectos quantitativo e qualitativo em rela\u00e7\u00e3o a distribui\u00e7\u00e3o de energia\u201d, esclareceu o parlamentar.<\/p>\n\n\n\n<p>Wilson explica que a atual concess\u00e3o foi realizada no ano de 1997 pela Uni\u00e3o, com um grupo privado de S\u00e3o Paulo \u2013 chamado Rede \u2013 que ganhou o leil\u00e3o e ficou por v\u00e1rios anos respons\u00e1vel pela distribui\u00e7\u00e3o de energia em Mato Grosso. Logo, suspendeu a presta\u00e7\u00e3o de servi\u00e7os e foi substitu\u00eddo pela Energisa. \u201cN\u00e3o podemos fazer a renova\u00e7\u00e3o da concess\u00e3o, sem fazermos uma avalia\u00e7\u00e3o precisa da qualidade dos servi\u00e7os e dos investimentos feitos. Estamos provocando a sociedade para que compare\u00e7a nesta reuni\u00e3o, em que vamos discutir um servi\u00e7o que foi concedido h\u00e1 28 anos e identificar os avan\u00e7os ou retrocessos\u201d, comenta.<\/p>\n\n\n\n<p>Em janeiro de 1995, Mato Grosso consumia aproximadamente 600 megawatts de energia e importava 85% de toda essa energia, relata Wilson Santos. \u201cCom essa pot\u00eancia, n\u00f3s import\u00e1vamos 510 megawatts e produz\u00edamos apenas 90 megawatts. Hoje, Mato Grosso produz quatro mil megawatts, consome dois mil e exporta a mesma quantidade. E o potencial hidrel\u00e9trico \u00e9 de 17 mil megawatts. \u00c9 bom deixar claro, que no Sistema Nacional de Energia El\u00e9trica quem gera energia \u00e9 proibido de distribuir e vice-versa. N\u00e3o podemos esperar, sermos surpreendidos com renova\u00e7\u00e3o rel\u00e2mpago. Ent\u00e3o, o papel da Assembleia Legislativa ser\u00e1 fomentar esse debate\u201d, frisa. &nbsp;<\/p>\n\n\n\n<p>Al\u00e9m do MME, tamb\u00e9m foram convidados representantes da Ag\u00eancia Nacional de Energia El\u00e9trica (Aneel), Ag\u00eancia Estadual de Regula\u00e7\u00e3o dos Servi\u00e7os P\u00fablicos Delegados (Ager), Sindenergia, Federa\u00e7\u00e3o da C\u00e2mara dos Dirigentes Lojistas (FCDL), Procon, Associa\u00e7\u00e3o Mato-Grossense dos Munic\u00edpios (AMM), Famato, Minist\u00e9rio P\u00fablico Estadual (MPE), Eletrobras, Fecom\u00e9rcio, Sistema Federa\u00e7\u00e3o das Ind\u00fastrias de Mato Grosso (Fiemt), Aprosoja, entre outras entidades.<\/p>\n\n\n\n<p>A audi\u00eancia p\u00fablica foi solicitada por Wilson Santos, por meio do requerimento <a href=\"https:\/\/www.al.mt.gov.br\/storage\/webdisco\/cp\/20250224105802130700.pdf\">n.\u00ba 104\/2025<\/a>, com o objetivo de avaliar a atua\u00e7\u00e3o da empresa Energisa, analisando os pontos cr\u00edticos e favor\u00e1veis do servi\u00e7o prestado.<\/p>\n","protected":false},"excerpt":{"rendered":"<p>MATO GROSSO A audi\u00eancia p\u00fablica que discutir\u00e1 a renova\u00e7\u00e3o ou n\u00e3o da concess\u00e3o da Energisa na distribui\u00e7\u00e3o de energia el\u00e9trica em Mato Grosso, acontecer\u00e1 nesta sexta-feira (30), \u00e0s 9h, no Plen\u00e1rio de Delibera\u00e7\u00f5es &#8220;Ren\u00ea Barbour&#8221;. O deputado estadual Wilson Santos (PSD) informou que foram convidados representantes de importantes entidades p\u00fablicas e privadas, empres\u00e1rios e p\u00fablico [&hellip;]<\/p>\n","protected":false},"author":4,"featured_media":1567,"comment_status":"closed","ping_status":"open","sticky":false,"template":"","format":"standard","meta":{"footnotes":""},"categories":[13],"tags":[],"yoast_head":"<!-- This site is optimized with the Yoast SEO Premium plugin v21.5 (Yoast SEO v21.4) - https:\/\/yoast.com\/wordpress\/plugins\/seo\/ -->\n<title>Wilson Santos realiza audi\u00eancia sobre concess\u00e3o de energia com presen\u00e7a do MME nesta sexta-feira (30) - wilsonsantosmt.com.br<\/title>\n<meta name=\"robots\" content=\"index, follow, max-snippet:-1, max-image-preview:large, max-video-preview:-1\" \/>\n<link rel=\"canonical\" href=\"https:\/\/wilsonsantosmt.com.br\/index.php\/2025\/05\/28\/wilson-santos-realiza-audiencia-sobre-concessao-de-energia-com-presenca-do-mme-nesta-sexta-feira-30\/\" \/>\n<meta property=\"og:locale\" content=\"pt_BR\" \/>\n<meta property=\"og:type\" content=\"article\" \/>\n<meta property=\"og:title\" content=\"Wilson Santos realiza audi\u00eancia sobre concess\u00e3o de energia com presen\u00e7a do MME nesta sexta-feira (30)\" \/>\n<meta property=\"og:description\" content=\"MATO GROSSO A audi\u00eancia p\u00fablica que discutir\u00e1 a renova\u00e7\u00e3o ou n\u00e3o da concess\u00e3o da Energisa na distribui\u00e7\u00e3o de energia el\u00e9trica em Mato Grosso, acontecer\u00e1 nesta sexta-feira (30), \u00e0s 9h, no Plen\u00e1rio de Delibera\u00e7\u00f5es &#8220;Ren\u00ea Barbour&#8221;. O deputado estadual Wilson Santos (PSD) informou que foram convidados representantes de importantes entidades p\u00fablicas e privadas, empres\u00e1rios e p\u00fablico [&hellip;]\" \/>\n<meta property=\"og:url\" content=\"https:\/\/wilsonsantosmt.com.br\/index.php\/2025\/05\/28\/wilson-santos-realiza-audiencia-sobre-concessao-de-energia-com-presenca-do-mme-nesta-sexta-feira-30\/\" \/>\n<meta property=\"og:site_name\" content=\"wilsonsantosmt.com.br\" \/>\n<meta property=\"article:publisher\" content=\"https:\/\/www.facebook.com\/WilsonSantosMT\/\" \/>\n<meta property=\"article:published_time\" content=\"2025-05-28T20:33:15+00:00\" \/>\n<meta property=\"article:modified_time\" content=\"2025-05-28T20:33:16+00:00\" \/>\n<meta property=\"og:image\" content=\"http:\/\/wilsonsantosmt.com.br\/wp-content\/uploads\/2025\/05\/e83b6998a0ac052e1f2468a4e4ea514168373921e4026-scaled.jpg\" \/>\n\t<meta property=\"og:image:width\" content=\"2560\" \/>\n\t<meta property=\"og:image:height\" content=\"1706\" \/>\n\t<meta property=\"og:image:type\" content=\"image\/jpeg\" \/>\n<meta name=\"author\" content=\"Samantha dos Anjos\" \/>\n<meta name=\"twitter:card\" content=\"summary_large_image\" \/>\n<meta name=\"twitter:label1\" content=\"Escrito por\" \/>\n\t<meta name=\"twitter:data1\" content=\"Samantha dos Anjos\" \/>\n\t<meta name=\"twitter:label2\" content=\"Est. tempo de leitura\" \/>\n\t<meta name=\"twitter:data2\" content=\"3 minutos\" \/>\n<script type=\"application\/ld+json\" class=\"yoast-schema-graph\">{\"@context\":\"https:\/\/schema.org\",\"@graph\":[{\"@type\":\"Article\",\"@id\":\"https:\/\/wilsonsantosmt.com.br\/index.php\/2025\/05\/28\/wilson-santos-realiza-audiencia-sobre-concessao-de-energia-com-presenca-do-mme-nesta-sexta-feira-30\/#article\",\"isPartOf\":{\"@id\":\"https:\/\/wilsonsantosmt.com.br\/index.php\/2025\/05\/28\/wilson-santos-realiza-audiencia-sobre-concessao-de-energia-com-presenca-do-mme-nesta-sexta-feira-30\/\"},\"author\":{\"name\":\"Samantha dos Anjos\",\"@id\":\"https:\/\/wilsonsantosmt.com.br\/#\/schema\/person\/1d097ee45f526dd0455dbad8c679932c\"},\"headline\":\"Wilson Santos realiza audi\u00eancia sobre concess\u00e3o de energia com presen\u00e7a do MME nesta sexta-feira (30)\",\"datePublished\":\"2025-05-28T20:33:15+00:00\",\"dateModified\":\"2025-05-28T20:33:16+00:00\",\"mainEntityOfPage\":{\"@id\":\"https:\/\/wilsonsantosmt.com.br\/index.php\/2025\/05\/28\/wilson-santos-realiza-audiencia-sobre-concessao-de-energia-com-presenca-do-mme-nesta-sexta-feira-30\/\"},\"wordCount\":552,\"publisher\":{\"@id\":\"https:\/\/wilsonsantosmt.com.br\/#\/schema\/person\/9de3c54961637a9eadb16bcbf895b1ef\"},\"articleSection\":[\"Not\u00edcias\"],\"inLanguage\":\"pt-BR\"},{\"@type\":\"WebPage\",\"@id\":\"https:\/\/wilsonsantosmt.com.br\/index.php\/2025\/05\/28\/wilson-santos-realiza-audiencia-sobre-concessao-de-energia-com-presenca-do-mme-nesta-sexta-feira-30\/\",\"url\":\"https:\/\/wilsonsantosmt.com.br\/index.php\/2025\/05\/28\/wilson-santos-realiza-audiencia-sobre-concessao-de-energia-com-presenca-do-mme-nesta-sexta-feira-30\/\",\"name\":\"Wilson Santos realiza audi\u00eancia sobre concess\u00e3o de energia com presen\u00e7a do MME nesta sexta-feira (30) - wilsonsantosmt.com.br\",\"isPartOf\":{\"@id\":\"https:\/\/wilsonsantosmt.com.br\/#website\"},\"datePublished\":\"2025-05-28T20:33:15+00:00\",\"dateModified\":\"2025-05-28T20:33:16+00:00\",\"breadcrumb\":{\"@id\":\"https:\/\/wilsonsantosmt.com.br\/index.php\/2025\/05\/28\/wilson-santos-realiza-audiencia-sobre-concessao-de-energia-com-presenca-do-mme-nesta-sexta-feira-30\/#breadcrumb\"},\"inLanguage\":\"pt-BR\",\"potentialAction\":[{\"@type\":\"ReadAction\",\"target\":[\"https:\/\/wilsonsantosmt.com.br\/index.php\/2025\/05\/28\/wilson-santos-realiza-audiencia-sobre-concessao-de-energia-com-presenca-do-mme-nesta-sexta-feira-30\/\"]}]},{\"@type\":\"BreadcrumbList\",\"@id\":\"https:\/\/wilsonsantosmt.com.br\/index.php\/2025\/05\/28\/wilson-santos-realiza-audiencia-sobre-concessao-de-energia-com-presenca-do-mme-nesta-sexta-feira-30\/#breadcrumb\",\"itemListElement\":[{\"@type\":\"ListItem\",\"position\":1,\"name\":\"In\u00edcio\",\"item\":\"https:\/\/wilsonsantosmt.com.br\/\"},{\"@type\":\"ListItem\",\"position\":2,\"name\":\"Not\u00edcias\",\"item\":\"https:\/\/wilsonsantosmt.com.br\/index.php\/category\/noticias\/\"},{\"@type\":\"ListItem\",\"position\":3,\"name\":\"Wilson Santos realiza audi\u00eancia sobre concess\u00e3o de energia com presen\u00e7a do MME nesta sexta-feira (30)\"}]},{\"@type\":\"WebSite\",\"@id\":\"https:\/\/wilsonsantosmt.com.br\/#website\",\"url\":\"https:\/\/wilsonsantosmt.com.br\/\",\"name\":\"wilsonsantosmt.com.br\",\"description\":\"\",\"publisher\":{\"@id\":\"https:\/\/wilsonsantosmt.com.br\/#\/schema\/person\/9de3c54961637a9eadb16bcbf895b1ef\"},\"potentialAction\":[{\"@type\":\"SearchAction\",\"target\":{\"@type\":\"EntryPoint\",\"urlTemplate\":\"https:\/\/wilsonsantosmt.com.br\/?s={search_term_string}\"},\"query-input\":\"required name=search_term_string\"}],\"inLanguage\":\"pt-BR\"},{\"@type\":[\"Person\",\"Organization\"],\"@id\":\"https:\/\/wilsonsantosmt.com.br\/#\/schema\/person\/9de3c54961637a9eadb16bcbf895b1ef\",\"name\":\"Wilson Santos\",\"image\":{\"@type\":\"ImageObject\",\"inLanguage\":\"pt-BR\",\"@id\":\"https:\/\/wilsonsantosmt.com.br\/#\/schema\/person\/image\/\",\"url\":\"https:\/\/wilsonsantosmt.com.br\/wp-content\/uploads\/2023\/11\/310828673_653254583023360_8795459643194608438_n.jpg\",\"contentUrl\":\"https:\/\/wilsonsantosmt.com.br\/wp-content\/uploads\/2023\/11\/310828673_653254583023360_8795459643194608438_n.jpg\",\"width\":1078,\"height\":1079,\"caption\":\"Wilson Santos\"},\"logo\":{\"@id\":\"https:\/\/wilsonsantosmt.com.br\/#\/schema\/person\/image\/\"},\"sameAs\":[\"http:\/\/wilsonsantosmt.com.br\",\"https:\/\/www.facebook.com\/WilsonSantosMT\/\",\"https:\/\/www.instagram.com\/wilsonsantosmt\/\",\"https:\/\/www.youtube.com\/@WilsonSantosWS\/videos\",\"https:\/\/pt.wikipedia.org\/wiki\/Wilson_Santos\"],\"honorificPrefix\":\"Sr\",\"gender\":\"masculino\",\"jobTitle\":\"Deputado Estadual\",\"worksFor\":\"Assembleia Legislativa de Mato Grosso\"},{\"@type\":\"Person\",\"@id\":\"https:\/\/wilsonsantosmt.com.br\/#\/schema\/person\/1d097ee45f526dd0455dbad8c679932c\",\"name\":\"Samantha dos Anjos\",\"image\":{\"@type\":\"ImageObject\",\"inLanguage\":\"pt-BR\",\"@id\":\"https:\/\/wilsonsantosmt.com.br\/#\/schema\/person\/image\/\",\"url\":\"https:\/\/secure.gravatar.com\/avatar\/7d8d0b6dd67d134a9fa841bee90c57c7?s=96&d=mm&r=g\",\"contentUrl\":\"https:\/\/secure.gravatar.com\/avatar\/7d8d0b6dd67d134a9fa841bee90c57c7?s=96&d=mm&r=g\",\"caption\":\"Samantha dos Anjos\"},\"url\":\"https:\/\/wilsonsantosmt.com.br\/index.php\/author\/samantha-dos-anjos\/\"}]}<\/script>\n<!-- \/ Yoast SEO Premium plugin. -->","yoast_head_json":{"title":"Wilson Santos realiza audi\u00eancia sobre concess\u00e3o de energia com presen\u00e7a do MME nesta sexta-feira (30) - wilsonsantosmt.com.br","robots":{"index":"index","follow":"follow","max-snippet":"max-snippet:-1","max-image-preview":"max-image-preview:large","max-video-preview":"max-video-preview:-1"},"canonical":"https:\/\/wilsonsantosmt.com.br\/index.php\/2025\/05\/28\/wilson-santos-realiza-audiencia-sobre-concessao-de-energia-com-presenca-do-mme-nesta-sexta-feira-30\/","og_locale":"pt_BR","og_type":"article","og_title":"Wilson Santos realiza audi\u00eancia sobre concess\u00e3o de energia com presen\u00e7a do MME nesta sexta-feira (30)","og_description":"MATO GROSSO A audi\u00eancia p\u00fablica que discutir\u00e1 a renova\u00e7\u00e3o ou n\u00e3o da concess\u00e3o da Energisa na distribui\u00e7\u00e3o de energia el\u00e9trica em Mato Grosso, acontecer\u00e1 nesta sexta-feira (30), \u00e0s 9h, no Plen\u00e1rio de Delibera\u00e7\u00f5es &#8220;Ren\u00ea Barbour&#8221;. O deputado estadual Wilson Santos (PSD) informou que foram convidados representantes de importantes entidades p\u00fablicas e privadas, empres\u00e1rios e p\u00fablico [&hellip;]","og_url":"https:\/\/wilsonsantosmt.com.br\/index.php\/2025\/05\/28\/wilson-santos-realiza-audiencia-sobre-concessao-de-energia-com-presenca-do-mme-nesta-sexta-feira-30\/","og_site_name":"wilsonsantosmt.com.br","article_publisher":"https:\/\/www.facebook.com\/WilsonSantosMT\/","article_published_time":"2025-05-28T20:33:15+00:00","article_modified_time":"2025-05-28T20:33:16+00:00","og_image":[{"width":2560,"height":1706,"url":"http:\/\/wilsonsantosmt.com.br\/wp-content\/uploads\/2025\/05\/e83b6998a0ac052e1f2468a4e4ea514168373921e4026-scaled.jpg","type":"image\/jpeg"}],"author":"Samantha dos Anjos","twitter_card":"summary_large_image","twitter_misc":{"Escrito por":"Samantha dos Anjos","Est. tempo de leitura":"3 minutos"},"schema":{"@context":"https:\/\/schema.org","@graph":[{"@type":"Article","@id":"https:\/\/wilsonsantosmt.com.br\/index.php\/2025\/05\/28\/wilson-santos-realiza-audiencia-sobre-concessao-de-energia-com-presenca-do-mme-nesta-sexta-feira-30\/#article","isPartOf":{"@id":"https:\/\/wilsonsantosmt.com.br\/index.php\/2025\/05\/28\/wilson-santos-realiza-audiencia-sobre-concessao-de-energia-com-presenca-do-mme-nesta-sexta-feira-30\/"},"author":{"name":"Samantha dos Anjos","@id":"https:\/\/wilsonsantosmt.com.br\/#\/schema\/person\/1d097ee45f526dd0455dbad8c679932c"},"headline":"Wilson Santos realiza audi\u00eancia sobre concess\u00e3o de energia com presen\u00e7a do MME nesta sexta-feira (30)","datePublished":"2025-05-28T20:33:15+00:00","dateModified":"2025-05-28T20:33:16+00:00","mainEntityOfPage":{"@id":"https:\/\/wilsonsantosmt.com.br\/index.php\/2025\/05\/28\/wilson-santos-realiza-audiencia-sobre-concessao-de-energia-com-presenca-do-mme-nesta-sexta-feira-30\/"},"wordCount":552,"publisher":{"@id":"https:\/\/wilsonsantosmt.com.br\/#\/schema\/person\/9de3c54961637a9eadb16bcbf895b1ef"},"articleSection":["Not\u00edcias"],"inLanguage":"pt-BR"},{"@type":"WebPage","@id":"https:\/\/wilsonsantosmt.com.br\/index.php\/2025\/05\/28\/wilson-santos-realiza-audiencia-sobre-concessao-de-energia-com-presenca-do-mme-nesta-sexta-feira-30\/","url":"https:\/\/wilsonsantosmt.com.br\/index.php\/2025\/05\/28\/wilson-santos-realiza-audiencia-sobre-concessao-de-energia-com-presenca-do-mme-nesta-sexta-feira-30\/","name":"Wilson Santos realiza audi\u00eancia sobre concess\u00e3o de energia com presen\u00e7a do MME nesta sexta-feira (30) - wilsonsantosmt.com.br","isPartOf":{"@id":"https:\/\/wilsonsantosmt.com.br\/#website"},"datePublished":"2025-05-28T20:33:15+00:00","dateModified":"2025-05-28T20:33:16+00:00","breadcrumb":{"@id":"https:\/\/wilsonsantosmt.com.br\/index.php\/2025\/05\/28\/wilson-santos-realiza-audiencia-sobre-concessao-de-energia-com-presenca-do-mme-nesta-sexta-feira-30\/#breadcrumb"},"inLanguage":"pt-BR","potentialAction":[{"@type":"ReadAction","target":["https:\/\/wilsonsantosmt.com.br\/index.php\/2025\/05\/28\/wilson-santos-realiza-audiencia-sobre-concessao-de-energia-com-presenca-do-mme-nesta-sexta-feira-30\/"]}]},{"@type":"BreadcrumbList","@id":"https:\/\/wilsonsantosmt.com.br\/index.php\/2025\/05\/28\/wilson-santos-realiza-audiencia-sobre-concessao-de-energia-com-presenca-do-mme-nesta-sexta-feira-30\/#breadcrumb","itemListElement":[{"@type":"ListItem","position":1,"name":"In\u00edcio","item":"https:\/\/wilsonsantosmt.com.br\/"},{"@type":"ListItem","position":2,"name":"Not\u00edcias","item":"https:\/\/wilsonsantosmt.com.br\/index.php\/category\/noticias\/"},{"@type":"ListItem","position":3,"name":"Wilson Santos realiza audi\u00eancia sobre concess\u00e3o de energia com presen\u00e7a do MME nesta sexta-feira (30)"}]},{"@type":"WebSite","@id":"https:\/\/wilsonsantosmt.com.br\/#website","url":"https:\/\/wilsonsantosmt.com.br\/","name":"wilsonsantosmt.com.br","description":"","publisher":{"@id":"https:\/\/wilsonsantosmt.com.br\/#\/schema\/person\/9de3c54961637a9eadb16bcbf895b1ef"},"potentialAction":[{"@type":"SearchAction","target":{"@type":"EntryPoint","urlTemplate":"https:\/\/wilsonsantosmt.com.br\/?s={search_term_string}"},"query-input":"required name=search_term_string"}],"inLanguage":"pt-BR"},{"@type":["Person","Organization"],"@id":"https:\/\/wilsonsantosmt.com.br\/#\/schema\/person\/9de3c54961637a9eadb16bcbf895b1ef","name":"Wilson Santos","image":{"@type":"ImageObject","inLanguage":"pt-BR","@id":"https:\/\/wilsonsantosmt.com.br\/#\/schema\/person\/image\/","url":"https:\/\/wilsonsantosmt.com.br\/wp-content\/uploads\/2023\/11\/310828673_653254583023360_8795459643194608438_n.jpg","contentUrl":"https:\/\/wilsonsantosmt.com.br\/wp-content\/uploads\/2023\/11\/310828673_653254583023360_8795459643194608438_n.jpg","width":1078,"height":1079,"caption":"Wilson Santos"},"logo":{"@id":"https:\/\/wilsonsantosmt.com.br\/#\/schema\/person\/image\/"},"sameAs":["http:\/\/wilsonsantosmt.com.br","https:\/\/www.facebook.com\/WilsonSantosMT\/","https:\/\/www.instagram.com\/wilsonsantosmt\/","https:\/\/www.youtube.com\/@WilsonSantosWS\/videos","https:\/\/pt.wikipedia.org\/wiki\/Wilson_Santos"],"honorificPrefix":"Sr","gender":"masculino","jobTitle":"Deputado Estadual","worksFor":"Assembleia Legislativa de Mato Grosso"},{"@type":"Person","@id":"https:\/\/wilsonsantosmt.com.br\/#\/schema\/person\/1d097ee45f526dd0455dbad8c679932c","name":"Samantha dos Anjos","image":{"@type":"ImageObject","inLanguage":"pt-BR","@id":"https:\/\/wilsonsantosmt.com.br\/#\/schema\/person\/image\/","url":"https:\/\/secure.gravatar.com\/avatar\/7d8d0b6dd67d134a9fa841bee90c57c7?s=96&d=mm&r=g","contentUrl":"https:\/\/secure.gravatar.com\/avatar\/7d8d0b6dd67d134a9fa841bee90c57c7?s=96&d=mm&r=g","caption":"Samantha dos Anjos"},"url":"https:\/\/wilsonsantosmt.com.br\/index.php\/author\/samantha-dos-anjos\/"}]}},"_links":{"self":[{"href":"https:\/\/wilsonsantosmt.com.br\/index.php\/wp-json\/wp\/v2\/posts\/1566"}],"collection":[{"href":"https:\/\/wilsonsantosmt.com.br\/index.php\/wp-json\/wp\/v2\/posts"}],"about":[{"href":"https:\/\/wilsonsantosmt.com.br\/index.php\/wp-json\/wp\/v2\/types\/post"}],"author":[{"embeddable":true,"href":"https:\/\/wilsonsantosmt.com.br\/index.php\/wp-json\/wp\/v2\/users\/4"}],"replies":[{"embeddable":true,"href":"https:\/\/wilsonsantosmt.com.br\/index.php\/wp-json\/wp\/v2\/comments?post=1566"}],"version-history":[{"count":1,"href":"https:\/\/wilsonsantosmt.com.br\/index.php\/wp-json\/wp\/v2\/posts\/1566\/revisions"}],"predecessor-version":[{"id":1568,"href":"https:\/\/wilsonsantosmt.com.br\/index.php\/wp-json\/wp\/v2\/posts\/1566\/revisions\/1568"}],"wp:featuredmedia":[{"embeddable":true,"href":"https:\/\/wilsonsantosmt.com.br\/index.php\/wp-json\/wp\/v2\/media\/1567"}],"wp:attachment":[{"href":"https:\/\/wilsonsantosmt.com.br\/index.php\/wp-json\/wp\/v2\/media?parent=1566"}],"wp:term":[{"taxonomy":"category","embeddable":true,"href":"https:\/\/wilsonsantosmt.com.br\/index.php\/wp-json\/wp\/v2\/categories?post=1566"},{"taxonomy":"post_tag","embeddable":true,"href":"https:\/\/wilsonsantosmt.com.br\/index.php\/wp-json\/wp\/v2\/tags?post=1566"}],"curies":[{"name":"wp","href":"https:\/\/api.w.org\/{rel}","templated":true}]}}