{"id":1569,"date":"2025-05-28T07:33:00","date_gmt":"2025-05-28T11:33:00","guid":{"rendered":"https:\/\/wilsonsantosmt.com.br\/?p=1569"},"modified":"2025-05-28T16:34:21","modified_gmt":"2025-05-28T20:34:21","slug":"wilson-santos-e-homenageado-nos-25-anos-da-ager-por-criar-lei-que-instituiu-a-autarquia","status":"publish","type":"post","link":"https:\/\/wilsonsantosmt.com.br\/index.php\/2025\/05\/28\/wilson-santos-e-homenageado-nos-25-anos-da-ager-por-criar-lei-que-instituiu-a-autarquia\/","title":{"rendered":"Wilson Santos \u00e9 homenageado nos 25 anos da Ager por criar lei que instituiu a autarquia"},"content":{"rendered":"\n<p><\/p>\n\n\n\n<p>Na comemora\u00e7\u00e3o dos 25 anos de exist\u00eancia da Ag\u00eancia Estadual de Regula\u00e7\u00e3o dos Servi\u00e7os P\u00fablicos Delegados do Estado de Mato Grosso (Ager), o deputado estadual Wilson Santos (PSD) foi homenageado por representantes da autarquia, por meio do presidente Luis Alberto Nespolo, nesta quarta-feira (28), na sede do audit\u00f3rio da C\u00e2mara dos Dirigentes Lojistas (CDL), em Cuiab\u00e1. O reconhecimento deve-se ao parlamentar ser autor da Lei Estadual de n\u00ba 7.101\/1999, que criou a entidade para controlar e fiscalizar os servi\u00e7os p\u00fablicos, como o saneamento, rodovias, portos, transporte coletivo, g\u00e1s, energia e telecomunica\u00e7\u00f5es.<\/p>\n\n\n\n<p>Em sua fala, o deputado teceu elogios a toda a diretoria da Ager e reconheceu o trabalho s\u00e9rio, com total profissionalismo e \u00e9tica para assegurar a presta\u00e7\u00e3o de servi\u00e7os adequados para a sociedade. \u201cDiante de todo o processo hist\u00f3rico, o Brasil come\u00e7a a ter uma gest\u00e3o administrativa com a chegada dos revolucion\u00e1rios, em 1930, sob lideran\u00e7a de Get\u00falio Vargas. Mas, s\u00f3 vamos ter mais evid\u00eancia, a partir da gest\u00e3o do ex-presidente da Rep\u00fablica, Fernando Henrique Cardoso, onde surgem as ag\u00eancias seguradoras a partir de um modelo administrativo que vigora at\u00e9 hoje, onde o p\u00fablico \u00e9 evidentemente colocado como prioridade. A Ager \u00e9 dotada de autonomia financeira, funcional e administrativa. Se h\u00e1 uma marca de modernidade na gest\u00e3o p\u00fablica brasileira, foi a cria\u00e7\u00e3o das ag\u00eancias\u201d, explanou o homenageado.<\/p>\n\n\n\n<p>Nespolo agradeceu a presen\u00e7a de Wilson Santos, neste momento de comemora\u00e7\u00e3o para a hist\u00f3ria e ao futuro da regula\u00e7\u00e3o do estado de Mato Grosso. \u201cWilson Santos \u00e9 o respons\u00e1vel por essa iniciativa parlamentar, em que deu o rumo para a cria\u00e7\u00e3o da regula\u00e7\u00e3o. \u00c9 importante dizer que esse dia, dos 25 anos, das nossas bodas de prata, que \u00e9 o marco temporal que se registra com a Lei Estadual 7.101 de 1999, que cria a Ag\u00eancia Estadual de Regula\u00e7\u00e3o dos Servi\u00e7os P\u00fablicos Delegados. Wilson nos honra com a sua presen\u00e7a\u201d, expressou o presidente.<\/p>\n\n\n\n<p>Luis Alberto apontou que houve um crescimento na capacidade regulat\u00f3ria institucional entre 2020 a 2024, de 20% para 50%, em seu primeiro mandato \u00e0 frente da Ager. J\u00e1, neste segundo mandato, ele conta que o percentual de 70%, iguala a autarquia mato-grossense \u00e0s ag\u00eancias nacionais de mais alta performance. \u201cNestes dois mandatos construtivos, uma das preocupa\u00e7\u00f5es foi contar com um planejamento estrat\u00e9gico s\u00f3lido, bem elaborado e revisado. Tivemos condi\u00e7\u00f5es de aferir o que somos, onde estamos e onde queremos chegar, construindo uma adequa\u00e7\u00e3o fact\u00edvel entre planos objetivos, iniciativas, atividades e as condi\u00e7\u00f5es humanas e or\u00e7ament\u00e1rias necess\u00e1rias\u201d, relatou.<\/p>\n\n\n\n<p>O presidente acrescenta que ao refletir o aumento de produtividade na Ager, confirma a efici\u00eancia com o uso de sistemas atualizados da esfera produtiva. \u201cAos servidores, minha gratid\u00e3o e reconhecimento. Neste ambiente de renascimento, n\u00e3o \u00e9 demais lembrar o projeto de moderniza\u00e7\u00e3o tecnol\u00f3gica que fez parte do processo produtivo, necess\u00e1rio em simetria com o mundo atual. N\u00e3o posso esquecer da contribui\u00e7\u00e3o dos \u00f3rg\u00e3os p\u00fablicos e outras entidades envolvidas. O anivers\u00e1rio de 25 anos, tem o objetivo de apresentar \u00e0 sociedade mato-grossense uma ag\u00eancia reguladora com pol\u00edticas p\u00fablicas adotadas e assertivas\u201d, concluiu Nespolo.<\/p>\n","protected":false},"excerpt":{"rendered":"<p>Na comemora\u00e7\u00e3o dos 25 anos de exist\u00eancia da Ag\u00eancia Estadual de Regula\u00e7\u00e3o dos Servi\u00e7os P\u00fablicos Delegados do Estado de Mato Grosso (Ager), o deputado estadual Wilson Santos (PSD) foi homenageado por representantes da autarquia, por meio do presidente Luis Alberto Nespolo, nesta quarta-feira (28), na sede do audit\u00f3rio da C\u00e2mara dos Dirigentes Lojistas (CDL), em [&hellip;]<\/p>\n","protected":false},"author":4,"featured_media":1570,"comment_status":"closed","ping_status":"open","sticky":false,"template":"","format":"standard","meta":{"footnotes":""},"categories":[13],"tags":[],"yoast_head":"<!-- This site is optimized with the Yoast SEO Premium plugin v21.5 (Yoast SEO v21.4) - https:\/\/yoast.com\/wordpress\/plugins\/seo\/ -->\n<title>Wilson Santos \u00e9 homenageado nos 25 anos da Ager por criar lei que instituiu a autarquia - wilsonsantosmt.com.br<\/title>\n<meta name=\"robots\" content=\"index, follow, max-snippet:-1, max-image-preview:large, max-video-preview:-1\" \/>\n<link rel=\"canonical\" href=\"https:\/\/wilsonsantosmt.com.br\/index.php\/2025\/05\/28\/wilson-santos-e-homenageado-nos-25-anos-da-ager-por-criar-lei-que-instituiu-a-autarquia\/\" \/>\n<meta property=\"og:locale\" content=\"pt_BR\" \/>\n<meta property=\"og:type\" content=\"article\" \/>\n<meta property=\"og:title\" content=\"Wilson Santos \u00e9 homenageado nos 25 anos da Ager por criar lei que instituiu a autarquia\" \/>\n<meta property=\"og:description\" content=\"Na comemora\u00e7\u00e3o dos 25 anos de exist\u00eancia da Ag\u00eancia Estadual de Regula\u00e7\u00e3o dos Servi\u00e7os P\u00fablicos Delegados do Estado de Mato Grosso (Ager), o deputado estadual Wilson Santos (PSD) foi homenageado por representantes da autarquia, por meio do presidente Luis Alberto Nespolo, nesta quarta-feira (28), na sede do audit\u00f3rio da C\u00e2mara dos Dirigentes Lojistas (CDL), em [&hellip;]\" \/>\n<meta property=\"og:url\" content=\"https:\/\/wilsonsantosmt.com.br\/index.php\/2025\/05\/28\/wilson-santos-e-homenageado-nos-25-anos-da-ager-por-criar-lei-que-instituiu-a-autarquia\/\" \/>\n<meta property=\"og:site_name\" content=\"wilsonsantosmt.com.br\" \/>\n<meta property=\"article:publisher\" content=\"https:\/\/www.facebook.com\/WilsonSantosMT\/\" \/>\n<meta property=\"article:published_time\" content=\"2025-05-28T11:33:00+00:00\" \/>\n<meta property=\"article:modified_time\" content=\"2025-05-28T20:34:21+00:00\" \/>\n<meta property=\"og:image\" content=\"http:\/\/wilsonsantosmt.com.br\/wp-content\/uploads\/2025\/05\/WhatsApp-Image-2025-05-28-at-13.26.00.jpeg\" \/>\n\t<meta property=\"og:image:width\" content=\"1600\" \/>\n\t<meta property=\"og:image:height\" content=\"1066\" \/>\n\t<meta property=\"og:image:type\" content=\"image\/jpeg\" \/>\n<meta name=\"author\" content=\"Samantha dos Anjos\" \/>\n<meta name=\"twitter:card\" content=\"summary_large_image\" \/>\n<meta name=\"twitter:label1\" content=\"Escrito por\" \/>\n\t<meta name=\"twitter:data1\" content=\"Samantha dos Anjos\" \/>\n\t<meta name=\"twitter:label2\" content=\"Est. tempo de leitura\" \/>\n\t<meta name=\"twitter:data2\" content=\"3 minutos\" \/>\n<script type=\"application\/ld+json\" class=\"yoast-schema-graph\">{\"@context\":\"https:\/\/schema.org\",\"@graph\":[{\"@type\":\"Article\",\"@id\":\"https:\/\/wilsonsantosmt.com.br\/index.php\/2025\/05\/28\/wilson-santos-e-homenageado-nos-25-anos-da-ager-por-criar-lei-que-instituiu-a-autarquia\/#article\",\"isPartOf\":{\"@id\":\"https:\/\/wilsonsantosmt.com.br\/index.php\/2025\/05\/28\/wilson-santos-e-homenageado-nos-25-anos-da-ager-por-criar-lei-que-instituiu-a-autarquia\/\"},\"author\":{\"name\":\"Samantha dos Anjos\",\"@id\":\"https:\/\/wilsonsantosmt.com.br\/#\/schema\/person\/1d097ee45f526dd0455dbad8c679932c\"},\"headline\":\"Wilson Santos \u00e9 homenageado nos 25 anos da Ager por criar lei que instituiu a autarquia\",\"datePublished\":\"2025-05-28T11:33:00+00:00\",\"dateModified\":\"2025-05-28T20:34:21+00:00\",\"mainEntityOfPage\":{\"@id\":\"https:\/\/wilsonsantosmt.com.br\/index.php\/2025\/05\/28\/wilson-santos-e-homenageado-nos-25-anos-da-ager-por-criar-lei-que-instituiu-a-autarquia\/\"},\"wordCount\":561,\"publisher\":{\"@id\":\"https:\/\/wilsonsantosmt.com.br\/#\/schema\/person\/9de3c54961637a9eadb16bcbf895b1ef\"},\"articleSection\":[\"Not\u00edcias\"],\"inLanguage\":\"pt-BR\"},{\"@type\":\"WebPage\",\"@id\":\"https:\/\/wilsonsantosmt.com.br\/index.php\/2025\/05\/28\/wilson-santos-e-homenageado-nos-25-anos-da-ager-por-criar-lei-que-instituiu-a-autarquia\/\",\"url\":\"https:\/\/wilsonsantosmt.com.br\/index.php\/2025\/05\/28\/wilson-santos-e-homenageado-nos-25-anos-da-ager-por-criar-lei-que-instituiu-a-autarquia\/\",\"name\":\"Wilson Santos \u00e9 homenageado nos 25 anos da Ager por criar lei que instituiu a autarquia - wilsonsantosmt.com.br\",\"isPartOf\":{\"@id\":\"https:\/\/wilsonsantosmt.com.br\/#website\"},\"datePublished\":\"2025-05-28T11:33:00+00:00\",\"dateModified\":\"2025-05-28T20:34:21+00:00\",\"breadcrumb\":{\"@id\":\"https:\/\/wilsonsantosmt.com.br\/index.php\/2025\/05\/28\/wilson-santos-e-homenageado-nos-25-anos-da-ager-por-criar-lei-que-instituiu-a-autarquia\/#breadcrumb\"},\"inLanguage\":\"pt-BR\",\"potentialAction\":[{\"@type\":\"ReadAction\",\"target\":[\"https:\/\/wilsonsantosmt.com.br\/index.php\/2025\/05\/28\/wilson-santos-e-homenageado-nos-25-anos-da-ager-por-criar-lei-que-instituiu-a-autarquia\/\"]}]},{\"@type\":\"BreadcrumbList\",\"@id\":\"https:\/\/wilsonsantosmt.com.br\/index.php\/2025\/05\/28\/wilson-santos-e-homenageado-nos-25-anos-da-ager-por-criar-lei-que-instituiu-a-autarquia\/#breadcrumb\",\"itemListElement\":[{\"@type\":\"ListItem\",\"position\":1,\"name\":\"In\u00edcio\",\"item\":\"https:\/\/wilsonsantosmt.com.br\/\"},{\"@type\":\"ListItem\",\"position\":2,\"name\":\"Not\u00edcias\",\"item\":\"https:\/\/wilsonsantosmt.com.br\/index.php\/category\/noticias\/\"},{\"@type\":\"ListItem\",\"position\":3,\"name\":\"Wilson Santos \u00e9 homenageado nos 25 anos da Ager por criar lei que instituiu a autarquia\"}]},{\"@type\":\"WebSite\",\"@id\":\"https:\/\/wilsonsantosmt.com.br\/#website\",\"url\":\"https:\/\/wilsonsantosmt.com.br\/\",\"name\":\"wilsonsantosmt.com.br\",\"description\":\"\",\"publisher\":{\"@id\":\"https:\/\/wilsonsantosmt.com.br\/#\/schema\/person\/9de3c54961637a9eadb16bcbf895b1ef\"},\"potentialAction\":[{\"@type\":\"SearchAction\",\"target\":{\"@type\":\"EntryPoint\",\"urlTemplate\":\"https:\/\/wilsonsantosmt.com.br\/?s={search_term_string}\"},\"query-input\":\"required name=search_term_string\"}],\"inLanguage\":\"pt-BR\"},{\"@type\":[\"Person\",\"Organization\"],\"@id\":\"https:\/\/wilsonsantosmt.com.br\/#\/schema\/person\/9de3c54961637a9eadb16bcbf895b1ef\",\"name\":\"Wilson Santos\",\"image\":{\"@type\":\"ImageObject\",\"inLanguage\":\"pt-BR\",\"@id\":\"https:\/\/wilsonsantosmt.com.br\/#\/schema\/person\/image\/\",\"url\":\"https:\/\/wilsonsantosmt.com.br\/wp-content\/uploads\/2023\/11\/310828673_653254583023360_8795459643194608438_n.jpg\",\"contentUrl\":\"https:\/\/wilsonsantosmt.com.br\/wp-content\/uploads\/2023\/11\/310828673_653254583023360_8795459643194608438_n.jpg\",\"width\":1078,\"height\":1079,\"caption\":\"Wilson Santos\"},\"logo\":{\"@id\":\"https:\/\/wilsonsantosmt.com.br\/#\/schema\/person\/image\/\"},\"sameAs\":[\"http:\/\/wilsonsantosmt.com.br\",\"https:\/\/www.facebook.com\/WilsonSantosMT\/\",\"https:\/\/www.instagram.com\/wilsonsantosmt\/\",\"https:\/\/www.youtube.com\/@WilsonSantosWS\/videos\",\"https:\/\/pt.wikipedia.org\/wiki\/Wilson_Santos\"],\"honorificPrefix\":\"Sr\",\"gender\":\"masculino\",\"jobTitle\":\"Deputado Estadual\",\"worksFor\":\"Assembleia Legislativa de Mato Grosso\"},{\"@type\":\"Person\",\"@id\":\"https:\/\/wilsonsantosmt.com.br\/#\/schema\/person\/1d097ee45f526dd0455dbad8c679932c\",\"name\":\"Samantha dos Anjos\",\"image\":{\"@type\":\"ImageObject\",\"inLanguage\":\"pt-BR\",\"@id\":\"https:\/\/wilsonsantosmt.com.br\/#\/schema\/person\/image\/\",\"url\":\"https:\/\/secure.gravatar.com\/avatar\/7d8d0b6dd67d134a9fa841bee90c57c7?s=96&d=mm&r=g\",\"contentUrl\":\"https:\/\/secure.gravatar.com\/avatar\/7d8d0b6dd67d134a9fa841bee90c57c7?s=96&d=mm&r=g\",\"caption\":\"Samantha dos Anjos\"},\"url\":\"https:\/\/wilsonsantosmt.com.br\/index.php\/author\/samantha-dos-anjos\/\"}]}<\/script>\n<!-- \/ Yoast SEO Premium plugin. -->","yoast_head_json":{"title":"Wilson Santos \u00e9 homenageado nos 25 anos da Ager por criar lei que instituiu a autarquia - wilsonsantosmt.com.br","robots":{"index":"index","follow":"follow","max-snippet":"max-snippet:-1","max-image-preview":"max-image-preview:large","max-video-preview":"max-video-preview:-1"},"canonical":"https:\/\/wilsonsantosmt.com.br\/index.php\/2025\/05\/28\/wilson-santos-e-homenageado-nos-25-anos-da-ager-por-criar-lei-que-instituiu-a-autarquia\/","og_locale":"pt_BR","og_type":"article","og_title":"Wilson Santos \u00e9 homenageado nos 25 anos da Ager por criar lei que instituiu a autarquia","og_description":"Na comemora\u00e7\u00e3o dos 25 anos de exist\u00eancia da Ag\u00eancia Estadual de Regula\u00e7\u00e3o dos Servi\u00e7os P\u00fablicos Delegados do Estado de Mato Grosso (Ager), o deputado estadual Wilson Santos (PSD) foi homenageado por representantes da autarquia, por meio do presidente Luis Alberto Nespolo, nesta quarta-feira (28), na sede do audit\u00f3rio da C\u00e2mara dos Dirigentes Lojistas (CDL), em [&hellip;]","og_url":"https:\/\/wilsonsantosmt.com.br\/index.php\/2025\/05\/28\/wilson-santos-e-homenageado-nos-25-anos-da-ager-por-criar-lei-que-instituiu-a-autarquia\/","og_site_name":"wilsonsantosmt.com.br","article_publisher":"https:\/\/www.facebook.com\/WilsonSantosMT\/","article_published_time":"2025-05-28T11:33:00+00:00","article_modified_time":"2025-05-28T20:34:21+00:00","og_image":[{"width":1600,"height":1066,"url":"http:\/\/wilsonsantosmt.com.br\/wp-content\/uploads\/2025\/05\/WhatsApp-Image-2025-05-28-at-13.26.00.jpeg","type":"image\/jpeg"}],"author":"Samantha dos Anjos","twitter_card":"summary_large_image","twitter_misc":{"Escrito por":"Samantha dos Anjos","Est. tempo de leitura":"3 minutos"},"schema":{"@context":"https:\/\/schema.org","@graph":[{"@type":"Article","@id":"https:\/\/wilsonsantosmt.com.br\/index.php\/2025\/05\/28\/wilson-santos-e-homenageado-nos-25-anos-da-ager-por-criar-lei-que-instituiu-a-autarquia\/#article","isPartOf":{"@id":"https:\/\/wilsonsantosmt.com.br\/index.php\/2025\/05\/28\/wilson-santos-e-homenageado-nos-25-anos-da-ager-por-criar-lei-que-instituiu-a-autarquia\/"},"author":{"name":"Samantha dos Anjos","@id":"https:\/\/wilsonsantosmt.com.br\/#\/schema\/person\/1d097ee45f526dd0455dbad8c679932c"},"headline":"Wilson Santos \u00e9 homenageado nos 25 anos da Ager por criar lei que instituiu a autarquia","datePublished":"2025-05-28T11:33:00+00:00","dateModified":"2025-05-28T20:34:21+00:00","mainEntityOfPage":{"@id":"https:\/\/wilsonsantosmt.com.br\/index.php\/2025\/05\/28\/wilson-santos-e-homenageado-nos-25-anos-da-ager-por-criar-lei-que-instituiu-a-autarquia\/"},"wordCount":561,"publisher":{"@id":"https:\/\/wilsonsantosmt.com.br\/#\/schema\/person\/9de3c54961637a9eadb16bcbf895b1ef"},"articleSection":["Not\u00edcias"],"inLanguage":"pt-BR"},{"@type":"WebPage","@id":"https:\/\/wilsonsantosmt.com.br\/index.php\/2025\/05\/28\/wilson-santos-e-homenageado-nos-25-anos-da-ager-por-criar-lei-que-instituiu-a-autarquia\/","url":"https:\/\/wilsonsantosmt.com.br\/index.php\/2025\/05\/28\/wilson-santos-e-homenageado-nos-25-anos-da-ager-por-criar-lei-que-instituiu-a-autarquia\/","name":"Wilson Santos \u00e9 homenageado nos 25 anos da Ager por criar lei que instituiu a autarquia - wilsonsantosmt.com.br","isPartOf":{"@id":"https:\/\/wilsonsantosmt.com.br\/#website"},"datePublished":"2025-05-28T11:33:00+00:00","dateModified":"2025-05-28T20:34:21+00:00","breadcrumb":{"@id":"https:\/\/wilsonsantosmt.com.br\/index.php\/2025\/05\/28\/wilson-santos-e-homenageado-nos-25-anos-da-ager-por-criar-lei-que-instituiu-a-autarquia\/#breadcrumb"},"inLanguage":"pt-BR","potentialAction":[{"@type":"ReadAction","target":["https:\/\/wilsonsantosmt.com.br\/index.php\/2025\/05\/28\/wilson-santos-e-homenageado-nos-25-anos-da-ager-por-criar-lei-que-instituiu-a-autarquia\/"]}]},{"@type":"BreadcrumbList","@id":"https:\/\/wilsonsantosmt.com.br\/index.php\/2025\/05\/28\/wilson-santos-e-homenageado-nos-25-anos-da-ager-por-criar-lei-que-instituiu-a-autarquia\/#breadcrumb","itemListElement":[{"@type":"ListItem","position":1,"name":"In\u00edcio","item":"https:\/\/wilsonsantosmt.com.br\/"},{"@type":"ListItem","position":2,"name":"Not\u00edcias","item":"https:\/\/wilsonsantosmt.com.br\/index.php\/category\/noticias\/"},{"@type":"ListItem","position":3,"name":"Wilson Santos \u00e9 homenageado nos 25 anos da Ager por criar lei que instituiu a autarquia"}]},{"@type":"WebSite","@id":"https:\/\/wilsonsantosmt.com.br\/#website","url":"https:\/\/wilsonsantosmt.com.br\/","name":"wilsonsantosmt.com.br","description":"","publisher":{"@id":"https:\/\/wilsonsantosmt.com.br\/#\/schema\/person\/9de3c54961637a9eadb16bcbf895b1ef"},"potentialAction":[{"@type":"SearchAction","target":{"@type":"EntryPoint","urlTemplate":"https:\/\/wilsonsantosmt.com.br\/?s={search_term_string}"},"query-input":"required name=search_term_string"}],"inLanguage":"pt-BR"},{"@type":["Person","Organization"],"@id":"https:\/\/wilsonsantosmt.com.br\/#\/schema\/person\/9de3c54961637a9eadb16bcbf895b1ef","name":"Wilson Santos","image":{"@type":"ImageObject","inLanguage":"pt-BR","@id":"https:\/\/wilsonsantosmt.com.br\/#\/schema\/person\/image\/","url":"https:\/\/wilsonsantosmt.com.br\/wp-content\/uploads\/2023\/11\/310828673_653254583023360_8795459643194608438_n.jpg","contentUrl":"https:\/\/wilsonsantosmt.com.br\/wp-content\/uploads\/2023\/11\/310828673_653254583023360_8795459643194608438_n.jpg","width":1078,"height":1079,"caption":"Wilson Santos"},"logo":{"@id":"https:\/\/wilsonsantosmt.com.br\/#\/schema\/person\/image\/"},"sameAs":["http:\/\/wilsonsantosmt.com.br","https:\/\/www.facebook.com\/WilsonSantosMT\/","https:\/\/www.instagram.com\/wilsonsantosmt\/","https:\/\/www.youtube.com\/@WilsonSantosWS\/videos","https:\/\/pt.wikipedia.org\/wiki\/Wilson_Santos"],"honorificPrefix":"Sr","gender":"masculino","jobTitle":"Deputado Estadual","worksFor":"Assembleia Legislativa de Mato Grosso"},{"@type":"Person","@id":"https:\/\/wilsonsantosmt.com.br\/#\/schema\/person\/1d097ee45f526dd0455dbad8c679932c","name":"Samantha dos Anjos","image":{"@type":"ImageObject","inLanguage":"pt-BR","@id":"https:\/\/wilsonsantosmt.com.br\/#\/schema\/person\/image\/","url":"https:\/\/secure.gravatar.com\/avatar\/7d8d0b6dd67d134a9fa841bee90c57c7?s=96&d=mm&r=g","contentUrl":"https:\/\/secure.gravatar.com\/avatar\/7d8d0b6dd67d134a9fa841bee90c57c7?s=96&d=mm&r=g","caption":"Samantha dos Anjos"},"url":"https:\/\/wilsonsantosmt.com.br\/index.php\/author\/samantha-dos-anjos\/"}]}},"_links":{"self":[{"href":"https:\/\/wilsonsantosmt.com.br\/index.php\/wp-json\/wp\/v2\/posts\/1569"}],"collection":[{"href":"https:\/\/wilsonsantosmt.com.br\/index.php\/wp-json\/wp\/v2\/posts"}],"about":[{"href":"https:\/\/wilsonsantosmt.com.br\/index.php\/wp-json\/wp\/v2\/types\/post"}],"author":[{"embeddable":true,"href":"https:\/\/wilsonsantosmt.com.br\/index.php\/wp-json\/wp\/v2\/users\/4"}],"replies":[{"embeddable":true,"href":"https:\/\/wilsonsantosmt.com.br\/index.php\/wp-json\/wp\/v2\/comments?post=1569"}],"version-history":[{"count":1,"href":"https:\/\/wilsonsantosmt.com.br\/index.php\/wp-json\/wp\/v2\/posts\/1569\/revisions"}],"predecessor-version":[{"id":1571,"href":"https:\/\/wilsonsantosmt.com.br\/index.php\/wp-json\/wp\/v2\/posts\/1569\/revisions\/1571"}],"wp:featuredmedia":[{"embeddable":true,"href":"https:\/\/wilsonsantosmt.com.br\/index.php\/wp-json\/wp\/v2\/media\/1570"}],"wp:attachment":[{"href":"https:\/\/wilsonsantosmt.com.br\/index.php\/wp-json\/wp\/v2\/media?parent=1569"}],"wp:term":[{"taxonomy":"category","embeddable":true,"href":"https:\/\/wilsonsantosmt.com.br\/index.php\/wp-json\/wp\/v2\/categories?post=1569"},{"taxonomy":"post_tag","embeddable":true,"href":"https:\/\/wilsonsantosmt.com.br\/index.php\/wp-json\/wp\/v2\/tags?post=1569"}],"curies":[{"name":"wp","href":"https:\/\/api.w.org\/{rel}","templated":true}]}}