{"id":1576,"date":"2025-06-02T16:26:15","date_gmt":"2025-06-02T20:26:15","guid":{"rendered":"https:\/\/wilsonsantosmt.com.br\/?p=1576"},"modified":"2025-06-02T16:28:56","modified_gmt":"2025-06-02T20:28:56","slug":"wilson-santos-eterniza-legado-de-pai-de-mauro-mendes-em-rodovia-estadual","status":"publish","type":"post","link":"https:\/\/wilsonsantosmt.com.br\/index.php\/2025\/06\/02\/wilson-santos-eterniza-legado-de-pai-de-mauro-mendes-em-rodovia-estadual\/","title":{"rendered":"Wilson Santos eterniza legado de pai de Mauro Mendes em rodovia estadual"},"content":{"rendered":"\n<p><\/p>\n\n\n\n<p><\/p>\n\n\n\n<p>Com a entrega dos 23 km de pavimenta\u00e7\u00e3o asf\u00e1ltica nas rodovias MT-361 e MT-468, em Santo Ant\u00f4nio de Leverger, o governador Mauro Mendes (Uni\u00e3o) se emocionou e agradeceu ao deputado estadual Wilson Santos (PSD) pela Lei de <a href=\"https:\/\/www.al.mt.gov.br\/norma-juridica\/urn:lex:br;mato.grosso:estadual:lei.ordinaria:2025-01-16;12790\/gerar-pdf-redacao\">n.\u00b0 12.790\/2025<\/a>, que denomina a rodovia como Expedicion\u00e1rio Ant\u00f4nio Mendes Ferreira, em homenagem ao seu pai, falecido em 2010. O patriarca foi ex-combatente da 2\u00aa Guerra Mundial e condecorado pelos servi\u00e7os prestados ao Brasil.<\/p>\n\n\n\n<p>\u201cMais uma rodovia importante para Mato Grosso. E essa eu agrade\u00e7o ao deputado estadual Wilson Santos, que quis fazer essa homenagem ao meu pai, que foi expedicion\u00e1rio da Segunda Guerra Mundial. Ele criou nove filhos em um pequeno s\u00edtio no interior de Goi\u00e1s, com muitas dificuldades, mas com muito trabalho e honestidade, junto da minha m\u00e3e, uma mulher guerreira. Neste s\u00edtio, enfrent\u00e1vamos estrada de ch\u00e3o, poeira e lama o ano inteiro. Agora, entregar a pavimenta\u00e7\u00e3o asf\u00e1ltica at\u00e9 a Agrovila das Palmeiras, ligando \u00e0 BR-163, me d\u00e1 uma alegria imensa, porque \u00e9 como se eu estivesse fazendo por tantas fam\u00edlias aquilo que eu gostaria de ter feito pelos meus pais\u201d, declarou o governador.<\/p>\n\n\n\n<p>Wilson Santos tamb\u00e9m agradeceu ao Mauro Mendes por tornar realidade um sonho antigo dos moradores da Agrovila das Palmeiras. \u201cEscolhi ser pol\u00edtico porque essa fun\u00e7\u00e3o tem o poder de transformar a vida de muitas pessoas. Uma decis\u00e3o pol\u00edtica pode tocar milhares de vidas. Uma simples assinatura muda o destino de comunidades inteiras. Estamos aqui reunidos, porque esse governador se sensibilizou com o isolamento que essa regi\u00e3o enfrentou por mais de 40 anos. Ele viu, ouviu e agiu\u201d, afirmou o deputado.<\/p>\n\n\n\n<p>Durante o evento, o governador tamb\u00e9m relembrou o in\u00edcio da sua trajet\u00f3ria pol\u00edtica, marcada por duas tentativas frustradas antes de ser eleito. Emocionado, contou que sua m\u00e3e faleceu em 2009 e seu pai, em 2010, e que, apesar de n\u00e3o estarem mais presentes fisicamente, sente que ambos estariam orgulhosos.<\/p>\n\n\n\n<p>\u201cPerdi minha m\u00e3e em 2009 e meu pai em 2010. Eles viram eu perder duas elei\u00e7\u00f5es e n\u00e3o estavam mais aqui, quando ganhei. Hoje, onde quer que estejam, tenho certeza de que est\u00e3o com muito orgulho do nosso Mato Grosso, do trabalho que estamos realizando. \u00c9 uma grande honra, como governador, contribuir para melhorar a vida das pessoas. Fiquei muito feliz com essa homenagem\u201d, completou o chefe do poder executivo.<\/p>\n\n\n\n<p>Ao todo, o Governo de Mato Grosso j\u00e1 investiu R$ 271 milh\u00f5es em infraestrutura no Estado, contemplando obras de pavimenta\u00e7\u00e3o, pontes, drenagem e recupera\u00e7\u00e3o de estradas, que mudam realidades e promovem desenvolvimento social e econ\u00f4mico para todas as regi\u00f5es mato-grossenses.<\/p>\n","protected":false},"excerpt":{"rendered":"<p>Com a entrega dos 23 km de pavimenta\u00e7\u00e3o asf\u00e1ltica nas rodovias MT-361 e MT-468, em Santo Ant\u00f4nio de Leverger, o governador Mauro Mendes (Uni\u00e3o) se emocionou e agradeceu ao deputado estadual Wilson Santos (PSD) pela Lei de n.\u00b0 12.790\/2025, que denomina a rodovia como Expedicion\u00e1rio Ant\u00f4nio Mendes Ferreira, em homenagem ao seu pai, falecido em [&hellip;]<\/p>\n","protected":false},"author":4,"featured_media":1582,"comment_status":"closed","ping_status":"open","sticky":false,"template":"","format":"standard","meta":{"footnotes":""},"categories":[13],"tags":[],"yoast_head":"<!-- This site is optimized with the Yoast SEO Premium plugin v21.5 (Yoast SEO v21.4) - https:\/\/yoast.com\/wordpress\/plugins\/seo\/ -->\n<title>Wilson Santos eterniza legado de pai de Mauro Mendes em rodovia estadual - wilsonsantosmt.com.br<\/title>\n<meta name=\"robots\" content=\"index, follow, max-snippet:-1, max-image-preview:large, max-video-preview:-1\" \/>\n<link rel=\"canonical\" href=\"https:\/\/wilsonsantosmt.com.br\/index.php\/2025\/06\/02\/wilson-santos-eterniza-legado-de-pai-de-mauro-mendes-em-rodovia-estadual\/\" \/>\n<meta property=\"og:locale\" content=\"pt_BR\" \/>\n<meta property=\"og:type\" content=\"article\" \/>\n<meta property=\"og:title\" content=\"Wilson Santos eterniza legado de pai de Mauro Mendes em rodovia estadual\" \/>\n<meta property=\"og:description\" content=\"Com a entrega dos 23 km de pavimenta\u00e7\u00e3o asf\u00e1ltica nas rodovias MT-361 e MT-468, em Santo Ant\u00f4nio de Leverger, o governador Mauro Mendes (Uni\u00e3o) se emocionou e agradeceu ao deputado estadual Wilson Santos (PSD) pela Lei de n.\u00b0 12.790\/2025, que denomina a rodovia como Expedicion\u00e1rio Ant\u00f4nio Mendes Ferreira, em homenagem ao seu pai, falecido em [&hellip;]\" \/>\n<meta property=\"og:url\" content=\"https:\/\/wilsonsantosmt.com.br\/index.php\/2025\/06\/02\/wilson-santos-eterniza-legado-de-pai-de-mauro-mendes-em-rodovia-estadual\/\" \/>\n<meta property=\"og:site_name\" content=\"wilsonsantosmt.com.br\" \/>\n<meta property=\"article:publisher\" content=\"https:\/\/www.facebook.com\/WilsonSantosMT\/\" \/>\n<meta property=\"article:published_time\" content=\"2025-06-02T20:26:15+00:00\" \/>\n<meta property=\"article:modified_time\" content=\"2025-06-02T20:28:56+00:00\" \/>\n<meta property=\"og:image\" content=\"http:\/\/wilsonsantosmt.com.br\/wp-content\/uploads\/2025\/06\/WhatsApp-Image-2025-06-02-at-12.16.55.jpeg\" \/>\n\t<meta property=\"og:image:width\" content=\"1280\" \/>\n\t<meta property=\"og:image:height\" content=\"766\" \/>\n\t<meta property=\"og:image:type\" content=\"image\/jpeg\" \/>\n<meta name=\"author\" content=\"Samantha dos Anjos\" \/>\n<meta name=\"twitter:card\" content=\"summary_large_image\" \/>\n<meta name=\"twitter:label1\" content=\"Escrito por\" \/>\n\t<meta name=\"twitter:data1\" content=\"Samantha dos Anjos\" \/>\n\t<meta name=\"twitter:label2\" content=\"Est. tempo de leitura\" \/>\n\t<meta name=\"twitter:data2\" content=\"3 minutos\" \/>\n<script type=\"application\/ld+json\" class=\"yoast-schema-graph\">{\"@context\":\"https:\/\/schema.org\",\"@graph\":[{\"@type\":\"Article\",\"@id\":\"https:\/\/wilsonsantosmt.com.br\/index.php\/2025\/06\/02\/wilson-santos-eterniza-legado-de-pai-de-mauro-mendes-em-rodovia-estadual\/#article\",\"isPartOf\":{\"@id\":\"https:\/\/wilsonsantosmt.com.br\/index.php\/2025\/06\/02\/wilson-santos-eterniza-legado-de-pai-de-mauro-mendes-em-rodovia-estadual\/\"},\"author\":{\"name\":\"Samantha dos Anjos\",\"@id\":\"https:\/\/wilsonsantosmt.com.br\/#\/schema\/person\/1d097ee45f526dd0455dbad8c679932c\"},\"headline\":\"Wilson Santos eterniza legado de pai de Mauro Mendes em rodovia estadual\",\"datePublished\":\"2025-06-02T20:26:15+00:00\",\"dateModified\":\"2025-06-02T20:28:56+00:00\",\"mainEntityOfPage\":{\"@id\":\"https:\/\/wilsonsantosmt.com.br\/index.php\/2025\/06\/02\/wilson-santos-eterniza-legado-de-pai-de-mauro-mendes-em-rodovia-estadual\/\"},\"wordCount\":460,\"publisher\":{\"@id\":\"https:\/\/wilsonsantosmt.com.br\/#\/schema\/person\/9de3c54961637a9eadb16bcbf895b1ef\"},\"articleSection\":[\"Not\u00edcias\"],\"inLanguage\":\"pt-BR\"},{\"@type\":\"WebPage\",\"@id\":\"https:\/\/wilsonsantosmt.com.br\/index.php\/2025\/06\/02\/wilson-santos-eterniza-legado-de-pai-de-mauro-mendes-em-rodovia-estadual\/\",\"url\":\"https:\/\/wilsonsantosmt.com.br\/index.php\/2025\/06\/02\/wilson-santos-eterniza-legado-de-pai-de-mauro-mendes-em-rodovia-estadual\/\",\"name\":\"Wilson Santos eterniza legado de pai de Mauro Mendes em rodovia estadual - wilsonsantosmt.com.br\",\"isPartOf\":{\"@id\":\"https:\/\/wilsonsantosmt.com.br\/#website\"},\"datePublished\":\"2025-06-02T20:26:15+00:00\",\"dateModified\":\"2025-06-02T20:28:56+00:00\",\"breadcrumb\":{\"@id\":\"https:\/\/wilsonsantosmt.com.br\/index.php\/2025\/06\/02\/wilson-santos-eterniza-legado-de-pai-de-mauro-mendes-em-rodovia-estadual\/#breadcrumb\"},\"inLanguage\":\"pt-BR\",\"potentialAction\":[{\"@type\":\"ReadAction\",\"target\":[\"https:\/\/wilsonsantosmt.com.br\/index.php\/2025\/06\/02\/wilson-santos-eterniza-legado-de-pai-de-mauro-mendes-em-rodovia-estadual\/\"]}]},{\"@type\":\"BreadcrumbList\",\"@id\":\"https:\/\/wilsonsantosmt.com.br\/index.php\/2025\/06\/02\/wilson-santos-eterniza-legado-de-pai-de-mauro-mendes-em-rodovia-estadual\/#breadcrumb\",\"itemListElement\":[{\"@type\":\"ListItem\",\"position\":1,\"name\":\"In\u00edcio\",\"item\":\"https:\/\/wilsonsantosmt.com.br\/\"},{\"@type\":\"ListItem\",\"position\":2,\"name\":\"Not\u00edcias\",\"item\":\"https:\/\/wilsonsantosmt.com.br\/index.php\/category\/noticias\/\"},{\"@type\":\"ListItem\",\"position\":3,\"name\":\"Wilson Santos eterniza legado de pai de Mauro Mendes em rodovia estadual\"}]},{\"@type\":\"WebSite\",\"@id\":\"https:\/\/wilsonsantosmt.com.br\/#website\",\"url\":\"https:\/\/wilsonsantosmt.com.br\/\",\"name\":\"wilsonsantosmt.com.br\",\"description\":\"\",\"publisher\":{\"@id\":\"https:\/\/wilsonsantosmt.com.br\/#\/schema\/person\/9de3c54961637a9eadb16bcbf895b1ef\"},\"potentialAction\":[{\"@type\":\"SearchAction\",\"target\":{\"@type\":\"EntryPoint\",\"urlTemplate\":\"https:\/\/wilsonsantosmt.com.br\/?s={search_term_string}\"},\"query-input\":\"required name=search_term_string\"}],\"inLanguage\":\"pt-BR\"},{\"@type\":[\"Person\",\"Organization\"],\"@id\":\"https:\/\/wilsonsantosmt.com.br\/#\/schema\/person\/9de3c54961637a9eadb16bcbf895b1ef\",\"name\":\"Wilson Santos\",\"image\":{\"@type\":\"ImageObject\",\"inLanguage\":\"pt-BR\",\"@id\":\"https:\/\/wilsonsantosmt.com.br\/#\/schema\/person\/image\/\",\"url\":\"https:\/\/wilsonsantosmt.com.br\/wp-content\/uploads\/2023\/11\/310828673_653254583023360_8795459643194608438_n.jpg\",\"contentUrl\":\"https:\/\/wilsonsantosmt.com.br\/wp-content\/uploads\/2023\/11\/310828673_653254583023360_8795459643194608438_n.jpg\",\"width\":1078,\"height\":1079,\"caption\":\"Wilson Santos\"},\"logo\":{\"@id\":\"https:\/\/wilsonsantosmt.com.br\/#\/schema\/person\/image\/\"},\"sameAs\":[\"http:\/\/wilsonsantosmt.com.br\",\"https:\/\/www.facebook.com\/WilsonSantosMT\/\",\"https:\/\/www.instagram.com\/wilsonsantosmt\/\",\"https:\/\/www.youtube.com\/@WilsonSantosWS\/videos\",\"https:\/\/pt.wikipedia.org\/wiki\/Wilson_Santos\"],\"honorificPrefix\":\"Sr\",\"gender\":\"masculino\",\"jobTitle\":\"Deputado Estadual\",\"worksFor\":\"Assembleia Legislativa de Mato Grosso\"},{\"@type\":\"Person\",\"@id\":\"https:\/\/wilsonsantosmt.com.br\/#\/schema\/person\/1d097ee45f526dd0455dbad8c679932c\",\"name\":\"Samantha dos Anjos\",\"image\":{\"@type\":\"ImageObject\",\"inLanguage\":\"pt-BR\",\"@id\":\"https:\/\/wilsonsantosmt.com.br\/#\/schema\/person\/image\/\",\"url\":\"https:\/\/secure.gravatar.com\/avatar\/7d8d0b6dd67d134a9fa841bee90c57c7?s=96&d=mm&r=g\",\"contentUrl\":\"https:\/\/secure.gravatar.com\/avatar\/7d8d0b6dd67d134a9fa841bee90c57c7?s=96&d=mm&r=g\",\"caption\":\"Samantha dos Anjos\"},\"url\":\"https:\/\/wilsonsantosmt.com.br\/index.php\/author\/samantha-dos-anjos\/\"}]}<\/script>\n<!-- \/ Yoast SEO Premium plugin. -->","yoast_head_json":{"title":"Wilson Santos eterniza legado de pai de Mauro Mendes em rodovia estadual - wilsonsantosmt.com.br","robots":{"index":"index","follow":"follow","max-snippet":"max-snippet:-1","max-image-preview":"max-image-preview:large","max-video-preview":"max-video-preview:-1"},"canonical":"https:\/\/wilsonsantosmt.com.br\/index.php\/2025\/06\/02\/wilson-santos-eterniza-legado-de-pai-de-mauro-mendes-em-rodovia-estadual\/","og_locale":"pt_BR","og_type":"article","og_title":"Wilson Santos eterniza legado de pai de Mauro Mendes em rodovia estadual","og_description":"Com a entrega dos 23 km de pavimenta\u00e7\u00e3o asf\u00e1ltica nas rodovias MT-361 e MT-468, em Santo Ant\u00f4nio de Leverger, o governador Mauro Mendes (Uni\u00e3o) se emocionou e agradeceu ao deputado estadual Wilson Santos (PSD) pela Lei de n.\u00b0 12.790\/2025, que denomina a rodovia como Expedicion\u00e1rio Ant\u00f4nio Mendes Ferreira, em homenagem ao seu pai, falecido em [&hellip;]","og_url":"https:\/\/wilsonsantosmt.com.br\/index.php\/2025\/06\/02\/wilson-santos-eterniza-legado-de-pai-de-mauro-mendes-em-rodovia-estadual\/","og_site_name":"wilsonsantosmt.com.br","article_publisher":"https:\/\/www.facebook.com\/WilsonSantosMT\/","article_published_time":"2025-06-02T20:26:15+00:00","article_modified_time":"2025-06-02T20:28:56+00:00","og_image":[{"width":1280,"height":766,"url":"http:\/\/wilsonsantosmt.com.br\/wp-content\/uploads\/2025\/06\/WhatsApp-Image-2025-06-02-at-12.16.55.jpeg","type":"image\/jpeg"}],"author":"Samantha dos Anjos","twitter_card":"summary_large_image","twitter_misc":{"Escrito por":"Samantha dos Anjos","Est. tempo de leitura":"3 minutos"},"schema":{"@context":"https:\/\/schema.org","@graph":[{"@type":"Article","@id":"https:\/\/wilsonsantosmt.com.br\/index.php\/2025\/06\/02\/wilson-santos-eterniza-legado-de-pai-de-mauro-mendes-em-rodovia-estadual\/#article","isPartOf":{"@id":"https:\/\/wilsonsantosmt.com.br\/index.php\/2025\/06\/02\/wilson-santos-eterniza-legado-de-pai-de-mauro-mendes-em-rodovia-estadual\/"},"author":{"name":"Samantha dos Anjos","@id":"https:\/\/wilsonsantosmt.com.br\/#\/schema\/person\/1d097ee45f526dd0455dbad8c679932c"},"headline":"Wilson Santos eterniza legado de pai de Mauro Mendes em rodovia estadual","datePublished":"2025-06-02T20:26:15+00:00","dateModified":"2025-06-02T20:28:56+00:00","mainEntityOfPage":{"@id":"https:\/\/wilsonsantosmt.com.br\/index.php\/2025\/06\/02\/wilson-santos-eterniza-legado-de-pai-de-mauro-mendes-em-rodovia-estadual\/"},"wordCount":460,"publisher":{"@id":"https:\/\/wilsonsantosmt.com.br\/#\/schema\/person\/9de3c54961637a9eadb16bcbf895b1ef"},"articleSection":["Not\u00edcias"],"inLanguage":"pt-BR"},{"@type":"WebPage","@id":"https:\/\/wilsonsantosmt.com.br\/index.php\/2025\/06\/02\/wilson-santos-eterniza-legado-de-pai-de-mauro-mendes-em-rodovia-estadual\/","url":"https:\/\/wilsonsantosmt.com.br\/index.php\/2025\/06\/02\/wilson-santos-eterniza-legado-de-pai-de-mauro-mendes-em-rodovia-estadual\/","name":"Wilson Santos eterniza legado de pai de Mauro Mendes em rodovia estadual - wilsonsantosmt.com.br","isPartOf":{"@id":"https:\/\/wilsonsantosmt.com.br\/#website"},"datePublished":"2025-06-02T20:26:15+00:00","dateModified":"2025-06-02T20:28:56+00:00","breadcrumb":{"@id":"https:\/\/wilsonsantosmt.com.br\/index.php\/2025\/06\/02\/wilson-santos-eterniza-legado-de-pai-de-mauro-mendes-em-rodovia-estadual\/#breadcrumb"},"inLanguage":"pt-BR","potentialAction":[{"@type":"ReadAction","target":["https:\/\/wilsonsantosmt.com.br\/index.php\/2025\/06\/02\/wilson-santos-eterniza-legado-de-pai-de-mauro-mendes-em-rodovia-estadual\/"]}]},{"@type":"BreadcrumbList","@id":"https:\/\/wilsonsantosmt.com.br\/index.php\/2025\/06\/02\/wilson-santos-eterniza-legado-de-pai-de-mauro-mendes-em-rodovia-estadual\/#breadcrumb","itemListElement":[{"@type":"ListItem","position":1,"name":"In\u00edcio","item":"https:\/\/wilsonsantosmt.com.br\/"},{"@type":"ListItem","position":2,"name":"Not\u00edcias","item":"https:\/\/wilsonsantosmt.com.br\/index.php\/category\/noticias\/"},{"@type":"ListItem","position":3,"name":"Wilson Santos eterniza legado de pai de Mauro Mendes em rodovia estadual"}]},{"@type":"WebSite","@id":"https:\/\/wilsonsantosmt.com.br\/#website","url":"https:\/\/wilsonsantosmt.com.br\/","name":"wilsonsantosmt.com.br","description":"","publisher":{"@id":"https:\/\/wilsonsantosmt.com.br\/#\/schema\/person\/9de3c54961637a9eadb16bcbf895b1ef"},"potentialAction":[{"@type":"SearchAction","target":{"@type":"EntryPoint","urlTemplate":"https:\/\/wilsonsantosmt.com.br\/?s={search_term_string}"},"query-input":"required name=search_term_string"}],"inLanguage":"pt-BR"},{"@type":["Person","Organization"],"@id":"https:\/\/wilsonsantosmt.com.br\/#\/schema\/person\/9de3c54961637a9eadb16bcbf895b1ef","name":"Wilson Santos","image":{"@type":"ImageObject","inLanguage":"pt-BR","@id":"https:\/\/wilsonsantosmt.com.br\/#\/schema\/person\/image\/","url":"https:\/\/wilsonsantosmt.com.br\/wp-content\/uploads\/2023\/11\/310828673_653254583023360_8795459643194608438_n.jpg","contentUrl":"https:\/\/wilsonsantosmt.com.br\/wp-content\/uploads\/2023\/11\/310828673_653254583023360_8795459643194608438_n.jpg","width":1078,"height":1079,"caption":"Wilson Santos"},"logo":{"@id":"https:\/\/wilsonsantosmt.com.br\/#\/schema\/person\/image\/"},"sameAs":["http:\/\/wilsonsantosmt.com.br","https:\/\/www.facebook.com\/WilsonSantosMT\/","https:\/\/www.instagram.com\/wilsonsantosmt\/","https:\/\/www.youtube.com\/@WilsonSantosWS\/videos","https:\/\/pt.wikipedia.org\/wiki\/Wilson_Santos"],"honorificPrefix":"Sr","gender":"masculino","jobTitle":"Deputado Estadual","worksFor":"Assembleia Legislativa de Mato Grosso"},{"@type":"Person","@id":"https:\/\/wilsonsantosmt.com.br\/#\/schema\/person\/1d097ee45f526dd0455dbad8c679932c","name":"Samantha dos Anjos","image":{"@type":"ImageObject","inLanguage":"pt-BR","@id":"https:\/\/wilsonsantosmt.com.br\/#\/schema\/person\/image\/","url":"https:\/\/secure.gravatar.com\/avatar\/7d8d0b6dd67d134a9fa841bee90c57c7?s=96&d=mm&r=g","contentUrl":"https:\/\/secure.gravatar.com\/avatar\/7d8d0b6dd67d134a9fa841bee90c57c7?s=96&d=mm&r=g","caption":"Samantha dos Anjos"},"url":"https:\/\/wilsonsantosmt.com.br\/index.php\/author\/samantha-dos-anjos\/"}]}},"_links":{"self":[{"href":"https:\/\/wilsonsantosmt.com.br\/index.php\/wp-json\/wp\/v2\/posts\/1576"}],"collection":[{"href":"https:\/\/wilsonsantosmt.com.br\/index.php\/wp-json\/wp\/v2\/posts"}],"about":[{"href":"https:\/\/wilsonsantosmt.com.br\/index.php\/wp-json\/wp\/v2\/types\/post"}],"author":[{"embeddable":true,"href":"https:\/\/wilsonsantosmt.com.br\/index.php\/wp-json\/wp\/v2\/users\/4"}],"replies":[{"embeddable":true,"href":"https:\/\/wilsonsantosmt.com.br\/index.php\/wp-json\/wp\/v2\/comments?post=1576"}],"version-history":[{"count":1,"href":"https:\/\/wilsonsantosmt.com.br\/index.php\/wp-json\/wp\/v2\/posts\/1576\/revisions"}],"predecessor-version":[{"id":1578,"href":"https:\/\/wilsonsantosmt.com.br\/index.php\/wp-json\/wp\/v2\/posts\/1576\/revisions\/1578"}],"wp:featuredmedia":[{"embeddable":true,"href":"https:\/\/wilsonsantosmt.com.br\/index.php\/wp-json\/wp\/v2\/media\/1582"}],"wp:attachment":[{"href":"https:\/\/wilsonsantosmt.com.br\/index.php\/wp-json\/wp\/v2\/media?parent=1576"}],"wp:term":[{"taxonomy":"category","embeddable":true,"href":"https:\/\/wilsonsantosmt.com.br\/index.php\/wp-json\/wp\/v2\/categories?post=1576"},{"taxonomy":"post_tag","embeddable":true,"href":"https:\/\/wilsonsantosmt.com.br\/index.php\/wp-json\/wp\/v2\/tags?post=1576"}],"curies":[{"name":"wp","href":"https:\/\/api.w.org\/{rel}","templated":true}]}}