{"id":1579,"date":"2025-06-02T14:26:00","date_gmt":"2025-06-02T18:26:00","guid":{"rendered":"https:\/\/wilsonsantosmt.com.br\/?p=1579"},"modified":"2025-06-02T16:27:34","modified_gmt":"2025-06-02T20:27:34","slug":"wilson-santos-celebra-57-km-de-asfalto-que-vai-beneficiar-17-comunidades-rurais-em-leverger","status":"publish","type":"post","link":"https:\/\/wilsonsantosmt.com.br\/index.php\/2025\/06\/02\/wilson-santos-celebra-57-km-de-asfalto-que-vai-beneficiar-17-comunidades-rurais-em-leverger\/","title":{"rendered":"Wilson Santos celebra 57 km de asfalto que vai beneficiar 17 comunidades rurais em Leverger"},"content":{"rendered":"\n<p><\/p>\n\n\n\n<p>Um sonho antigo da popula\u00e7\u00e3o de Santo Ant\u00f4nio de Leverger, principalmente daqueles que vivem na Agrovila das Palmeiras, tornou-se realidade com a entrega de 57 km de asfaltos nos trechos da MT-361 e MT-468, neste s\u00e1bado (31), com investimentos de R$ 93,1 milh\u00f5es pelo Governo de Mato Grosso, por meio da Secretaria de Infraestrutura e Log\u00edstica (Sinfra). O deputado estadual Wilson Santos (PSD) comemorou e prestigiou o evento junto ao governador Mauro Mendes (Uni\u00e3o), a prefeita municipal Francielle Magalh\u00e3es (PSB), vereadores, entre outras autoridades pol\u00edticas, lideran\u00e7as locais e convidados.<\/p>\n\n\n\n<p>O parlamentar, durante toda a sua trajet\u00f3ria pol\u00edtica, se destaca pela forte atua\u00e7\u00e3o no munic\u00edpio, em que articulou e interviu nessa demanda junto \u00e0 gest\u00e3o estadual. Tamb\u00e9m, acompanhou outros avan\u00e7os na regi\u00e3o, como as melhorias na energia, chegada da telefonia e internet, entre outras infraestruturas para garantir a qualidade de vida das comunidades. \u201cH\u00e1 d\u00e9cadas, a popula\u00e7\u00e3o clamava por esse asfalto, que agora vai trazer desenvolvimento econ\u00f4mico e social e, tamb\u00e9m, vai diminuir dist\u00e2ncias no atendimento \u00e0 sa\u00fade. Muitas pessoas, \u00e0s vezes, sa\u00edam em estado de urg\u00eancia e emerg\u00eancia e n\u00e3o conseguiam chegar vivas na unidade de sa\u00fade. Uma regi\u00e3o que produz o pescado e a agricultura. Agora, esse aspecto est\u00e1 superado\u201d, explicou.<\/p>\n\n\n\n<p>Ele tamb\u00e9m agradeceu ao governador Mauro Mendes, o ex-deputado estadual Allan Kardec, a prefeita Francielle, vereadores, entre outros envolvidos que garantiram a concretiza\u00e7\u00e3o da pavimenta\u00e7\u00e3o asf\u00e1ltica. \u201cN\u00f3s somamos juntos para que esse sonho e essa necessidade acontecesse. Toda essa regi\u00e3o, com 17 comunidades, agora est\u00e1 atendida em v\u00e1rios lados pela pavimenta\u00e7\u00e3o asf\u00e1ltica. Agora \u00e9 muito r\u00e1pido para chegar na Serra de S\u00e3o Vicente. Tem muitas alternativas para chegar \u00e0 capital. Essa \u00e9 a regi\u00e3o mais antiga de Mato Grosso. Aqui est\u00e1 o ber\u00e7o do grande e saudoso Marechal Rondon. E merecia esse tratamento\u201d, comentou Wilson Santos.<\/p>\n\n\n\n<p>Durante a sua fala, Mauro Mendes contou que veio de fam\u00edlia que vivia da agricultura familiar, no interior de Goi\u00e1s, e sabe a import\u00e2ncia do trabalho no campo para garantir o sustento e levar o alimento para a mesma do cidad\u00e3o. \u201cS\u00e3o pessoas sofredoras de mais de 50 anos, que se dedicam a levar sua produ\u00e7\u00e3o at\u00e9 a capital do Estado. E nossa luta \u00e9 dar qualidade de vida para o nosso povo e a nossa gente! Minha m\u00e3e, que morreu aos 83 anos, criou os nove filhos na ro\u00e7a, na pequena agricultura familiar. Eu tenho essa honra de governar Mato Grosso e tomar as decis\u00f5es que v\u00e3o beneficiar a agricultura familiar. \u00c9 uma alegria ajudar as pessoas que vivem da agricultura familiar. Deus aben\u00e7oe essa comunidade\u201d, discursou.<\/p>\n\n\n\n<p>A prefeita Francielle agradeceu todos os parceiros, como Wilson Santos e o Mauro Mendes e todos os onze vereadores que foram parceiros para atender a popula\u00e7\u00e3o da melhor maneira. \u201cWilson Santos \u00e9 um grande parceiro da regi\u00e3o e a Assembleia Legislativa tamb\u00e9m \u00e9 da nossa gest\u00e3o. \u00c9 um orgulho ter um governador que olha as pessoas com carinho. Muito obrigada!\u201d, declarou a gestora municipal. &nbsp;&nbsp;<\/p>\n\n\n\n<p>Os trechos entregues interligam a comunidade da Agrovila das Palmeiras, comunidade Porto de Fora e a Vila Cait\u00e9 \u00e0 BR-163, os munic\u00edpios de Bar\u00e3o de Melga\u00e7o e Santo Ant\u00f4nio de Leverger. A rodovia MT-361 \u201cProfessor Ugo Padilha\u201d \u2013 nome do saudoso pai do ex-deputado e secret\u00e1rio de Estado de Ci\u00eancia, Tecnologia e Inova\u00e7\u00e3o (Seciteci), Allan Kardec &#8211; foram 34 km asfaltados e a rodovia Expedicion\u00e1rio Ant\u00f4nio Mendes Ferreira \u2013 nome do pai de Mauro Mendes, falecido em 2010, sob a lei de <a href=\"https:\/\/www.al.mt.gov.br\/norma-juridica\/urn:lex:br;mato.grosso:estadual:lei.ordinaria:2025-01-16;12790\/gerar-pdf-redacao\">n.\u00b0 12.790\/2025<\/a> de autoria de Wilson Santos &#8211; foram 23 km pavimentados na MT-361\/ MT-468.<\/p>\n\n\n\n<p>Na solenidade, estiveram tamb\u00e9m presentes os deputados estaduais Max Russi e Fabinho, ambos do PSB, Beto Dois a Um (Uni\u00e3o), secret\u00e1rios da Casa Civil, Sinfra e da Secitec, F\u00e1bio Garcia, Marcelo Padero e Allan Kardec, senadora Margareth Buzetti (PSD), ex-senador Cidinho Santos e vereadores da C\u00e2mara Municipal de Santo Ant\u00f4nio de Leverger.<\/p>\n","protected":false},"excerpt":{"rendered":"<p>Um sonho antigo da popula\u00e7\u00e3o de Santo Ant\u00f4nio de Leverger, principalmente daqueles que vivem na Agrovila das Palmeiras, tornou-se realidade com a entrega de 57 km de asfaltos nos trechos da MT-361 e MT-468, neste s\u00e1bado (31), com investimentos de R$ 93,1 milh\u00f5es pelo Governo de Mato Grosso, por meio da Secretaria de Infraestrutura e [&hellip;]<\/p>\n","protected":false},"author":4,"featured_media":1580,"comment_status":"closed","ping_status":"open","sticky":false,"template":"","format":"standard","meta":{"footnotes":""},"categories":[13],"tags":[],"yoast_head":"<!-- This site is optimized with the Yoast SEO Premium plugin v21.5 (Yoast SEO v21.4) - https:\/\/yoast.com\/wordpress\/plugins\/seo\/ -->\n<title>Wilson Santos celebra 57 km de asfalto que vai beneficiar 17 comunidades rurais em Leverger - wilsonsantosmt.com.br<\/title>\n<meta name=\"robots\" content=\"index, follow, max-snippet:-1, max-image-preview:large, max-video-preview:-1\" \/>\n<link rel=\"canonical\" href=\"https:\/\/wilsonsantosmt.com.br\/index.php\/2025\/06\/02\/wilson-santos-celebra-57-km-de-asfalto-que-vai-beneficiar-17-comunidades-rurais-em-leverger\/\" \/>\n<meta property=\"og:locale\" content=\"pt_BR\" \/>\n<meta property=\"og:type\" content=\"article\" \/>\n<meta property=\"og:title\" content=\"Wilson Santos celebra 57 km de asfalto que vai beneficiar 17 comunidades rurais em Leverger\" \/>\n<meta property=\"og:description\" content=\"Um sonho antigo da popula\u00e7\u00e3o de Santo Ant\u00f4nio de Leverger, principalmente daqueles que vivem na Agrovila das Palmeiras, tornou-se realidade com a entrega de 57 km de asfaltos nos trechos da MT-361 e MT-468, neste s\u00e1bado (31), com investimentos de R$ 93,1 milh\u00f5es pelo Governo de Mato Grosso, por meio da Secretaria de Infraestrutura e [&hellip;]\" \/>\n<meta property=\"og:url\" content=\"https:\/\/wilsonsantosmt.com.br\/index.php\/2025\/06\/02\/wilson-santos-celebra-57-km-de-asfalto-que-vai-beneficiar-17-comunidades-rurais-em-leverger\/\" \/>\n<meta property=\"og:site_name\" content=\"wilsonsantosmt.com.br\" \/>\n<meta property=\"article:publisher\" content=\"https:\/\/www.facebook.com\/WilsonSantosMT\/\" \/>\n<meta property=\"article:published_time\" content=\"2025-06-02T18:26:00+00:00\" \/>\n<meta property=\"article:modified_time\" content=\"2025-06-02T20:27:34+00:00\" \/>\n<meta property=\"og:image\" content=\"http:\/\/wilsonsantosmt.com.br\/wp-content\/uploads\/2025\/06\/WhatsApp-Image-2025-06-02-at-08.57.50.jpeg\" \/>\n\t<meta property=\"og:image:width\" content=\"1290\" \/>\n\t<meta property=\"og:image:height\" content=\"853\" \/>\n\t<meta property=\"og:image:type\" content=\"image\/jpeg\" \/>\n<meta name=\"author\" content=\"Samantha dos Anjos\" \/>\n<meta name=\"twitter:card\" content=\"summary_large_image\" \/>\n<meta name=\"twitter:label1\" content=\"Escrito por\" \/>\n\t<meta name=\"twitter:data1\" content=\"Samantha dos Anjos\" \/>\n\t<meta name=\"twitter:label2\" content=\"Est. tempo de leitura\" \/>\n\t<meta name=\"twitter:data2\" content=\"4 minutos\" \/>\n<script type=\"application\/ld+json\" class=\"yoast-schema-graph\">{\"@context\":\"https:\/\/schema.org\",\"@graph\":[{\"@type\":\"Article\",\"@id\":\"https:\/\/wilsonsantosmt.com.br\/index.php\/2025\/06\/02\/wilson-santos-celebra-57-km-de-asfalto-que-vai-beneficiar-17-comunidades-rurais-em-leverger\/#article\",\"isPartOf\":{\"@id\":\"https:\/\/wilsonsantosmt.com.br\/index.php\/2025\/06\/02\/wilson-santos-celebra-57-km-de-asfalto-que-vai-beneficiar-17-comunidades-rurais-em-leverger\/\"},\"author\":{\"name\":\"Samantha dos Anjos\",\"@id\":\"https:\/\/wilsonsantosmt.com.br\/#\/schema\/person\/1d097ee45f526dd0455dbad8c679932c\"},\"headline\":\"Wilson Santos celebra 57 km de asfalto que vai beneficiar 17 comunidades rurais em Leverger\",\"datePublished\":\"2025-06-02T18:26:00+00:00\",\"dateModified\":\"2025-06-02T20:27:34+00:00\",\"mainEntityOfPage\":{\"@id\":\"https:\/\/wilsonsantosmt.com.br\/index.php\/2025\/06\/02\/wilson-santos-celebra-57-km-de-asfalto-que-vai-beneficiar-17-comunidades-rurais-em-leverger\/\"},\"wordCount\":703,\"publisher\":{\"@id\":\"https:\/\/wilsonsantosmt.com.br\/#\/schema\/person\/9de3c54961637a9eadb16bcbf895b1ef\"},\"articleSection\":[\"Not\u00edcias\"],\"inLanguage\":\"pt-BR\"},{\"@type\":\"WebPage\",\"@id\":\"https:\/\/wilsonsantosmt.com.br\/index.php\/2025\/06\/02\/wilson-santos-celebra-57-km-de-asfalto-que-vai-beneficiar-17-comunidades-rurais-em-leverger\/\",\"url\":\"https:\/\/wilsonsantosmt.com.br\/index.php\/2025\/06\/02\/wilson-santos-celebra-57-km-de-asfalto-que-vai-beneficiar-17-comunidades-rurais-em-leverger\/\",\"name\":\"Wilson Santos celebra 57 km de asfalto que vai beneficiar 17 comunidades rurais em Leverger - wilsonsantosmt.com.br\",\"isPartOf\":{\"@id\":\"https:\/\/wilsonsantosmt.com.br\/#website\"},\"datePublished\":\"2025-06-02T18:26:00+00:00\",\"dateModified\":\"2025-06-02T20:27:34+00:00\",\"breadcrumb\":{\"@id\":\"https:\/\/wilsonsantosmt.com.br\/index.php\/2025\/06\/02\/wilson-santos-celebra-57-km-de-asfalto-que-vai-beneficiar-17-comunidades-rurais-em-leverger\/#breadcrumb\"},\"inLanguage\":\"pt-BR\",\"potentialAction\":[{\"@type\":\"ReadAction\",\"target\":[\"https:\/\/wilsonsantosmt.com.br\/index.php\/2025\/06\/02\/wilson-santos-celebra-57-km-de-asfalto-que-vai-beneficiar-17-comunidades-rurais-em-leverger\/\"]}]},{\"@type\":\"BreadcrumbList\",\"@id\":\"https:\/\/wilsonsantosmt.com.br\/index.php\/2025\/06\/02\/wilson-santos-celebra-57-km-de-asfalto-que-vai-beneficiar-17-comunidades-rurais-em-leverger\/#breadcrumb\",\"itemListElement\":[{\"@type\":\"ListItem\",\"position\":1,\"name\":\"In\u00edcio\",\"item\":\"https:\/\/wilsonsantosmt.com.br\/\"},{\"@type\":\"ListItem\",\"position\":2,\"name\":\"Not\u00edcias\",\"item\":\"https:\/\/wilsonsantosmt.com.br\/index.php\/category\/noticias\/\"},{\"@type\":\"ListItem\",\"position\":3,\"name\":\"Wilson Santos celebra 57 km de asfalto que vai beneficiar 17 comunidades rurais em Leverger\"}]},{\"@type\":\"WebSite\",\"@id\":\"https:\/\/wilsonsantosmt.com.br\/#website\",\"url\":\"https:\/\/wilsonsantosmt.com.br\/\",\"name\":\"wilsonsantosmt.com.br\",\"description\":\"\",\"publisher\":{\"@id\":\"https:\/\/wilsonsantosmt.com.br\/#\/schema\/person\/9de3c54961637a9eadb16bcbf895b1ef\"},\"potentialAction\":[{\"@type\":\"SearchAction\",\"target\":{\"@type\":\"EntryPoint\",\"urlTemplate\":\"https:\/\/wilsonsantosmt.com.br\/?s={search_term_string}\"},\"query-input\":\"required name=search_term_string\"}],\"inLanguage\":\"pt-BR\"},{\"@type\":[\"Person\",\"Organization\"],\"@id\":\"https:\/\/wilsonsantosmt.com.br\/#\/schema\/person\/9de3c54961637a9eadb16bcbf895b1ef\",\"name\":\"Wilson Santos\",\"image\":{\"@type\":\"ImageObject\",\"inLanguage\":\"pt-BR\",\"@id\":\"https:\/\/wilsonsantosmt.com.br\/#\/schema\/person\/image\/\",\"url\":\"https:\/\/wilsonsantosmt.com.br\/wp-content\/uploads\/2023\/11\/310828673_653254583023360_8795459643194608438_n.jpg\",\"contentUrl\":\"https:\/\/wilsonsantosmt.com.br\/wp-content\/uploads\/2023\/11\/310828673_653254583023360_8795459643194608438_n.jpg\",\"width\":1078,\"height\":1079,\"caption\":\"Wilson Santos\"},\"logo\":{\"@id\":\"https:\/\/wilsonsantosmt.com.br\/#\/schema\/person\/image\/\"},\"sameAs\":[\"http:\/\/wilsonsantosmt.com.br\",\"https:\/\/www.facebook.com\/WilsonSantosMT\/\",\"https:\/\/www.instagram.com\/wilsonsantosmt\/\",\"https:\/\/www.youtube.com\/@WilsonSantosWS\/videos\",\"https:\/\/pt.wikipedia.org\/wiki\/Wilson_Santos\"],\"honorificPrefix\":\"Sr\",\"gender\":\"masculino\",\"jobTitle\":\"Deputado Estadual\",\"worksFor\":\"Assembleia Legislativa de Mato Grosso\"},{\"@type\":\"Person\",\"@id\":\"https:\/\/wilsonsantosmt.com.br\/#\/schema\/person\/1d097ee45f526dd0455dbad8c679932c\",\"name\":\"Samantha dos Anjos\",\"image\":{\"@type\":\"ImageObject\",\"inLanguage\":\"pt-BR\",\"@id\":\"https:\/\/wilsonsantosmt.com.br\/#\/schema\/person\/image\/\",\"url\":\"https:\/\/secure.gravatar.com\/avatar\/7d8d0b6dd67d134a9fa841bee90c57c7?s=96&d=mm&r=g\",\"contentUrl\":\"https:\/\/secure.gravatar.com\/avatar\/7d8d0b6dd67d134a9fa841bee90c57c7?s=96&d=mm&r=g\",\"caption\":\"Samantha dos Anjos\"},\"url\":\"https:\/\/wilsonsantosmt.com.br\/index.php\/author\/samantha-dos-anjos\/\"}]}<\/script>\n<!-- \/ Yoast SEO Premium plugin. -->","yoast_head_json":{"title":"Wilson Santos celebra 57 km de asfalto que vai beneficiar 17 comunidades rurais em Leverger - wilsonsantosmt.com.br","robots":{"index":"index","follow":"follow","max-snippet":"max-snippet:-1","max-image-preview":"max-image-preview:large","max-video-preview":"max-video-preview:-1"},"canonical":"https:\/\/wilsonsantosmt.com.br\/index.php\/2025\/06\/02\/wilson-santos-celebra-57-km-de-asfalto-que-vai-beneficiar-17-comunidades-rurais-em-leverger\/","og_locale":"pt_BR","og_type":"article","og_title":"Wilson Santos celebra 57 km de asfalto que vai beneficiar 17 comunidades rurais em Leverger","og_description":"Um sonho antigo da popula\u00e7\u00e3o de Santo Ant\u00f4nio de Leverger, principalmente daqueles que vivem na Agrovila das Palmeiras, tornou-se realidade com a entrega de 57 km de asfaltos nos trechos da MT-361 e MT-468, neste s\u00e1bado (31), com investimentos de R$ 93,1 milh\u00f5es pelo Governo de Mato Grosso, por meio da Secretaria de Infraestrutura e [&hellip;]","og_url":"https:\/\/wilsonsantosmt.com.br\/index.php\/2025\/06\/02\/wilson-santos-celebra-57-km-de-asfalto-que-vai-beneficiar-17-comunidades-rurais-em-leverger\/","og_site_name":"wilsonsantosmt.com.br","article_publisher":"https:\/\/www.facebook.com\/WilsonSantosMT\/","article_published_time":"2025-06-02T18:26:00+00:00","article_modified_time":"2025-06-02T20:27:34+00:00","og_image":[{"width":1290,"height":853,"url":"http:\/\/wilsonsantosmt.com.br\/wp-content\/uploads\/2025\/06\/WhatsApp-Image-2025-06-02-at-08.57.50.jpeg","type":"image\/jpeg"}],"author":"Samantha dos Anjos","twitter_card":"summary_large_image","twitter_misc":{"Escrito por":"Samantha dos Anjos","Est. tempo de leitura":"4 minutos"},"schema":{"@context":"https:\/\/schema.org","@graph":[{"@type":"Article","@id":"https:\/\/wilsonsantosmt.com.br\/index.php\/2025\/06\/02\/wilson-santos-celebra-57-km-de-asfalto-que-vai-beneficiar-17-comunidades-rurais-em-leverger\/#article","isPartOf":{"@id":"https:\/\/wilsonsantosmt.com.br\/index.php\/2025\/06\/02\/wilson-santos-celebra-57-km-de-asfalto-que-vai-beneficiar-17-comunidades-rurais-em-leverger\/"},"author":{"name":"Samantha dos Anjos","@id":"https:\/\/wilsonsantosmt.com.br\/#\/schema\/person\/1d097ee45f526dd0455dbad8c679932c"},"headline":"Wilson Santos celebra 57 km de asfalto que vai beneficiar 17 comunidades rurais em Leverger","datePublished":"2025-06-02T18:26:00+00:00","dateModified":"2025-06-02T20:27:34+00:00","mainEntityOfPage":{"@id":"https:\/\/wilsonsantosmt.com.br\/index.php\/2025\/06\/02\/wilson-santos-celebra-57-km-de-asfalto-que-vai-beneficiar-17-comunidades-rurais-em-leverger\/"},"wordCount":703,"publisher":{"@id":"https:\/\/wilsonsantosmt.com.br\/#\/schema\/person\/9de3c54961637a9eadb16bcbf895b1ef"},"articleSection":["Not\u00edcias"],"inLanguage":"pt-BR"},{"@type":"WebPage","@id":"https:\/\/wilsonsantosmt.com.br\/index.php\/2025\/06\/02\/wilson-santos-celebra-57-km-de-asfalto-que-vai-beneficiar-17-comunidades-rurais-em-leverger\/","url":"https:\/\/wilsonsantosmt.com.br\/index.php\/2025\/06\/02\/wilson-santos-celebra-57-km-de-asfalto-que-vai-beneficiar-17-comunidades-rurais-em-leverger\/","name":"Wilson Santos celebra 57 km de asfalto que vai beneficiar 17 comunidades rurais em Leverger - wilsonsantosmt.com.br","isPartOf":{"@id":"https:\/\/wilsonsantosmt.com.br\/#website"},"datePublished":"2025-06-02T18:26:00+00:00","dateModified":"2025-06-02T20:27:34+00:00","breadcrumb":{"@id":"https:\/\/wilsonsantosmt.com.br\/index.php\/2025\/06\/02\/wilson-santos-celebra-57-km-de-asfalto-que-vai-beneficiar-17-comunidades-rurais-em-leverger\/#breadcrumb"},"inLanguage":"pt-BR","potentialAction":[{"@type":"ReadAction","target":["https:\/\/wilsonsantosmt.com.br\/index.php\/2025\/06\/02\/wilson-santos-celebra-57-km-de-asfalto-que-vai-beneficiar-17-comunidades-rurais-em-leverger\/"]}]},{"@type":"BreadcrumbList","@id":"https:\/\/wilsonsantosmt.com.br\/index.php\/2025\/06\/02\/wilson-santos-celebra-57-km-de-asfalto-que-vai-beneficiar-17-comunidades-rurais-em-leverger\/#breadcrumb","itemListElement":[{"@type":"ListItem","position":1,"name":"In\u00edcio","item":"https:\/\/wilsonsantosmt.com.br\/"},{"@type":"ListItem","position":2,"name":"Not\u00edcias","item":"https:\/\/wilsonsantosmt.com.br\/index.php\/category\/noticias\/"},{"@type":"ListItem","position":3,"name":"Wilson Santos celebra 57 km de asfalto que vai beneficiar 17 comunidades rurais em Leverger"}]},{"@type":"WebSite","@id":"https:\/\/wilsonsantosmt.com.br\/#website","url":"https:\/\/wilsonsantosmt.com.br\/","name":"wilsonsantosmt.com.br","description":"","publisher":{"@id":"https:\/\/wilsonsantosmt.com.br\/#\/schema\/person\/9de3c54961637a9eadb16bcbf895b1ef"},"potentialAction":[{"@type":"SearchAction","target":{"@type":"EntryPoint","urlTemplate":"https:\/\/wilsonsantosmt.com.br\/?s={search_term_string}"},"query-input":"required name=search_term_string"}],"inLanguage":"pt-BR"},{"@type":["Person","Organization"],"@id":"https:\/\/wilsonsantosmt.com.br\/#\/schema\/person\/9de3c54961637a9eadb16bcbf895b1ef","name":"Wilson Santos","image":{"@type":"ImageObject","inLanguage":"pt-BR","@id":"https:\/\/wilsonsantosmt.com.br\/#\/schema\/person\/image\/","url":"https:\/\/wilsonsantosmt.com.br\/wp-content\/uploads\/2023\/11\/310828673_653254583023360_8795459643194608438_n.jpg","contentUrl":"https:\/\/wilsonsantosmt.com.br\/wp-content\/uploads\/2023\/11\/310828673_653254583023360_8795459643194608438_n.jpg","width":1078,"height":1079,"caption":"Wilson Santos"},"logo":{"@id":"https:\/\/wilsonsantosmt.com.br\/#\/schema\/person\/image\/"},"sameAs":["http:\/\/wilsonsantosmt.com.br","https:\/\/www.facebook.com\/WilsonSantosMT\/","https:\/\/www.instagram.com\/wilsonsantosmt\/","https:\/\/www.youtube.com\/@WilsonSantosWS\/videos","https:\/\/pt.wikipedia.org\/wiki\/Wilson_Santos"],"honorificPrefix":"Sr","gender":"masculino","jobTitle":"Deputado Estadual","worksFor":"Assembleia Legislativa de Mato Grosso"},{"@type":"Person","@id":"https:\/\/wilsonsantosmt.com.br\/#\/schema\/person\/1d097ee45f526dd0455dbad8c679932c","name":"Samantha dos Anjos","image":{"@type":"ImageObject","inLanguage":"pt-BR","@id":"https:\/\/wilsonsantosmt.com.br\/#\/schema\/person\/image\/","url":"https:\/\/secure.gravatar.com\/avatar\/7d8d0b6dd67d134a9fa841bee90c57c7?s=96&d=mm&r=g","contentUrl":"https:\/\/secure.gravatar.com\/avatar\/7d8d0b6dd67d134a9fa841bee90c57c7?s=96&d=mm&r=g","caption":"Samantha dos Anjos"},"url":"https:\/\/wilsonsantosmt.com.br\/index.php\/author\/samantha-dos-anjos\/"}]}},"_links":{"self":[{"href":"https:\/\/wilsonsantosmt.com.br\/index.php\/wp-json\/wp\/v2\/posts\/1579"}],"collection":[{"href":"https:\/\/wilsonsantosmt.com.br\/index.php\/wp-json\/wp\/v2\/posts"}],"about":[{"href":"https:\/\/wilsonsantosmt.com.br\/index.php\/wp-json\/wp\/v2\/types\/post"}],"author":[{"embeddable":true,"href":"https:\/\/wilsonsantosmt.com.br\/index.php\/wp-json\/wp\/v2\/users\/4"}],"replies":[{"embeddable":true,"href":"https:\/\/wilsonsantosmt.com.br\/index.php\/wp-json\/wp\/v2\/comments?post=1579"}],"version-history":[{"count":1,"href":"https:\/\/wilsonsantosmt.com.br\/index.php\/wp-json\/wp\/v2\/posts\/1579\/revisions"}],"predecessor-version":[{"id":1581,"href":"https:\/\/wilsonsantosmt.com.br\/index.php\/wp-json\/wp\/v2\/posts\/1579\/revisions\/1581"}],"wp:featuredmedia":[{"embeddable":true,"href":"https:\/\/wilsonsantosmt.com.br\/index.php\/wp-json\/wp\/v2\/media\/1580"}],"wp:attachment":[{"href":"https:\/\/wilsonsantosmt.com.br\/index.php\/wp-json\/wp\/v2\/media?parent=1579"}],"wp:term":[{"taxonomy":"category","embeddable":true,"href":"https:\/\/wilsonsantosmt.com.br\/index.php\/wp-json\/wp\/v2\/categories?post=1579"},{"taxonomy":"post_tag","embeddable":true,"href":"https:\/\/wilsonsantosmt.com.br\/index.php\/wp-json\/wp\/v2\/tags?post=1579"}],"curies":[{"name":"wp","href":"https:\/\/api.w.org\/{rel}","templated":true}]}}