{"id":1584,"date":"2025-06-04T08:41:08","date_gmt":"2025-06-04T12:41:08","guid":{"rendered":"https:\/\/wilsonsantosmt.com.br\/?p=1584"},"modified":"2025-06-04T08:41:09","modified_gmt":"2025-06-04T12:41:09","slug":"audiencia-publica-debate-o-cenario-atual-e-o-futuro-da-distribuicao-de-energia-em-mt","status":"publish","type":"post","link":"https:\/\/wilsonsantosmt.com.br\/index.php\/2025\/06\/04\/audiencia-publica-debate-o-cenario-atual-e-o-futuro-da-distribuicao-de-energia-em-mt\/","title":{"rendered":"Audi\u00eancia P\u00fablica debate o cen\u00e1rio atual e o futuro da distribui\u00e7\u00e3o de energia em MT"},"content":{"rendered":"\n<p><\/p>\n\n\n\n<p>A audi\u00eancia p\u00fablica para debater a concess\u00e3o da distribui\u00e7\u00e3o de energia em Mato Grosso trouxe discuss\u00f5es relevantes e esclarecimentos importantes ao p\u00fablico interessado no tema. O evento, realizado na manh\u00e3 do dia 30 de maio, no Plen\u00e1rio de Delibera\u00e7\u00f5es &#8220;Ren\u00ea Barbour&#8221;, na Assembleia Legislativa, foi requerido pelo deputado estadual Wilson Santos (PSD) e teve como objetivo avaliar a atua\u00e7\u00e3o da empresa Energisa, analisando os pontos cr\u00edticos e positivos do servi\u00e7o prestado \u2014 uma vez que a concess\u00e3o atual vence em 2027.<\/p>\n\n\n\n<p>\u201cEsse \u00e9 um assunto de extrema import\u00e2ncia para o desenvolvimento econ\u00f4mico e social de Mato Grosso. \u00c9 preciso, desde j\u00e1, discutir a concess\u00e3o da energia el\u00e9trica em nosso estado. No passado, a distribui\u00e7\u00e3o era feita por uma estatal. A primeira hidrel\u00e9trica constru\u00edda em Mato Grosso, foi por volta de 1927. Em 1995, o estado consumia apenas 600 megawatts, dos quais 85% eram importados. Hoje, produzimos cerca de 4 mil megawatts, sendo que metade \u00e9 exportada para o Sistema Nacional de Energia El\u00e9trica. Mato Grosso tem o segundo maior potencial hidrel\u00e9trico do pa\u00eds, com cerca de 17 mil megawatts, atr\u00e1s apenas do Par\u00e1. A distribui\u00e7\u00e3o de energia foi delegada \u00e0 iniciativa privada h\u00e1 28 anos. A estrutura\u00e7\u00e3o de uma empresa p\u00fablica ocorreu na d\u00e9cada de 1950, com a cria\u00e7\u00e3o das Centrais El\u00e9tricas Mato-grossenses S\/A (Cemat), que operou at\u00e9 1997\u201d, relatou o parlamentar.<\/p>\n\n\n\n<p>O gerente de Rela\u00e7\u00f5es Institucionais da Energisa, Luiz Carlos Moreira J\u00fanior, fez uma breve apresenta\u00e7\u00e3o sobre a concession\u00e1ria &#8211; uma empresa 100% brasileira com 120 anos de exist\u00eancia &#8211; e destacou os investimentos projetados de R$ 6,2 bilh\u00f5es para o ano de 2025. Ele relembrou o in\u00edcio da concess\u00e3o, firmada por 30 anos com a Ag\u00eancia Nacional de Energia El\u00e9trica (Aneel), inicialmente sob responsabilidade do Grupo Rede Energia em 1997 e que foi assumida pela Energisa h\u00e1 10 anos. Desde ent\u00e3o, os investimentos praticamente dobraram e os indicadores de qualidade no fornecimento apresentaram avan\u00e7os.<\/p>\n\n\n\n<p>\u201cJ\u00e1 s\u00e3o 27 anos de concess\u00e3o. Assumimos apenas em 2014, quando a empresa enfrentava s\u00e9rias dificuldades: havia d\u00edvidas de R$ 2 bilh\u00f5es, risco de fal\u00eancia e interven\u00e7\u00e3o federal. Desde ent\u00e3o, buscamos nos aproximar das federa\u00e7\u00f5es, associa\u00e7\u00f5es e do Governo do Estado para entender as \u00e1reas que mais demandam investimentos. A maior parte dos recursos ser\u00e1 direcionada \u00e0 melhoria das redes, pois reconhecemos a import\u00e2ncia da qualidade no fornecimento. Al\u00e9m disso, desenvolvemos projetos de efici\u00eancia energ\u00e9tica e a\u00e7\u00f5es sociais\u201d, destacou o gestor.<\/p>\n\n\n\n<p>O diretor do Departamento de Pol\u00edticas Setoriais do Minist\u00e9rio de Minas e Energia (MME), Frederico de Ara\u00fajo Teles, explicou como funciona o contrato de concess\u00e3o da distribui\u00e7\u00e3o de energia no pa\u00eds e as mudan\u00e7as trazidas pelo Decreto n\u00ba 12.068\/2024. Ele lembrou que, em 2015, a maioria das distribuidoras ainda era estatal &#8211; algumas das quais j\u00e1 foram privatizadas.<\/p>\n\n\n\n<p>\u201cEste \u00e9 o momento ideal para discutir e aprimorar o modelo, oferecendo um servi\u00e7o de qualidade \u00e0 sociedade. Atualmente, temos cerca de 19 distribuidoras com contratos vencendo at\u00e9 2031. O decreto regulamenta tanto a licita\u00e7\u00e3o quanto a prorroga\u00e7\u00e3o das concess\u00f5es, que n\u00e3o \u00e9 autom\u00e1tica e deve passar por avalia\u00e7\u00e3o da Aneel (Ag\u00eancia Nacional de Energia El\u00e9trica). Tamb\u00e9m estabelece diretrizes para os termos aditivos. Agrade\u00e7o ao deputado, em nome do ministro Alexandre Silveira, e nos colocamos \u00e0 disposi\u00e7\u00e3o para futuras reuni\u00f5es\u201d, afirmou Teles.<\/p>\n\n\n\n<p>O diretor de Energia da Ag\u00eancia de Regula\u00e7\u00e3o dos Servi\u00e7os P\u00fablicos Delegados (Ager), Wilber Norio Ohara, explicou que a entidade atua na regula\u00e7\u00e3o, controle e fiscaliza\u00e7\u00e3o da gera\u00e7\u00e3o e distribui\u00e7\u00e3o de energia, conforme conv\u00eanio firmado com a Aneel. Segundo ele, nos \u00faltimos 10 anos, a Ager elaborou 30 termos de notifica\u00e7\u00e3o contra a Energisa, dos quais 15 resultaram em autua\u00e7\u00f5es que somam mais de R$ 100 milh\u00f5es em multas e o restante foi arquivado.<\/p>\n\n\n\n<p>\u201cRealizamos uma fiscaliza\u00e7\u00e3o respons\u00e1vel, que contribui para que a Energisa promova melhorias com base em um plano de resultados. Acompanhamos quatro principais planos da concession\u00e1ria, que envolve as interrup\u00e7\u00f5es no fornecimento, qualidade do servi\u00e7o, faturamento e cobran\u00e7a correta ao consumidor e as novas liga\u00e7\u00f5es que dependem de obras\u201d, explicou Ohara.<\/p>\n\n\n\n<p>Al\u00e9m dos deputados estaduais J\u00falio Campos (Uni\u00e3o), Chico Guarnieri (PRD), Carlos Avallone (PSDB) e Diego Guimar\u00e3es (Republicanos), tamb\u00e9m participaram da audi\u00eancia o presidente do Sindicato da Constru\u00e7\u00e3o, Gera\u00e7\u00e3o, Transmiss\u00e3o e Distribui\u00e7\u00e3o de Energia El\u00e9trica e G\u00e1s de Mato Grosso (Sindenergia), Carlos Coelho Garcia, a secret\u00e1ria adjunta de Agroneg\u00f3cios, Cr\u00e9dito e Energia da Secretaria de Desenvolvimento Econ\u00f4mico (Sedec), Linacis Vogel Lisboa, o representante do Tribunal de Contas de Mato Grosso, Carlos Brito, entre outros convidados.<\/p>\n","protected":false},"excerpt":{"rendered":"<p>A audi\u00eancia p\u00fablica para debater a concess\u00e3o da distribui\u00e7\u00e3o de energia em Mato Grosso trouxe discuss\u00f5es relevantes e esclarecimentos importantes ao p\u00fablico interessado no tema. O evento, realizado na manh\u00e3 do dia 30 de maio, no Plen\u00e1rio de Delibera\u00e7\u00f5es &#8220;Ren\u00ea Barbour&#8221;, na Assembleia Legislativa, foi requerido pelo deputado estadual Wilson Santos (PSD) e teve como [&hellip;]<\/p>\n","protected":false},"author":4,"featured_media":1585,"comment_status":"closed","ping_status":"open","sticky":false,"template":"","format":"standard","meta":{"footnotes":""},"categories":[13],"tags":[],"yoast_head":"<!-- This site is optimized with the Yoast SEO Premium plugin v21.5 (Yoast SEO v21.4) - https:\/\/yoast.com\/wordpress\/plugins\/seo\/ -->\n<title>Audi\u00eancia P\u00fablica debate o cen\u00e1rio atual e o futuro da distribui\u00e7\u00e3o de energia em MT - wilsonsantosmt.com.br<\/title>\n<meta name=\"robots\" content=\"index, follow, max-snippet:-1, max-image-preview:large, max-video-preview:-1\" \/>\n<link rel=\"canonical\" href=\"https:\/\/wilsonsantosmt.com.br\/index.php\/2025\/06\/04\/audiencia-publica-debate-o-cenario-atual-e-o-futuro-da-distribuicao-de-energia-em-mt\/\" \/>\n<meta property=\"og:locale\" content=\"pt_BR\" \/>\n<meta property=\"og:type\" content=\"article\" \/>\n<meta property=\"og:title\" content=\"Audi\u00eancia P\u00fablica debate o cen\u00e1rio atual e o futuro da distribui\u00e7\u00e3o de energia em MT\" \/>\n<meta property=\"og:description\" content=\"A audi\u00eancia p\u00fablica para debater a concess\u00e3o da distribui\u00e7\u00e3o de energia em Mato Grosso trouxe discuss\u00f5es relevantes e esclarecimentos importantes ao p\u00fablico interessado no tema. O evento, realizado na manh\u00e3 do dia 30 de maio, no Plen\u00e1rio de Delibera\u00e7\u00f5es &#8220;Ren\u00ea Barbour&#8221;, na Assembleia Legislativa, foi requerido pelo deputado estadual Wilson Santos (PSD) e teve como [&hellip;]\" \/>\n<meta property=\"og:url\" content=\"https:\/\/wilsonsantosmt.com.br\/index.php\/2025\/06\/04\/audiencia-publica-debate-o-cenario-atual-e-o-futuro-da-distribuicao-de-energia-em-mt\/\" \/>\n<meta property=\"og:site_name\" content=\"wilsonsantosmt.com.br\" \/>\n<meta property=\"article:publisher\" content=\"https:\/\/www.facebook.com\/WilsonSantosMT\/\" \/>\n<meta property=\"article:published_time\" content=\"2025-06-04T12:41:08+00:00\" \/>\n<meta property=\"article:modified_time\" content=\"2025-06-04T12:41:09+00:00\" \/>\n<meta property=\"og:image\" content=\"http:\/\/wilsonsantosmt.com.br\/wp-content\/uploads\/2025\/06\/18cb2cf06c42dc1dc62e805850834d826839f8c2df210-scaled.jpg\" \/>\n\t<meta property=\"og:image:width\" content=\"2560\" \/>\n\t<meta property=\"og:image:height\" content=\"1706\" \/>\n\t<meta property=\"og:image:type\" content=\"image\/jpeg\" \/>\n<meta name=\"author\" content=\"Samantha dos Anjos\" \/>\n<meta name=\"twitter:card\" content=\"summary_large_image\" \/>\n<meta name=\"twitter:label1\" content=\"Escrito por\" \/>\n\t<meta name=\"twitter:data1\" content=\"Samantha dos Anjos\" \/>\n\t<meta name=\"twitter:label2\" content=\"Est. tempo de leitura\" \/>\n\t<meta name=\"twitter:data2\" content=\"5 minutos\" \/>\n<script type=\"application\/ld+json\" class=\"yoast-schema-graph\">{\"@context\":\"https:\/\/schema.org\",\"@graph\":[{\"@type\":\"Article\",\"@id\":\"https:\/\/wilsonsantosmt.com.br\/index.php\/2025\/06\/04\/audiencia-publica-debate-o-cenario-atual-e-o-futuro-da-distribuicao-de-energia-em-mt\/#article\",\"isPartOf\":{\"@id\":\"https:\/\/wilsonsantosmt.com.br\/index.php\/2025\/06\/04\/audiencia-publica-debate-o-cenario-atual-e-o-futuro-da-distribuicao-de-energia-em-mt\/\"},\"author\":{\"name\":\"Samantha dos Anjos\",\"@id\":\"https:\/\/wilsonsantosmt.com.br\/#\/schema\/person\/1d097ee45f526dd0455dbad8c679932c\"},\"headline\":\"Audi\u00eancia P\u00fablica debate o cen\u00e1rio atual e o futuro da distribui\u00e7\u00e3o de energia em MT\",\"datePublished\":\"2025-06-04T12:41:08+00:00\",\"dateModified\":\"2025-06-04T12:41:09+00:00\",\"mainEntityOfPage\":{\"@id\":\"https:\/\/wilsonsantosmt.com.br\/index.php\/2025\/06\/04\/audiencia-publica-debate-o-cenario-atual-e-o-futuro-da-distribuicao-de-energia-em-mt\/\"},\"wordCount\":827,\"publisher\":{\"@id\":\"https:\/\/wilsonsantosmt.com.br\/#\/schema\/person\/9de3c54961637a9eadb16bcbf895b1ef\"},\"articleSection\":[\"Not\u00edcias\"],\"inLanguage\":\"pt-BR\"},{\"@type\":\"WebPage\",\"@id\":\"https:\/\/wilsonsantosmt.com.br\/index.php\/2025\/06\/04\/audiencia-publica-debate-o-cenario-atual-e-o-futuro-da-distribuicao-de-energia-em-mt\/\",\"url\":\"https:\/\/wilsonsantosmt.com.br\/index.php\/2025\/06\/04\/audiencia-publica-debate-o-cenario-atual-e-o-futuro-da-distribuicao-de-energia-em-mt\/\",\"name\":\"Audi\u00eancia P\u00fablica debate o cen\u00e1rio atual e o futuro da distribui\u00e7\u00e3o de energia em MT - wilsonsantosmt.com.br\",\"isPartOf\":{\"@id\":\"https:\/\/wilsonsantosmt.com.br\/#website\"},\"datePublished\":\"2025-06-04T12:41:08+00:00\",\"dateModified\":\"2025-06-04T12:41:09+00:00\",\"breadcrumb\":{\"@id\":\"https:\/\/wilsonsantosmt.com.br\/index.php\/2025\/06\/04\/audiencia-publica-debate-o-cenario-atual-e-o-futuro-da-distribuicao-de-energia-em-mt\/#breadcrumb\"},\"inLanguage\":\"pt-BR\",\"potentialAction\":[{\"@type\":\"ReadAction\",\"target\":[\"https:\/\/wilsonsantosmt.com.br\/index.php\/2025\/06\/04\/audiencia-publica-debate-o-cenario-atual-e-o-futuro-da-distribuicao-de-energia-em-mt\/\"]}]},{\"@type\":\"BreadcrumbList\",\"@id\":\"https:\/\/wilsonsantosmt.com.br\/index.php\/2025\/06\/04\/audiencia-publica-debate-o-cenario-atual-e-o-futuro-da-distribuicao-de-energia-em-mt\/#breadcrumb\",\"itemListElement\":[{\"@type\":\"ListItem\",\"position\":1,\"name\":\"In\u00edcio\",\"item\":\"https:\/\/wilsonsantosmt.com.br\/\"},{\"@type\":\"ListItem\",\"position\":2,\"name\":\"Not\u00edcias\",\"item\":\"https:\/\/wilsonsantosmt.com.br\/index.php\/category\/noticias\/\"},{\"@type\":\"ListItem\",\"position\":3,\"name\":\"Audi\u00eancia P\u00fablica debate o cen\u00e1rio atual e o futuro da distribui\u00e7\u00e3o de energia em MT\"}]},{\"@type\":\"WebSite\",\"@id\":\"https:\/\/wilsonsantosmt.com.br\/#website\",\"url\":\"https:\/\/wilsonsantosmt.com.br\/\",\"name\":\"wilsonsantosmt.com.br\",\"description\":\"\",\"publisher\":{\"@id\":\"https:\/\/wilsonsantosmt.com.br\/#\/schema\/person\/9de3c54961637a9eadb16bcbf895b1ef\"},\"potentialAction\":[{\"@type\":\"SearchAction\",\"target\":{\"@type\":\"EntryPoint\",\"urlTemplate\":\"https:\/\/wilsonsantosmt.com.br\/?s={search_term_string}\"},\"query-input\":\"required name=search_term_string\"}],\"inLanguage\":\"pt-BR\"},{\"@type\":[\"Person\",\"Organization\"],\"@id\":\"https:\/\/wilsonsantosmt.com.br\/#\/schema\/person\/9de3c54961637a9eadb16bcbf895b1ef\",\"name\":\"Wilson Santos\",\"image\":{\"@type\":\"ImageObject\",\"inLanguage\":\"pt-BR\",\"@id\":\"https:\/\/wilsonsantosmt.com.br\/#\/schema\/person\/image\/\",\"url\":\"https:\/\/wilsonsantosmt.com.br\/wp-content\/uploads\/2023\/11\/310828673_653254583023360_8795459643194608438_n.jpg\",\"contentUrl\":\"https:\/\/wilsonsantosmt.com.br\/wp-content\/uploads\/2023\/11\/310828673_653254583023360_8795459643194608438_n.jpg\",\"width\":1078,\"height\":1079,\"caption\":\"Wilson Santos\"},\"logo\":{\"@id\":\"https:\/\/wilsonsantosmt.com.br\/#\/schema\/person\/image\/\"},\"sameAs\":[\"http:\/\/wilsonsantosmt.com.br\",\"https:\/\/www.facebook.com\/WilsonSantosMT\/\",\"https:\/\/www.instagram.com\/wilsonsantosmt\/\",\"https:\/\/www.youtube.com\/@WilsonSantosWS\/videos\",\"https:\/\/pt.wikipedia.org\/wiki\/Wilson_Santos\"],\"honorificPrefix\":\"Sr\",\"gender\":\"masculino\",\"jobTitle\":\"Deputado Estadual\",\"worksFor\":\"Assembleia Legislativa de Mato Grosso\"},{\"@type\":\"Person\",\"@id\":\"https:\/\/wilsonsantosmt.com.br\/#\/schema\/person\/1d097ee45f526dd0455dbad8c679932c\",\"name\":\"Samantha dos Anjos\",\"image\":{\"@type\":\"ImageObject\",\"inLanguage\":\"pt-BR\",\"@id\":\"https:\/\/wilsonsantosmt.com.br\/#\/schema\/person\/image\/\",\"url\":\"https:\/\/secure.gravatar.com\/avatar\/7d8d0b6dd67d134a9fa841bee90c57c7?s=96&d=mm&r=g\",\"contentUrl\":\"https:\/\/secure.gravatar.com\/avatar\/7d8d0b6dd67d134a9fa841bee90c57c7?s=96&d=mm&r=g\",\"caption\":\"Samantha dos Anjos\"},\"url\":\"https:\/\/wilsonsantosmt.com.br\/index.php\/author\/samantha-dos-anjos\/\"}]}<\/script>\n<!-- \/ Yoast SEO Premium plugin. -->","yoast_head_json":{"title":"Audi\u00eancia P\u00fablica debate o cen\u00e1rio atual e o futuro da distribui\u00e7\u00e3o de energia em MT - wilsonsantosmt.com.br","robots":{"index":"index","follow":"follow","max-snippet":"max-snippet:-1","max-image-preview":"max-image-preview:large","max-video-preview":"max-video-preview:-1"},"canonical":"https:\/\/wilsonsantosmt.com.br\/index.php\/2025\/06\/04\/audiencia-publica-debate-o-cenario-atual-e-o-futuro-da-distribuicao-de-energia-em-mt\/","og_locale":"pt_BR","og_type":"article","og_title":"Audi\u00eancia P\u00fablica debate o cen\u00e1rio atual e o futuro da distribui\u00e7\u00e3o de energia em MT","og_description":"A audi\u00eancia p\u00fablica para debater a concess\u00e3o da distribui\u00e7\u00e3o de energia em Mato Grosso trouxe discuss\u00f5es relevantes e esclarecimentos importantes ao p\u00fablico interessado no tema. O evento, realizado na manh\u00e3 do dia 30 de maio, no Plen\u00e1rio de Delibera\u00e7\u00f5es &#8220;Ren\u00ea Barbour&#8221;, na Assembleia Legislativa, foi requerido pelo deputado estadual Wilson Santos (PSD) e teve como [&hellip;]","og_url":"https:\/\/wilsonsantosmt.com.br\/index.php\/2025\/06\/04\/audiencia-publica-debate-o-cenario-atual-e-o-futuro-da-distribuicao-de-energia-em-mt\/","og_site_name":"wilsonsantosmt.com.br","article_publisher":"https:\/\/www.facebook.com\/WilsonSantosMT\/","article_published_time":"2025-06-04T12:41:08+00:00","article_modified_time":"2025-06-04T12:41:09+00:00","og_image":[{"width":2560,"height":1706,"url":"http:\/\/wilsonsantosmt.com.br\/wp-content\/uploads\/2025\/06\/18cb2cf06c42dc1dc62e805850834d826839f8c2df210-scaled.jpg","type":"image\/jpeg"}],"author":"Samantha dos Anjos","twitter_card":"summary_large_image","twitter_misc":{"Escrito por":"Samantha dos Anjos","Est. tempo de leitura":"5 minutos"},"schema":{"@context":"https:\/\/schema.org","@graph":[{"@type":"Article","@id":"https:\/\/wilsonsantosmt.com.br\/index.php\/2025\/06\/04\/audiencia-publica-debate-o-cenario-atual-e-o-futuro-da-distribuicao-de-energia-em-mt\/#article","isPartOf":{"@id":"https:\/\/wilsonsantosmt.com.br\/index.php\/2025\/06\/04\/audiencia-publica-debate-o-cenario-atual-e-o-futuro-da-distribuicao-de-energia-em-mt\/"},"author":{"name":"Samantha dos Anjos","@id":"https:\/\/wilsonsantosmt.com.br\/#\/schema\/person\/1d097ee45f526dd0455dbad8c679932c"},"headline":"Audi\u00eancia P\u00fablica debate o cen\u00e1rio atual e o futuro da distribui\u00e7\u00e3o de energia em MT","datePublished":"2025-06-04T12:41:08+00:00","dateModified":"2025-06-04T12:41:09+00:00","mainEntityOfPage":{"@id":"https:\/\/wilsonsantosmt.com.br\/index.php\/2025\/06\/04\/audiencia-publica-debate-o-cenario-atual-e-o-futuro-da-distribuicao-de-energia-em-mt\/"},"wordCount":827,"publisher":{"@id":"https:\/\/wilsonsantosmt.com.br\/#\/schema\/person\/9de3c54961637a9eadb16bcbf895b1ef"},"articleSection":["Not\u00edcias"],"inLanguage":"pt-BR"},{"@type":"WebPage","@id":"https:\/\/wilsonsantosmt.com.br\/index.php\/2025\/06\/04\/audiencia-publica-debate-o-cenario-atual-e-o-futuro-da-distribuicao-de-energia-em-mt\/","url":"https:\/\/wilsonsantosmt.com.br\/index.php\/2025\/06\/04\/audiencia-publica-debate-o-cenario-atual-e-o-futuro-da-distribuicao-de-energia-em-mt\/","name":"Audi\u00eancia P\u00fablica debate o cen\u00e1rio atual e o futuro da distribui\u00e7\u00e3o de energia em MT - wilsonsantosmt.com.br","isPartOf":{"@id":"https:\/\/wilsonsantosmt.com.br\/#website"},"datePublished":"2025-06-04T12:41:08+00:00","dateModified":"2025-06-04T12:41:09+00:00","breadcrumb":{"@id":"https:\/\/wilsonsantosmt.com.br\/index.php\/2025\/06\/04\/audiencia-publica-debate-o-cenario-atual-e-o-futuro-da-distribuicao-de-energia-em-mt\/#breadcrumb"},"inLanguage":"pt-BR","potentialAction":[{"@type":"ReadAction","target":["https:\/\/wilsonsantosmt.com.br\/index.php\/2025\/06\/04\/audiencia-publica-debate-o-cenario-atual-e-o-futuro-da-distribuicao-de-energia-em-mt\/"]}]},{"@type":"BreadcrumbList","@id":"https:\/\/wilsonsantosmt.com.br\/index.php\/2025\/06\/04\/audiencia-publica-debate-o-cenario-atual-e-o-futuro-da-distribuicao-de-energia-em-mt\/#breadcrumb","itemListElement":[{"@type":"ListItem","position":1,"name":"In\u00edcio","item":"https:\/\/wilsonsantosmt.com.br\/"},{"@type":"ListItem","position":2,"name":"Not\u00edcias","item":"https:\/\/wilsonsantosmt.com.br\/index.php\/category\/noticias\/"},{"@type":"ListItem","position":3,"name":"Audi\u00eancia P\u00fablica debate o cen\u00e1rio atual e o futuro da distribui\u00e7\u00e3o de energia em MT"}]},{"@type":"WebSite","@id":"https:\/\/wilsonsantosmt.com.br\/#website","url":"https:\/\/wilsonsantosmt.com.br\/","name":"wilsonsantosmt.com.br","description":"","publisher":{"@id":"https:\/\/wilsonsantosmt.com.br\/#\/schema\/person\/9de3c54961637a9eadb16bcbf895b1ef"},"potentialAction":[{"@type":"SearchAction","target":{"@type":"EntryPoint","urlTemplate":"https:\/\/wilsonsantosmt.com.br\/?s={search_term_string}"},"query-input":"required name=search_term_string"}],"inLanguage":"pt-BR"},{"@type":["Person","Organization"],"@id":"https:\/\/wilsonsantosmt.com.br\/#\/schema\/person\/9de3c54961637a9eadb16bcbf895b1ef","name":"Wilson Santos","image":{"@type":"ImageObject","inLanguage":"pt-BR","@id":"https:\/\/wilsonsantosmt.com.br\/#\/schema\/person\/image\/","url":"https:\/\/wilsonsantosmt.com.br\/wp-content\/uploads\/2023\/11\/310828673_653254583023360_8795459643194608438_n.jpg","contentUrl":"https:\/\/wilsonsantosmt.com.br\/wp-content\/uploads\/2023\/11\/310828673_653254583023360_8795459643194608438_n.jpg","width":1078,"height":1079,"caption":"Wilson Santos"},"logo":{"@id":"https:\/\/wilsonsantosmt.com.br\/#\/schema\/person\/image\/"},"sameAs":["http:\/\/wilsonsantosmt.com.br","https:\/\/www.facebook.com\/WilsonSantosMT\/","https:\/\/www.instagram.com\/wilsonsantosmt\/","https:\/\/www.youtube.com\/@WilsonSantosWS\/videos","https:\/\/pt.wikipedia.org\/wiki\/Wilson_Santos"],"honorificPrefix":"Sr","gender":"masculino","jobTitle":"Deputado Estadual","worksFor":"Assembleia Legislativa de Mato Grosso"},{"@type":"Person","@id":"https:\/\/wilsonsantosmt.com.br\/#\/schema\/person\/1d097ee45f526dd0455dbad8c679932c","name":"Samantha dos Anjos","image":{"@type":"ImageObject","inLanguage":"pt-BR","@id":"https:\/\/wilsonsantosmt.com.br\/#\/schema\/person\/image\/","url":"https:\/\/secure.gravatar.com\/avatar\/7d8d0b6dd67d134a9fa841bee90c57c7?s=96&d=mm&r=g","contentUrl":"https:\/\/secure.gravatar.com\/avatar\/7d8d0b6dd67d134a9fa841bee90c57c7?s=96&d=mm&r=g","caption":"Samantha dos Anjos"},"url":"https:\/\/wilsonsantosmt.com.br\/index.php\/author\/samantha-dos-anjos\/"}]}},"_links":{"self":[{"href":"https:\/\/wilsonsantosmt.com.br\/index.php\/wp-json\/wp\/v2\/posts\/1584"}],"collection":[{"href":"https:\/\/wilsonsantosmt.com.br\/index.php\/wp-json\/wp\/v2\/posts"}],"about":[{"href":"https:\/\/wilsonsantosmt.com.br\/index.php\/wp-json\/wp\/v2\/types\/post"}],"author":[{"embeddable":true,"href":"https:\/\/wilsonsantosmt.com.br\/index.php\/wp-json\/wp\/v2\/users\/4"}],"replies":[{"embeddable":true,"href":"https:\/\/wilsonsantosmt.com.br\/index.php\/wp-json\/wp\/v2\/comments?post=1584"}],"version-history":[{"count":1,"href":"https:\/\/wilsonsantosmt.com.br\/index.php\/wp-json\/wp\/v2\/posts\/1584\/revisions"}],"predecessor-version":[{"id":1586,"href":"https:\/\/wilsonsantosmt.com.br\/index.php\/wp-json\/wp\/v2\/posts\/1584\/revisions\/1586"}],"wp:featuredmedia":[{"embeddable":true,"href":"https:\/\/wilsonsantosmt.com.br\/index.php\/wp-json\/wp\/v2\/media\/1585"}],"wp:attachment":[{"href":"https:\/\/wilsonsantosmt.com.br\/index.php\/wp-json\/wp\/v2\/media?parent=1584"}],"wp:term":[{"taxonomy":"category","embeddable":true,"href":"https:\/\/wilsonsantosmt.com.br\/index.php\/wp-json\/wp\/v2\/categories?post=1584"},{"taxonomy":"post_tag","embeddable":true,"href":"https:\/\/wilsonsantosmt.com.br\/index.php\/wp-json\/wp\/v2\/tags?post=1584"}],"curies":[{"name":"wp","href":"https:\/\/api.w.org\/{rel}","templated":true}]}}