{"id":1587,"date":"2025-06-03T08:41:16","date_gmt":"2025-06-03T12:41:16","guid":{"rendered":"https:\/\/wilsonsantosmt.com.br\/?p=1587"},"modified":"2025-06-04T08:42:08","modified_gmt":"2025-06-04T12:42:08","slug":"wilson-santos-articula-expansao-do-curso-de-direito-da-unemat-para-campo-verde","status":"publish","type":"post","link":"https:\/\/wilsonsantosmt.com.br\/index.php\/2025\/06\/03\/wilson-santos-articula-expansao-do-curso-de-direito-da-unemat-para-campo-verde\/","title":{"rendered":"Wilson Santos articula expans\u00e3o do curso de Direito da Unemat para Campo Verde"},"content":{"rendered":"\n<p><\/p>\n\n\n\n<p>Com a boa avalia\u00e7\u00e3o do curso de Direito ofertado pela Universidade do Estado de Mato Grosso (Unemat), o deputado estadual Wilson Santos (PSD) articulou uma reuni\u00e3o estrat\u00e9gica com o diretor e o coordenador do curso da institui\u00e7\u00e3o, C\u00e9sar David Mendo e Ant\u00f4nio Armando Albuquerque, e o prefeito de Campo Verde, Alexandre Lopes (Uni\u00e3o) e o secret\u00e1rio de governo, Rosimar Bitencourt. O encontro ocorreu na sede do Pa\u00e7o Municipal, na \u00faltima quinta-feira (29), com o objetivo de alinhar a\u00e7\u00f5es e discutir possibilidades para ampliar o acesso da popula\u00e7\u00e3o mais humilde \u00e0 educa\u00e7\u00e3o p\u00fablica, gratuita e de qualidade.<\/p>\n\n\n\n<p>\u201cEstivemos em Campo Verde para dar os primeiros passos rumo \u00e0 concretiza\u00e7\u00e3o do sonho de instalar uma faculdade p\u00fablica de Direito no munic\u00edpio. \u00c9 uma demanda de interesse da popula\u00e7\u00e3o, especialmente dos jovens que almejam ingressar em uma universidade p\u00fablica e n\u00e3o t\u00eam condi\u00e7\u00f5es de pagar um curso particular ou se deslocar para outras cidades\u201d, destacou o parlamentar.<\/p>\n\n\n\n<p>Wilson ainda refor\u00e7ou o seu compromisso com a interioriza\u00e7\u00e3o da educa\u00e7\u00e3o superior em Mato Grosso, lembrando que j\u00e1 atuou para a cria\u00e7\u00e3o e fortalecimento de cursos da Unemat em outras regi\u00f5es, como Cuiab\u00e1 e Sapezal. \u201cEduca\u00e7\u00e3o \u00e9 o caminho para transformar vidas e garantir a justi\u00e7a social. Em Campo Verde n\u00e3o ser\u00e1 diferente. As perspectivas s\u00e3o muito positivas e vamos trabalhar para tornar isso realidade\u201d, completou.<\/p>\n\n\n\n<p>O prefeito Alexandre Lopes refor\u00e7ou o compromisso do munic\u00edpio com a educa\u00e7\u00e3o e agradeceu o empenho do deputado. \u201cCampo Verde tem um compromisso afinado com a educa\u00e7\u00e3o superior. Estamos quase prontos para iniciar o curso de Administra\u00e7\u00e3o da Unemat e, agora, com o apoio do deputado Wilson Santos, vamos avan\u00e7ar tamb\u00e9m na implanta\u00e7\u00e3o do curso de Direito. \u00c9 uma honra para n\u00f3s e vamos correr atr\u00e1s disso. Esse curso de excel\u00eancia ser\u00e1 uma grande conquista para a nossa regi\u00e3o\u201d, afirmou.<\/p>\n\n\n\n<p>A Unemat j\u00e1 \u00e9 reconhecida nacionalmente pela qualidade do seu ensino jur\u00eddico. Tanto que a institui\u00e7\u00e3o recebeu o selo &#8220;OAB Recomenda&#8221;, concedido pela Ordem dos Advogados do Brasil, pelos cursos de Direito ofertados nos c\u00e2mpus de Alta Floresta, Barra do Bugres (ambos criados em 2013) e C\u00e1ceres, que foi criado h\u00e1 31 anos \u2013 sendo o mais antigo.<\/p>\n\n\n\n<p>Segundo o diretor C\u00e9sar David, a proposta \u00e9 replicar o modelo de ensino j\u00e1 consolidado em outras cidades. \u201cApresentamos ao prefeito e \u00e0 equipe da prefeitura nossa matriz curricular, ouvimos as necessidades locais e nos colocamos \u00e0 disposi\u00e7\u00e3o para que, junto ao deputado Wilson Santos, possa ser encaminhado uma proposta \u00e0 reitoria da Unemat. A institui\u00e7\u00e3o far\u00e1 as tratativas administrativas necess\u00e1rias para viabilizar o curso em Campo Verde\u201d, explicou.<\/p>\n\n\n\n<p>Logo ap\u00f3s a reuni\u00e3o, eles seguiram para a sede Escola T\u00e9cnica Estadual de Campo Verde (ETEC\/CV) e foram recebidos pelo diretor Jo\u00e3o Batista Borges que apresentou a estrutura, que conta com um anfiteatro com 165 lugares, refeit\u00f3rio, quadra poliesportiva, laborat\u00f3rios especializados, salas de aula, bibliotecas, entre outros ambientes. A inten\u00e7\u00e3o \u00e9 utilizar o espa\u00e7o para a realiza\u00e7\u00e3o do curso de Direito da Unemat que prev\u00ea uma proposta inicial de 100 vagas, sendo 50 no per\u00edodo matutino e 50 no noturno.<\/p>\n","protected":false},"excerpt":{"rendered":"<p>Com a boa avalia\u00e7\u00e3o do curso de Direito ofertado pela Universidade do Estado de Mato Grosso (Unemat), o deputado estadual Wilson Santos (PSD) articulou uma reuni\u00e3o estrat\u00e9gica com o diretor e o coordenador do curso da institui\u00e7\u00e3o, C\u00e9sar David Mendo e Ant\u00f4nio Armando Albuquerque, e o prefeito de Campo Verde, Alexandre Lopes (Uni\u00e3o) e o [&hellip;]<\/p>\n","protected":false},"author":4,"featured_media":1588,"comment_status":"closed","ping_status":"open","sticky":false,"template":"","format":"standard","meta":{"footnotes":""},"categories":[13],"tags":[],"yoast_head":"<!-- This site is optimized with the Yoast SEO Premium plugin v21.5 (Yoast SEO v21.4) - https:\/\/yoast.com\/wordpress\/plugins\/seo\/ -->\n<title>Wilson Santos articula expans\u00e3o do curso de Direito da Unemat para Campo Verde - wilsonsantosmt.com.br<\/title>\n<meta name=\"robots\" content=\"index, follow, max-snippet:-1, max-image-preview:large, max-video-preview:-1\" \/>\n<link rel=\"canonical\" href=\"https:\/\/wilsonsantosmt.com.br\/index.php\/2025\/06\/03\/wilson-santos-articula-expansao-do-curso-de-direito-da-unemat-para-campo-verde\/\" \/>\n<meta property=\"og:locale\" content=\"pt_BR\" \/>\n<meta property=\"og:type\" content=\"article\" \/>\n<meta property=\"og:title\" content=\"Wilson Santos articula expans\u00e3o do curso de Direito da Unemat para Campo Verde\" \/>\n<meta property=\"og:description\" content=\"Com a boa avalia\u00e7\u00e3o do curso de Direito ofertado pela Universidade do Estado de Mato Grosso (Unemat), o deputado estadual Wilson Santos (PSD) articulou uma reuni\u00e3o estrat\u00e9gica com o diretor e o coordenador do curso da institui\u00e7\u00e3o, C\u00e9sar David Mendo e Ant\u00f4nio Armando Albuquerque, e o prefeito de Campo Verde, Alexandre Lopes (Uni\u00e3o) e o [&hellip;]\" \/>\n<meta property=\"og:url\" content=\"https:\/\/wilsonsantosmt.com.br\/index.php\/2025\/06\/03\/wilson-santos-articula-expansao-do-curso-de-direito-da-unemat-para-campo-verde\/\" \/>\n<meta property=\"og:site_name\" content=\"wilsonsantosmt.com.br\" \/>\n<meta property=\"article:publisher\" content=\"https:\/\/www.facebook.com\/WilsonSantosMT\/\" \/>\n<meta property=\"article:published_time\" content=\"2025-06-03T12:41:16+00:00\" \/>\n<meta property=\"article:modified_time\" content=\"2025-06-04T12:42:08+00:00\" \/>\n<meta property=\"og:image\" content=\"http:\/\/wilsonsantosmt.com.br\/wp-content\/uploads\/2025\/06\/WhatsApp-Image-2025-06-03-at-08.49.15-Copia-scaled.jpeg\" \/>\n\t<meta property=\"og:image:width\" content=\"2560\" \/>\n\t<meta property=\"og:image:height\" content=\"1440\" \/>\n\t<meta property=\"og:image:type\" content=\"image\/jpeg\" \/>\n<meta name=\"author\" content=\"Samantha dos Anjos\" \/>\n<meta name=\"twitter:card\" content=\"summary_large_image\" \/>\n<meta name=\"twitter:label1\" content=\"Escrito por\" \/>\n\t<meta name=\"twitter:data1\" content=\"Samantha dos Anjos\" \/>\n\t<meta name=\"twitter:label2\" content=\"Est. tempo de leitura\" \/>\n\t<meta name=\"twitter:data2\" content=\"3 minutos\" \/>\n<script type=\"application\/ld+json\" class=\"yoast-schema-graph\">{\"@context\":\"https:\/\/schema.org\",\"@graph\":[{\"@type\":\"Article\",\"@id\":\"https:\/\/wilsonsantosmt.com.br\/index.php\/2025\/06\/03\/wilson-santos-articula-expansao-do-curso-de-direito-da-unemat-para-campo-verde\/#article\",\"isPartOf\":{\"@id\":\"https:\/\/wilsonsantosmt.com.br\/index.php\/2025\/06\/03\/wilson-santos-articula-expansao-do-curso-de-direito-da-unemat-para-campo-verde\/\"},\"author\":{\"name\":\"Samantha dos Anjos\",\"@id\":\"https:\/\/wilsonsantosmt.com.br\/#\/schema\/person\/1d097ee45f526dd0455dbad8c679932c\"},\"headline\":\"Wilson Santos articula expans\u00e3o do curso de Direito da Unemat para Campo Verde\",\"datePublished\":\"2025-06-03T12:41:16+00:00\",\"dateModified\":\"2025-06-04T12:42:08+00:00\",\"mainEntityOfPage\":{\"@id\":\"https:\/\/wilsonsantosmt.com.br\/index.php\/2025\/06\/03\/wilson-santos-articula-expansao-do-curso-de-direito-da-unemat-para-campo-verde\/\"},\"wordCount\":563,\"publisher\":{\"@id\":\"https:\/\/wilsonsantosmt.com.br\/#\/schema\/person\/9de3c54961637a9eadb16bcbf895b1ef\"},\"articleSection\":[\"Not\u00edcias\"],\"inLanguage\":\"pt-BR\"},{\"@type\":\"WebPage\",\"@id\":\"https:\/\/wilsonsantosmt.com.br\/index.php\/2025\/06\/03\/wilson-santos-articula-expansao-do-curso-de-direito-da-unemat-para-campo-verde\/\",\"url\":\"https:\/\/wilsonsantosmt.com.br\/index.php\/2025\/06\/03\/wilson-santos-articula-expansao-do-curso-de-direito-da-unemat-para-campo-verde\/\",\"name\":\"Wilson Santos articula expans\u00e3o do curso de Direito da Unemat para Campo Verde - wilsonsantosmt.com.br\",\"isPartOf\":{\"@id\":\"https:\/\/wilsonsantosmt.com.br\/#website\"},\"datePublished\":\"2025-06-03T12:41:16+00:00\",\"dateModified\":\"2025-06-04T12:42:08+00:00\",\"breadcrumb\":{\"@id\":\"https:\/\/wilsonsantosmt.com.br\/index.php\/2025\/06\/03\/wilson-santos-articula-expansao-do-curso-de-direito-da-unemat-para-campo-verde\/#breadcrumb\"},\"inLanguage\":\"pt-BR\",\"potentialAction\":[{\"@type\":\"ReadAction\",\"target\":[\"https:\/\/wilsonsantosmt.com.br\/index.php\/2025\/06\/03\/wilson-santos-articula-expansao-do-curso-de-direito-da-unemat-para-campo-verde\/\"]}]},{\"@type\":\"BreadcrumbList\",\"@id\":\"https:\/\/wilsonsantosmt.com.br\/index.php\/2025\/06\/03\/wilson-santos-articula-expansao-do-curso-de-direito-da-unemat-para-campo-verde\/#breadcrumb\",\"itemListElement\":[{\"@type\":\"ListItem\",\"position\":1,\"name\":\"In\u00edcio\",\"item\":\"https:\/\/wilsonsantosmt.com.br\/\"},{\"@type\":\"ListItem\",\"position\":2,\"name\":\"Not\u00edcias\",\"item\":\"https:\/\/wilsonsantosmt.com.br\/index.php\/category\/noticias\/\"},{\"@type\":\"ListItem\",\"position\":3,\"name\":\"Wilson Santos articula expans\u00e3o do curso de Direito da Unemat para Campo Verde\"}]},{\"@type\":\"WebSite\",\"@id\":\"https:\/\/wilsonsantosmt.com.br\/#website\",\"url\":\"https:\/\/wilsonsantosmt.com.br\/\",\"name\":\"wilsonsantosmt.com.br\",\"description\":\"\",\"publisher\":{\"@id\":\"https:\/\/wilsonsantosmt.com.br\/#\/schema\/person\/9de3c54961637a9eadb16bcbf895b1ef\"},\"potentialAction\":[{\"@type\":\"SearchAction\",\"target\":{\"@type\":\"EntryPoint\",\"urlTemplate\":\"https:\/\/wilsonsantosmt.com.br\/?s={search_term_string}\"},\"query-input\":\"required name=search_term_string\"}],\"inLanguage\":\"pt-BR\"},{\"@type\":[\"Person\",\"Organization\"],\"@id\":\"https:\/\/wilsonsantosmt.com.br\/#\/schema\/person\/9de3c54961637a9eadb16bcbf895b1ef\",\"name\":\"Wilson Santos\",\"image\":{\"@type\":\"ImageObject\",\"inLanguage\":\"pt-BR\",\"@id\":\"https:\/\/wilsonsantosmt.com.br\/#\/schema\/person\/image\/\",\"url\":\"https:\/\/wilsonsantosmt.com.br\/wp-content\/uploads\/2023\/11\/310828673_653254583023360_8795459643194608438_n.jpg\",\"contentUrl\":\"https:\/\/wilsonsantosmt.com.br\/wp-content\/uploads\/2023\/11\/310828673_653254583023360_8795459643194608438_n.jpg\",\"width\":1078,\"height\":1079,\"caption\":\"Wilson Santos\"},\"logo\":{\"@id\":\"https:\/\/wilsonsantosmt.com.br\/#\/schema\/person\/image\/\"},\"sameAs\":[\"http:\/\/wilsonsantosmt.com.br\",\"https:\/\/www.facebook.com\/WilsonSantosMT\/\",\"https:\/\/www.instagram.com\/wilsonsantosmt\/\",\"https:\/\/www.youtube.com\/@WilsonSantosWS\/videos\",\"https:\/\/pt.wikipedia.org\/wiki\/Wilson_Santos\"],\"honorificPrefix\":\"Sr\",\"gender\":\"masculino\",\"jobTitle\":\"Deputado Estadual\",\"worksFor\":\"Assembleia Legislativa de Mato Grosso\"},{\"@type\":\"Person\",\"@id\":\"https:\/\/wilsonsantosmt.com.br\/#\/schema\/person\/1d097ee45f526dd0455dbad8c679932c\",\"name\":\"Samantha dos Anjos\",\"image\":{\"@type\":\"ImageObject\",\"inLanguage\":\"pt-BR\",\"@id\":\"https:\/\/wilsonsantosmt.com.br\/#\/schema\/person\/image\/\",\"url\":\"https:\/\/secure.gravatar.com\/avatar\/7d8d0b6dd67d134a9fa841bee90c57c7?s=96&d=mm&r=g\",\"contentUrl\":\"https:\/\/secure.gravatar.com\/avatar\/7d8d0b6dd67d134a9fa841bee90c57c7?s=96&d=mm&r=g\",\"caption\":\"Samantha dos Anjos\"},\"url\":\"https:\/\/wilsonsantosmt.com.br\/index.php\/author\/samantha-dos-anjos\/\"}]}<\/script>\n<!-- \/ Yoast SEO Premium plugin. -->","yoast_head_json":{"title":"Wilson Santos articula expans\u00e3o do curso de Direito da Unemat para Campo Verde - wilsonsantosmt.com.br","robots":{"index":"index","follow":"follow","max-snippet":"max-snippet:-1","max-image-preview":"max-image-preview:large","max-video-preview":"max-video-preview:-1"},"canonical":"https:\/\/wilsonsantosmt.com.br\/index.php\/2025\/06\/03\/wilson-santos-articula-expansao-do-curso-de-direito-da-unemat-para-campo-verde\/","og_locale":"pt_BR","og_type":"article","og_title":"Wilson Santos articula expans\u00e3o do curso de Direito da Unemat para Campo Verde","og_description":"Com a boa avalia\u00e7\u00e3o do curso de Direito ofertado pela Universidade do Estado de Mato Grosso (Unemat), o deputado estadual Wilson Santos (PSD) articulou uma reuni\u00e3o estrat\u00e9gica com o diretor e o coordenador do curso da institui\u00e7\u00e3o, C\u00e9sar David Mendo e Ant\u00f4nio Armando Albuquerque, e o prefeito de Campo Verde, Alexandre Lopes (Uni\u00e3o) e o [&hellip;]","og_url":"https:\/\/wilsonsantosmt.com.br\/index.php\/2025\/06\/03\/wilson-santos-articula-expansao-do-curso-de-direito-da-unemat-para-campo-verde\/","og_site_name":"wilsonsantosmt.com.br","article_publisher":"https:\/\/www.facebook.com\/WilsonSantosMT\/","article_published_time":"2025-06-03T12:41:16+00:00","article_modified_time":"2025-06-04T12:42:08+00:00","og_image":[{"width":2560,"height":1440,"url":"http:\/\/wilsonsantosmt.com.br\/wp-content\/uploads\/2025\/06\/WhatsApp-Image-2025-06-03-at-08.49.15-Copia-scaled.jpeg","type":"image\/jpeg"}],"author":"Samantha dos Anjos","twitter_card":"summary_large_image","twitter_misc":{"Escrito por":"Samantha dos Anjos","Est. tempo de leitura":"3 minutos"},"schema":{"@context":"https:\/\/schema.org","@graph":[{"@type":"Article","@id":"https:\/\/wilsonsantosmt.com.br\/index.php\/2025\/06\/03\/wilson-santos-articula-expansao-do-curso-de-direito-da-unemat-para-campo-verde\/#article","isPartOf":{"@id":"https:\/\/wilsonsantosmt.com.br\/index.php\/2025\/06\/03\/wilson-santos-articula-expansao-do-curso-de-direito-da-unemat-para-campo-verde\/"},"author":{"name":"Samantha dos Anjos","@id":"https:\/\/wilsonsantosmt.com.br\/#\/schema\/person\/1d097ee45f526dd0455dbad8c679932c"},"headline":"Wilson Santos articula expans\u00e3o do curso de Direito da Unemat para Campo Verde","datePublished":"2025-06-03T12:41:16+00:00","dateModified":"2025-06-04T12:42:08+00:00","mainEntityOfPage":{"@id":"https:\/\/wilsonsantosmt.com.br\/index.php\/2025\/06\/03\/wilson-santos-articula-expansao-do-curso-de-direito-da-unemat-para-campo-verde\/"},"wordCount":563,"publisher":{"@id":"https:\/\/wilsonsantosmt.com.br\/#\/schema\/person\/9de3c54961637a9eadb16bcbf895b1ef"},"articleSection":["Not\u00edcias"],"inLanguage":"pt-BR"},{"@type":"WebPage","@id":"https:\/\/wilsonsantosmt.com.br\/index.php\/2025\/06\/03\/wilson-santos-articula-expansao-do-curso-de-direito-da-unemat-para-campo-verde\/","url":"https:\/\/wilsonsantosmt.com.br\/index.php\/2025\/06\/03\/wilson-santos-articula-expansao-do-curso-de-direito-da-unemat-para-campo-verde\/","name":"Wilson Santos articula expans\u00e3o do curso de Direito da Unemat para Campo Verde - wilsonsantosmt.com.br","isPartOf":{"@id":"https:\/\/wilsonsantosmt.com.br\/#website"},"datePublished":"2025-06-03T12:41:16+00:00","dateModified":"2025-06-04T12:42:08+00:00","breadcrumb":{"@id":"https:\/\/wilsonsantosmt.com.br\/index.php\/2025\/06\/03\/wilson-santos-articula-expansao-do-curso-de-direito-da-unemat-para-campo-verde\/#breadcrumb"},"inLanguage":"pt-BR","potentialAction":[{"@type":"ReadAction","target":["https:\/\/wilsonsantosmt.com.br\/index.php\/2025\/06\/03\/wilson-santos-articula-expansao-do-curso-de-direito-da-unemat-para-campo-verde\/"]}]},{"@type":"BreadcrumbList","@id":"https:\/\/wilsonsantosmt.com.br\/index.php\/2025\/06\/03\/wilson-santos-articula-expansao-do-curso-de-direito-da-unemat-para-campo-verde\/#breadcrumb","itemListElement":[{"@type":"ListItem","position":1,"name":"In\u00edcio","item":"https:\/\/wilsonsantosmt.com.br\/"},{"@type":"ListItem","position":2,"name":"Not\u00edcias","item":"https:\/\/wilsonsantosmt.com.br\/index.php\/category\/noticias\/"},{"@type":"ListItem","position":3,"name":"Wilson Santos articula expans\u00e3o do curso de Direito da Unemat para Campo Verde"}]},{"@type":"WebSite","@id":"https:\/\/wilsonsantosmt.com.br\/#website","url":"https:\/\/wilsonsantosmt.com.br\/","name":"wilsonsantosmt.com.br","description":"","publisher":{"@id":"https:\/\/wilsonsantosmt.com.br\/#\/schema\/person\/9de3c54961637a9eadb16bcbf895b1ef"},"potentialAction":[{"@type":"SearchAction","target":{"@type":"EntryPoint","urlTemplate":"https:\/\/wilsonsantosmt.com.br\/?s={search_term_string}"},"query-input":"required name=search_term_string"}],"inLanguage":"pt-BR"},{"@type":["Person","Organization"],"@id":"https:\/\/wilsonsantosmt.com.br\/#\/schema\/person\/9de3c54961637a9eadb16bcbf895b1ef","name":"Wilson Santos","image":{"@type":"ImageObject","inLanguage":"pt-BR","@id":"https:\/\/wilsonsantosmt.com.br\/#\/schema\/person\/image\/","url":"https:\/\/wilsonsantosmt.com.br\/wp-content\/uploads\/2023\/11\/310828673_653254583023360_8795459643194608438_n.jpg","contentUrl":"https:\/\/wilsonsantosmt.com.br\/wp-content\/uploads\/2023\/11\/310828673_653254583023360_8795459643194608438_n.jpg","width":1078,"height":1079,"caption":"Wilson Santos"},"logo":{"@id":"https:\/\/wilsonsantosmt.com.br\/#\/schema\/person\/image\/"},"sameAs":["http:\/\/wilsonsantosmt.com.br","https:\/\/www.facebook.com\/WilsonSantosMT\/","https:\/\/www.instagram.com\/wilsonsantosmt\/","https:\/\/www.youtube.com\/@WilsonSantosWS\/videos","https:\/\/pt.wikipedia.org\/wiki\/Wilson_Santos"],"honorificPrefix":"Sr","gender":"masculino","jobTitle":"Deputado Estadual","worksFor":"Assembleia Legislativa de Mato Grosso"},{"@type":"Person","@id":"https:\/\/wilsonsantosmt.com.br\/#\/schema\/person\/1d097ee45f526dd0455dbad8c679932c","name":"Samantha dos Anjos","image":{"@type":"ImageObject","inLanguage":"pt-BR","@id":"https:\/\/wilsonsantosmt.com.br\/#\/schema\/person\/image\/","url":"https:\/\/secure.gravatar.com\/avatar\/7d8d0b6dd67d134a9fa841bee90c57c7?s=96&d=mm&r=g","contentUrl":"https:\/\/secure.gravatar.com\/avatar\/7d8d0b6dd67d134a9fa841bee90c57c7?s=96&d=mm&r=g","caption":"Samantha dos Anjos"},"url":"https:\/\/wilsonsantosmt.com.br\/index.php\/author\/samantha-dos-anjos\/"}]}},"_links":{"self":[{"href":"https:\/\/wilsonsantosmt.com.br\/index.php\/wp-json\/wp\/v2\/posts\/1587"}],"collection":[{"href":"https:\/\/wilsonsantosmt.com.br\/index.php\/wp-json\/wp\/v2\/posts"}],"about":[{"href":"https:\/\/wilsonsantosmt.com.br\/index.php\/wp-json\/wp\/v2\/types\/post"}],"author":[{"embeddable":true,"href":"https:\/\/wilsonsantosmt.com.br\/index.php\/wp-json\/wp\/v2\/users\/4"}],"replies":[{"embeddable":true,"href":"https:\/\/wilsonsantosmt.com.br\/index.php\/wp-json\/wp\/v2\/comments?post=1587"}],"version-history":[{"count":1,"href":"https:\/\/wilsonsantosmt.com.br\/index.php\/wp-json\/wp\/v2\/posts\/1587\/revisions"}],"predecessor-version":[{"id":1589,"href":"https:\/\/wilsonsantosmt.com.br\/index.php\/wp-json\/wp\/v2\/posts\/1587\/revisions\/1589"}],"wp:featuredmedia":[{"embeddable":true,"href":"https:\/\/wilsonsantosmt.com.br\/index.php\/wp-json\/wp\/v2\/media\/1588"}],"wp:attachment":[{"href":"https:\/\/wilsonsantosmt.com.br\/index.php\/wp-json\/wp\/v2\/media?parent=1587"}],"wp:term":[{"taxonomy":"category","embeddable":true,"href":"https:\/\/wilsonsantosmt.com.br\/index.php\/wp-json\/wp\/v2\/categories?post=1587"},{"taxonomy":"post_tag","embeddable":true,"href":"https:\/\/wilsonsantosmt.com.br\/index.php\/wp-json\/wp\/v2\/tags?post=1587"}],"curies":[{"name":"wp","href":"https:\/\/api.w.org\/{rel}","templated":true}]}}