{"id":1590,"date":"2025-06-04T12:17:45","date_gmt":"2025-06-04T16:17:45","guid":{"rendered":"https:\/\/wilsonsantosmt.com.br\/?p=1590"},"modified":"2025-06-04T12:17:45","modified_gmt":"2025-06-04T16:17:45","slug":"wilson-santos-homenageia-cidadaos-que-constroem-o-presente-e-o-futuro-de-mato-grosso","status":"publish","type":"post","link":"https:\/\/wilsonsantosmt.com.br\/index.php\/2025\/06\/04\/wilson-santos-homenageia-cidadaos-que-constroem-o-presente-e-o-futuro-de-mato-grosso\/","title":{"rendered":"Wilson Santos homenageia cidad\u00e3os que constroem o presente e o futuro de Mato Grosso"},"content":{"rendered":"\n<p>HONRARIA<\/p>\n\n\n\n<p><\/p>\n\n\n\n<p>A Assembleia Legislativa de Mato Grosso, por iniciativa do deputado estadual Wilson Santos (PSD), realizou uma sess\u00e3o especial nesta segunda-feira (02), em reconhecimento ao m\u00e9rito de personalidades que contribu\u00edram para o desenvolvimento social e econ\u00f4mico do estado. Na cerim\u00f4nia, foram entregues comendas Filinto M\u00fcller, Marechal C\u00e2ndido Rondon, Dante de Oliveira, t\u00edtulos de Cidad\u00e3o Mato-Grossense e mo\u00e7\u00f5es de aplausos, representando o reconhecimento de todo o povo mato-grossense, de cerca de 3,8 milh\u00f5es de habitantes, que elegeu seus representantes no Poder Legislativo.<\/p>\n\n\n\n<p>Em seu discurso, o parlamentar destacou o papel dos homenageados e a import\u00e2ncia de reconhecer aqueles que ajudaram a construir a hist\u00f3ria do estado, inclusive os que n\u00e3o nasceram em Mato Grosso, mas que escolheram fazer dele sua terra. \u201cMato Grosso tem hist\u00f3ria. Conceder o t\u00edtulo de cidad\u00e3o mato-grossense a algu\u00e9m que n\u00e3o nasceu aqui \u00e9 um gesto muito significativo. Durante muito tempo, este foi um estado distante de tudo e de todos. Meu pai, top\u00f3grafo, chegou aqui em 1962 para medir terras, se apaixonou por Mato Grosso e passou tr\u00eas anos tentando convencer minha m\u00e3e de que este era o futuro do Brasil\u201d, relatou o parlamentar, natural de Dracena (SP), que chegou a Cuiab\u00e1 com apenas quatro anos de idade, em 1965.<\/p>\n\n\n\n<p>Na ocasi\u00e3o, cinco T\u00edtulos de Cidad\u00e3o Mato-Grossense foram entregues. Entre os homenageados estavam o professor Kilwangy Kya Kapitango-a-Samba, natural da Rep\u00fablica de Angola, que chegou ao Brasil em 1997 e, nove anos depois, tornou-se servidor efetivo da Universidade Estadual de Mato Grosso, em Barra do Bugres. Tamb\u00e9m foi agraciado com a honraria, o padre Jo\u00e3o Batista Diniz Ferreira, natural de Sobral (CE), reconhecido por seu not\u00e1vel trabalho como Capel\u00e3o Cat\u00f3lico Militar do Ex\u00e9rcito Brasileiro, prestando apoio espiritual \u00e0 Pol\u00edcia e Corpo de Bombeiros Militar e \u00e0 Diocese de Cuiab\u00e1.<\/p>\n\n\n\n<p>Ao todo, 85 personalidades foram homenageadas com Mo\u00e7\u00f5es de Aplausos, por suas contribui\u00e7\u00f5es em \u00e1reas como educa\u00e7\u00e3o, seguran\u00e7a p\u00fablica, comunica\u00e7\u00e3o, pol\u00edtica, esporte e do setor empresarial. Entre os destaques, a desembargadora e presidente do Tribunal Regional Eleitoral de Mato Grosso (TRE), Serly Marcondes Alves, foi reconhecida por sua trajet\u00f3ria exemplar no Judici\u00e1rio, marcada pela \u00e9tica, dedica\u00e7\u00e3o e compromisso com a justi\u00e7a.<\/p>\n\n\n\n<p>\u201cConhe\u00e7o o Wilson Santos h\u00e1 muito tempo. Um dia consegui uma vaga em um cursinho pr\u00e9-vestibular com ele e eu n\u00e3o tinha dinheiro, gra\u00e7as a ele, eu passei. E olha, a coincid\u00eancia, hoje sou presidente do Tribunal Regional Eleitoral. A hist\u00f3ria de Mato Grosso faz parte da minha identidade e fa\u00e7o parte desta hist\u00f3ria. N\u00f3s temos que dar continuidade para o futuro ser de benef\u00edcios para conosco. N\u00f3s temos que levar a nossa hist\u00f3ria pela frente, com grau de responsabilidade, n\u00f3s temos que cuidar bem e gerar recursos e distribuir riquezas. \u00c9 uma conquista de todos n\u00f3s, um direito coletivo. Essa mo\u00e7\u00e3o tem o sentido da mem\u00f3ria do universo e cada vez que eu fizer uma a\u00e7\u00e3o, eu estou pensando nos 3,8 milh\u00f5es de mato-grossenses e nas futuras gera\u00e7\u00f5es. Eu fa\u00e7o parte de um Estado maravilhoso\u201d, pronunciou a desembargadora. &nbsp;<\/p>\n\n\n\n<p>\u201cCabe a todos n\u00f3s, da iniciativa privada, do terceiro setor e da m\u00e1quina p\u00fablica. Precisamos avan\u00e7ar e parab\u00e9ns para todos aqueles que fizeram o seu trabalho de forma an\u00f4nima e por tudo que contribu\u00edram para Mato Grosso. Seja voc\u00ea nascido aqui ou n\u00e3o. Muito obrigado! \u00c9 uma justa homenagem por tudo que fizeram por essa terra de Marechal Rondon, de Dutra, de Dante de Oliveira, de Dom Aquino, dos \u00edndios Terena, do Raoni, do Pantanal e da Amaz\u00f4nia\u201d, conclui Wilson Santos. &nbsp;<\/p>\n","protected":false},"excerpt":{"rendered":"<p>HONRARIA A Assembleia Legislativa de Mato Grosso, por iniciativa do deputado estadual Wilson Santos (PSD), realizou uma sess\u00e3o especial nesta segunda-feira (02), em reconhecimento ao m\u00e9rito de personalidades que contribu\u00edram para o desenvolvimento social e econ\u00f4mico do estado. Na cerim\u00f4nia, foram entregues comendas Filinto M\u00fcller, Marechal C\u00e2ndido Rondon, Dante de Oliveira, t\u00edtulos de Cidad\u00e3o Mato-Grossense [&hellip;]<\/p>\n","protected":false},"author":4,"featured_media":1591,"comment_status":"closed","ping_status":"open","sticky":false,"template":"","format":"standard","meta":{"footnotes":""},"categories":[13],"tags":[],"yoast_head":"<!-- This site is optimized with the Yoast SEO Premium plugin v21.5 (Yoast SEO v21.4) - https:\/\/yoast.com\/wordpress\/plugins\/seo\/ -->\n<title>Wilson Santos homenageia cidad\u00e3os que constroem o presente e o futuro de Mato Grosso - wilsonsantosmt.com.br<\/title>\n<meta name=\"robots\" content=\"index, follow, max-snippet:-1, max-image-preview:large, max-video-preview:-1\" \/>\n<link rel=\"canonical\" href=\"https:\/\/wilsonsantosmt.com.br\/index.php\/2025\/06\/04\/wilson-santos-homenageia-cidadaos-que-constroem-o-presente-e-o-futuro-de-mato-grosso\/\" \/>\n<meta property=\"og:locale\" content=\"pt_BR\" \/>\n<meta property=\"og:type\" content=\"article\" \/>\n<meta property=\"og:title\" content=\"Wilson Santos homenageia cidad\u00e3os que constroem o presente e o futuro de Mato Grosso\" \/>\n<meta property=\"og:description\" content=\"HONRARIA A Assembleia Legislativa de Mato Grosso, por iniciativa do deputado estadual Wilson Santos (PSD), realizou uma sess\u00e3o especial nesta segunda-feira (02), em reconhecimento ao m\u00e9rito de personalidades que contribu\u00edram para o desenvolvimento social e econ\u00f4mico do estado. Na cerim\u00f4nia, foram entregues comendas Filinto M\u00fcller, Marechal C\u00e2ndido Rondon, Dante de Oliveira, t\u00edtulos de Cidad\u00e3o Mato-Grossense [&hellip;]\" \/>\n<meta property=\"og:url\" content=\"https:\/\/wilsonsantosmt.com.br\/index.php\/2025\/06\/04\/wilson-santos-homenageia-cidadaos-que-constroem-o-presente-e-o-futuro-de-mato-grosso\/\" \/>\n<meta property=\"og:site_name\" content=\"wilsonsantosmt.com.br\" \/>\n<meta property=\"article:publisher\" content=\"https:\/\/www.facebook.com\/WilsonSantosMT\/\" \/>\n<meta property=\"article:published_time\" content=\"2025-06-04T16:17:45+00:00\" \/>\n<meta property=\"og:image\" content=\"http:\/\/wilsonsantosmt.com.br\/wp-content\/uploads\/2025\/06\/fe9e58ac5d53a1fa0a55713cb7b7d87b683e53e2d6577-scaled.jpg\" \/>\n\t<meta property=\"og:image:width\" content=\"2560\" \/>\n\t<meta property=\"og:image:height\" content=\"1707\" \/>\n\t<meta property=\"og:image:type\" content=\"image\/jpeg\" \/>\n<meta name=\"author\" content=\"Samantha dos Anjos\" \/>\n<meta name=\"twitter:card\" content=\"summary_large_image\" \/>\n<meta name=\"twitter:label1\" content=\"Escrito por\" \/>\n\t<meta name=\"twitter:data1\" content=\"Samantha dos Anjos\" \/>\n\t<meta name=\"twitter:label2\" content=\"Est. tempo de leitura\" \/>\n\t<meta name=\"twitter:data2\" content=\"4 minutos\" \/>\n<script type=\"application\/ld+json\" class=\"yoast-schema-graph\">{\"@context\":\"https:\/\/schema.org\",\"@graph\":[{\"@type\":\"Article\",\"@id\":\"https:\/\/wilsonsantosmt.com.br\/index.php\/2025\/06\/04\/wilson-santos-homenageia-cidadaos-que-constroem-o-presente-e-o-futuro-de-mato-grosso\/#article\",\"isPartOf\":{\"@id\":\"https:\/\/wilsonsantosmt.com.br\/index.php\/2025\/06\/04\/wilson-santos-homenageia-cidadaos-que-constroem-o-presente-e-o-futuro-de-mato-grosso\/\"},\"author\":{\"name\":\"Samantha dos Anjos\",\"@id\":\"https:\/\/wilsonsantosmt.com.br\/#\/schema\/person\/1d097ee45f526dd0455dbad8c679932c\"},\"headline\":\"Wilson Santos homenageia cidad\u00e3os que constroem o presente e o futuro de Mato Grosso\",\"datePublished\":\"2025-06-04T16:17:45+00:00\",\"dateModified\":\"2025-06-04T16:17:45+00:00\",\"mainEntityOfPage\":{\"@id\":\"https:\/\/wilsonsantosmt.com.br\/index.php\/2025\/06\/04\/wilson-santos-homenageia-cidadaos-que-constroem-o-presente-e-o-futuro-de-mato-grosso\/\"},\"wordCount\":652,\"publisher\":{\"@id\":\"https:\/\/wilsonsantosmt.com.br\/#\/schema\/person\/9de3c54961637a9eadb16bcbf895b1ef\"},\"articleSection\":[\"Not\u00edcias\"],\"inLanguage\":\"pt-BR\"},{\"@type\":\"WebPage\",\"@id\":\"https:\/\/wilsonsantosmt.com.br\/index.php\/2025\/06\/04\/wilson-santos-homenageia-cidadaos-que-constroem-o-presente-e-o-futuro-de-mato-grosso\/\",\"url\":\"https:\/\/wilsonsantosmt.com.br\/index.php\/2025\/06\/04\/wilson-santos-homenageia-cidadaos-que-constroem-o-presente-e-o-futuro-de-mato-grosso\/\",\"name\":\"Wilson Santos homenageia cidad\u00e3os que constroem o presente e o futuro de Mato Grosso - wilsonsantosmt.com.br\",\"isPartOf\":{\"@id\":\"https:\/\/wilsonsantosmt.com.br\/#website\"},\"datePublished\":\"2025-06-04T16:17:45+00:00\",\"dateModified\":\"2025-06-04T16:17:45+00:00\",\"breadcrumb\":{\"@id\":\"https:\/\/wilsonsantosmt.com.br\/index.php\/2025\/06\/04\/wilson-santos-homenageia-cidadaos-que-constroem-o-presente-e-o-futuro-de-mato-grosso\/#breadcrumb\"},\"inLanguage\":\"pt-BR\",\"potentialAction\":[{\"@type\":\"ReadAction\",\"target\":[\"https:\/\/wilsonsantosmt.com.br\/index.php\/2025\/06\/04\/wilson-santos-homenageia-cidadaos-que-constroem-o-presente-e-o-futuro-de-mato-grosso\/\"]}]},{\"@type\":\"BreadcrumbList\",\"@id\":\"https:\/\/wilsonsantosmt.com.br\/index.php\/2025\/06\/04\/wilson-santos-homenageia-cidadaos-que-constroem-o-presente-e-o-futuro-de-mato-grosso\/#breadcrumb\",\"itemListElement\":[{\"@type\":\"ListItem\",\"position\":1,\"name\":\"In\u00edcio\",\"item\":\"https:\/\/wilsonsantosmt.com.br\/\"},{\"@type\":\"ListItem\",\"position\":2,\"name\":\"Not\u00edcias\",\"item\":\"https:\/\/wilsonsantosmt.com.br\/index.php\/category\/noticias\/\"},{\"@type\":\"ListItem\",\"position\":3,\"name\":\"Wilson Santos homenageia cidad\u00e3os que constroem o presente e o futuro de Mato Grosso\"}]},{\"@type\":\"WebSite\",\"@id\":\"https:\/\/wilsonsantosmt.com.br\/#website\",\"url\":\"https:\/\/wilsonsantosmt.com.br\/\",\"name\":\"wilsonsantosmt.com.br\",\"description\":\"\",\"publisher\":{\"@id\":\"https:\/\/wilsonsantosmt.com.br\/#\/schema\/person\/9de3c54961637a9eadb16bcbf895b1ef\"},\"potentialAction\":[{\"@type\":\"SearchAction\",\"target\":{\"@type\":\"EntryPoint\",\"urlTemplate\":\"https:\/\/wilsonsantosmt.com.br\/?s={search_term_string}\"},\"query-input\":\"required name=search_term_string\"}],\"inLanguage\":\"pt-BR\"},{\"@type\":[\"Person\",\"Organization\"],\"@id\":\"https:\/\/wilsonsantosmt.com.br\/#\/schema\/person\/9de3c54961637a9eadb16bcbf895b1ef\",\"name\":\"Wilson Santos\",\"image\":{\"@type\":\"ImageObject\",\"inLanguage\":\"pt-BR\",\"@id\":\"https:\/\/wilsonsantosmt.com.br\/#\/schema\/person\/image\/\",\"url\":\"https:\/\/wilsonsantosmt.com.br\/wp-content\/uploads\/2023\/11\/310828673_653254583023360_8795459643194608438_n.jpg\",\"contentUrl\":\"https:\/\/wilsonsantosmt.com.br\/wp-content\/uploads\/2023\/11\/310828673_653254583023360_8795459643194608438_n.jpg\",\"width\":1078,\"height\":1079,\"caption\":\"Wilson Santos\"},\"logo\":{\"@id\":\"https:\/\/wilsonsantosmt.com.br\/#\/schema\/person\/image\/\"},\"sameAs\":[\"http:\/\/wilsonsantosmt.com.br\",\"https:\/\/www.facebook.com\/WilsonSantosMT\/\",\"https:\/\/www.instagram.com\/wilsonsantosmt\/\",\"https:\/\/www.youtube.com\/@WilsonSantosWS\/videos\",\"https:\/\/pt.wikipedia.org\/wiki\/Wilson_Santos\"],\"honorificPrefix\":\"Sr\",\"gender\":\"masculino\",\"jobTitle\":\"Deputado Estadual\",\"worksFor\":\"Assembleia Legislativa de Mato Grosso\"},{\"@type\":\"Person\",\"@id\":\"https:\/\/wilsonsantosmt.com.br\/#\/schema\/person\/1d097ee45f526dd0455dbad8c679932c\",\"name\":\"Samantha dos Anjos\",\"image\":{\"@type\":\"ImageObject\",\"inLanguage\":\"pt-BR\",\"@id\":\"https:\/\/wilsonsantosmt.com.br\/#\/schema\/person\/image\/\",\"url\":\"https:\/\/secure.gravatar.com\/avatar\/7d8d0b6dd67d134a9fa841bee90c57c7?s=96&d=mm&r=g\",\"contentUrl\":\"https:\/\/secure.gravatar.com\/avatar\/7d8d0b6dd67d134a9fa841bee90c57c7?s=96&d=mm&r=g\",\"caption\":\"Samantha dos Anjos\"},\"url\":\"https:\/\/wilsonsantosmt.com.br\/index.php\/author\/samantha-dos-anjos\/\"}]}<\/script>\n<!-- \/ Yoast SEO Premium plugin. -->","yoast_head_json":{"title":"Wilson Santos homenageia cidad\u00e3os que constroem o presente e o futuro de Mato Grosso - wilsonsantosmt.com.br","robots":{"index":"index","follow":"follow","max-snippet":"max-snippet:-1","max-image-preview":"max-image-preview:large","max-video-preview":"max-video-preview:-1"},"canonical":"https:\/\/wilsonsantosmt.com.br\/index.php\/2025\/06\/04\/wilson-santos-homenageia-cidadaos-que-constroem-o-presente-e-o-futuro-de-mato-grosso\/","og_locale":"pt_BR","og_type":"article","og_title":"Wilson Santos homenageia cidad\u00e3os que constroem o presente e o futuro de Mato Grosso","og_description":"HONRARIA A Assembleia Legislativa de Mato Grosso, por iniciativa do deputado estadual Wilson Santos (PSD), realizou uma sess\u00e3o especial nesta segunda-feira (02), em reconhecimento ao m\u00e9rito de personalidades que contribu\u00edram para o desenvolvimento social e econ\u00f4mico do estado. Na cerim\u00f4nia, foram entregues comendas Filinto M\u00fcller, Marechal C\u00e2ndido Rondon, Dante de Oliveira, t\u00edtulos de Cidad\u00e3o Mato-Grossense [&hellip;]","og_url":"https:\/\/wilsonsantosmt.com.br\/index.php\/2025\/06\/04\/wilson-santos-homenageia-cidadaos-que-constroem-o-presente-e-o-futuro-de-mato-grosso\/","og_site_name":"wilsonsantosmt.com.br","article_publisher":"https:\/\/www.facebook.com\/WilsonSantosMT\/","article_published_time":"2025-06-04T16:17:45+00:00","og_image":[{"width":2560,"height":1707,"url":"http:\/\/wilsonsantosmt.com.br\/wp-content\/uploads\/2025\/06\/fe9e58ac5d53a1fa0a55713cb7b7d87b683e53e2d6577-scaled.jpg","type":"image\/jpeg"}],"author":"Samantha dos Anjos","twitter_card":"summary_large_image","twitter_misc":{"Escrito por":"Samantha dos Anjos","Est. tempo de leitura":"4 minutos"},"schema":{"@context":"https:\/\/schema.org","@graph":[{"@type":"Article","@id":"https:\/\/wilsonsantosmt.com.br\/index.php\/2025\/06\/04\/wilson-santos-homenageia-cidadaos-que-constroem-o-presente-e-o-futuro-de-mato-grosso\/#article","isPartOf":{"@id":"https:\/\/wilsonsantosmt.com.br\/index.php\/2025\/06\/04\/wilson-santos-homenageia-cidadaos-que-constroem-o-presente-e-o-futuro-de-mato-grosso\/"},"author":{"name":"Samantha dos Anjos","@id":"https:\/\/wilsonsantosmt.com.br\/#\/schema\/person\/1d097ee45f526dd0455dbad8c679932c"},"headline":"Wilson Santos homenageia cidad\u00e3os que constroem o presente e o futuro de Mato Grosso","datePublished":"2025-06-04T16:17:45+00:00","dateModified":"2025-06-04T16:17:45+00:00","mainEntityOfPage":{"@id":"https:\/\/wilsonsantosmt.com.br\/index.php\/2025\/06\/04\/wilson-santos-homenageia-cidadaos-que-constroem-o-presente-e-o-futuro-de-mato-grosso\/"},"wordCount":652,"publisher":{"@id":"https:\/\/wilsonsantosmt.com.br\/#\/schema\/person\/9de3c54961637a9eadb16bcbf895b1ef"},"articleSection":["Not\u00edcias"],"inLanguage":"pt-BR"},{"@type":"WebPage","@id":"https:\/\/wilsonsantosmt.com.br\/index.php\/2025\/06\/04\/wilson-santos-homenageia-cidadaos-que-constroem-o-presente-e-o-futuro-de-mato-grosso\/","url":"https:\/\/wilsonsantosmt.com.br\/index.php\/2025\/06\/04\/wilson-santos-homenageia-cidadaos-que-constroem-o-presente-e-o-futuro-de-mato-grosso\/","name":"Wilson Santos homenageia cidad\u00e3os que constroem o presente e o futuro de Mato Grosso - wilsonsantosmt.com.br","isPartOf":{"@id":"https:\/\/wilsonsantosmt.com.br\/#website"},"datePublished":"2025-06-04T16:17:45+00:00","dateModified":"2025-06-04T16:17:45+00:00","breadcrumb":{"@id":"https:\/\/wilsonsantosmt.com.br\/index.php\/2025\/06\/04\/wilson-santos-homenageia-cidadaos-que-constroem-o-presente-e-o-futuro-de-mato-grosso\/#breadcrumb"},"inLanguage":"pt-BR","potentialAction":[{"@type":"ReadAction","target":["https:\/\/wilsonsantosmt.com.br\/index.php\/2025\/06\/04\/wilson-santos-homenageia-cidadaos-que-constroem-o-presente-e-o-futuro-de-mato-grosso\/"]}]},{"@type":"BreadcrumbList","@id":"https:\/\/wilsonsantosmt.com.br\/index.php\/2025\/06\/04\/wilson-santos-homenageia-cidadaos-que-constroem-o-presente-e-o-futuro-de-mato-grosso\/#breadcrumb","itemListElement":[{"@type":"ListItem","position":1,"name":"In\u00edcio","item":"https:\/\/wilsonsantosmt.com.br\/"},{"@type":"ListItem","position":2,"name":"Not\u00edcias","item":"https:\/\/wilsonsantosmt.com.br\/index.php\/category\/noticias\/"},{"@type":"ListItem","position":3,"name":"Wilson Santos homenageia cidad\u00e3os que constroem o presente e o futuro de Mato Grosso"}]},{"@type":"WebSite","@id":"https:\/\/wilsonsantosmt.com.br\/#website","url":"https:\/\/wilsonsantosmt.com.br\/","name":"wilsonsantosmt.com.br","description":"","publisher":{"@id":"https:\/\/wilsonsantosmt.com.br\/#\/schema\/person\/9de3c54961637a9eadb16bcbf895b1ef"},"potentialAction":[{"@type":"SearchAction","target":{"@type":"EntryPoint","urlTemplate":"https:\/\/wilsonsantosmt.com.br\/?s={search_term_string}"},"query-input":"required name=search_term_string"}],"inLanguage":"pt-BR"},{"@type":["Person","Organization"],"@id":"https:\/\/wilsonsantosmt.com.br\/#\/schema\/person\/9de3c54961637a9eadb16bcbf895b1ef","name":"Wilson Santos","image":{"@type":"ImageObject","inLanguage":"pt-BR","@id":"https:\/\/wilsonsantosmt.com.br\/#\/schema\/person\/image\/","url":"https:\/\/wilsonsantosmt.com.br\/wp-content\/uploads\/2023\/11\/310828673_653254583023360_8795459643194608438_n.jpg","contentUrl":"https:\/\/wilsonsantosmt.com.br\/wp-content\/uploads\/2023\/11\/310828673_653254583023360_8795459643194608438_n.jpg","width":1078,"height":1079,"caption":"Wilson Santos"},"logo":{"@id":"https:\/\/wilsonsantosmt.com.br\/#\/schema\/person\/image\/"},"sameAs":["http:\/\/wilsonsantosmt.com.br","https:\/\/www.facebook.com\/WilsonSantosMT\/","https:\/\/www.instagram.com\/wilsonsantosmt\/","https:\/\/www.youtube.com\/@WilsonSantosWS\/videos","https:\/\/pt.wikipedia.org\/wiki\/Wilson_Santos"],"honorificPrefix":"Sr","gender":"masculino","jobTitle":"Deputado Estadual","worksFor":"Assembleia Legislativa de Mato Grosso"},{"@type":"Person","@id":"https:\/\/wilsonsantosmt.com.br\/#\/schema\/person\/1d097ee45f526dd0455dbad8c679932c","name":"Samantha dos Anjos","image":{"@type":"ImageObject","inLanguage":"pt-BR","@id":"https:\/\/wilsonsantosmt.com.br\/#\/schema\/person\/image\/","url":"https:\/\/secure.gravatar.com\/avatar\/7d8d0b6dd67d134a9fa841bee90c57c7?s=96&d=mm&r=g","contentUrl":"https:\/\/secure.gravatar.com\/avatar\/7d8d0b6dd67d134a9fa841bee90c57c7?s=96&d=mm&r=g","caption":"Samantha dos Anjos"},"url":"https:\/\/wilsonsantosmt.com.br\/index.php\/author\/samantha-dos-anjos\/"}]}},"_links":{"self":[{"href":"https:\/\/wilsonsantosmt.com.br\/index.php\/wp-json\/wp\/v2\/posts\/1590"}],"collection":[{"href":"https:\/\/wilsonsantosmt.com.br\/index.php\/wp-json\/wp\/v2\/posts"}],"about":[{"href":"https:\/\/wilsonsantosmt.com.br\/index.php\/wp-json\/wp\/v2\/types\/post"}],"author":[{"embeddable":true,"href":"https:\/\/wilsonsantosmt.com.br\/index.php\/wp-json\/wp\/v2\/users\/4"}],"replies":[{"embeddable":true,"href":"https:\/\/wilsonsantosmt.com.br\/index.php\/wp-json\/wp\/v2\/comments?post=1590"}],"version-history":[{"count":1,"href":"https:\/\/wilsonsantosmt.com.br\/index.php\/wp-json\/wp\/v2\/posts\/1590\/revisions"}],"predecessor-version":[{"id":1592,"href":"https:\/\/wilsonsantosmt.com.br\/index.php\/wp-json\/wp\/v2\/posts\/1590\/revisions\/1592"}],"wp:featuredmedia":[{"embeddable":true,"href":"https:\/\/wilsonsantosmt.com.br\/index.php\/wp-json\/wp\/v2\/media\/1591"}],"wp:attachment":[{"href":"https:\/\/wilsonsantosmt.com.br\/index.php\/wp-json\/wp\/v2\/media?parent=1590"}],"wp:term":[{"taxonomy":"category","embeddable":true,"href":"https:\/\/wilsonsantosmt.com.br\/index.php\/wp-json\/wp\/v2\/categories?post=1590"},{"taxonomy":"post_tag","embeddable":true,"href":"https:\/\/wilsonsantosmt.com.br\/index.php\/wp-json\/wp\/v2\/tags?post=1590"}],"curies":[{"name":"wp","href":"https:\/\/api.w.org\/{rel}","templated":true}]}}