{"id":1597,"date":"2025-06-05T17:04:54","date_gmt":"2025-06-05T21:04:54","guid":{"rendered":"https:\/\/wilsonsantosmt.com.br\/?p=1597"},"modified":"2025-06-05T17:04:56","modified_gmt":"2025-06-05T21:04:56","slug":"wilson-santos-e-janaina-alertam-falta-de-fiscalizacao-no-superendividamento-dos-servidores-publicos","status":"publish","type":"post","link":"https:\/\/wilsonsantosmt.com.br\/index.php\/2025\/06\/05\/wilson-santos-e-janaina-alertam-falta-de-fiscalizacao-no-superendividamento-dos-servidores-publicos\/","title":{"rendered":"Wilson Santos e Janaina alertam falta de fiscaliza\u00e7\u00e3o no superendividamento dos servidores p\u00fablicos"},"content":{"rendered":"\n<p>CONSIGNAT\u00c1RIOS<\/p>\n\n\n\n<p><\/p>\n\n\n\n<p>Os deputados estaduais Wilson Santos (PSD) e Janaina Riva (MDB), representando a Assembleia Legislativa, e representantes de outras institui\u00e7\u00f5es p\u00fablicas que comp\u00f5em a Mesa T\u00e9cnica para discutir o superendividamento do funcionalismo p\u00fablico estadual, nesta quinta-feira (05), deram o in\u00edcio aos trabalhos t\u00e9cnicos. &nbsp;O encontro ocorreu na sede do Tribunal de Contas do Estado (TCE) com debates preliminares para a coleta de informa\u00e7\u00f5es sobre a atua\u00e7\u00e3o das empresas consignat\u00e1rias e, assim, construir normativas para solucionar as cobran\u00e7as irregulares aos servidores p\u00fablicos de Mato Grosso.<\/p>\n\n\n\n<p>\u201cParabenizo o Tribunal de Contas, por adentrar nesta pauta. Sendo que, em 2018, esse assunto chegou a ser tratado na Assembleia Legislativa. Estamos impressionados com a quantidade de servidores p\u00fablicos, de ordem pessoal, que mergulharam nestes empr\u00e9stimos irregulares. A administra\u00e7\u00e3o p\u00fablica, no passado, foi marcada por atrasos salariais. Isso era constante na vida do servidor p\u00fablico. A partir da gest\u00e3o de 1995, este pesadelo desapareceu e os governantes passaram a ter respeito e nunca mais aconteceu no estado\u201d, discursou o parlamentar.<\/p>\n\n\n\n<p>Wilson Santos frisou que quando o TCE solicitou \u00e0 Assembleia Legislativa que realizasse esse debate na pr\u00f3pria Corte, n\u00f3s imediatamente e de forma un\u00e2nime, fizemos a ced\u00eancia do protagonismo. \u201cEsse \u00e9 um dos maiores esc\u00e2ndalos em Mato Grosso. Ainda estamos na ponta do iceberg. Confiamos 100% no trabalho do Tribunal de Contas, que \u00e9 o mais eficiente, o mais s\u00e9rio e \u00e9 uma refer\u00eancia nacional. E daqui para frente, eu tenho certeza que os regulamentos ser\u00e3o definidos, mas n\u00e3o pode mais acontecer. Tem servidor com 10 empr\u00e9stimos consignados de uma mesma empresa\u201d, pronunciou.<\/p>\n\n\n\n<p>Em seguida, Janaina completou que essa situa\u00e7\u00e3o dos consignat\u00e1rios \u00e9 muito fr\u00e1gil, pois cria-se uma confian\u00e7a e o servidor p\u00fablico acaba perdendo o controle com as taxas abusivas e as cobran\u00e7as feitas de forma irregular. \u201cTem in\u00fameras irregularidades que precisamos solucionar. E \u00e9 preciso analisar todos os contratos existentes. Falam que o servidor quis assim, buscou e ele que se endividou. Isso n\u00e3o \u00e9 verdade. A nossa primeira reuni\u00e3o j\u00e1 teve frutos, pois tivemos a suspens\u00e3o efetiva dos consignados\u201d, relatou a deputada.<\/p>\n\n\n\n<p>O secret\u00e1rio adjunto de Gest\u00e3o de Pagamento de Pessoal da Secretaria do Planejamento e Gest\u00e3o do Mato Grosso (Seplag), Geonir Paulo Schnorr, explica que a institui\u00e7\u00e3o vem atuando de forma incisiva perante as den\u00fancias apresentadas. \u201cTemos uma equipe para atuar fortemente neste caso, j\u00e1 fizemos essa suspens\u00e3o dos bancos, por meio de medida preventiva e estamos totalmente voltados \u00e0 resolu\u00e7\u00e3o desses problemas. \u00c9 importante a clareza, na sensibilidade dessa quest\u00e3o, do relacionamento entre o servidor, que \u00e9 o cliente, e o banco. Atualmente, temos 300 mil contratos consignados. S\u00e3o 60 mil servidores que t\u00eam consignados. E estamos aqui, nessa Mesa T\u00e9cnica, para realmente construir uma solu\u00e7\u00e3o\u201d, comentou.<\/p>\n\n\n\n<p>Ap\u00f3s a fala das partes envolvidas, o presidente e conselheiro do TCE, S\u00e9rgio Ricardo, foi enf\u00e1tico ao dizer que se o estado tivesse feito o seu papel, n\u00e3o haveria necessidade de Mesa T\u00e9cnica. \u201cHouve falha, de quem n\u00e3o podia falhar. Foi falta de aten\u00e7\u00e3o do estado que permitiu a entrada de 30 consignat\u00e1rios que s\u00e3o profissionais em comprar d\u00edvidas e deixam os servidores na m\u00e3o. Eu tiro a responsabilidade dos servidores p\u00fablicos e culpo os consignat\u00e1rios que s\u00e3o devoradores. Deixaram eles entrar e est\u00e3o estragando a lavoura\u201d, criticou.<\/p>\n\n\n\n<p>Ele acrescentou que uma das solu\u00e7\u00f5es seria eliminar essas empresas consignat\u00e1rias e manter somente bancos oficiais para ofertarem empr\u00e9stimos. \u201cO TCE est\u00e1 fazendo o seu papel e as consignat\u00e1rias t\u00eam que entregar os contratos. Se n\u00e3o fizerem, passa ser inexistente essa d\u00edvida. Chega de gerenciar decretos que existem desde 2016. A Assembleia Legislativa tem que fazer uma lei para o fim destes decretos. J\u00e1, o Desenvolve MT foi convocado e n\u00e3o compareceu e est\u00e1 quieta e tem muita a explicar\u201d, indignou S\u00e9rgio.<\/p>\n\n\n\n<p>Durante o acontecimento, a representante da Secretaria de Normas, Jurisprud\u00eancia e Consensualismo do TCE, Lizandra Barros, apresentou um cronograma de execu\u00e7\u00e3o da Mesa T\u00e9cnica com os procedimentos a serem seguidos e, que a partir, deste debate t\u00e9cnico preliminar com o in\u00edcio da coleta de informa\u00e7\u00f5es, no final do m\u00eas de junho ser\u00e1 feito o recebimento das contribui\u00e7\u00f5es das partes envolvidas. Um m\u00eas depois, acontecer\u00e1 a an\u00e1lise de todo o processo e, no dia 30 de agosto, ser\u00e1 feita a constru\u00e7\u00e3o colaborativa para a forma\u00e7\u00e3o de um novo modelo de controle e regulamenta\u00e7\u00e3o dos consignados.<\/p>\n","protected":false},"excerpt":{"rendered":"<p>CONSIGNAT\u00c1RIOS Os deputados estaduais Wilson Santos (PSD) e Janaina Riva (MDB), representando a Assembleia Legislativa, e representantes de outras institui\u00e7\u00f5es p\u00fablicas que comp\u00f5em a Mesa T\u00e9cnica para discutir o superendividamento do funcionalismo p\u00fablico estadual, nesta quinta-feira (05), deram o in\u00edcio aos trabalhos t\u00e9cnicos. &nbsp;O encontro ocorreu na sede do Tribunal de Contas do Estado (TCE) [&hellip;]<\/p>\n","protected":false},"author":4,"featured_media":1598,"comment_status":"closed","ping_status":"open","sticky":false,"template":"","format":"standard","meta":{"footnotes":""},"categories":[13],"tags":[],"yoast_head":"<!-- This site is optimized with the Yoast SEO Premium plugin v21.5 (Yoast SEO v21.4) - https:\/\/yoast.com\/wordpress\/plugins\/seo\/ -->\n<title>Wilson Santos e Janaina alertam falta de fiscaliza\u00e7\u00e3o no superendividamento dos servidores p\u00fablicos - wilsonsantosmt.com.br<\/title>\n<meta name=\"robots\" content=\"index, follow, max-snippet:-1, max-image-preview:large, max-video-preview:-1\" \/>\n<link rel=\"canonical\" href=\"https:\/\/wilsonsantosmt.com.br\/index.php\/2025\/06\/05\/wilson-santos-e-janaina-alertam-falta-de-fiscalizacao-no-superendividamento-dos-servidores-publicos\/\" \/>\n<meta property=\"og:locale\" content=\"pt_BR\" \/>\n<meta property=\"og:type\" content=\"article\" \/>\n<meta property=\"og:title\" content=\"Wilson Santos e Janaina alertam falta de fiscaliza\u00e7\u00e3o no superendividamento dos servidores p\u00fablicos\" \/>\n<meta property=\"og:description\" content=\"CONSIGNAT\u00c1RIOS Os deputados estaduais Wilson Santos (PSD) e Janaina Riva (MDB), representando a Assembleia Legislativa, e representantes de outras institui\u00e7\u00f5es p\u00fablicas que comp\u00f5em a Mesa T\u00e9cnica para discutir o superendividamento do funcionalismo p\u00fablico estadual, nesta quinta-feira (05), deram o in\u00edcio aos trabalhos t\u00e9cnicos. &nbsp;O encontro ocorreu na sede do Tribunal de Contas do Estado (TCE) [&hellip;]\" \/>\n<meta property=\"og:url\" content=\"https:\/\/wilsonsantosmt.com.br\/index.php\/2025\/06\/05\/wilson-santos-e-janaina-alertam-falta-de-fiscalizacao-no-superendividamento-dos-servidores-publicos\/\" \/>\n<meta property=\"og:site_name\" content=\"wilsonsantosmt.com.br\" \/>\n<meta property=\"article:publisher\" content=\"https:\/\/www.facebook.com\/WilsonSantosMT\/\" \/>\n<meta property=\"article:published_time\" content=\"2025-06-05T21:04:54+00:00\" \/>\n<meta property=\"article:modified_time\" content=\"2025-06-05T21:04:56+00:00\" \/>\n<meta property=\"og:image\" content=\"http:\/\/wilsonsantosmt.com.br\/wp-content\/uploads\/2025\/06\/WhatsApp-Image-2025-06-05-at-17.03.49.jpeg\" \/>\n\t<meta property=\"og:image:width\" content=\"1600\" \/>\n\t<meta property=\"og:image:height\" content=\"900\" \/>\n\t<meta property=\"og:image:type\" content=\"image\/jpeg\" \/>\n<meta name=\"author\" content=\"Samantha dos Anjos\" \/>\n<meta name=\"twitter:card\" content=\"summary_large_image\" \/>\n<meta name=\"twitter:label1\" content=\"Escrito por\" \/>\n\t<meta name=\"twitter:data1\" content=\"Samantha dos Anjos\" \/>\n\t<meta name=\"twitter:label2\" content=\"Est. tempo de leitura\" \/>\n\t<meta name=\"twitter:data2\" content=\"4 minutos\" \/>\n<script type=\"application\/ld+json\" class=\"yoast-schema-graph\">{\"@context\":\"https:\/\/schema.org\",\"@graph\":[{\"@type\":\"Article\",\"@id\":\"https:\/\/wilsonsantosmt.com.br\/index.php\/2025\/06\/05\/wilson-santos-e-janaina-alertam-falta-de-fiscalizacao-no-superendividamento-dos-servidores-publicos\/#article\",\"isPartOf\":{\"@id\":\"https:\/\/wilsonsantosmt.com.br\/index.php\/2025\/06\/05\/wilson-santos-e-janaina-alertam-falta-de-fiscalizacao-no-superendividamento-dos-servidores-publicos\/\"},\"author\":{\"name\":\"Samantha dos Anjos\",\"@id\":\"https:\/\/wilsonsantosmt.com.br\/#\/schema\/person\/1d097ee45f526dd0455dbad8c679932c\"},\"headline\":\"Wilson Santos e Janaina alertam falta de fiscaliza\u00e7\u00e3o no superendividamento dos servidores p\u00fablicos\",\"datePublished\":\"2025-06-05T21:04:54+00:00\",\"dateModified\":\"2025-06-05T21:04:56+00:00\",\"mainEntityOfPage\":{\"@id\":\"https:\/\/wilsonsantosmt.com.br\/index.php\/2025\/06\/05\/wilson-santos-e-janaina-alertam-falta-de-fiscalizacao-no-superendividamento-dos-servidores-publicos\/\"},\"wordCount\":795,\"publisher\":{\"@id\":\"https:\/\/wilsonsantosmt.com.br\/#\/schema\/person\/9de3c54961637a9eadb16bcbf895b1ef\"},\"articleSection\":[\"Not\u00edcias\"],\"inLanguage\":\"pt-BR\"},{\"@type\":\"WebPage\",\"@id\":\"https:\/\/wilsonsantosmt.com.br\/index.php\/2025\/06\/05\/wilson-santos-e-janaina-alertam-falta-de-fiscalizacao-no-superendividamento-dos-servidores-publicos\/\",\"url\":\"https:\/\/wilsonsantosmt.com.br\/index.php\/2025\/06\/05\/wilson-santos-e-janaina-alertam-falta-de-fiscalizacao-no-superendividamento-dos-servidores-publicos\/\",\"name\":\"Wilson Santos e Janaina alertam falta de fiscaliza\u00e7\u00e3o no superendividamento dos servidores p\u00fablicos - wilsonsantosmt.com.br\",\"isPartOf\":{\"@id\":\"https:\/\/wilsonsantosmt.com.br\/#website\"},\"datePublished\":\"2025-06-05T21:04:54+00:00\",\"dateModified\":\"2025-06-05T21:04:56+00:00\",\"breadcrumb\":{\"@id\":\"https:\/\/wilsonsantosmt.com.br\/index.php\/2025\/06\/05\/wilson-santos-e-janaina-alertam-falta-de-fiscalizacao-no-superendividamento-dos-servidores-publicos\/#breadcrumb\"},\"inLanguage\":\"pt-BR\",\"potentialAction\":[{\"@type\":\"ReadAction\",\"target\":[\"https:\/\/wilsonsantosmt.com.br\/index.php\/2025\/06\/05\/wilson-santos-e-janaina-alertam-falta-de-fiscalizacao-no-superendividamento-dos-servidores-publicos\/\"]}]},{\"@type\":\"BreadcrumbList\",\"@id\":\"https:\/\/wilsonsantosmt.com.br\/index.php\/2025\/06\/05\/wilson-santos-e-janaina-alertam-falta-de-fiscalizacao-no-superendividamento-dos-servidores-publicos\/#breadcrumb\",\"itemListElement\":[{\"@type\":\"ListItem\",\"position\":1,\"name\":\"In\u00edcio\",\"item\":\"https:\/\/wilsonsantosmt.com.br\/\"},{\"@type\":\"ListItem\",\"position\":2,\"name\":\"Not\u00edcias\",\"item\":\"https:\/\/wilsonsantosmt.com.br\/index.php\/category\/noticias\/\"},{\"@type\":\"ListItem\",\"position\":3,\"name\":\"Wilson Santos e Janaina alertam falta de fiscaliza\u00e7\u00e3o no superendividamento dos servidores p\u00fablicos\"}]},{\"@type\":\"WebSite\",\"@id\":\"https:\/\/wilsonsantosmt.com.br\/#website\",\"url\":\"https:\/\/wilsonsantosmt.com.br\/\",\"name\":\"wilsonsantosmt.com.br\",\"description\":\"\",\"publisher\":{\"@id\":\"https:\/\/wilsonsantosmt.com.br\/#\/schema\/person\/9de3c54961637a9eadb16bcbf895b1ef\"},\"potentialAction\":[{\"@type\":\"SearchAction\",\"target\":{\"@type\":\"EntryPoint\",\"urlTemplate\":\"https:\/\/wilsonsantosmt.com.br\/?s={search_term_string}\"},\"query-input\":\"required name=search_term_string\"}],\"inLanguage\":\"pt-BR\"},{\"@type\":[\"Person\",\"Organization\"],\"@id\":\"https:\/\/wilsonsantosmt.com.br\/#\/schema\/person\/9de3c54961637a9eadb16bcbf895b1ef\",\"name\":\"Wilson Santos\",\"image\":{\"@type\":\"ImageObject\",\"inLanguage\":\"pt-BR\",\"@id\":\"https:\/\/wilsonsantosmt.com.br\/#\/schema\/person\/image\/\",\"url\":\"https:\/\/wilsonsantosmt.com.br\/wp-content\/uploads\/2023\/11\/310828673_653254583023360_8795459643194608438_n.jpg\",\"contentUrl\":\"https:\/\/wilsonsantosmt.com.br\/wp-content\/uploads\/2023\/11\/310828673_653254583023360_8795459643194608438_n.jpg\",\"width\":1078,\"height\":1079,\"caption\":\"Wilson Santos\"},\"logo\":{\"@id\":\"https:\/\/wilsonsantosmt.com.br\/#\/schema\/person\/image\/\"},\"sameAs\":[\"http:\/\/wilsonsantosmt.com.br\",\"https:\/\/www.facebook.com\/WilsonSantosMT\/\",\"https:\/\/www.instagram.com\/wilsonsantosmt\/\",\"https:\/\/www.youtube.com\/@WilsonSantosWS\/videos\",\"https:\/\/pt.wikipedia.org\/wiki\/Wilson_Santos\"],\"honorificPrefix\":\"Sr\",\"gender\":\"masculino\",\"jobTitle\":\"Deputado Estadual\",\"worksFor\":\"Assembleia Legislativa de Mato Grosso\"},{\"@type\":\"Person\",\"@id\":\"https:\/\/wilsonsantosmt.com.br\/#\/schema\/person\/1d097ee45f526dd0455dbad8c679932c\",\"name\":\"Samantha dos Anjos\",\"image\":{\"@type\":\"ImageObject\",\"inLanguage\":\"pt-BR\",\"@id\":\"https:\/\/wilsonsantosmt.com.br\/#\/schema\/person\/image\/\",\"url\":\"https:\/\/secure.gravatar.com\/avatar\/7d8d0b6dd67d134a9fa841bee90c57c7?s=96&d=mm&r=g\",\"contentUrl\":\"https:\/\/secure.gravatar.com\/avatar\/7d8d0b6dd67d134a9fa841bee90c57c7?s=96&d=mm&r=g\",\"caption\":\"Samantha dos Anjos\"},\"url\":\"https:\/\/wilsonsantosmt.com.br\/index.php\/author\/samantha-dos-anjos\/\"}]}<\/script>\n<!-- \/ Yoast SEO Premium plugin. -->","yoast_head_json":{"title":"Wilson Santos e Janaina alertam falta de fiscaliza\u00e7\u00e3o no superendividamento dos servidores p\u00fablicos - wilsonsantosmt.com.br","robots":{"index":"index","follow":"follow","max-snippet":"max-snippet:-1","max-image-preview":"max-image-preview:large","max-video-preview":"max-video-preview:-1"},"canonical":"https:\/\/wilsonsantosmt.com.br\/index.php\/2025\/06\/05\/wilson-santos-e-janaina-alertam-falta-de-fiscalizacao-no-superendividamento-dos-servidores-publicos\/","og_locale":"pt_BR","og_type":"article","og_title":"Wilson Santos e Janaina alertam falta de fiscaliza\u00e7\u00e3o no superendividamento dos servidores p\u00fablicos","og_description":"CONSIGNAT\u00c1RIOS Os deputados estaduais Wilson Santos (PSD) e Janaina Riva (MDB), representando a Assembleia Legislativa, e representantes de outras institui\u00e7\u00f5es p\u00fablicas que comp\u00f5em a Mesa T\u00e9cnica para discutir o superendividamento do funcionalismo p\u00fablico estadual, nesta quinta-feira (05), deram o in\u00edcio aos trabalhos t\u00e9cnicos. &nbsp;O encontro ocorreu na sede do Tribunal de Contas do Estado (TCE) [&hellip;]","og_url":"https:\/\/wilsonsantosmt.com.br\/index.php\/2025\/06\/05\/wilson-santos-e-janaina-alertam-falta-de-fiscalizacao-no-superendividamento-dos-servidores-publicos\/","og_site_name":"wilsonsantosmt.com.br","article_publisher":"https:\/\/www.facebook.com\/WilsonSantosMT\/","article_published_time":"2025-06-05T21:04:54+00:00","article_modified_time":"2025-06-05T21:04:56+00:00","og_image":[{"width":1600,"height":900,"url":"http:\/\/wilsonsantosmt.com.br\/wp-content\/uploads\/2025\/06\/WhatsApp-Image-2025-06-05-at-17.03.49.jpeg","type":"image\/jpeg"}],"author":"Samantha dos Anjos","twitter_card":"summary_large_image","twitter_misc":{"Escrito por":"Samantha dos Anjos","Est. tempo de leitura":"4 minutos"},"schema":{"@context":"https:\/\/schema.org","@graph":[{"@type":"Article","@id":"https:\/\/wilsonsantosmt.com.br\/index.php\/2025\/06\/05\/wilson-santos-e-janaina-alertam-falta-de-fiscalizacao-no-superendividamento-dos-servidores-publicos\/#article","isPartOf":{"@id":"https:\/\/wilsonsantosmt.com.br\/index.php\/2025\/06\/05\/wilson-santos-e-janaina-alertam-falta-de-fiscalizacao-no-superendividamento-dos-servidores-publicos\/"},"author":{"name":"Samantha dos Anjos","@id":"https:\/\/wilsonsantosmt.com.br\/#\/schema\/person\/1d097ee45f526dd0455dbad8c679932c"},"headline":"Wilson Santos e Janaina alertam falta de fiscaliza\u00e7\u00e3o no superendividamento dos servidores p\u00fablicos","datePublished":"2025-06-05T21:04:54+00:00","dateModified":"2025-06-05T21:04:56+00:00","mainEntityOfPage":{"@id":"https:\/\/wilsonsantosmt.com.br\/index.php\/2025\/06\/05\/wilson-santos-e-janaina-alertam-falta-de-fiscalizacao-no-superendividamento-dos-servidores-publicos\/"},"wordCount":795,"publisher":{"@id":"https:\/\/wilsonsantosmt.com.br\/#\/schema\/person\/9de3c54961637a9eadb16bcbf895b1ef"},"articleSection":["Not\u00edcias"],"inLanguage":"pt-BR"},{"@type":"WebPage","@id":"https:\/\/wilsonsantosmt.com.br\/index.php\/2025\/06\/05\/wilson-santos-e-janaina-alertam-falta-de-fiscalizacao-no-superendividamento-dos-servidores-publicos\/","url":"https:\/\/wilsonsantosmt.com.br\/index.php\/2025\/06\/05\/wilson-santos-e-janaina-alertam-falta-de-fiscalizacao-no-superendividamento-dos-servidores-publicos\/","name":"Wilson Santos e Janaina alertam falta de fiscaliza\u00e7\u00e3o no superendividamento dos servidores p\u00fablicos - wilsonsantosmt.com.br","isPartOf":{"@id":"https:\/\/wilsonsantosmt.com.br\/#website"},"datePublished":"2025-06-05T21:04:54+00:00","dateModified":"2025-06-05T21:04:56+00:00","breadcrumb":{"@id":"https:\/\/wilsonsantosmt.com.br\/index.php\/2025\/06\/05\/wilson-santos-e-janaina-alertam-falta-de-fiscalizacao-no-superendividamento-dos-servidores-publicos\/#breadcrumb"},"inLanguage":"pt-BR","potentialAction":[{"@type":"ReadAction","target":["https:\/\/wilsonsantosmt.com.br\/index.php\/2025\/06\/05\/wilson-santos-e-janaina-alertam-falta-de-fiscalizacao-no-superendividamento-dos-servidores-publicos\/"]}]},{"@type":"BreadcrumbList","@id":"https:\/\/wilsonsantosmt.com.br\/index.php\/2025\/06\/05\/wilson-santos-e-janaina-alertam-falta-de-fiscalizacao-no-superendividamento-dos-servidores-publicos\/#breadcrumb","itemListElement":[{"@type":"ListItem","position":1,"name":"In\u00edcio","item":"https:\/\/wilsonsantosmt.com.br\/"},{"@type":"ListItem","position":2,"name":"Not\u00edcias","item":"https:\/\/wilsonsantosmt.com.br\/index.php\/category\/noticias\/"},{"@type":"ListItem","position":3,"name":"Wilson Santos e Janaina alertam falta de fiscaliza\u00e7\u00e3o no superendividamento dos servidores p\u00fablicos"}]},{"@type":"WebSite","@id":"https:\/\/wilsonsantosmt.com.br\/#website","url":"https:\/\/wilsonsantosmt.com.br\/","name":"wilsonsantosmt.com.br","description":"","publisher":{"@id":"https:\/\/wilsonsantosmt.com.br\/#\/schema\/person\/9de3c54961637a9eadb16bcbf895b1ef"},"potentialAction":[{"@type":"SearchAction","target":{"@type":"EntryPoint","urlTemplate":"https:\/\/wilsonsantosmt.com.br\/?s={search_term_string}"},"query-input":"required name=search_term_string"}],"inLanguage":"pt-BR"},{"@type":["Person","Organization"],"@id":"https:\/\/wilsonsantosmt.com.br\/#\/schema\/person\/9de3c54961637a9eadb16bcbf895b1ef","name":"Wilson Santos","image":{"@type":"ImageObject","inLanguage":"pt-BR","@id":"https:\/\/wilsonsantosmt.com.br\/#\/schema\/person\/image\/","url":"https:\/\/wilsonsantosmt.com.br\/wp-content\/uploads\/2023\/11\/310828673_653254583023360_8795459643194608438_n.jpg","contentUrl":"https:\/\/wilsonsantosmt.com.br\/wp-content\/uploads\/2023\/11\/310828673_653254583023360_8795459643194608438_n.jpg","width":1078,"height":1079,"caption":"Wilson Santos"},"logo":{"@id":"https:\/\/wilsonsantosmt.com.br\/#\/schema\/person\/image\/"},"sameAs":["http:\/\/wilsonsantosmt.com.br","https:\/\/www.facebook.com\/WilsonSantosMT\/","https:\/\/www.instagram.com\/wilsonsantosmt\/","https:\/\/www.youtube.com\/@WilsonSantosWS\/videos","https:\/\/pt.wikipedia.org\/wiki\/Wilson_Santos"],"honorificPrefix":"Sr","gender":"masculino","jobTitle":"Deputado Estadual","worksFor":"Assembleia Legislativa de Mato Grosso"},{"@type":"Person","@id":"https:\/\/wilsonsantosmt.com.br\/#\/schema\/person\/1d097ee45f526dd0455dbad8c679932c","name":"Samantha dos Anjos","image":{"@type":"ImageObject","inLanguage":"pt-BR","@id":"https:\/\/wilsonsantosmt.com.br\/#\/schema\/person\/image\/","url":"https:\/\/secure.gravatar.com\/avatar\/7d8d0b6dd67d134a9fa841bee90c57c7?s=96&d=mm&r=g","contentUrl":"https:\/\/secure.gravatar.com\/avatar\/7d8d0b6dd67d134a9fa841bee90c57c7?s=96&d=mm&r=g","caption":"Samantha dos Anjos"},"url":"https:\/\/wilsonsantosmt.com.br\/index.php\/author\/samantha-dos-anjos\/"}]}},"_links":{"self":[{"href":"https:\/\/wilsonsantosmt.com.br\/index.php\/wp-json\/wp\/v2\/posts\/1597"}],"collection":[{"href":"https:\/\/wilsonsantosmt.com.br\/index.php\/wp-json\/wp\/v2\/posts"}],"about":[{"href":"https:\/\/wilsonsantosmt.com.br\/index.php\/wp-json\/wp\/v2\/types\/post"}],"author":[{"embeddable":true,"href":"https:\/\/wilsonsantosmt.com.br\/index.php\/wp-json\/wp\/v2\/users\/4"}],"replies":[{"embeddable":true,"href":"https:\/\/wilsonsantosmt.com.br\/index.php\/wp-json\/wp\/v2\/comments?post=1597"}],"version-history":[{"count":1,"href":"https:\/\/wilsonsantosmt.com.br\/index.php\/wp-json\/wp\/v2\/posts\/1597\/revisions"}],"predecessor-version":[{"id":1599,"href":"https:\/\/wilsonsantosmt.com.br\/index.php\/wp-json\/wp\/v2\/posts\/1597\/revisions\/1599"}],"wp:featuredmedia":[{"embeddable":true,"href":"https:\/\/wilsonsantosmt.com.br\/index.php\/wp-json\/wp\/v2\/media\/1598"}],"wp:attachment":[{"href":"https:\/\/wilsonsantosmt.com.br\/index.php\/wp-json\/wp\/v2\/media?parent=1597"}],"wp:term":[{"taxonomy":"category","embeddable":true,"href":"https:\/\/wilsonsantosmt.com.br\/index.php\/wp-json\/wp\/v2\/categories?post=1597"},{"taxonomy":"post_tag","embeddable":true,"href":"https:\/\/wilsonsantosmt.com.br\/index.php\/wp-json\/wp\/v2\/tags?post=1597"}],"curies":[{"name":"wp","href":"https:\/\/api.w.org\/{rel}","templated":true}]}}