{"id":1603,"date":"2025-06-09T11:57:00","date_gmt":"2025-06-09T15:57:00","guid":{"rendered":"https:\/\/wilsonsantosmt.com.br\/?p=1603"},"modified":"2025-06-09T15:59:15","modified_gmt":"2025-06-09T19:59:15","slug":"lei-garante-selo-de-inclusao-para-empresas-que-contratam-pessoas-autistas-ou-seus-familiares-em-mt","status":"publish","type":"post","link":"https:\/\/wilsonsantosmt.com.br\/index.php\/2025\/06\/09\/lei-garante-selo-de-inclusao-para-empresas-que-contratam-pessoas-autistas-ou-seus-familiares-em-mt\/","title":{"rendered":"Lei garante selo de inclus\u00e3o para empresas que contratam pessoas autistas ou seus familiares em MT"},"content":{"rendered":"\n<p><\/p>\n\n\n\n<p>Com mais de 10 leis sancionadas que contemplam os autistas e seus familiares, o deputado estadual Wilson Santos (PSD) teve nova Lei de n.\u00ba 12.885\/2025 promulgada pelo Governo de Mato Grosso. Agora, as empresas ou organiza\u00e7\u00f5es poder\u00e3o ser certificadas com o Selo Quebra-Cabe\u00e7a ao adotarem medidas de inclus\u00e3o social deste p\u00fablico espec\u00edfico ao mercado de trabalho.<\/p>\n\n\n\n<p>\u201cA pauta do autismo \u00e9 uma de nossas bandeiras. \u00c9 um assunto relativamente novo no debate social, mas precisamos promover pol\u00edticas p\u00fablicas de inclus\u00e3o aos autistas e seus familiares, promovendo um ambiente mais justo e inclusivo no mercado de trabalho. Esta lei reconhece e d\u00e1 visibilidade \u00e0s empresas que atuam com responsabilidade social e promovem a inclus\u00e3o. Continuaremos lutando para garantir a prote\u00e7\u00e3o dos direitos dos autistas\u201d, disse o parlamentar.<\/p>\n\n\n\n<p>Dentre os crit\u00e9rios apresentados pela lei vigente, as empresas ou organiza\u00e7\u00f5es dever\u00e3o fazer a reserva de vagas no quadro de pessoal, obter uma pol\u00edtica de amplia\u00e7\u00e3o da participa\u00e7\u00e3o na ocupa\u00e7\u00e3o dos cargos da alta administra\u00e7\u00e3o da empresa ou organiza\u00e7\u00e3o, ado\u00e7\u00e3o de pr\u00e1ticas educativas e de promo\u00e7\u00e3o dos direitos da pessoa autista e de seus familiares. Tamb\u00e9m, conforme os termos do regulamento, conceder hor\u00e1rio especial de trabalho, mediante a redu\u00e7\u00e3o de jornada, sem necessidade de compensa\u00e7\u00e3o e sem preju\u00edzo \u00e0 remunera\u00e7\u00e3o ao empregador.<\/p>\n\n\n\n<p>O selo seguir\u00e1 o s\u00edmbolo mundial da conscientiza\u00e7\u00e3o do Transtorno do Espectro Autista (TEA), com validade m\u00ednima de dois anos, renov\u00e1vel por igual per\u00edodo, e ser\u00e1 concedido aos estabelecimentos que atendam aos requisitos impostos em prol da pessoa autista ou a seus pais, c\u00f4njuge ou respons\u00e1vel legal.<\/p>\n","protected":false},"excerpt":{"rendered":"<p>Com mais de 10 leis sancionadas que contemplam os autistas e seus familiares, o deputado estadual Wilson Santos (PSD) teve nova Lei de n.\u00ba 12.885\/2025 promulgada pelo Governo de Mato Grosso. Agora, as empresas ou organiza\u00e7\u00f5es poder\u00e3o ser certificadas com o Selo Quebra-Cabe\u00e7a ao adotarem medidas de inclus\u00e3o social deste p\u00fablico espec\u00edfico ao mercado de [&hellip;]<\/p>\n","protected":false},"author":4,"featured_media":1604,"comment_status":"closed","ping_status":"open","sticky":false,"template":"","format":"standard","meta":{"footnotes":""},"categories":[13],"tags":[],"yoast_head":"<!-- This site is optimized with the Yoast SEO Premium plugin v21.5 (Yoast SEO v21.4) - https:\/\/yoast.com\/wordpress\/plugins\/seo\/ -->\n<title>Lei garante selo de inclus\u00e3o para empresas que contratam pessoas autistas ou seus familiares em MT - wilsonsantosmt.com.br<\/title>\n<meta name=\"robots\" content=\"index, follow, max-snippet:-1, max-image-preview:large, max-video-preview:-1\" \/>\n<link rel=\"canonical\" href=\"https:\/\/wilsonsantosmt.com.br\/index.php\/2025\/06\/09\/lei-garante-selo-de-inclusao-para-empresas-que-contratam-pessoas-autistas-ou-seus-familiares-em-mt\/\" \/>\n<meta property=\"og:locale\" content=\"pt_BR\" \/>\n<meta property=\"og:type\" content=\"article\" \/>\n<meta property=\"og:title\" content=\"Lei garante selo de inclus\u00e3o para empresas que contratam pessoas autistas ou seus familiares em MT\" \/>\n<meta property=\"og:description\" content=\"Com mais de 10 leis sancionadas que contemplam os autistas e seus familiares, o deputado estadual Wilson Santos (PSD) teve nova Lei de n.\u00ba 12.885\/2025 promulgada pelo Governo de Mato Grosso. Agora, as empresas ou organiza\u00e7\u00f5es poder\u00e3o ser certificadas com o Selo Quebra-Cabe\u00e7a ao adotarem medidas de inclus\u00e3o social deste p\u00fablico espec\u00edfico ao mercado de [&hellip;]\" \/>\n<meta property=\"og:url\" content=\"https:\/\/wilsonsantosmt.com.br\/index.php\/2025\/06\/09\/lei-garante-selo-de-inclusao-para-empresas-que-contratam-pessoas-autistas-ou-seus-familiares-em-mt\/\" \/>\n<meta property=\"og:site_name\" content=\"wilsonsantosmt.com.br\" \/>\n<meta property=\"article:publisher\" content=\"https:\/\/www.facebook.com\/WilsonSantosMT\/\" \/>\n<meta property=\"article:published_time\" content=\"2025-06-09T15:57:00+00:00\" \/>\n<meta property=\"article:modified_time\" content=\"2025-06-09T19:59:15+00:00\" \/>\n<meta property=\"og:image\" content=\"http:\/\/wilsonsantosmt.com.br\/wp-content\/uploads\/2025\/06\/6008b269d5864561d6dcb209314851de67ec5e990b9b5-scaled.jpg\" \/>\n\t<meta property=\"og:image:width\" content=\"2560\" \/>\n\t<meta property=\"og:image:height\" content=\"1706\" \/>\n\t<meta property=\"og:image:type\" content=\"image\/jpeg\" \/>\n<meta name=\"author\" content=\"Samantha dos Anjos\" \/>\n<meta name=\"twitter:card\" content=\"summary_large_image\" \/>\n<meta name=\"twitter:label1\" content=\"Escrito por\" \/>\n\t<meta name=\"twitter:data1\" content=\"Samantha dos Anjos\" \/>\n\t<meta name=\"twitter:label2\" content=\"Est. tempo de leitura\" \/>\n\t<meta name=\"twitter:data2\" content=\"2 minutos\" \/>\n<script type=\"application\/ld+json\" class=\"yoast-schema-graph\">{\"@context\":\"https:\/\/schema.org\",\"@graph\":[{\"@type\":\"Article\",\"@id\":\"https:\/\/wilsonsantosmt.com.br\/index.php\/2025\/06\/09\/lei-garante-selo-de-inclusao-para-empresas-que-contratam-pessoas-autistas-ou-seus-familiares-em-mt\/#article\",\"isPartOf\":{\"@id\":\"https:\/\/wilsonsantosmt.com.br\/index.php\/2025\/06\/09\/lei-garante-selo-de-inclusao-para-empresas-que-contratam-pessoas-autistas-ou-seus-familiares-em-mt\/\"},\"author\":{\"name\":\"Samantha dos Anjos\",\"@id\":\"https:\/\/wilsonsantosmt.com.br\/#\/schema\/person\/1d097ee45f526dd0455dbad8c679932c\"},\"headline\":\"Lei garante selo de inclus\u00e3o para empresas que contratam pessoas autistas ou seus familiares em MT\",\"datePublished\":\"2025-06-09T15:57:00+00:00\",\"dateModified\":\"2025-06-09T19:59:15+00:00\",\"mainEntityOfPage\":{\"@id\":\"https:\/\/wilsonsantosmt.com.br\/index.php\/2025\/06\/09\/lei-garante-selo-de-inclusao-para-empresas-que-contratam-pessoas-autistas-ou-seus-familiares-em-mt\/\"},\"wordCount\":303,\"publisher\":{\"@id\":\"https:\/\/wilsonsantosmt.com.br\/#\/schema\/person\/9de3c54961637a9eadb16bcbf895b1ef\"},\"articleSection\":[\"Not\u00edcias\"],\"inLanguage\":\"pt-BR\"},{\"@type\":\"WebPage\",\"@id\":\"https:\/\/wilsonsantosmt.com.br\/index.php\/2025\/06\/09\/lei-garante-selo-de-inclusao-para-empresas-que-contratam-pessoas-autistas-ou-seus-familiares-em-mt\/\",\"url\":\"https:\/\/wilsonsantosmt.com.br\/index.php\/2025\/06\/09\/lei-garante-selo-de-inclusao-para-empresas-que-contratam-pessoas-autistas-ou-seus-familiares-em-mt\/\",\"name\":\"Lei garante selo de inclus\u00e3o para empresas que contratam pessoas autistas ou seus familiares em MT - wilsonsantosmt.com.br\",\"isPartOf\":{\"@id\":\"https:\/\/wilsonsantosmt.com.br\/#website\"},\"datePublished\":\"2025-06-09T15:57:00+00:00\",\"dateModified\":\"2025-06-09T19:59:15+00:00\",\"breadcrumb\":{\"@id\":\"https:\/\/wilsonsantosmt.com.br\/index.php\/2025\/06\/09\/lei-garante-selo-de-inclusao-para-empresas-que-contratam-pessoas-autistas-ou-seus-familiares-em-mt\/#breadcrumb\"},\"inLanguage\":\"pt-BR\",\"potentialAction\":[{\"@type\":\"ReadAction\",\"target\":[\"https:\/\/wilsonsantosmt.com.br\/index.php\/2025\/06\/09\/lei-garante-selo-de-inclusao-para-empresas-que-contratam-pessoas-autistas-ou-seus-familiares-em-mt\/\"]}]},{\"@type\":\"BreadcrumbList\",\"@id\":\"https:\/\/wilsonsantosmt.com.br\/index.php\/2025\/06\/09\/lei-garante-selo-de-inclusao-para-empresas-que-contratam-pessoas-autistas-ou-seus-familiares-em-mt\/#breadcrumb\",\"itemListElement\":[{\"@type\":\"ListItem\",\"position\":1,\"name\":\"In\u00edcio\",\"item\":\"https:\/\/wilsonsantosmt.com.br\/\"},{\"@type\":\"ListItem\",\"position\":2,\"name\":\"Not\u00edcias\",\"item\":\"https:\/\/wilsonsantosmt.com.br\/index.php\/category\/noticias\/\"},{\"@type\":\"ListItem\",\"position\":3,\"name\":\"Lei garante selo de inclus\u00e3o para empresas que contratam pessoas autistas ou seus familiares em MT\"}]},{\"@type\":\"WebSite\",\"@id\":\"https:\/\/wilsonsantosmt.com.br\/#website\",\"url\":\"https:\/\/wilsonsantosmt.com.br\/\",\"name\":\"wilsonsantosmt.com.br\",\"description\":\"\",\"publisher\":{\"@id\":\"https:\/\/wilsonsantosmt.com.br\/#\/schema\/person\/9de3c54961637a9eadb16bcbf895b1ef\"},\"potentialAction\":[{\"@type\":\"SearchAction\",\"target\":{\"@type\":\"EntryPoint\",\"urlTemplate\":\"https:\/\/wilsonsantosmt.com.br\/?s={search_term_string}\"},\"query-input\":\"required name=search_term_string\"}],\"inLanguage\":\"pt-BR\"},{\"@type\":[\"Person\",\"Organization\"],\"@id\":\"https:\/\/wilsonsantosmt.com.br\/#\/schema\/person\/9de3c54961637a9eadb16bcbf895b1ef\",\"name\":\"Wilson Santos\",\"image\":{\"@type\":\"ImageObject\",\"inLanguage\":\"pt-BR\",\"@id\":\"https:\/\/wilsonsantosmt.com.br\/#\/schema\/person\/image\/\",\"url\":\"https:\/\/wilsonsantosmt.com.br\/wp-content\/uploads\/2023\/11\/310828673_653254583023360_8795459643194608438_n.jpg\",\"contentUrl\":\"https:\/\/wilsonsantosmt.com.br\/wp-content\/uploads\/2023\/11\/310828673_653254583023360_8795459643194608438_n.jpg\",\"width\":1078,\"height\":1079,\"caption\":\"Wilson Santos\"},\"logo\":{\"@id\":\"https:\/\/wilsonsantosmt.com.br\/#\/schema\/person\/image\/\"},\"sameAs\":[\"http:\/\/wilsonsantosmt.com.br\",\"https:\/\/www.facebook.com\/WilsonSantosMT\/\",\"https:\/\/www.instagram.com\/wilsonsantosmt\/\",\"https:\/\/www.youtube.com\/@WilsonSantosWS\/videos\",\"https:\/\/pt.wikipedia.org\/wiki\/Wilson_Santos\"],\"honorificPrefix\":\"Sr\",\"gender\":\"masculino\",\"jobTitle\":\"Deputado Estadual\",\"worksFor\":\"Assembleia Legislativa de Mato Grosso\"},{\"@type\":\"Person\",\"@id\":\"https:\/\/wilsonsantosmt.com.br\/#\/schema\/person\/1d097ee45f526dd0455dbad8c679932c\",\"name\":\"Samantha dos Anjos\",\"image\":{\"@type\":\"ImageObject\",\"inLanguage\":\"pt-BR\",\"@id\":\"https:\/\/wilsonsantosmt.com.br\/#\/schema\/person\/image\/\",\"url\":\"https:\/\/secure.gravatar.com\/avatar\/7d8d0b6dd67d134a9fa841bee90c57c7?s=96&d=mm&r=g\",\"contentUrl\":\"https:\/\/secure.gravatar.com\/avatar\/7d8d0b6dd67d134a9fa841bee90c57c7?s=96&d=mm&r=g\",\"caption\":\"Samantha dos Anjos\"},\"url\":\"https:\/\/wilsonsantosmt.com.br\/index.php\/author\/samantha-dos-anjos\/\"}]}<\/script>\n<!-- \/ Yoast SEO Premium plugin. -->","yoast_head_json":{"title":"Lei garante selo de inclus\u00e3o para empresas que contratam pessoas autistas ou seus familiares em MT - wilsonsantosmt.com.br","robots":{"index":"index","follow":"follow","max-snippet":"max-snippet:-1","max-image-preview":"max-image-preview:large","max-video-preview":"max-video-preview:-1"},"canonical":"https:\/\/wilsonsantosmt.com.br\/index.php\/2025\/06\/09\/lei-garante-selo-de-inclusao-para-empresas-que-contratam-pessoas-autistas-ou-seus-familiares-em-mt\/","og_locale":"pt_BR","og_type":"article","og_title":"Lei garante selo de inclus\u00e3o para empresas que contratam pessoas autistas ou seus familiares em MT","og_description":"Com mais de 10 leis sancionadas que contemplam os autistas e seus familiares, o deputado estadual Wilson Santos (PSD) teve nova Lei de n.\u00ba 12.885\/2025 promulgada pelo Governo de Mato Grosso. Agora, as empresas ou organiza\u00e7\u00f5es poder\u00e3o ser certificadas com o Selo Quebra-Cabe\u00e7a ao adotarem medidas de inclus\u00e3o social deste p\u00fablico espec\u00edfico ao mercado de [&hellip;]","og_url":"https:\/\/wilsonsantosmt.com.br\/index.php\/2025\/06\/09\/lei-garante-selo-de-inclusao-para-empresas-que-contratam-pessoas-autistas-ou-seus-familiares-em-mt\/","og_site_name":"wilsonsantosmt.com.br","article_publisher":"https:\/\/www.facebook.com\/WilsonSantosMT\/","article_published_time":"2025-06-09T15:57:00+00:00","article_modified_time":"2025-06-09T19:59:15+00:00","og_image":[{"width":2560,"height":1706,"url":"http:\/\/wilsonsantosmt.com.br\/wp-content\/uploads\/2025\/06\/6008b269d5864561d6dcb209314851de67ec5e990b9b5-scaled.jpg","type":"image\/jpeg"}],"author":"Samantha dos Anjos","twitter_card":"summary_large_image","twitter_misc":{"Escrito por":"Samantha dos Anjos","Est. tempo de leitura":"2 minutos"},"schema":{"@context":"https:\/\/schema.org","@graph":[{"@type":"Article","@id":"https:\/\/wilsonsantosmt.com.br\/index.php\/2025\/06\/09\/lei-garante-selo-de-inclusao-para-empresas-que-contratam-pessoas-autistas-ou-seus-familiares-em-mt\/#article","isPartOf":{"@id":"https:\/\/wilsonsantosmt.com.br\/index.php\/2025\/06\/09\/lei-garante-selo-de-inclusao-para-empresas-que-contratam-pessoas-autistas-ou-seus-familiares-em-mt\/"},"author":{"name":"Samantha dos Anjos","@id":"https:\/\/wilsonsantosmt.com.br\/#\/schema\/person\/1d097ee45f526dd0455dbad8c679932c"},"headline":"Lei garante selo de inclus\u00e3o para empresas que contratam pessoas autistas ou seus familiares em MT","datePublished":"2025-06-09T15:57:00+00:00","dateModified":"2025-06-09T19:59:15+00:00","mainEntityOfPage":{"@id":"https:\/\/wilsonsantosmt.com.br\/index.php\/2025\/06\/09\/lei-garante-selo-de-inclusao-para-empresas-que-contratam-pessoas-autistas-ou-seus-familiares-em-mt\/"},"wordCount":303,"publisher":{"@id":"https:\/\/wilsonsantosmt.com.br\/#\/schema\/person\/9de3c54961637a9eadb16bcbf895b1ef"},"articleSection":["Not\u00edcias"],"inLanguage":"pt-BR"},{"@type":"WebPage","@id":"https:\/\/wilsonsantosmt.com.br\/index.php\/2025\/06\/09\/lei-garante-selo-de-inclusao-para-empresas-que-contratam-pessoas-autistas-ou-seus-familiares-em-mt\/","url":"https:\/\/wilsonsantosmt.com.br\/index.php\/2025\/06\/09\/lei-garante-selo-de-inclusao-para-empresas-que-contratam-pessoas-autistas-ou-seus-familiares-em-mt\/","name":"Lei garante selo de inclus\u00e3o para empresas que contratam pessoas autistas ou seus familiares em MT - wilsonsantosmt.com.br","isPartOf":{"@id":"https:\/\/wilsonsantosmt.com.br\/#website"},"datePublished":"2025-06-09T15:57:00+00:00","dateModified":"2025-06-09T19:59:15+00:00","breadcrumb":{"@id":"https:\/\/wilsonsantosmt.com.br\/index.php\/2025\/06\/09\/lei-garante-selo-de-inclusao-para-empresas-que-contratam-pessoas-autistas-ou-seus-familiares-em-mt\/#breadcrumb"},"inLanguage":"pt-BR","potentialAction":[{"@type":"ReadAction","target":["https:\/\/wilsonsantosmt.com.br\/index.php\/2025\/06\/09\/lei-garante-selo-de-inclusao-para-empresas-que-contratam-pessoas-autistas-ou-seus-familiares-em-mt\/"]}]},{"@type":"BreadcrumbList","@id":"https:\/\/wilsonsantosmt.com.br\/index.php\/2025\/06\/09\/lei-garante-selo-de-inclusao-para-empresas-que-contratam-pessoas-autistas-ou-seus-familiares-em-mt\/#breadcrumb","itemListElement":[{"@type":"ListItem","position":1,"name":"In\u00edcio","item":"https:\/\/wilsonsantosmt.com.br\/"},{"@type":"ListItem","position":2,"name":"Not\u00edcias","item":"https:\/\/wilsonsantosmt.com.br\/index.php\/category\/noticias\/"},{"@type":"ListItem","position":3,"name":"Lei garante selo de inclus\u00e3o para empresas que contratam pessoas autistas ou seus familiares em MT"}]},{"@type":"WebSite","@id":"https:\/\/wilsonsantosmt.com.br\/#website","url":"https:\/\/wilsonsantosmt.com.br\/","name":"wilsonsantosmt.com.br","description":"","publisher":{"@id":"https:\/\/wilsonsantosmt.com.br\/#\/schema\/person\/9de3c54961637a9eadb16bcbf895b1ef"},"potentialAction":[{"@type":"SearchAction","target":{"@type":"EntryPoint","urlTemplate":"https:\/\/wilsonsantosmt.com.br\/?s={search_term_string}"},"query-input":"required name=search_term_string"}],"inLanguage":"pt-BR"},{"@type":["Person","Organization"],"@id":"https:\/\/wilsonsantosmt.com.br\/#\/schema\/person\/9de3c54961637a9eadb16bcbf895b1ef","name":"Wilson Santos","image":{"@type":"ImageObject","inLanguage":"pt-BR","@id":"https:\/\/wilsonsantosmt.com.br\/#\/schema\/person\/image\/","url":"https:\/\/wilsonsantosmt.com.br\/wp-content\/uploads\/2023\/11\/310828673_653254583023360_8795459643194608438_n.jpg","contentUrl":"https:\/\/wilsonsantosmt.com.br\/wp-content\/uploads\/2023\/11\/310828673_653254583023360_8795459643194608438_n.jpg","width":1078,"height":1079,"caption":"Wilson Santos"},"logo":{"@id":"https:\/\/wilsonsantosmt.com.br\/#\/schema\/person\/image\/"},"sameAs":["http:\/\/wilsonsantosmt.com.br","https:\/\/www.facebook.com\/WilsonSantosMT\/","https:\/\/www.instagram.com\/wilsonsantosmt\/","https:\/\/www.youtube.com\/@WilsonSantosWS\/videos","https:\/\/pt.wikipedia.org\/wiki\/Wilson_Santos"],"honorificPrefix":"Sr","gender":"masculino","jobTitle":"Deputado Estadual","worksFor":"Assembleia Legislativa de Mato Grosso"},{"@type":"Person","@id":"https:\/\/wilsonsantosmt.com.br\/#\/schema\/person\/1d097ee45f526dd0455dbad8c679932c","name":"Samantha dos Anjos","image":{"@type":"ImageObject","inLanguage":"pt-BR","@id":"https:\/\/wilsonsantosmt.com.br\/#\/schema\/person\/image\/","url":"https:\/\/secure.gravatar.com\/avatar\/7d8d0b6dd67d134a9fa841bee90c57c7?s=96&d=mm&r=g","contentUrl":"https:\/\/secure.gravatar.com\/avatar\/7d8d0b6dd67d134a9fa841bee90c57c7?s=96&d=mm&r=g","caption":"Samantha dos Anjos"},"url":"https:\/\/wilsonsantosmt.com.br\/index.php\/author\/samantha-dos-anjos\/"}]}},"_links":{"self":[{"href":"https:\/\/wilsonsantosmt.com.br\/index.php\/wp-json\/wp\/v2\/posts\/1603"}],"collection":[{"href":"https:\/\/wilsonsantosmt.com.br\/index.php\/wp-json\/wp\/v2\/posts"}],"about":[{"href":"https:\/\/wilsonsantosmt.com.br\/index.php\/wp-json\/wp\/v2\/types\/post"}],"author":[{"embeddable":true,"href":"https:\/\/wilsonsantosmt.com.br\/index.php\/wp-json\/wp\/v2\/users\/4"}],"replies":[{"embeddable":true,"href":"https:\/\/wilsonsantosmt.com.br\/index.php\/wp-json\/wp\/v2\/comments?post=1603"}],"version-history":[{"count":1,"href":"https:\/\/wilsonsantosmt.com.br\/index.php\/wp-json\/wp\/v2\/posts\/1603\/revisions"}],"predecessor-version":[{"id":1605,"href":"https:\/\/wilsonsantosmt.com.br\/index.php\/wp-json\/wp\/v2\/posts\/1603\/revisions\/1605"}],"wp:featuredmedia":[{"embeddable":true,"href":"https:\/\/wilsonsantosmt.com.br\/index.php\/wp-json\/wp\/v2\/media\/1604"}],"wp:attachment":[{"href":"https:\/\/wilsonsantosmt.com.br\/index.php\/wp-json\/wp\/v2\/media?parent=1603"}],"wp:term":[{"taxonomy":"category","embeddable":true,"href":"https:\/\/wilsonsantosmt.com.br\/index.php\/wp-json\/wp\/v2\/categories?post=1603"},{"taxonomy":"post_tag","embeddable":true,"href":"https:\/\/wilsonsantosmt.com.br\/index.php\/wp-json\/wp\/v2\/tags?post=1603"}],"curies":[{"name":"wp","href":"https:\/\/api.w.org\/{rel}","templated":true}]}}