{"id":1610,"date":"2025-06-07T12:01:00","date_gmt":"2025-06-07T16:01:00","guid":{"rendered":"https:\/\/wilsonsantosmt.com.br\/?p=1610"},"modified":"2025-06-09T16:02:06","modified_gmt":"2025-06-09T20:02:06","slug":"santa-casa-de-misericordia-de-cuiaba-pode-se-tornar-patrimonio-historico-e-cultural-de-mato-grosso","status":"publish","type":"post","link":"https:\/\/wilsonsantosmt.com.br\/index.php\/2025\/06\/07\/santa-casa-de-misericordia-de-cuiaba-pode-se-tornar-patrimonio-historico-e-cultural-de-mato-grosso\/","title":{"rendered":"Santa Casa de Miseric\u00f3rdia de Cuiab\u00e1 pode se tornar patrim\u00f4nio hist\u00f3rico e cultural de Mato Grosso"},"content":{"rendered":"\n<p><\/p>\n\n\n\n<p>Em reconhecimento \u00e0 hist\u00f3ria da Santa Casa de Miseric\u00f3rdia de Cuiab\u00e1, fundada e inaugurada no s\u00e9culo XIX durante o per\u00edodo colonial, o deputado estadual Wilson Santos (PSD) apresentou, nesta quarta-feira (4), o Projeto de Lei n\u00ba 966\/2025, que declara o pr\u00e9dio centen\u00e1rio da entidade como patrim\u00f4nio hist\u00f3rico e cultural do estado de Mato Grosso. A unidade de sa\u00fade \u00e9 mantida com recursos da gest\u00e3o estadual, desde 2019, por meio de uma requisi\u00e7\u00e3o administrativa, al\u00e9m do apoio das esferas municipal e federal, e de doa\u00e7\u00f5es da iniciativa privada.<\/p>\n\n\n\n<p>\u201cA Santa Casa de Miseric\u00f3rdia de Cuiab\u00e1 \u00e9 a unidade de sa\u00fade mais antiga do Centro-Oeste, constru\u00edda pelo capit\u00e3o-general portugu\u00eas Jo\u00e3o Carlos Augusto de Oyenhausen-Gravenburg, entre 1815 e 1817. \u00c0 \u00e9poca, esse militar foi designado pela Coroa Portuguesa para atuar em Mato Grosso, com importantes contribui\u00e7\u00f5es na \u00e1rea da sa\u00fade. Hoje, a unidade oferece servi\u00e7os de m\u00e9dia e alta complexidade pelo SUS. A declara\u00e7\u00e3o como patrim\u00f4nio hist\u00f3rico vai valorizar a mem\u00f3ria e a identidade cultural local, permitindo que as futuras gera\u00e7\u00f5es conhe\u00e7am os marcos que levaram \u00e0 constru\u00e7\u00e3o desse pr\u00e9dio\u201d, destacou o parlamentar.<\/p>\n\n\n\n<p>Embora ainda n\u00e3o haja uma defini\u00e7\u00e3o quanto ao destino da estrutura hospitalar, onde os servi\u00e7os ser\u00e3o desativados e transferidos ap\u00f3s a entrega do Hospital Geral &#8211; a Santa Casa possui elementos arquitet\u00f4nicos dos per\u00edodos colonial e republicano, sendo que j\u00e1 foi considerada um dos maiores hospitais da Am\u00e9rica Latina. Tamb\u00e9m, foi reconhecida como s\u00edmbolo hist\u00f3rico e cultural de Cuiab\u00e1 e de Mato Grosso, o que justifica a ado\u00e7\u00e3o de medidas destinadas \u00e0 sua preserva\u00e7\u00e3o, conforme previsto na proposta, o que inclui a realiza\u00e7\u00e3o de obras de restaura\u00e7\u00e3o e conserva\u00e7\u00e3o.<\/p>\n\n\n\n<p>\u201cA import\u00e2ncia do edif\u00edcio transcende seu valor material. Ele simboliza o empenho da sociedade civil e das institui\u00e7\u00f5es religiosas na constru\u00e7\u00e3o de uma rede de solidariedade e cuidado com a sa\u00fade p\u00fablica em Mato Grosso. Sua estrutura f\u00edsica conserva elementos hist\u00f3ricos de inestim\u00e1vel valor, que merecem ser preservados como parte do patrim\u00f4nio cultural do povo mato-grossense\u201d, acrescentou Wilson Santos.<\/p>\n\n\n\n<p>Fundada oficialmente em 1817, a Santa Casa de Miseric\u00f3rdia de Cuiab\u00e1 \u00e9 uma das institui\u00e7\u00f5es mais antigas da regi\u00e3o centro-oeste do Brasil e, ao longo de mais de dois s\u00e9culos, desempenhou um papel fundamental na presta\u00e7\u00e3o de servi\u00e7os m\u00e9dicos e assistenciais \u00e0 popula\u00e7\u00e3o cuiabana, especialmente \u00e0s camadas mais vulner\u00e1veis da sociedade.<\/p>\n","protected":false},"excerpt":{"rendered":"<p>Em reconhecimento \u00e0 hist\u00f3ria da Santa Casa de Miseric\u00f3rdia de Cuiab\u00e1, fundada e inaugurada no s\u00e9culo XIX durante o per\u00edodo colonial, o deputado estadual Wilson Santos (PSD) apresentou, nesta quarta-feira (4), o Projeto de Lei n\u00ba 966\/2025, que declara o pr\u00e9dio centen\u00e1rio da entidade como patrim\u00f4nio hist\u00f3rico e cultural do estado de Mato Grosso. A [&hellip;]<\/p>\n","protected":false},"author":4,"featured_media":1611,"comment_status":"closed","ping_status":"open","sticky":false,"template":"","format":"standard","meta":{"footnotes":""},"categories":[13],"tags":[],"yoast_head":"<!-- This site is optimized with the Yoast SEO Premium plugin v21.5 (Yoast SEO v21.4) - https:\/\/yoast.com\/wordpress\/plugins\/seo\/ -->\n<title>Santa Casa de Miseric\u00f3rdia de Cuiab\u00e1 pode se tornar patrim\u00f4nio hist\u00f3rico e cultural de Mato Grosso - wilsonsantosmt.com.br<\/title>\n<meta name=\"robots\" content=\"index, follow, max-snippet:-1, max-image-preview:large, max-video-preview:-1\" \/>\n<link rel=\"canonical\" href=\"https:\/\/wilsonsantosmt.com.br\/index.php\/2025\/06\/07\/santa-casa-de-misericordia-de-cuiaba-pode-se-tornar-patrimonio-historico-e-cultural-de-mato-grosso\/\" \/>\n<meta property=\"og:locale\" content=\"pt_BR\" \/>\n<meta property=\"og:type\" content=\"article\" \/>\n<meta property=\"og:title\" content=\"Santa Casa de Miseric\u00f3rdia de Cuiab\u00e1 pode se tornar patrim\u00f4nio hist\u00f3rico e cultural de Mato Grosso\" \/>\n<meta property=\"og:description\" content=\"Em reconhecimento \u00e0 hist\u00f3ria da Santa Casa de Miseric\u00f3rdia de Cuiab\u00e1, fundada e inaugurada no s\u00e9culo XIX durante o per\u00edodo colonial, o deputado estadual Wilson Santos (PSD) apresentou, nesta quarta-feira (4), o Projeto de Lei n\u00ba 966\/2025, que declara o pr\u00e9dio centen\u00e1rio da entidade como patrim\u00f4nio hist\u00f3rico e cultural do estado de Mato Grosso. A [&hellip;]\" \/>\n<meta property=\"og:url\" content=\"https:\/\/wilsonsantosmt.com.br\/index.php\/2025\/06\/07\/santa-casa-de-misericordia-de-cuiaba-pode-se-tornar-patrimonio-historico-e-cultural-de-mato-grosso\/\" \/>\n<meta property=\"og:site_name\" content=\"wilsonsantosmt.com.br\" \/>\n<meta property=\"article:publisher\" content=\"https:\/\/www.facebook.com\/WilsonSantosMT\/\" \/>\n<meta property=\"article:published_time\" content=\"2025-06-07T16:01:00+00:00\" \/>\n<meta property=\"article:modified_time\" content=\"2025-06-09T20:02:06+00:00\" \/>\n<meta property=\"og:image\" content=\"http:\/\/wilsonsantosmt.com.br\/wp-content\/uploads\/2025\/06\/WhatsApp-Image-2025-06-06-at-10.51.44.jpeg\" \/>\n\t<meta property=\"og:image:width\" content=\"1600\" \/>\n\t<meta property=\"og:image:height\" content=\"1066\" \/>\n\t<meta property=\"og:image:type\" content=\"image\/jpeg\" \/>\n<meta name=\"author\" content=\"Samantha dos Anjos\" \/>\n<meta name=\"twitter:card\" content=\"summary_large_image\" \/>\n<meta name=\"twitter:label1\" content=\"Escrito por\" \/>\n\t<meta name=\"twitter:data1\" content=\"Samantha dos Anjos\" \/>\n\t<meta name=\"twitter:label2\" content=\"Est. tempo de leitura\" \/>\n\t<meta name=\"twitter:data2\" content=\"3 minutos\" \/>\n<script type=\"application\/ld+json\" class=\"yoast-schema-graph\">{\"@context\":\"https:\/\/schema.org\",\"@graph\":[{\"@type\":\"Article\",\"@id\":\"https:\/\/wilsonsantosmt.com.br\/index.php\/2025\/06\/07\/santa-casa-de-misericordia-de-cuiaba-pode-se-tornar-patrimonio-historico-e-cultural-de-mato-grosso\/#article\",\"isPartOf\":{\"@id\":\"https:\/\/wilsonsantosmt.com.br\/index.php\/2025\/06\/07\/santa-casa-de-misericordia-de-cuiaba-pode-se-tornar-patrimonio-historico-e-cultural-de-mato-grosso\/\"},\"author\":{\"name\":\"Samantha dos Anjos\",\"@id\":\"https:\/\/wilsonsantosmt.com.br\/#\/schema\/person\/1d097ee45f526dd0455dbad8c679932c\"},\"headline\":\"Santa Casa de Miseric\u00f3rdia de Cuiab\u00e1 pode se tornar patrim\u00f4nio hist\u00f3rico e cultural de Mato Grosso\",\"datePublished\":\"2025-06-07T16:01:00+00:00\",\"dateModified\":\"2025-06-09T20:02:06+00:00\",\"mainEntityOfPage\":{\"@id\":\"https:\/\/wilsonsantosmt.com.br\/index.php\/2025\/06\/07\/santa-casa-de-misericordia-de-cuiaba-pode-se-tornar-patrimonio-historico-e-cultural-de-mato-grosso\/\"},\"wordCount\":450,\"publisher\":{\"@id\":\"https:\/\/wilsonsantosmt.com.br\/#\/schema\/person\/9de3c54961637a9eadb16bcbf895b1ef\"},\"articleSection\":[\"Not\u00edcias\"],\"inLanguage\":\"pt-BR\"},{\"@type\":\"WebPage\",\"@id\":\"https:\/\/wilsonsantosmt.com.br\/index.php\/2025\/06\/07\/santa-casa-de-misericordia-de-cuiaba-pode-se-tornar-patrimonio-historico-e-cultural-de-mato-grosso\/\",\"url\":\"https:\/\/wilsonsantosmt.com.br\/index.php\/2025\/06\/07\/santa-casa-de-misericordia-de-cuiaba-pode-se-tornar-patrimonio-historico-e-cultural-de-mato-grosso\/\",\"name\":\"Santa Casa de Miseric\u00f3rdia de Cuiab\u00e1 pode se tornar patrim\u00f4nio hist\u00f3rico e cultural de Mato Grosso - wilsonsantosmt.com.br\",\"isPartOf\":{\"@id\":\"https:\/\/wilsonsantosmt.com.br\/#website\"},\"datePublished\":\"2025-06-07T16:01:00+00:00\",\"dateModified\":\"2025-06-09T20:02:06+00:00\",\"breadcrumb\":{\"@id\":\"https:\/\/wilsonsantosmt.com.br\/index.php\/2025\/06\/07\/santa-casa-de-misericordia-de-cuiaba-pode-se-tornar-patrimonio-historico-e-cultural-de-mato-grosso\/#breadcrumb\"},\"inLanguage\":\"pt-BR\",\"potentialAction\":[{\"@type\":\"ReadAction\",\"target\":[\"https:\/\/wilsonsantosmt.com.br\/index.php\/2025\/06\/07\/santa-casa-de-misericordia-de-cuiaba-pode-se-tornar-patrimonio-historico-e-cultural-de-mato-grosso\/\"]}]},{\"@type\":\"BreadcrumbList\",\"@id\":\"https:\/\/wilsonsantosmt.com.br\/index.php\/2025\/06\/07\/santa-casa-de-misericordia-de-cuiaba-pode-se-tornar-patrimonio-historico-e-cultural-de-mato-grosso\/#breadcrumb\",\"itemListElement\":[{\"@type\":\"ListItem\",\"position\":1,\"name\":\"In\u00edcio\",\"item\":\"https:\/\/wilsonsantosmt.com.br\/\"},{\"@type\":\"ListItem\",\"position\":2,\"name\":\"Not\u00edcias\",\"item\":\"https:\/\/wilsonsantosmt.com.br\/index.php\/category\/noticias\/\"},{\"@type\":\"ListItem\",\"position\":3,\"name\":\"Santa Casa de Miseric\u00f3rdia de Cuiab\u00e1 pode se tornar patrim\u00f4nio hist\u00f3rico e cultural de Mato Grosso\"}]},{\"@type\":\"WebSite\",\"@id\":\"https:\/\/wilsonsantosmt.com.br\/#website\",\"url\":\"https:\/\/wilsonsantosmt.com.br\/\",\"name\":\"wilsonsantosmt.com.br\",\"description\":\"\",\"publisher\":{\"@id\":\"https:\/\/wilsonsantosmt.com.br\/#\/schema\/person\/9de3c54961637a9eadb16bcbf895b1ef\"},\"potentialAction\":[{\"@type\":\"SearchAction\",\"target\":{\"@type\":\"EntryPoint\",\"urlTemplate\":\"https:\/\/wilsonsantosmt.com.br\/?s={search_term_string}\"},\"query-input\":\"required name=search_term_string\"}],\"inLanguage\":\"pt-BR\"},{\"@type\":[\"Person\",\"Organization\"],\"@id\":\"https:\/\/wilsonsantosmt.com.br\/#\/schema\/person\/9de3c54961637a9eadb16bcbf895b1ef\",\"name\":\"Wilson Santos\",\"image\":{\"@type\":\"ImageObject\",\"inLanguage\":\"pt-BR\",\"@id\":\"https:\/\/wilsonsantosmt.com.br\/#\/schema\/person\/image\/\",\"url\":\"https:\/\/wilsonsantosmt.com.br\/wp-content\/uploads\/2023\/11\/310828673_653254583023360_8795459643194608438_n.jpg\",\"contentUrl\":\"https:\/\/wilsonsantosmt.com.br\/wp-content\/uploads\/2023\/11\/310828673_653254583023360_8795459643194608438_n.jpg\",\"width\":1078,\"height\":1079,\"caption\":\"Wilson Santos\"},\"logo\":{\"@id\":\"https:\/\/wilsonsantosmt.com.br\/#\/schema\/person\/image\/\"},\"sameAs\":[\"http:\/\/wilsonsantosmt.com.br\",\"https:\/\/www.facebook.com\/WilsonSantosMT\/\",\"https:\/\/www.instagram.com\/wilsonsantosmt\/\",\"https:\/\/www.youtube.com\/@WilsonSantosWS\/videos\",\"https:\/\/pt.wikipedia.org\/wiki\/Wilson_Santos\"],\"honorificPrefix\":\"Sr\",\"gender\":\"masculino\",\"jobTitle\":\"Deputado Estadual\",\"worksFor\":\"Assembleia Legislativa de Mato Grosso\"},{\"@type\":\"Person\",\"@id\":\"https:\/\/wilsonsantosmt.com.br\/#\/schema\/person\/1d097ee45f526dd0455dbad8c679932c\",\"name\":\"Samantha dos Anjos\",\"image\":{\"@type\":\"ImageObject\",\"inLanguage\":\"pt-BR\",\"@id\":\"https:\/\/wilsonsantosmt.com.br\/#\/schema\/person\/image\/\",\"url\":\"https:\/\/secure.gravatar.com\/avatar\/7d8d0b6dd67d134a9fa841bee90c57c7?s=96&d=mm&r=g\",\"contentUrl\":\"https:\/\/secure.gravatar.com\/avatar\/7d8d0b6dd67d134a9fa841bee90c57c7?s=96&d=mm&r=g\",\"caption\":\"Samantha dos Anjos\"},\"url\":\"https:\/\/wilsonsantosmt.com.br\/index.php\/author\/samantha-dos-anjos\/\"}]}<\/script>\n<!-- \/ Yoast SEO Premium plugin. -->","yoast_head_json":{"title":"Santa Casa de Miseric\u00f3rdia de Cuiab\u00e1 pode se tornar patrim\u00f4nio hist\u00f3rico e cultural de Mato Grosso - wilsonsantosmt.com.br","robots":{"index":"index","follow":"follow","max-snippet":"max-snippet:-1","max-image-preview":"max-image-preview:large","max-video-preview":"max-video-preview:-1"},"canonical":"https:\/\/wilsonsantosmt.com.br\/index.php\/2025\/06\/07\/santa-casa-de-misericordia-de-cuiaba-pode-se-tornar-patrimonio-historico-e-cultural-de-mato-grosso\/","og_locale":"pt_BR","og_type":"article","og_title":"Santa Casa de Miseric\u00f3rdia de Cuiab\u00e1 pode se tornar patrim\u00f4nio hist\u00f3rico e cultural de Mato Grosso","og_description":"Em reconhecimento \u00e0 hist\u00f3ria da Santa Casa de Miseric\u00f3rdia de Cuiab\u00e1, fundada e inaugurada no s\u00e9culo XIX durante o per\u00edodo colonial, o deputado estadual Wilson Santos (PSD) apresentou, nesta quarta-feira (4), o Projeto de Lei n\u00ba 966\/2025, que declara o pr\u00e9dio centen\u00e1rio da entidade como patrim\u00f4nio hist\u00f3rico e cultural do estado de Mato Grosso. A [&hellip;]","og_url":"https:\/\/wilsonsantosmt.com.br\/index.php\/2025\/06\/07\/santa-casa-de-misericordia-de-cuiaba-pode-se-tornar-patrimonio-historico-e-cultural-de-mato-grosso\/","og_site_name":"wilsonsantosmt.com.br","article_publisher":"https:\/\/www.facebook.com\/WilsonSantosMT\/","article_published_time":"2025-06-07T16:01:00+00:00","article_modified_time":"2025-06-09T20:02:06+00:00","og_image":[{"width":1600,"height":1066,"url":"http:\/\/wilsonsantosmt.com.br\/wp-content\/uploads\/2025\/06\/WhatsApp-Image-2025-06-06-at-10.51.44.jpeg","type":"image\/jpeg"}],"author":"Samantha dos Anjos","twitter_card":"summary_large_image","twitter_misc":{"Escrito por":"Samantha dos Anjos","Est. tempo de leitura":"3 minutos"},"schema":{"@context":"https:\/\/schema.org","@graph":[{"@type":"Article","@id":"https:\/\/wilsonsantosmt.com.br\/index.php\/2025\/06\/07\/santa-casa-de-misericordia-de-cuiaba-pode-se-tornar-patrimonio-historico-e-cultural-de-mato-grosso\/#article","isPartOf":{"@id":"https:\/\/wilsonsantosmt.com.br\/index.php\/2025\/06\/07\/santa-casa-de-misericordia-de-cuiaba-pode-se-tornar-patrimonio-historico-e-cultural-de-mato-grosso\/"},"author":{"name":"Samantha dos Anjos","@id":"https:\/\/wilsonsantosmt.com.br\/#\/schema\/person\/1d097ee45f526dd0455dbad8c679932c"},"headline":"Santa Casa de Miseric\u00f3rdia de Cuiab\u00e1 pode se tornar patrim\u00f4nio hist\u00f3rico e cultural de Mato Grosso","datePublished":"2025-06-07T16:01:00+00:00","dateModified":"2025-06-09T20:02:06+00:00","mainEntityOfPage":{"@id":"https:\/\/wilsonsantosmt.com.br\/index.php\/2025\/06\/07\/santa-casa-de-misericordia-de-cuiaba-pode-se-tornar-patrimonio-historico-e-cultural-de-mato-grosso\/"},"wordCount":450,"publisher":{"@id":"https:\/\/wilsonsantosmt.com.br\/#\/schema\/person\/9de3c54961637a9eadb16bcbf895b1ef"},"articleSection":["Not\u00edcias"],"inLanguage":"pt-BR"},{"@type":"WebPage","@id":"https:\/\/wilsonsantosmt.com.br\/index.php\/2025\/06\/07\/santa-casa-de-misericordia-de-cuiaba-pode-se-tornar-patrimonio-historico-e-cultural-de-mato-grosso\/","url":"https:\/\/wilsonsantosmt.com.br\/index.php\/2025\/06\/07\/santa-casa-de-misericordia-de-cuiaba-pode-se-tornar-patrimonio-historico-e-cultural-de-mato-grosso\/","name":"Santa Casa de Miseric\u00f3rdia de Cuiab\u00e1 pode se tornar patrim\u00f4nio hist\u00f3rico e cultural de Mato Grosso - wilsonsantosmt.com.br","isPartOf":{"@id":"https:\/\/wilsonsantosmt.com.br\/#website"},"datePublished":"2025-06-07T16:01:00+00:00","dateModified":"2025-06-09T20:02:06+00:00","breadcrumb":{"@id":"https:\/\/wilsonsantosmt.com.br\/index.php\/2025\/06\/07\/santa-casa-de-misericordia-de-cuiaba-pode-se-tornar-patrimonio-historico-e-cultural-de-mato-grosso\/#breadcrumb"},"inLanguage":"pt-BR","potentialAction":[{"@type":"ReadAction","target":["https:\/\/wilsonsantosmt.com.br\/index.php\/2025\/06\/07\/santa-casa-de-misericordia-de-cuiaba-pode-se-tornar-patrimonio-historico-e-cultural-de-mato-grosso\/"]}]},{"@type":"BreadcrumbList","@id":"https:\/\/wilsonsantosmt.com.br\/index.php\/2025\/06\/07\/santa-casa-de-misericordia-de-cuiaba-pode-se-tornar-patrimonio-historico-e-cultural-de-mato-grosso\/#breadcrumb","itemListElement":[{"@type":"ListItem","position":1,"name":"In\u00edcio","item":"https:\/\/wilsonsantosmt.com.br\/"},{"@type":"ListItem","position":2,"name":"Not\u00edcias","item":"https:\/\/wilsonsantosmt.com.br\/index.php\/category\/noticias\/"},{"@type":"ListItem","position":3,"name":"Santa Casa de Miseric\u00f3rdia de Cuiab\u00e1 pode se tornar patrim\u00f4nio hist\u00f3rico e cultural de Mato Grosso"}]},{"@type":"WebSite","@id":"https:\/\/wilsonsantosmt.com.br\/#website","url":"https:\/\/wilsonsantosmt.com.br\/","name":"wilsonsantosmt.com.br","description":"","publisher":{"@id":"https:\/\/wilsonsantosmt.com.br\/#\/schema\/person\/9de3c54961637a9eadb16bcbf895b1ef"},"potentialAction":[{"@type":"SearchAction","target":{"@type":"EntryPoint","urlTemplate":"https:\/\/wilsonsantosmt.com.br\/?s={search_term_string}"},"query-input":"required name=search_term_string"}],"inLanguage":"pt-BR"},{"@type":["Person","Organization"],"@id":"https:\/\/wilsonsantosmt.com.br\/#\/schema\/person\/9de3c54961637a9eadb16bcbf895b1ef","name":"Wilson Santos","image":{"@type":"ImageObject","inLanguage":"pt-BR","@id":"https:\/\/wilsonsantosmt.com.br\/#\/schema\/person\/image\/","url":"https:\/\/wilsonsantosmt.com.br\/wp-content\/uploads\/2023\/11\/310828673_653254583023360_8795459643194608438_n.jpg","contentUrl":"https:\/\/wilsonsantosmt.com.br\/wp-content\/uploads\/2023\/11\/310828673_653254583023360_8795459643194608438_n.jpg","width":1078,"height":1079,"caption":"Wilson Santos"},"logo":{"@id":"https:\/\/wilsonsantosmt.com.br\/#\/schema\/person\/image\/"},"sameAs":["http:\/\/wilsonsantosmt.com.br","https:\/\/www.facebook.com\/WilsonSantosMT\/","https:\/\/www.instagram.com\/wilsonsantosmt\/","https:\/\/www.youtube.com\/@WilsonSantosWS\/videos","https:\/\/pt.wikipedia.org\/wiki\/Wilson_Santos"],"honorificPrefix":"Sr","gender":"masculino","jobTitle":"Deputado Estadual","worksFor":"Assembleia Legislativa de Mato Grosso"},{"@type":"Person","@id":"https:\/\/wilsonsantosmt.com.br\/#\/schema\/person\/1d097ee45f526dd0455dbad8c679932c","name":"Samantha dos Anjos","image":{"@type":"ImageObject","inLanguage":"pt-BR","@id":"https:\/\/wilsonsantosmt.com.br\/#\/schema\/person\/image\/","url":"https:\/\/secure.gravatar.com\/avatar\/7d8d0b6dd67d134a9fa841bee90c57c7?s=96&d=mm&r=g","contentUrl":"https:\/\/secure.gravatar.com\/avatar\/7d8d0b6dd67d134a9fa841bee90c57c7?s=96&d=mm&r=g","caption":"Samantha dos Anjos"},"url":"https:\/\/wilsonsantosmt.com.br\/index.php\/author\/samantha-dos-anjos\/"}]}},"_links":{"self":[{"href":"https:\/\/wilsonsantosmt.com.br\/index.php\/wp-json\/wp\/v2\/posts\/1610"}],"collection":[{"href":"https:\/\/wilsonsantosmt.com.br\/index.php\/wp-json\/wp\/v2\/posts"}],"about":[{"href":"https:\/\/wilsonsantosmt.com.br\/index.php\/wp-json\/wp\/v2\/types\/post"}],"author":[{"embeddable":true,"href":"https:\/\/wilsonsantosmt.com.br\/index.php\/wp-json\/wp\/v2\/users\/4"}],"replies":[{"embeddable":true,"href":"https:\/\/wilsonsantosmt.com.br\/index.php\/wp-json\/wp\/v2\/comments?post=1610"}],"version-history":[{"count":1,"href":"https:\/\/wilsonsantosmt.com.br\/index.php\/wp-json\/wp\/v2\/posts\/1610\/revisions"}],"predecessor-version":[{"id":1612,"href":"https:\/\/wilsonsantosmt.com.br\/index.php\/wp-json\/wp\/v2\/posts\/1610\/revisions\/1612"}],"wp:featuredmedia":[{"embeddable":true,"href":"https:\/\/wilsonsantosmt.com.br\/index.php\/wp-json\/wp\/v2\/media\/1611"}],"wp:attachment":[{"href":"https:\/\/wilsonsantosmt.com.br\/index.php\/wp-json\/wp\/v2\/media?parent=1610"}],"wp:term":[{"taxonomy":"category","embeddable":true,"href":"https:\/\/wilsonsantosmt.com.br\/index.php\/wp-json\/wp\/v2\/categories?post=1610"},{"taxonomy":"post_tag","embeddable":true,"href":"https:\/\/wilsonsantosmt.com.br\/index.php\/wp-json\/wp\/v2\/tags?post=1610"}],"curies":[{"name":"wp","href":"https:\/\/api.w.org\/{rel}","templated":true}]}}