{"id":1613,"date":"2025-06-10T15:53:08","date_gmt":"2025-06-10T19:53:08","guid":{"rendered":"https:\/\/wilsonsantosmt.com.br\/?p=1613"},"modified":"2025-06-10T15:53:09","modified_gmt":"2025-06-10T19:53:09","slug":"lei-vai-proteger-jovens-de-assedios-virtuais-com-acoes-educativas-nas-escolas-de-mt","status":"publish","type":"post","link":"https:\/\/wilsonsantosmt.com.br\/index.php\/2025\/06\/10\/lei-vai-proteger-jovens-de-assedios-virtuais-com-acoes-educativas-nas-escolas-de-mt\/","title":{"rendered":"Lei vai proteger jovens de ass\u00e9dios virtuais com a\u00e7\u00f5es educativas nas escolas de MT"},"content":{"rendered":"\n<p><\/p>\n\n\n\n<p><\/p>\n\n\n\n<p>A viol\u00eancia contra o p\u00fablico infanto-juvenil nos ambientes escolares, com a exposi\u00e7\u00e3o negativa por meio de humilha\u00e7\u00e3o, intimida\u00e7\u00e3o ou agress\u00e3o \u2013 \u00e9 conhecida por <em>bullying<\/em>. Com o uso das tecnologias digitais que permitem a intera\u00e7\u00e3o entre as pessoas, a situa\u00e7\u00e3o ganhou novas dimens\u00f5es, tornando-se um grave problema social, ocasionando o <em>cyberbullying<\/em>. Diante deste cen\u00e1rio, o deputado estadual Wilson Santos (PSD) garantiu a Lei <a href=\"https:\/\/www.al.mt.gov.br\/norma-juridica\/urn:lex:br;mato.grosso:estadual:lei.ordinaria:2025-05-15;12869\/gerar-pdf-redacao\">n.\u00b0 12.869\/2025<\/a> que cria o Programa Estadual de Combate ao Ass\u00e9dio Virtual em Mato Grosso, voltado a a\u00e7\u00f5es educativas direcionadas \u00e0 comunidade escolar.<\/p>\n\n\n\n<p>\u201cA viol\u00eancia psicol\u00f3gica contra as nossas crian\u00e7as e adolescentes ganhou uma propor\u00e7\u00e3o preocupante e precisa ser combatida urgentemente no campo educacional. Essa nossa lei \u00e9 para que sejam adotadas medidas de conscientiza\u00e7\u00e3o, preven\u00e7\u00e3o e combate a crimes que acontecem no mundo virtual. O que acontecia em quatro paredes, em um p\u00e1tio ou refeit\u00f3rio de uma escola, agora ocorre nos aplicativos ou plataformas virtuais com os dispositivos eletr\u00f4nicos, como celulares, computadores ou tablets\u201d, relatou o parlamentar.<\/p>\n\n\n\n<p>Recentemente, no final de maio, dois adolescentes de 15 e 16 anos \u2013 de Rondon\u00f3polis e Sinop, foram alvos de opera\u00e7\u00e3o por estarem envolvidos em crimes digitais contra o p\u00fablico infanto-juvenil, sendo deflagrado pela Pol\u00edcia Judici\u00e1ria de Mato Grosso (PJC) em parceria com o Laborat\u00f3rio de Opera\u00e7\u00f5es Cibern\u00e9ticas do Minist\u00e9rio da Justi\u00e7a e Seguran\u00e7a P\u00fablica (MJSP) \u2013 em que as meninas eram os principais alvos dos suspeitos. Eles praticavam persegui\u00e7\u00e3o, amea\u00e7as, produ\u00e7\u00e3o e compartilhamento de materiais de abuso sexual infantil, dentre outros atos il\u00edcitos.<\/p>\n\n\n\n<p>Conforme a lei, o programa vai atender aos estudantes dos ensinos fundamental e m\u00e9dio das redes de ensino p\u00fablica e privada para combater os atos de viol\u00eancia de modo intencional, exercida por um grupo contra uma ou mais pessoas \u2013 atingido a reputa\u00e7\u00e3o e, consequentemente, gerando dor e sofrimento e transtornos mentais devido a exposi\u00e7\u00e3o de a\u00e7\u00f5es negativas por meio de tecnologia digital, seja por m\u00eddias sociais, WhatsApp, Telegram, entre outras plataformas.<\/p>\n\n\n\n<p>Para proteger as crian\u00e7as e adolescentes, a proposta vai permitir levar esclarecimentos sobre o <em>cyberbullying<\/em>, as suas formas de express\u00e3o, efeitos para as v\u00edtimas e responsabiliza\u00e7\u00e3o para quem comete ass\u00e9dio virtual nas escolas. Tamb\u00e9m, fomentar a reflex\u00e3o dos estudantes sobre a pr\u00e1tica, conscientizar a comunidade escolar sobre os meios de aux\u00edlio \u00e0s pessoas que sofrem com essa pr\u00e1tica e refor\u00e7ar a necessidade de respeito aos direitos humanos e \u00e0 individualidade de todas as pessoas, combatendo-se toda forma de discrimina\u00e7\u00e3o negativa.<\/p>\n","protected":false},"excerpt":{"rendered":"<p>A viol\u00eancia contra o p\u00fablico infanto-juvenil nos ambientes escolares, com a exposi\u00e7\u00e3o negativa por meio de humilha\u00e7\u00e3o, intimida\u00e7\u00e3o ou agress\u00e3o \u2013 \u00e9 conhecida por bullying. Com o uso das tecnologias digitais que permitem a intera\u00e7\u00e3o entre as pessoas, a situa\u00e7\u00e3o ganhou novas dimens\u00f5es, tornando-se um grave problema social, ocasionando o cyberbullying. Diante deste cen\u00e1rio, o [&hellip;]<\/p>\n","protected":false},"author":4,"featured_media":1614,"comment_status":"closed","ping_status":"open","sticky":false,"template":"","format":"standard","meta":{"footnotes":""},"categories":[13],"tags":[],"yoast_head":"<!-- This site is optimized with the Yoast SEO Premium plugin v21.5 (Yoast SEO v21.4) - https:\/\/yoast.com\/wordpress\/plugins\/seo\/ -->\n<title>Lei vai proteger jovens de ass\u00e9dios virtuais com a\u00e7\u00f5es educativas nas escolas de MT - wilsonsantosmt.com.br<\/title>\n<meta name=\"robots\" content=\"index, follow, max-snippet:-1, max-image-preview:large, max-video-preview:-1\" \/>\n<link rel=\"canonical\" href=\"https:\/\/wilsonsantosmt.com.br\/index.php\/2025\/06\/10\/lei-vai-proteger-jovens-de-assedios-virtuais-com-acoes-educativas-nas-escolas-de-mt\/\" \/>\n<meta property=\"og:locale\" content=\"pt_BR\" \/>\n<meta property=\"og:type\" content=\"article\" \/>\n<meta property=\"og:title\" content=\"Lei vai proteger jovens de ass\u00e9dios virtuais com a\u00e7\u00f5es educativas nas escolas de MT\" \/>\n<meta property=\"og:description\" content=\"A viol\u00eancia contra o p\u00fablico infanto-juvenil nos ambientes escolares, com a exposi\u00e7\u00e3o negativa por meio de humilha\u00e7\u00e3o, intimida\u00e7\u00e3o ou agress\u00e3o \u2013 \u00e9 conhecida por bullying. Com o uso das tecnologias digitais que permitem a intera\u00e7\u00e3o entre as pessoas, a situa\u00e7\u00e3o ganhou novas dimens\u00f5es, tornando-se um grave problema social, ocasionando o cyberbullying. Diante deste cen\u00e1rio, o [&hellip;]\" \/>\n<meta property=\"og:url\" content=\"https:\/\/wilsonsantosmt.com.br\/index.php\/2025\/06\/10\/lei-vai-proteger-jovens-de-assedios-virtuais-com-acoes-educativas-nas-escolas-de-mt\/\" \/>\n<meta property=\"og:site_name\" content=\"wilsonsantosmt.com.br\" \/>\n<meta property=\"article:publisher\" content=\"https:\/\/www.facebook.com\/WilsonSantosMT\/\" \/>\n<meta property=\"article:published_time\" content=\"2025-06-10T19:53:08+00:00\" \/>\n<meta property=\"article:modified_time\" content=\"2025-06-10T19:53:09+00:00\" \/>\n<meta property=\"og:image\" content=\"http:\/\/wilsonsantosmt.com.br\/wp-content\/uploads\/2025\/06\/63c4430b8cea3c8516b0bfc5af92e40e68373920716fb.jpg\" \/>\n\t<meta property=\"og:image:width\" content=\"1600\" \/>\n\t<meta property=\"og:image:height\" content=\"1066\" \/>\n\t<meta property=\"og:image:type\" content=\"image\/jpeg\" \/>\n<meta name=\"author\" content=\"Samantha dos Anjos\" \/>\n<meta name=\"twitter:card\" content=\"summary_large_image\" \/>\n<meta name=\"twitter:label1\" content=\"Escrito por\" \/>\n\t<meta name=\"twitter:data1\" content=\"Samantha dos Anjos\" \/>\n\t<meta name=\"twitter:label2\" content=\"Est. tempo de leitura\" \/>\n\t<meta name=\"twitter:data2\" content=\"3 minutos\" \/>\n<script type=\"application\/ld+json\" class=\"yoast-schema-graph\">{\"@context\":\"https:\/\/schema.org\",\"@graph\":[{\"@type\":\"Article\",\"@id\":\"https:\/\/wilsonsantosmt.com.br\/index.php\/2025\/06\/10\/lei-vai-proteger-jovens-de-assedios-virtuais-com-acoes-educativas-nas-escolas-de-mt\/#article\",\"isPartOf\":{\"@id\":\"https:\/\/wilsonsantosmt.com.br\/index.php\/2025\/06\/10\/lei-vai-proteger-jovens-de-assedios-virtuais-com-acoes-educativas-nas-escolas-de-mt\/\"},\"author\":{\"name\":\"Samantha dos Anjos\",\"@id\":\"https:\/\/wilsonsantosmt.com.br\/#\/schema\/person\/1d097ee45f526dd0455dbad8c679932c\"},\"headline\":\"Lei vai proteger jovens de ass\u00e9dios virtuais com a\u00e7\u00f5es educativas nas escolas de MT\",\"datePublished\":\"2025-06-10T19:53:08+00:00\",\"dateModified\":\"2025-06-10T19:53:09+00:00\",\"mainEntityOfPage\":{\"@id\":\"https:\/\/wilsonsantosmt.com.br\/index.php\/2025\/06\/10\/lei-vai-proteger-jovens-de-assedios-virtuais-com-acoes-educativas-nas-escolas-de-mt\/\"},\"wordCount\":458,\"publisher\":{\"@id\":\"https:\/\/wilsonsantosmt.com.br\/#\/schema\/person\/9de3c54961637a9eadb16bcbf895b1ef\"},\"articleSection\":[\"Not\u00edcias\"],\"inLanguage\":\"pt-BR\"},{\"@type\":\"WebPage\",\"@id\":\"https:\/\/wilsonsantosmt.com.br\/index.php\/2025\/06\/10\/lei-vai-proteger-jovens-de-assedios-virtuais-com-acoes-educativas-nas-escolas-de-mt\/\",\"url\":\"https:\/\/wilsonsantosmt.com.br\/index.php\/2025\/06\/10\/lei-vai-proteger-jovens-de-assedios-virtuais-com-acoes-educativas-nas-escolas-de-mt\/\",\"name\":\"Lei vai proteger jovens de ass\u00e9dios virtuais com a\u00e7\u00f5es educativas nas escolas de MT - wilsonsantosmt.com.br\",\"isPartOf\":{\"@id\":\"https:\/\/wilsonsantosmt.com.br\/#website\"},\"datePublished\":\"2025-06-10T19:53:08+00:00\",\"dateModified\":\"2025-06-10T19:53:09+00:00\",\"breadcrumb\":{\"@id\":\"https:\/\/wilsonsantosmt.com.br\/index.php\/2025\/06\/10\/lei-vai-proteger-jovens-de-assedios-virtuais-com-acoes-educativas-nas-escolas-de-mt\/#breadcrumb\"},\"inLanguage\":\"pt-BR\",\"potentialAction\":[{\"@type\":\"ReadAction\",\"target\":[\"https:\/\/wilsonsantosmt.com.br\/index.php\/2025\/06\/10\/lei-vai-proteger-jovens-de-assedios-virtuais-com-acoes-educativas-nas-escolas-de-mt\/\"]}]},{\"@type\":\"BreadcrumbList\",\"@id\":\"https:\/\/wilsonsantosmt.com.br\/index.php\/2025\/06\/10\/lei-vai-proteger-jovens-de-assedios-virtuais-com-acoes-educativas-nas-escolas-de-mt\/#breadcrumb\",\"itemListElement\":[{\"@type\":\"ListItem\",\"position\":1,\"name\":\"In\u00edcio\",\"item\":\"https:\/\/wilsonsantosmt.com.br\/\"},{\"@type\":\"ListItem\",\"position\":2,\"name\":\"Not\u00edcias\",\"item\":\"https:\/\/wilsonsantosmt.com.br\/index.php\/category\/noticias\/\"},{\"@type\":\"ListItem\",\"position\":3,\"name\":\"Lei vai proteger jovens de ass\u00e9dios virtuais com a\u00e7\u00f5es educativas nas escolas de MT\"}]},{\"@type\":\"WebSite\",\"@id\":\"https:\/\/wilsonsantosmt.com.br\/#website\",\"url\":\"https:\/\/wilsonsantosmt.com.br\/\",\"name\":\"wilsonsantosmt.com.br\",\"description\":\"\",\"publisher\":{\"@id\":\"https:\/\/wilsonsantosmt.com.br\/#\/schema\/person\/9de3c54961637a9eadb16bcbf895b1ef\"},\"potentialAction\":[{\"@type\":\"SearchAction\",\"target\":{\"@type\":\"EntryPoint\",\"urlTemplate\":\"https:\/\/wilsonsantosmt.com.br\/?s={search_term_string}\"},\"query-input\":\"required name=search_term_string\"}],\"inLanguage\":\"pt-BR\"},{\"@type\":[\"Person\",\"Organization\"],\"@id\":\"https:\/\/wilsonsantosmt.com.br\/#\/schema\/person\/9de3c54961637a9eadb16bcbf895b1ef\",\"name\":\"Wilson Santos\",\"image\":{\"@type\":\"ImageObject\",\"inLanguage\":\"pt-BR\",\"@id\":\"https:\/\/wilsonsantosmt.com.br\/#\/schema\/person\/image\/\",\"url\":\"https:\/\/wilsonsantosmt.com.br\/wp-content\/uploads\/2023\/11\/310828673_653254583023360_8795459643194608438_n.jpg\",\"contentUrl\":\"https:\/\/wilsonsantosmt.com.br\/wp-content\/uploads\/2023\/11\/310828673_653254583023360_8795459643194608438_n.jpg\",\"width\":1078,\"height\":1079,\"caption\":\"Wilson Santos\"},\"logo\":{\"@id\":\"https:\/\/wilsonsantosmt.com.br\/#\/schema\/person\/image\/\"},\"sameAs\":[\"http:\/\/wilsonsantosmt.com.br\",\"https:\/\/www.facebook.com\/WilsonSantosMT\/\",\"https:\/\/www.instagram.com\/wilsonsantosmt\/\",\"https:\/\/www.youtube.com\/@WilsonSantosWS\/videos\",\"https:\/\/pt.wikipedia.org\/wiki\/Wilson_Santos\"],\"honorificPrefix\":\"Sr\",\"gender\":\"masculino\",\"jobTitle\":\"Deputado Estadual\",\"worksFor\":\"Assembleia Legislativa de Mato Grosso\"},{\"@type\":\"Person\",\"@id\":\"https:\/\/wilsonsantosmt.com.br\/#\/schema\/person\/1d097ee45f526dd0455dbad8c679932c\",\"name\":\"Samantha dos Anjos\",\"image\":{\"@type\":\"ImageObject\",\"inLanguage\":\"pt-BR\",\"@id\":\"https:\/\/wilsonsantosmt.com.br\/#\/schema\/person\/image\/\",\"url\":\"https:\/\/secure.gravatar.com\/avatar\/7d8d0b6dd67d134a9fa841bee90c57c7?s=96&d=mm&r=g\",\"contentUrl\":\"https:\/\/secure.gravatar.com\/avatar\/7d8d0b6dd67d134a9fa841bee90c57c7?s=96&d=mm&r=g\",\"caption\":\"Samantha dos Anjos\"},\"url\":\"https:\/\/wilsonsantosmt.com.br\/index.php\/author\/samantha-dos-anjos\/\"}]}<\/script>\n<!-- \/ Yoast SEO Premium plugin. -->","yoast_head_json":{"title":"Lei vai proteger jovens de ass\u00e9dios virtuais com a\u00e7\u00f5es educativas nas escolas de MT - wilsonsantosmt.com.br","robots":{"index":"index","follow":"follow","max-snippet":"max-snippet:-1","max-image-preview":"max-image-preview:large","max-video-preview":"max-video-preview:-1"},"canonical":"https:\/\/wilsonsantosmt.com.br\/index.php\/2025\/06\/10\/lei-vai-proteger-jovens-de-assedios-virtuais-com-acoes-educativas-nas-escolas-de-mt\/","og_locale":"pt_BR","og_type":"article","og_title":"Lei vai proteger jovens de ass\u00e9dios virtuais com a\u00e7\u00f5es educativas nas escolas de MT","og_description":"A viol\u00eancia contra o p\u00fablico infanto-juvenil nos ambientes escolares, com a exposi\u00e7\u00e3o negativa por meio de humilha\u00e7\u00e3o, intimida\u00e7\u00e3o ou agress\u00e3o \u2013 \u00e9 conhecida por bullying. Com o uso das tecnologias digitais que permitem a intera\u00e7\u00e3o entre as pessoas, a situa\u00e7\u00e3o ganhou novas dimens\u00f5es, tornando-se um grave problema social, ocasionando o cyberbullying. Diante deste cen\u00e1rio, o [&hellip;]","og_url":"https:\/\/wilsonsantosmt.com.br\/index.php\/2025\/06\/10\/lei-vai-proteger-jovens-de-assedios-virtuais-com-acoes-educativas-nas-escolas-de-mt\/","og_site_name":"wilsonsantosmt.com.br","article_publisher":"https:\/\/www.facebook.com\/WilsonSantosMT\/","article_published_time":"2025-06-10T19:53:08+00:00","article_modified_time":"2025-06-10T19:53:09+00:00","og_image":[{"width":1600,"height":1066,"url":"http:\/\/wilsonsantosmt.com.br\/wp-content\/uploads\/2025\/06\/63c4430b8cea3c8516b0bfc5af92e40e68373920716fb.jpg","type":"image\/jpeg"}],"author":"Samantha dos Anjos","twitter_card":"summary_large_image","twitter_misc":{"Escrito por":"Samantha dos Anjos","Est. tempo de leitura":"3 minutos"},"schema":{"@context":"https:\/\/schema.org","@graph":[{"@type":"Article","@id":"https:\/\/wilsonsantosmt.com.br\/index.php\/2025\/06\/10\/lei-vai-proteger-jovens-de-assedios-virtuais-com-acoes-educativas-nas-escolas-de-mt\/#article","isPartOf":{"@id":"https:\/\/wilsonsantosmt.com.br\/index.php\/2025\/06\/10\/lei-vai-proteger-jovens-de-assedios-virtuais-com-acoes-educativas-nas-escolas-de-mt\/"},"author":{"name":"Samantha dos Anjos","@id":"https:\/\/wilsonsantosmt.com.br\/#\/schema\/person\/1d097ee45f526dd0455dbad8c679932c"},"headline":"Lei vai proteger jovens de ass\u00e9dios virtuais com a\u00e7\u00f5es educativas nas escolas de MT","datePublished":"2025-06-10T19:53:08+00:00","dateModified":"2025-06-10T19:53:09+00:00","mainEntityOfPage":{"@id":"https:\/\/wilsonsantosmt.com.br\/index.php\/2025\/06\/10\/lei-vai-proteger-jovens-de-assedios-virtuais-com-acoes-educativas-nas-escolas-de-mt\/"},"wordCount":458,"publisher":{"@id":"https:\/\/wilsonsantosmt.com.br\/#\/schema\/person\/9de3c54961637a9eadb16bcbf895b1ef"},"articleSection":["Not\u00edcias"],"inLanguage":"pt-BR"},{"@type":"WebPage","@id":"https:\/\/wilsonsantosmt.com.br\/index.php\/2025\/06\/10\/lei-vai-proteger-jovens-de-assedios-virtuais-com-acoes-educativas-nas-escolas-de-mt\/","url":"https:\/\/wilsonsantosmt.com.br\/index.php\/2025\/06\/10\/lei-vai-proteger-jovens-de-assedios-virtuais-com-acoes-educativas-nas-escolas-de-mt\/","name":"Lei vai proteger jovens de ass\u00e9dios virtuais com a\u00e7\u00f5es educativas nas escolas de MT - wilsonsantosmt.com.br","isPartOf":{"@id":"https:\/\/wilsonsantosmt.com.br\/#website"},"datePublished":"2025-06-10T19:53:08+00:00","dateModified":"2025-06-10T19:53:09+00:00","breadcrumb":{"@id":"https:\/\/wilsonsantosmt.com.br\/index.php\/2025\/06\/10\/lei-vai-proteger-jovens-de-assedios-virtuais-com-acoes-educativas-nas-escolas-de-mt\/#breadcrumb"},"inLanguage":"pt-BR","potentialAction":[{"@type":"ReadAction","target":["https:\/\/wilsonsantosmt.com.br\/index.php\/2025\/06\/10\/lei-vai-proteger-jovens-de-assedios-virtuais-com-acoes-educativas-nas-escolas-de-mt\/"]}]},{"@type":"BreadcrumbList","@id":"https:\/\/wilsonsantosmt.com.br\/index.php\/2025\/06\/10\/lei-vai-proteger-jovens-de-assedios-virtuais-com-acoes-educativas-nas-escolas-de-mt\/#breadcrumb","itemListElement":[{"@type":"ListItem","position":1,"name":"In\u00edcio","item":"https:\/\/wilsonsantosmt.com.br\/"},{"@type":"ListItem","position":2,"name":"Not\u00edcias","item":"https:\/\/wilsonsantosmt.com.br\/index.php\/category\/noticias\/"},{"@type":"ListItem","position":3,"name":"Lei vai proteger jovens de ass\u00e9dios virtuais com a\u00e7\u00f5es educativas nas escolas de MT"}]},{"@type":"WebSite","@id":"https:\/\/wilsonsantosmt.com.br\/#website","url":"https:\/\/wilsonsantosmt.com.br\/","name":"wilsonsantosmt.com.br","description":"","publisher":{"@id":"https:\/\/wilsonsantosmt.com.br\/#\/schema\/person\/9de3c54961637a9eadb16bcbf895b1ef"},"potentialAction":[{"@type":"SearchAction","target":{"@type":"EntryPoint","urlTemplate":"https:\/\/wilsonsantosmt.com.br\/?s={search_term_string}"},"query-input":"required name=search_term_string"}],"inLanguage":"pt-BR"},{"@type":["Person","Organization"],"@id":"https:\/\/wilsonsantosmt.com.br\/#\/schema\/person\/9de3c54961637a9eadb16bcbf895b1ef","name":"Wilson Santos","image":{"@type":"ImageObject","inLanguage":"pt-BR","@id":"https:\/\/wilsonsantosmt.com.br\/#\/schema\/person\/image\/","url":"https:\/\/wilsonsantosmt.com.br\/wp-content\/uploads\/2023\/11\/310828673_653254583023360_8795459643194608438_n.jpg","contentUrl":"https:\/\/wilsonsantosmt.com.br\/wp-content\/uploads\/2023\/11\/310828673_653254583023360_8795459643194608438_n.jpg","width":1078,"height":1079,"caption":"Wilson Santos"},"logo":{"@id":"https:\/\/wilsonsantosmt.com.br\/#\/schema\/person\/image\/"},"sameAs":["http:\/\/wilsonsantosmt.com.br","https:\/\/www.facebook.com\/WilsonSantosMT\/","https:\/\/www.instagram.com\/wilsonsantosmt\/","https:\/\/www.youtube.com\/@WilsonSantosWS\/videos","https:\/\/pt.wikipedia.org\/wiki\/Wilson_Santos"],"honorificPrefix":"Sr","gender":"masculino","jobTitle":"Deputado Estadual","worksFor":"Assembleia Legislativa de Mato Grosso"},{"@type":"Person","@id":"https:\/\/wilsonsantosmt.com.br\/#\/schema\/person\/1d097ee45f526dd0455dbad8c679932c","name":"Samantha dos Anjos","image":{"@type":"ImageObject","inLanguage":"pt-BR","@id":"https:\/\/wilsonsantosmt.com.br\/#\/schema\/person\/image\/","url":"https:\/\/secure.gravatar.com\/avatar\/7d8d0b6dd67d134a9fa841bee90c57c7?s=96&d=mm&r=g","contentUrl":"https:\/\/secure.gravatar.com\/avatar\/7d8d0b6dd67d134a9fa841bee90c57c7?s=96&d=mm&r=g","caption":"Samantha dos Anjos"},"url":"https:\/\/wilsonsantosmt.com.br\/index.php\/author\/samantha-dos-anjos\/"}]}},"_links":{"self":[{"href":"https:\/\/wilsonsantosmt.com.br\/index.php\/wp-json\/wp\/v2\/posts\/1613"}],"collection":[{"href":"https:\/\/wilsonsantosmt.com.br\/index.php\/wp-json\/wp\/v2\/posts"}],"about":[{"href":"https:\/\/wilsonsantosmt.com.br\/index.php\/wp-json\/wp\/v2\/types\/post"}],"author":[{"embeddable":true,"href":"https:\/\/wilsonsantosmt.com.br\/index.php\/wp-json\/wp\/v2\/users\/4"}],"replies":[{"embeddable":true,"href":"https:\/\/wilsonsantosmt.com.br\/index.php\/wp-json\/wp\/v2\/comments?post=1613"}],"version-history":[{"count":1,"href":"https:\/\/wilsonsantosmt.com.br\/index.php\/wp-json\/wp\/v2\/posts\/1613\/revisions"}],"predecessor-version":[{"id":1615,"href":"https:\/\/wilsonsantosmt.com.br\/index.php\/wp-json\/wp\/v2\/posts\/1613\/revisions\/1615"}],"wp:featuredmedia":[{"embeddable":true,"href":"https:\/\/wilsonsantosmt.com.br\/index.php\/wp-json\/wp\/v2\/media\/1614"}],"wp:attachment":[{"href":"https:\/\/wilsonsantosmt.com.br\/index.php\/wp-json\/wp\/v2\/media?parent=1613"}],"wp:term":[{"taxonomy":"category","embeddable":true,"href":"https:\/\/wilsonsantosmt.com.br\/index.php\/wp-json\/wp\/v2\/categories?post=1613"},{"taxonomy":"post_tag","embeddable":true,"href":"https:\/\/wilsonsantosmt.com.br\/index.php\/wp-json\/wp\/v2\/tags?post=1613"}],"curies":[{"name":"wp","href":"https:\/\/api.w.org\/{rel}","templated":true}]}}