{"id":1619,"date":"2025-06-18T12:12:46","date_gmt":"2025-06-18T16:12:46","guid":{"rendered":"https:\/\/wilsonsantosmt.com.br\/?p=1619"},"modified":"2025-06-18T12:12:52","modified_gmt":"2025-06-18T16:12:52","slug":"wilson-santos-rebate-denuncia-e-cobra-delacao-de-empresario-citado-em-suposto-esquema","status":"publish","type":"post","link":"https:\/\/wilsonsantosmt.com.br\/index.php\/2025\/06\/18\/wilson-santos-rebate-denuncia-e-cobra-delacao-de-empresario-citado-em-suposto-esquema\/","title":{"rendered":"Wilson Santos rebate den\u00fancia e cobra dela\u00e7\u00e3o de empres\u00e1rio citado em suposto esquema"},"content":{"rendered":"\n<p><\/p>\n\n\n\n<p>Ap\u00f3s a publica\u00e7\u00e3o de uma mat\u00e9ria em n\u00edvel nacional pelo Portal UOL, que cita nomes de pol\u00edticos de Mato Grosso por um suposto esquema envolvendo a execu\u00e7\u00e3o de emendas parlamentares em per\u00edodo eleitoral, o deputado estadual Wilson Santos (PSD) negou qualquer envolvimento com o caso. Durante sess\u00e3o plen\u00e1ria nesta quarta-feira (18), na Assembleia Legislativa, ele solicitou que o empres\u00e1rio Alessandro do Nascimento, conhecido por Sandro Tubar\u00e3o, formalize uma dela\u00e7\u00e3o junto \u00e0 Pol\u00edcia Judici\u00e1ria Civil de Mato Grosso (PJC) para elucidar os fatos, j\u00e1 que a reportagem compromete sua imagem e reputa\u00e7\u00e3o perante a sociedade mato-grossense.<\/p>\n\n\n\n<p>\u201cMeu nome apareceu no UOL como um dos 14 deputados envolvidos em uma emenda de bancada para aquisi\u00e7\u00e3o de kits da agricultura familiar, compostos por 17 itens agr\u00edcolas. A mat\u00e9ria, de alcance nacional, est\u00e1 causando preju\u00edzos \u00e0 minha imagem de homem p\u00fablico. A empresa respons\u00e1vel pela venda desses kits superfaturou R$ 10,2 milh\u00f5es. Trata-se de uma empresa de Cuiab\u00e1, de propriedade do senhor Alessandro Nascimento. Quero incentiv\u00e1-lo a realizar sua dela\u00e7\u00e3o \u00e0 Pol\u00edcia Civil e esclarecer se o deputado Wilson Santos tem ou n\u00e3o envolvimento com essa hist\u00f3ria. Doa a quem doer\u201d, declarou o parlamentar.<\/p>\n\n\n\n<p>Wilson Santos tamb\u00e9m esclareceu que, conforme determina a Constitui\u00e7\u00e3o do Estado de Mato Grosso, cabe aos 24 deputados estaduais a prerrogativa de destinar emendas ao or\u00e7amento estadual, beneficiando munic\u00edpios, distritos e diferentes \u00e1reas da administra\u00e7\u00e3o p\u00fablica. Ele enfatizou ainda que a execu\u00e7\u00e3o dessas emendas &#8211; incluindo o empenho, a liquida\u00e7\u00e3o e a compra de bens e servi\u00e7os &#8211; \u00e9 de responsabilidade das secretarias estaduais competentes.<\/p>\n\n\n\n<p>O deputado refor\u00e7ou que eventuais irregularidades devem ser investigadas pelos \u00f3rg\u00e3os de controle, para que os fatos sejam devidamente esclarecidos.<\/p>\n","protected":false},"excerpt":{"rendered":"<p>Ap\u00f3s a publica\u00e7\u00e3o de uma mat\u00e9ria em n\u00edvel nacional pelo Portal UOL, que cita nomes de pol\u00edticos de Mato Grosso por um suposto esquema envolvendo a execu\u00e7\u00e3o de emendas parlamentares em per\u00edodo eleitoral, o deputado estadual Wilson Santos (PSD) negou qualquer envolvimento com o caso. Durante sess\u00e3o plen\u00e1ria nesta quarta-feira (18), na Assembleia Legislativa, ele [&hellip;]<\/p>\n","protected":false},"author":4,"featured_media":1620,"comment_status":"closed","ping_status":"open","sticky":false,"template":"","format":"standard","meta":{"footnotes":""},"categories":[13],"tags":[],"yoast_head":"<!-- This site is optimized with the Yoast SEO Premium plugin v21.5 (Yoast SEO v21.4) - https:\/\/yoast.com\/wordpress\/plugins\/seo\/ -->\n<title>Wilson Santos rebate den\u00fancia e cobra dela\u00e7\u00e3o de empres\u00e1rio citado em suposto esquema - wilsonsantosmt.com.br<\/title>\n<meta name=\"robots\" content=\"index, follow, max-snippet:-1, max-image-preview:large, max-video-preview:-1\" \/>\n<link rel=\"canonical\" href=\"https:\/\/wilsonsantosmt.com.br\/index.php\/2025\/06\/18\/wilson-santos-rebate-denuncia-e-cobra-delacao-de-empresario-citado-em-suposto-esquema\/\" \/>\n<meta property=\"og:locale\" content=\"pt_BR\" \/>\n<meta property=\"og:type\" content=\"article\" \/>\n<meta property=\"og:title\" content=\"Wilson Santos rebate den\u00fancia e cobra dela\u00e7\u00e3o de empres\u00e1rio citado em suposto esquema\" \/>\n<meta property=\"og:description\" content=\"Ap\u00f3s a publica\u00e7\u00e3o de uma mat\u00e9ria em n\u00edvel nacional pelo Portal UOL, que cita nomes de pol\u00edticos de Mato Grosso por um suposto esquema envolvendo a execu\u00e7\u00e3o de emendas parlamentares em per\u00edodo eleitoral, o deputado estadual Wilson Santos (PSD) negou qualquer envolvimento com o caso. Durante sess\u00e3o plen\u00e1ria nesta quarta-feira (18), na Assembleia Legislativa, ele [&hellip;]\" \/>\n<meta property=\"og:url\" content=\"https:\/\/wilsonsantosmt.com.br\/index.php\/2025\/06\/18\/wilson-santos-rebate-denuncia-e-cobra-delacao-de-empresario-citado-em-suposto-esquema\/\" \/>\n<meta property=\"og:site_name\" content=\"wilsonsantosmt.com.br\" \/>\n<meta property=\"article:publisher\" content=\"https:\/\/www.facebook.com\/WilsonSantosMT\/\" \/>\n<meta property=\"article:published_time\" content=\"2025-06-18T16:12:46+00:00\" \/>\n<meta property=\"article:modified_time\" content=\"2025-06-18T16:12:52+00:00\" \/>\n<meta property=\"og:image\" content=\"http:\/\/wilsonsantosmt.com.br\/wp-content\/uploads\/2025\/06\/WhatsApp-Image-2025-06-18-at-12.04.22.jpeg\" \/>\n\t<meta property=\"og:image:width\" content=\"1280\" \/>\n\t<meta property=\"og:image:height\" content=\"853\" \/>\n\t<meta property=\"og:image:type\" content=\"image\/jpeg\" \/>\n<meta name=\"author\" content=\"Samantha dos Anjos\" \/>\n<meta name=\"twitter:card\" content=\"summary_large_image\" \/>\n<meta name=\"twitter:label1\" content=\"Escrito por\" \/>\n\t<meta name=\"twitter:data1\" content=\"Samantha dos Anjos\" \/>\n\t<meta name=\"twitter:label2\" content=\"Est. tempo de leitura\" \/>\n\t<meta name=\"twitter:data2\" content=\"2 minutos\" \/>\n<script type=\"application\/ld+json\" class=\"yoast-schema-graph\">{\"@context\":\"https:\/\/schema.org\",\"@graph\":[{\"@type\":\"Article\",\"@id\":\"https:\/\/wilsonsantosmt.com.br\/index.php\/2025\/06\/18\/wilson-santos-rebate-denuncia-e-cobra-delacao-de-empresario-citado-em-suposto-esquema\/#article\",\"isPartOf\":{\"@id\":\"https:\/\/wilsonsantosmt.com.br\/index.php\/2025\/06\/18\/wilson-santos-rebate-denuncia-e-cobra-delacao-de-empresario-citado-em-suposto-esquema\/\"},\"author\":{\"name\":\"Samantha dos Anjos\",\"@id\":\"https:\/\/wilsonsantosmt.com.br\/#\/schema\/person\/1d097ee45f526dd0455dbad8c679932c\"},\"headline\":\"Wilson Santos rebate den\u00fancia e cobra dela\u00e7\u00e3o de empres\u00e1rio citado em suposto esquema\",\"datePublished\":\"2025-06-18T16:12:46+00:00\",\"dateModified\":\"2025-06-18T16:12:52+00:00\",\"mainEntityOfPage\":{\"@id\":\"https:\/\/wilsonsantosmt.com.br\/index.php\/2025\/06\/18\/wilson-santos-rebate-denuncia-e-cobra-delacao-de-empresario-citado-em-suposto-esquema\/\"},\"wordCount\":320,\"publisher\":{\"@id\":\"https:\/\/wilsonsantosmt.com.br\/#\/schema\/person\/9de3c54961637a9eadb16bcbf895b1ef\"},\"articleSection\":[\"Not\u00edcias\"],\"inLanguage\":\"pt-BR\"},{\"@type\":\"WebPage\",\"@id\":\"https:\/\/wilsonsantosmt.com.br\/index.php\/2025\/06\/18\/wilson-santos-rebate-denuncia-e-cobra-delacao-de-empresario-citado-em-suposto-esquema\/\",\"url\":\"https:\/\/wilsonsantosmt.com.br\/index.php\/2025\/06\/18\/wilson-santos-rebate-denuncia-e-cobra-delacao-de-empresario-citado-em-suposto-esquema\/\",\"name\":\"Wilson Santos rebate den\u00fancia e cobra dela\u00e7\u00e3o de empres\u00e1rio citado em suposto esquema - wilsonsantosmt.com.br\",\"isPartOf\":{\"@id\":\"https:\/\/wilsonsantosmt.com.br\/#website\"},\"datePublished\":\"2025-06-18T16:12:46+00:00\",\"dateModified\":\"2025-06-18T16:12:52+00:00\",\"breadcrumb\":{\"@id\":\"https:\/\/wilsonsantosmt.com.br\/index.php\/2025\/06\/18\/wilson-santos-rebate-denuncia-e-cobra-delacao-de-empresario-citado-em-suposto-esquema\/#breadcrumb\"},\"inLanguage\":\"pt-BR\",\"potentialAction\":[{\"@type\":\"ReadAction\",\"target\":[\"https:\/\/wilsonsantosmt.com.br\/index.php\/2025\/06\/18\/wilson-santos-rebate-denuncia-e-cobra-delacao-de-empresario-citado-em-suposto-esquema\/\"]}]},{\"@type\":\"BreadcrumbList\",\"@id\":\"https:\/\/wilsonsantosmt.com.br\/index.php\/2025\/06\/18\/wilson-santos-rebate-denuncia-e-cobra-delacao-de-empresario-citado-em-suposto-esquema\/#breadcrumb\",\"itemListElement\":[{\"@type\":\"ListItem\",\"position\":1,\"name\":\"In\u00edcio\",\"item\":\"https:\/\/wilsonsantosmt.com.br\/\"},{\"@type\":\"ListItem\",\"position\":2,\"name\":\"Not\u00edcias\",\"item\":\"https:\/\/wilsonsantosmt.com.br\/index.php\/category\/noticias\/\"},{\"@type\":\"ListItem\",\"position\":3,\"name\":\"Wilson Santos rebate den\u00fancia e cobra dela\u00e7\u00e3o de empres\u00e1rio citado em suposto esquema\"}]},{\"@type\":\"WebSite\",\"@id\":\"https:\/\/wilsonsantosmt.com.br\/#website\",\"url\":\"https:\/\/wilsonsantosmt.com.br\/\",\"name\":\"wilsonsantosmt.com.br\",\"description\":\"\",\"publisher\":{\"@id\":\"https:\/\/wilsonsantosmt.com.br\/#\/schema\/person\/9de3c54961637a9eadb16bcbf895b1ef\"},\"potentialAction\":[{\"@type\":\"SearchAction\",\"target\":{\"@type\":\"EntryPoint\",\"urlTemplate\":\"https:\/\/wilsonsantosmt.com.br\/?s={search_term_string}\"},\"query-input\":\"required name=search_term_string\"}],\"inLanguage\":\"pt-BR\"},{\"@type\":[\"Person\",\"Organization\"],\"@id\":\"https:\/\/wilsonsantosmt.com.br\/#\/schema\/person\/9de3c54961637a9eadb16bcbf895b1ef\",\"name\":\"Wilson Santos\",\"image\":{\"@type\":\"ImageObject\",\"inLanguage\":\"pt-BR\",\"@id\":\"https:\/\/wilsonsantosmt.com.br\/#\/schema\/person\/image\/\",\"url\":\"https:\/\/wilsonsantosmt.com.br\/wp-content\/uploads\/2023\/11\/310828673_653254583023360_8795459643194608438_n.jpg\",\"contentUrl\":\"https:\/\/wilsonsantosmt.com.br\/wp-content\/uploads\/2023\/11\/310828673_653254583023360_8795459643194608438_n.jpg\",\"width\":1078,\"height\":1079,\"caption\":\"Wilson Santos\"},\"logo\":{\"@id\":\"https:\/\/wilsonsantosmt.com.br\/#\/schema\/person\/image\/\"},\"sameAs\":[\"http:\/\/wilsonsantosmt.com.br\",\"https:\/\/www.facebook.com\/WilsonSantosMT\/\",\"https:\/\/www.instagram.com\/wilsonsantosmt\/\",\"https:\/\/www.youtube.com\/@WilsonSantosWS\/videos\",\"https:\/\/pt.wikipedia.org\/wiki\/Wilson_Santos\"],\"honorificPrefix\":\"Sr\",\"gender\":\"masculino\",\"jobTitle\":\"Deputado Estadual\",\"worksFor\":\"Assembleia Legislativa de Mato Grosso\"},{\"@type\":\"Person\",\"@id\":\"https:\/\/wilsonsantosmt.com.br\/#\/schema\/person\/1d097ee45f526dd0455dbad8c679932c\",\"name\":\"Samantha dos Anjos\",\"image\":{\"@type\":\"ImageObject\",\"inLanguage\":\"pt-BR\",\"@id\":\"https:\/\/wilsonsantosmt.com.br\/#\/schema\/person\/image\/\",\"url\":\"https:\/\/secure.gravatar.com\/avatar\/7d8d0b6dd67d134a9fa841bee90c57c7?s=96&d=mm&r=g\",\"contentUrl\":\"https:\/\/secure.gravatar.com\/avatar\/7d8d0b6dd67d134a9fa841bee90c57c7?s=96&d=mm&r=g\",\"caption\":\"Samantha dos Anjos\"},\"url\":\"https:\/\/wilsonsantosmt.com.br\/index.php\/author\/samantha-dos-anjos\/\"}]}<\/script>\n<!-- \/ Yoast SEO Premium plugin. -->","yoast_head_json":{"title":"Wilson Santos rebate den\u00fancia e cobra dela\u00e7\u00e3o de empres\u00e1rio citado em suposto esquema - wilsonsantosmt.com.br","robots":{"index":"index","follow":"follow","max-snippet":"max-snippet:-1","max-image-preview":"max-image-preview:large","max-video-preview":"max-video-preview:-1"},"canonical":"https:\/\/wilsonsantosmt.com.br\/index.php\/2025\/06\/18\/wilson-santos-rebate-denuncia-e-cobra-delacao-de-empresario-citado-em-suposto-esquema\/","og_locale":"pt_BR","og_type":"article","og_title":"Wilson Santos rebate den\u00fancia e cobra dela\u00e7\u00e3o de empres\u00e1rio citado em suposto esquema","og_description":"Ap\u00f3s a publica\u00e7\u00e3o de uma mat\u00e9ria em n\u00edvel nacional pelo Portal UOL, que cita nomes de pol\u00edticos de Mato Grosso por um suposto esquema envolvendo a execu\u00e7\u00e3o de emendas parlamentares em per\u00edodo eleitoral, o deputado estadual Wilson Santos (PSD) negou qualquer envolvimento com o caso. Durante sess\u00e3o plen\u00e1ria nesta quarta-feira (18), na Assembleia Legislativa, ele [&hellip;]","og_url":"https:\/\/wilsonsantosmt.com.br\/index.php\/2025\/06\/18\/wilson-santos-rebate-denuncia-e-cobra-delacao-de-empresario-citado-em-suposto-esquema\/","og_site_name":"wilsonsantosmt.com.br","article_publisher":"https:\/\/www.facebook.com\/WilsonSantosMT\/","article_published_time":"2025-06-18T16:12:46+00:00","article_modified_time":"2025-06-18T16:12:52+00:00","og_image":[{"width":1280,"height":853,"url":"http:\/\/wilsonsantosmt.com.br\/wp-content\/uploads\/2025\/06\/WhatsApp-Image-2025-06-18-at-12.04.22.jpeg","type":"image\/jpeg"}],"author":"Samantha dos Anjos","twitter_card":"summary_large_image","twitter_misc":{"Escrito por":"Samantha dos Anjos","Est. tempo de leitura":"2 minutos"},"schema":{"@context":"https:\/\/schema.org","@graph":[{"@type":"Article","@id":"https:\/\/wilsonsantosmt.com.br\/index.php\/2025\/06\/18\/wilson-santos-rebate-denuncia-e-cobra-delacao-de-empresario-citado-em-suposto-esquema\/#article","isPartOf":{"@id":"https:\/\/wilsonsantosmt.com.br\/index.php\/2025\/06\/18\/wilson-santos-rebate-denuncia-e-cobra-delacao-de-empresario-citado-em-suposto-esquema\/"},"author":{"name":"Samantha dos Anjos","@id":"https:\/\/wilsonsantosmt.com.br\/#\/schema\/person\/1d097ee45f526dd0455dbad8c679932c"},"headline":"Wilson Santos rebate den\u00fancia e cobra dela\u00e7\u00e3o de empres\u00e1rio citado em suposto esquema","datePublished":"2025-06-18T16:12:46+00:00","dateModified":"2025-06-18T16:12:52+00:00","mainEntityOfPage":{"@id":"https:\/\/wilsonsantosmt.com.br\/index.php\/2025\/06\/18\/wilson-santos-rebate-denuncia-e-cobra-delacao-de-empresario-citado-em-suposto-esquema\/"},"wordCount":320,"publisher":{"@id":"https:\/\/wilsonsantosmt.com.br\/#\/schema\/person\/9de3c54961637a9eadb16bcbf895b1ef"},"articleSection":["Not\u00edcias"],"inLanguage":"pt-BR"},{"@type":"WebPage","@id":"https:\/\/wilsonsantosmt.com.br\/index.php\/2025\/06\/18\/wilson-santos-rebate-denuncia-e-cobra-delacao-de-empresario-citado-em-suposto-esquema\/","url":"https:\/\/wilsonsantosmt.com.br\/index.php\/2025\/06\/18\/wilson-santos-rebate-denuncia-e-cobra-delacao-de-empresario-citado-em-suposto-esquema\/","name":"Wilson Santos rebate den\u00fancia e cobra dela\u00e7\u00e3o de empres\u00e1rio citado em suposto esquema - wilsonsantosmt.com.br","isPartOf":{"@id":"https:\/\/wilsonsantosmt.com.br\/#website"},"datePublished":"2025-06-18T16:12:46+00:00","dateModified":"2025-06-18T16:12:52+00:00","breadcrumb":{"@id":"https:\/\/wilsonsantosmt.com.br\/index.php\/2025\/06\/18\/wilson-santos-rebate-denuncia-e-cobra-delacao-de-empresario-citado-em-suposto-esquema\/#breadcrumb"},"inLanguage":"pt-BR","potentialAction":[{"@type":"ReadAction","target":["https:\/\/wilsonsantosmt.com.br\/index.php\/2025\/06\/18\/wilson-santos-rebate-denuncia-e-cobra-delacao-de-empresario-citado-em-suposto-esquema\/"]}]},{"@type":"BreadcrumbList","@id":"https:\/\/wilsonsantosmt.com.br\/index.php\/2025\/06\/18\/wilson-santos-rebate-denuncia-e-cobra-delacao-de-empresario-citado-em-suposto-esquema\/#breadcrumb","itemListElement":[{"@type":"ListItem","position":1,"name":"In\u00edcio","item":"https:\/\/wilsonsantosmt.com.br\/"},{"@type":"ListItem","position":2,"name":"Not\u00edcias","item":"https:\/\/wilsonsantosmt.com.br\/index.php\/category\/noticias\/"},{"@type":"ListItem","position":3,"name":"Wilson Santos rebate den\u00fancia e cobra dela\u00e7\u00e3o de empres\u00e1rio citado em suposto esquema"}]},{"@type":"WebSite","@id":"https:\/\/wilsonsantosmt.com.br\/#website","url":"https:\/\/wilsonsantosmt.com.br\/","name":"wilsonsantosmt.com.br","description":"","publisher":{"@id":"https:\/\/wilsonsantosmt.com.br\/#\/schema\/person\/9de3c54961637a9eadb16bcbf895b1ef"},"potentialAction":[{"@type":"SearchAction","target":{"@type":"EntryPoint","urlTemplate":"https:\/\/wilsonsantosmt.com.br\/?s={search_term_string}"},"query-input":"required name=search_term_string"}],"inLanguage":"pt-BR"},{"@type":["Person","Organization"],"@id":"https:\/\/wilsonsantosmt.com.br\/#\/schema\/person\/9de3c54961637a9eadb16bcbf895b1ef","name":"Wilson Santos","image":{"@type":"ImageObject","inLanguage":"pt-BR","@id":"https:\/\/wilsonsantosmt.com.br\/#\/schema\/person\/image\/","url":"https:\/\/wilsonsantosmt.com.br\/wp-content\/uploads\/2023\/11\/310828673_653254583023360_8795459643194608438_n.jpg","contentUrl":"https:\/\/wilsonsantosmt.com.br\/wp-content\/uploads\/2023\/11\/310828673_653254583023360_8795459643194608438_n.jpg","width":1078,"height":1079,"caption":"Wilson Santos"},"logo":{"@id":"https:\/\/wilsonsantosmt.com.br\/#\/schema\/person\/image\/"},"sameAs":["http:\/\/wilsonsantosmt.com.br","https:\/\/www.facebook.com\/WilsonSantosMT\/","https:\/\/www.instagram.com\/wilsonsantosmt\/","https:\/\/www.youtube.com\/@WilsonSantosWS\/videos","https:\/\/pt.wikipedia.org\/wiki\/Wilson_Santos"],"honorificPrefix":"Sr","gender":"masculino","jobTitle":"Deputado Estadual","worksFor":"Assembleia Legislativa de Mato Grosso"},{"@type":"Person","@id":"https:\/\/wilsonsantosmt.com.br\/#\/schema\/person\/1d097ee45f526dd0455dbad8c679932c","name":"Samantha dos Anjos","image":{"@type":"ImageObject","inLanguage":"pt-BR","@id":"https:\/\/wilsonsantosmt.com.br\/#\/schema\/person\/image\/","url":"https:\/\/secure.gravatar.com\/avatar\/7d8d0b6dd67d134a9fa841bee90c57c7?s=96&d=mm&r=g","contentUrl":"https:\/\/secure.gravatar.com\/avatar\/7d8d0b6dd67d134a9fa841bee90c57c7?s=96&d=mm&r=g","caption":"Samantha dos Anjos"},"url":"https:\/\/wilsonsantosmt.com.br\/index.php\/author\/samantha-dos-anjos\/"}]}},"_links":{"self":[{"href":"https:\/\/wilsonsantosmt.com.br\/index.php\/wp-json\/wp\/v2\/posts\/1619"}],"collection":[{"href":"https:\/\/wilsonsantosmt.com.br\/index.php\/wp-json\/wp\/v2\/posts"}],"about":[{"href":"https:\/\/wilsonsantosmt.com.br\/index.php\/wp-json\/wp\/v2\/types\/post"}],"author":[{"embeddable":true,"href":"https:\/\/wilsonsantosmt.com.br\/index.php\/wp-json\/wp\/v2\/users\/4"}],"replies":[{"embeddable":true,"href":"https:\/\/wilsonsantosmt.com.br\/index.php\/wp-json\/wp\/v2\/comments?post=1619"}],"version-history":[{"count":1,"href":"https:\/\/wilsonsantosmt.com.br\/index.php\/wp-json\/wp\/v2\/posts\/1619\/revisions"}],"predecessor-version":[{"id":1621,"href":"https:\/\/wilsonsantosmt.com.br\/index.php\/wp-json\/wp\/v2\/posts\/1619\/revisions\/1621"}],"wp:featuredmedia":[{"embeddable":true,"href":"https:\/\/wilsonsantosmt.com.br\/index.php\/wp-json\/wp\/v2\/media\/1620"}],"wp:attachment":[{"href":"https:\/\/wilsonsantosmt.com.br\/index.php\/wp-json\/wp\/v2\/media?parent=1619"}],"wp:term":[{"taxonomy":"category","embeddable":true,"href":"https:\/\/wilsonsantosmt.com.br\/index.php\/wp-json\/wp\/v2\/categories?post=1619"},{"taxonomy":"post_tag","embeddable":true,"href":"https:\/\/wilsonsantosmt.com.br\/index.php\/wp-json\/wp\/v2\/tags?post=1619"}],"curies":[{"name":"wp","href":"https:\/\/api.w.org\/{rel}","templated":true}]}}