{"id":1625,"date":"2025-06-17T11:37:00","date_gmt":"2025-06-17T15:37:00","guid":{"rendered":"https:\/\/wilsonsantosmt.com.br\/?p=1625"},"modified":"2025-06-18T12:39:21","modified_gmt":"2025-06-18T16:39:21","slug":"wilson-santos-homenageia-125-anos-e-compromisso-com-santo-antonio-de-leverger","status":"publish","type":"post","link":"https:\/\/wilsonsantosmt.com.br\/index.php\/2025\/06\/17\/wilson-santos-homenageia-125-anos-e-compromisso-com-santo-antonio-de-leverger\/","title":{"rendered":"Wilson Santos homenageia 125 anos e compromisso com Santo Ant\u00f4nio de Leverger"},"content":{"rendered":"\n<p><\/p>\n\n\n\n<p>Desde que ingressou na vida p\u00fablica, o deputado estadual Wilson Santos (PSD) mant\u00e9m forte atua\u00e7\u00e3o em Santo Ant\u00f4nio de Leverger. Em sua trajet\u00f3ria politica, destinou importantes recursos para a educa\u00e7\u00e3o, sa\u00fade, infraestrutura, agricultura familiar, cultura e esporte. Na comemora\u00e7\u00e3o aos 125 anos do munic\u00edpio, ele fez quest\u00e3o de participar da sess\u00e3o solene realizada na \u00faltima sexta-feira (13), na C\u00e2mara Municipal de Vereadores, em reconhecimento \u00e0s personalidades que contribu\u00edram com o desenvolvimento social e econ\u00f4mico da regi\u00e3o.<\/p>\n\n\n\n<p>O parlamentar relembrou que h\u00e1 quase quatro d\u00e9cadas, mant\u00e9m presen\u00e7a constante no munic\u00edpio, per\u00edodo no qual acompanhou importantes avan\u00e7os, como a chegada da energia el\u00e9trica, da internet e do asfalto \u2013 especialmente na zona rural \u2013 que garantiu mais qualidade de vida dos moradores. \u201cTemos uma forte rela\u00e7\u00e3o com o povo de Santo Ant\u00f4nio de Leverger, que tem muita hist\u00f3ria. Sou defensor de um ICMS mais justo, que desconcentre recursos dos grandes centros e valorize munic\u00edpios que enfrentam o esvaziamento econ\u00f4mico h\u00e1 muito tempo\u201d, destacou.<\/p>\n\n\n\n<p>Durante a solenidade, presidida pelo vereador Rafael Lima (PSB), diversas autoridades pol\u00edticas locais celebraram a entrega dos 57 km de asfalto entre os trechos da MT-361 e MT-468, que beneficiam 17 comunidades rurais da regi\u00e3o de Agrovila das Palmeiras. A obra, concretizada no dia 31 de maio, \u00e9 fruto da articula\u00e7\u00e3o de Wilson Santos junto ao Governo do Estado, por meio da Secretaria de Infraestrutura e Log\u00edstica (Sinfra), e atende a uma demanda aguardada h\u00e1 mais de 30 anos pela popula\u00e7\u00e3o.<\/p>\n\n\n\n<p>O deputado tamb\u00e9m ressaltou outras a\u00e7\u00f5es realizadas para o munic\u00edpio, como a regulariza\u00e7\u00e3o fundi\u00e1ria rural, em parceria com o Instituto Nacional de Coloniza\u00e7\u00e3o e Reforma Agr\u00e1ria (Incra), que contemplou comunidades como Pontal, Santana do Taquaral e Serrana. Destacou ainda o apoio da Energisa, que levou rede el\u00e9trica, ilumina\u00e7\u00e3o p\u00fablica e acesso \u00e0 internet para diversas fam\u00edlias. Al\u00e9m disso, foram destinados mais de R$ 1 milh\u00e3o em emendas parlamentares para perfura\u00e7\u00e3o de po\u00e7os artesianos, em parceria com a Funasa e a Companhia Matogrossense de Minera\u00e7\u00e3o (Metamat).<\/p>\n\n\n\n<p>Durante o seu discurso, Wilson compartilhou uma curiosidade hist\u00f3rica sobre o deputado com mais mandatos na hist\u00f3ria da Assembleia Legislativa de Mato Grosso, ao longo de seus 190 anos, foi um santo-antoniense Francisco Pinto de Oliveira, que exerceu 12 mandatos entre 1900 e 1936. \u201cEle era tio-av\u00f4 do saudoso governador Dante de Oliveira e o primeiro da fam\u00edlia a ingressar na pol\u00edtica. Ele saiu das barrancas do rio Cuiab\u00e1, em S\u00e3o Louren\u00e7o. Hoje, o Sal\u00e3o Negro da Casa de Leis leva o seu nome. Francisco foi presidente da Assembleia por quatro vezes\u201d, lembrou.<\/p>\n\n\n\n<p>Wilson Santos tamb\u00e9m defendeu a inclus\u00e3o de Santo Ant\u00f4nio de Leverger no tra\u00e7ado da ferrovia em Mato Grosso. Segundo ele, a medida descentralizaria investimentos dos grandes centros e estimularia o desenvolvimento de munic\u00edpios historicamente esquecidos. \u201cLeverger h\u00e1 d\u00e9cadas assiste ao tr\u00e1fego intenso de carretas que apenas passam pelo munic\u00edpio, sem deixar benef\u00edcios. \u00c9 preciso um modelo de desenvolvimento mais justo e equilibrado, especialmente para cidades com mais de 300 anos de hist\u00f3ria, como Cuiab\u00e1, Vila Bela da Sant\u00edssima Trindade e Santo Ant\u00f4nio de Leverger\u201d, finalizou.<\/p>\n","protected":false},"excerpt":{"rendered":"<p>Desde que ingressou na vida p\u00fablica, o deputado estadual Wilson Santos (PSD) mant\u00e9m forte atua\u00e7\u00e3o em Santo Ant\u00f4nio de Leverger. Em sua trajet\u00f3ria politica, destinou importantes recursos para a educa\u00e7\u00e3o, sa\u00fade, infraestrutura, agricultura familiar, cultura e esporte. Na comemora\u00e7\u00e3o aos 125 anos do munic\u00edpio, ele fez quest\u00e3o de participar da sess\u00e3o solene realizada na \u00faltima [&hellip;]<\/p>\n","protected":false},"author":4,"featured_media":1626,"comment_status":"closed","ping_status":"open","sticky":false,"template":"","format":"standard","meta":{"footnotes":""},"categories":[13],"tags":[],"yoast_head":"<!-- This site is optimized with the Yoast SEO Premium plugin v21.5 (Yoast SEO v21.4) - https:\/\/yoast.com\/wordpress\/plugins\/seo\/ -->\n<title>Wilson Santos homenageia 125 anos e compromisso com Santo Ant\u00f4nio de Leverger - wilsonsantosmt.com.br<\/title>\n<meta name=\"robots\" content=\"index, follow, max-snippet:-1, max-image-preview:large, max-video-preview:-1\" \/>\n<link rel=\"canonical\" href=\"https:\/\/wilsonsantosmt.com.br\/index.php\/2025\/06\/17\/wilson-santos-homenageia-125-anos-e-compromisso-com-santo-antonio-de-leverger\/\" \/>\n<meta property=\"og:locale\" content=\"pt_BR\" \/>\n<meta property=\"og:type\" content=\"article\" \/>\n<meta property=\"og:title\" content=\"Wilson Santos homenageia 125 anos e compromisso com Santo Ant\u00f4nio de Leverger\" \/>\n<meta property=\"og:description\" content=\"Desde que ingressou na vida p\u00fablica, o deputado estadual Wilson Santos (PSD) mant\u00e9m forte atua\u00e7\u00e3o em Santo Ant\u00f4nio de Leverger. Em sua trajet\u00f3ria politica, destinou importantes recursos para a educa\u00e7\u00e3o, sa\u00fade, infraestrutura, agricultura familiar, cultura e esporte. Na comemora\u00e7\u00e3o aos 125 anos do munic\u00edpio, ele fez quest\u00e3o de participar da sess\u00e3o solene realizada na \u00faltima [&hellip;]\" \/>\n<meta property=\"og:url\" content=\"https:\/\/wilsonsantosmt.com.br\/index.php\/2025\/06\/17\/wilson-santos-homenageia-125-anos-e-compromisso-com-santo-antonio-de-leverger\/\" \/>\n<meta property=\"og:site_name\" content=\"wilsonsantosmt.com.br\" \/>\n<meta property=\"article:publisher\" content=\"https:\/\/www.facebook.com\/WilsonSantosMT\/\" \/>\n<meta property=\"article:published_time\" content=\"2025-06-17T15:37:00+00:00\" \/>\n<meta property=\"article:modified_time\" content=\"2025-06-18T16:39:21+00:00\" \/>\n<meta property=\"og:image\" content=\"http:\/\/wilsonsantosmt.com.br\/wp-content\/uploads\/2025\/06\/WhatsApp-Image-2025-06-16-at-16.36.54-scaled.jpeg\" \/>\n\t<meta property=\"og:image:width\" content=\"2560\" \/>\n\t<meta property=\"og:image:height\" content=\"1440\" \/>\n\t<meta property=\"og:image:type\" content=\"image\/jpeg\" \/>\n<meta name=\"author\" content=\"Samantha dos Anjos\" \/>\n<meta name=\"twitter:card\" content=\"summary_large_image\" \/>\n<meta name=\"twitter:label1\" content=\"Escrito por\" \/>\n\t<meta name=\"twitter:data1\" content=\"Samantha dos Anjos\" \/>\n\t<meta name=\"twitter:label2\" content=\"Est. tempo de leitura\" \/>\n\t<meta name=\"twitter:data2\" content=\"3 minutos\" \/>\n<script type=\"application\/ld+json\" class=\"yoast-schema-graph\">{\"@context\":\"https:\/\/schema.org\",\"@graph\":[{\"@type\":\"Article\",\"@id\":\"https:\/\/wilsonsantosmt.com.br\/index.php\/2025\/06\/17\/wilson-santos-homenageia-125-anos-e-compromisso-com-santo-antonio-de-leverger\/#article\",\"isPartOf\":{\"@id\":\"https:\/\/wilsonsantosmt.com.br\/index.php\/2025\/06\/17\/wilson-santos-homenageia-125-anos-e-compromisso-com-santo-antonio-de-leverger\/\"},\"author\":{\"name\":\"Samantha dos Anjos\",\"@id\":\"https:\/\/wilsonsantosmt.com.br\/#\/schema\/person\/1d097ee45f526dd0455dbad8c679932c\"},\"headline\":\"Wilson Santos homenageia 125 anos e compromisso com Santo Ant\u00f4nio de Leverger\",\"datePublished\":\"2025-06-17T15:37:00+00:00\",\"dateModified\":\"2025-06-18T16:39:21+00:00\",\"mainEntityOfPage\":{\"@id\":\"https:\/\/wilsonsantosmt.com.br\/index.php\/2025\/06\/17\/wilson-santos-homenageia-125-anos-e-compromisso-com-santo-antonio-de-leverger\/\"},\"wordCount\":567,\"publisher\":{\"@id\":\"https:\/\/wilsonsantosmt.com.br\/#\/schema\/person\/9de3c54961637a9eadb16bcbf895b1ef\"},\"articleSection\":[\"Not\u00edcias\"],\"inLanguage\":\"pt-BR\"},{\"@type\":\"WebPage\",\"@id\":\"https:\/\/wilsonsantosmt.com.br\/index.php\/2025\/06\/17\/wilson-santos-homenageia-125-anos-e-compromisso-com-santo-antonio-de-leverger\/\",\"url\":\"https:\/\/wilsonsantosmt.com.br\/index.php\/2025\/06\/17\/wilson-santos-homenageia-125-anos-e-compromisso-com-santo-antonio-de-leverger\/\",\"name\":\"Wilson Santos homenageia 125 anos e compromisso com Santo Ant\u00f4nio de Leverger - wilsonsantosmt.com.br\",\"isPartOf\":{\"@id\":\"https:\/\/wilsonsantosmt.com.br\/#website\"},\"datePublished\":\"2025-06-17T15:37:00+00:00\",\"dateModified\":\"2025-06-18T16:39:21+00:00\",\"breadcrumb\":{\"@id\":\"https:\/\/wilsonsantosmt.com.br\/index.php\/2025\/06\/17\/wilson-santos-homenageia-125-anos-e-compromisso-com-santo-antonio-de-leverger\/#breadcrumb\"},\"inLanguage\":\"pt-BR\",\"potentialAction\":[{\"@type\":\"ReadAction\",\"target\":[\"https:\/\/wilsonsantosmt.com.br\/index.php\/2025\/06\/17\/wilson-santos-homenageia-125-anos-e-compromisso-com-santo-antonio-de-leverger\/\"]}]},{\"@type\":\"BreadcrumbList\",\"@id\":\"https:\/\/wilsonsantosmt.com.br\/index.php\/2025\/06\/17\/wilson-santos-homenageia-125-anos-e-compromisso-com-santo-antonio-de-leverger\/#breadcrumb\",\"itemListElement\":[{\"@type\":\"ListItem\",\"position\":1,\"name\":\"In\u00edcio\",\"item\":\"https:\/\/wilsonsantosmt.com.br\/\"},{\"@type\":\"ListItem\",\"position\":2,\"name\":\"Not\u00edcias\",\"item\":\"https:\/\/wilsonsantosmt.com.br\/index.php\/category\/noticias\/\"},{\"@type\":\"ListItem\",\"position\":3,\"name\":\"Wilson Santos homenageia 125 anos e compromisso com Santo Ant\u00f4nio de Leverger\"}]},{\"@type\":\"WebSite\",\"@id\":\"https:\/\/wilsonsantosmt.com.br\/#website\",\"url\":\"https:\/\/wilsonsantosmt.com.br\/\",\"name\":\"wilsonsantosmt.com.br\",\"description\":\"\",\"publisher\":{\"@id\":\"https:\/\/wilsonsantosmt.com.br\/#\/schema\/person\/9de3c54961637a9eadb16bcbf895b1ef\"},\"potentialAction\":[{\"@type\":\"SearchAction\",\"target\":{\"@type\":\"EntryPoint\",\"urlTemplate\":\"https:\/\/wilsonsantosmt.com.br\/?s={search_term_string}\"},\"query-input\":\"required name=search_term_string\"}],\"inLanguage\":\"pt-BR\"},{\"@type\":[\"Person\",\"Organization\"],\"@id\":\"https:\/\/wilsonsantosmt.com.br\/#\/schema\/person\/9de3c54961637a9eadb16bcbf895b1ef\",\"name\":\"Wilson Santos\",\"image\":{\"@type\":\"ImageObject\",\"inLanguage\":\"pt-BR\",\"@id\":\"https:\/\/wilsonsantosmt.com.br\/#\/schema\/person\/image\/\",\"url\":\"https:\/\/wilsonsantosmt.com.br\/wp-content\/uploads\/2023\/11\/310828673_653254583023360_8795459643194608438_n.jpg\",\"contentUrl\":\"https:\/\/wilsonsantosmt.com.br\/wp-content\/uploads\/2023\/11\/310828673_653254583023360_8795459643194608438_n.jpg\",\"width\":1078,\"height\":1079,\"caption\":\"Wilson Santos\"},\"logo\":{\"@id\":\"https:\/\/wilsonsantosmt.com.br\/#\/schema\/person\/image\/\"},\"sameAs\":[\"http:\/\/wilsonsantosmt.com.br\",\"https:\/\/www.facebook.com\/WilsonSantosMT\/\",\"https:\/\/www.instagram.com\/wilsonsantosmt\/\",\"https:\/\/www.youtube.com\/@WilsonSantosWS\/videos\",\"https:\/\/pt.wikipedia.org\/wiki\/Wilson_Santos\"],\"honorificPrefix\":\"Sr\",\"gender\":\"masculino\",\"jobTitle\":\"Deputado Estadual\",\"worksFor\":\"Assembleia Legislativa de Mato Grosso\"},{\"@type\":\"Person\",\"@id\":\"https:\/\/wilsonsantosmt.com.br\/#\/schema\/person\/1d097ee45f526dd0455dbad8c679932c\",\"name\":\"Samantha dos Anjos\",\"image\":{\"@type\":\"ImageObject\",\"inLanguage\":\"pt-BR\",\"@id\":\"https:\/\/wilsonsantosmt.com.br\/#\/schema\/person\/image\/\",\"url\":\"https:\/\/secure.gravatar.com\/avatar\/7d8d0b6dd67d134a9fa841bee90c57c7?s=96&d=mm&r=g\",\"contentUrl\":\"https:\/\/secure.gravatar.com\/avatar\/7d8d0b6dd67d134a9fa841bee90c57c7?s=96&d=mm&r=g\",\"caption\":\"Samantha dos Anjos\"},\"url\":\"https:\/\/wilsonsantosmt.com.br\/index.php\/author\/samantha-dos-anjos\/\"}]}<\/script>\n<!-- \/ Yoast SEO Premium plugin. -->","yoast_head_json":{"title":"Wilson Santos homenageia 125 anos e compromisso com Santo Ant\u00f4nio de Leverger - wilsonsantosmt.com.br","robots":{"index":"index","follow":"follow","max-snippet":"max-snippet:-1","max-image-preview":"max-image-preview:large","max-video-preview":"max-video-preview:-1"},"canonical":"https:\/\/wilsonsantosmt.com.br\/index.php\/2025\/06\/17\/wilson-santos-homenageia-125-anos-e-compromisso-com-santo-antonio-de-leverger\/","og_locale":"pt_BR","og_type":"article","og_title":"Wilson Santos homenageia 125 anos e compromisso com Santo Ant\u00f4nio de Leverger","og_description":"Desde que ingressou na vida p\u00fablica, o deputado estadual Wilson Santos (PSD) mant\u00e9m forte atua\u00e7\u00e3o em Santo Ant\u00f4nio de Leverger. Em sua trajet\u00f3ria politica, destinou importantes recursos para a educa\u00e7\u00e3o, sa\u00fade, infraestrutura, agricultura familiar, cultura e esporte. Na comemora\u00e7\u00e3o aos 125 anos do munic\u00edpio, ele fez quest\u00e3o de participar da sess\u00e3o solene realizada na \u00faltima [&hellip;]","og_url":"https:\/\/wilsonsantosmt.com.br\/index.php\/2025\/06\/17\/wilson-santos-homenageia-125-anos-e-compromisso-com-santo-antonio-de-leverger\/","og_site_name":"wilsonsantosmt.com.br","article_publisher":"https:\/\/www.facebook.com\/WilsonSantosMT\/","article_published_time":"2025-06-17T15:37:00+00:00","article_modified_time":"2025-06-18T16:39:21+00:00","og_image":[{"width":2560,"height":1440,"url":"http:\/\/wilsonsantosmt.com.br\/wp-content\/uploads\/2025\/06\/WhatsApp-Image-2025-06-16-at-16.36.54-scaled.jpeg","type":"image\/jpeg"}],"author":"Samantha dos Anjos","twitter_card":"summary_large_image","twitter_misc":{"Escrito por":"Samantha dos Anjos","Est. tempo de leitura":"3 minutos"},"schema":{"@context":"https:\/\/schema.org","@graph":[{"@type":"Article","@id":"https:\/\/wilsonsantosmt.com.br\/index.php\/2025\/06\/17\/wilson-santos-homenageia-125-anos-e-compromisso-com-santo-antonio-de-leverger\/#article","isPartOf":{"@id":"https:\/\/wilsonsantosmt.com.br\/index.php\/2025\/06\/17\/wilson-santos-homenageia-125-anos-e-compromisso-com-santo-antonio-de-leverger\/"},"author":{"name":"Samantha dos Anjos","@id":"https:\/\/wilsonsantosmt.com.br\/#\/schema\/person\/1d097ee45f526dd0455dbad8c679932c"},"headline":"Wilson Santos homenageia 125 anos e compromisso com Santo Ant\u00f4nio de Leverger","datePublished":"2025-06-17T15:37:00+00:00","dateModified":"2025-06-18T16:39:21+00:00","mainEntityOfPage":{"@id":"https:\/\/wilsonsantosmt.com.br\/index.php\/2025\/06\/17\/wilson-santos-homenageia-125-anos-e-compromisso-com-santo-antonio-de-leverger\/"},"wordCount":567,"publisher":{"@id":"https:\/\/wilsonsantosmt.com.br\/#\/schema\/person\/9de3c54961637a9eadb16bcbf895b1ef"},"articleSection":["Not\u00edcias"],"inLanguage":"pt-BR"},{"@type":"WebPage","@id":"https:\/\/wilsonsantosmt.com.br\/index.php\/2025\/06\/17\/wilson-santos-homenageia-125-anos-e-compromisso-com-santo-antonio-de-leverger\/","url":"https:\/\/wilsonsantosmt.com.br\/index.php\/2025\/06\/17\/wilson-santos-homenageia-125-anos-e-compromisso-com-santo-antonio-de-leverger\/","name":"Wilson Santos homenageia 125 anos e compromisso com Santo Ant\u00f4nio de Leverger - wilsonsantosmt.com.br","isPartOf":{"@id":"https:\/\/wilsonsantosmt.com.br\/#website"},"datePublished":"2025-06-17T15:37:00+00:00","dateModified":"2025-06-18T16:39:21+00:00","breadcrumb":{"@id":"https:\/\/wilsonsantosmt.com.br\/index.php\/2025\/06\/17\/wilson-santos-homenageia-125-anos-e-compromisso-com-santo-antonio-de-leverger\/#breadcrumb"},"inLanguage":"pt-BR","potentialAction":[{"@type":"ReadAction","target":["https:\/\/wilsonsantosmt.com.br\/index.php\/2025\/06\/17\/wilson-santos-homenageia-125-anos-e-compromisso-com-santo-antonio-de-leverger\/"]}]},{"@type":"BreadcrumbList","@id":"https:\/\/wilsonsantosmt.com.br\/index.php\/2025\/06\/17\/wilson-santos-homenageia-125-anos-e-compromisso-com-santo-antonio-de-leverger\/#breadcrumb","itemListElement":[{"@type":"ListItem","position":1,"name":"In\u00edcio","item":"https:\/\/wilsonsantosmt.com.br\/"},{"@type":"ListItem","position":2,"name":"Not\u00edcias","item":"https:\/\/wilsonsantosmt.com.br\/index.php\/category\/noticias\/"},{"@type":"ListItem","position":3,"name":"Wilson Santos homenageia 125 anos e compromisso com Santo Ant\u00f4nio de Leverger"}]},{"@type":"WebSite","@id":"https:\/\/wilsonsantosmt.com.br\/#website","url":"https:\/\/wilsonsantosmt.com.br\/","name":"wilsonsantosmt.com.br","description":"","publisher":{"@id":"https:\/\/wilsonsantosmt.com.br\/#\/schema\/person\/9de3c54961637a9eadb16bcbf895b1ef"},"potentialAction":[{"@type":"SearchAction","target":{"@type":"EntryPoint","urlTemplate":"https:\/\/wilsonsantosmt.com.br\/?s={search_term_string}"},"query-input":"required name=search_term_string"}],"inLanguage":"pt-BR"},{"@type":["Person","Organization"],"@id":"https:\/\/wilsonsantosmt.com.br\/#\/schema\/person\/9de3c54961637a9eadb16bcbf895b1ef","name":"Wilson Santos","image":{"@type":"ImageObject","inLanguage":"pt-BR","@id":"https:\/\/wilsonsantosmt.com.br\/#\/schema\/person\/image\/","url":"https:\/\/wilsonsantosmt.com.br\/wp-content\/uploads\/2023\/11\/310828673_653254583023360_8795459643194608438_n.jpg","contentUrl":"https:\/\/wilsonsantosmt.com.br\/wp-content\/uploads\/2023\/11\/310828673_653254583023360_8795459643194608438_n.jpg","width":1078,"height":1079,"caption":"Wilson Santos"},"logo":{"@id":"https:\/\/wilsonsantosmt.com.br\/#\/schema\/person\/image\/"},"sameAs":["http:\/\/wilsonsantosmt.com.br","https:\/\/www.facebook.com\/WilsonSantosMT\/","https:\/\/www.instagram.com\/wilsonsantosmt\/","https:\/\/www.youtube.com\/@WilsonSantosWS\/videos","https:\/\/pt.wikipedia.org\/wiki\/Wilson_Santos"],"honorificPrefix":"Sr","gender":"masculino","jobTitle":"Deputado Estadual","worksFor":"Assembleia Legislativa de Mato Grosso"},{"@type":"Person","@id":"https:\/\/wilsonsantosmt.com.br\/#\/schema\/person\/1d097ee45f526dd0455dbad8c679932c","name":"Samantha dos Anjos","image":{"@type":"ImageObject","inLanguage":"pt-BR","@id":"https:\/\/wilsonsantosmt.com.br\/#\/schema\/person\/image\/","url":"https:\/\/secure.gravatar.com\/avatar\/7d8d0b6dd67d134a9fa841bee90c57c7?s=96&d=mm&r=g","contentUrl":"https:\/\/secure.gravatar.com\/avatar\/7d8d0b6dd67d134a9fa841bee90c57c7?s=96&d=mm&r=g","caption":"Samantha dos Anjos"},"url":"https:\/\/wilsonsantosmt.com.br\/index.php\/author\/samantha-dos-anjos\/"}]}},"_links":{"self":[{"href":"https:\/\/wilsonsantosmt.com.br\/index.php\/wp-json\/wp\/v2\/posts\/1625"}],"collection":[{"href":"https:\/\/wilsonsantosmt.com.br\/index.php\/wp-json\/wp\/v2\/posts"}],"about":[{"href":"https:\/\/wilsonsantosmt.com.br\/index.php\/wp-json\/wp\/v2\/types\/post"}],"author":[{"embeddable":true,"href":"https:\/\/wilsonsantosmt.com.br\/index.php\/wp-json\/wp\/v2\/users\/4"}],"replies":[{"embeddable":true,"href":"https:\/\/wilsonsantosmt.com.br\/index.php\/wp-json\/wp\/v2\/comments?post=1625"}],"version-history":[{"count":1,"href":"https:\/\/wilsonsantosmt.com.br\/index.php\/wp-json\/wp\/v2\/posts\/1625\/revisions"}],"predecessor-version":[{"id":1627,"href":"https:\/\/wilsonsantosmt.com.br\/index.php\/wp-json\/wp\/v2\/posts\/1625\/revisions\/1627"}],"wp:featuredmedia":[{"embeddable":true,"href":"https:\/\/wilsonsantosmt.com.br\/index.php\/wp-json\/wp\/v2\/media\/1626"}],"wp:attachment":[{"href":"https:\/\/wilsonsantosmt.com.br\/index.php\/wp-json\/wp\/v2\/media?parent=1625"}],"wp:term":[{"taxonomy":"category","embeddable":true,"href":"https:\/\/wilsonsantosmt.com.br\/index.php\/wp-json\/wp\/v2\/categories?post=1625"},{"taxonomy":"post_tag","embeddable":true,"href":"https:\/\/wilsonsantosmt.com.br\/index.php\/wp-json\/wp\/v2\/tags?post=1625"}],"curies":[{"name":"wp","href":"https:\/\/api.w.org\/{rel}","templated":true}]}}