{"id":1634,"date":"2025-06-18T13:21:00","date_gmt":"2025-06-18T17:21:00","guid":{"rendered":"https:\/\/wilsonsantosmt.com.br\/?p=1634"},"modified":"2025-06-18T13:21:03","modified_gmt":"2025-06-18T17:21:03","slug":"wilson-santos-e-favaro-entregam-implementos-agricolas-para-fortalecer-a-producao-e-reduzir-desigualdades-no-campo","status":"publish","type":"post","link":"https:\/\/wilsonsantosmt.com.br\/index.php\/2025\/06\/18\/wilson-santos-e-favaro-entregam-implementos-agricolas-para-fortalecer-a-producao-e-reduzir-desigualdades-no-campo\/","title":{"rendered":"Wilson Santos e F\u00e1varo entregam implementos agr\u00edcolas para fortalecer a produ\u00e7\u00e3o e reduzir desigualdades no campo"},"content":{"rendered":"\n<p><\/p>\n\n\n\n<p>O ministro da Agricultura e Pecu\u00e1ria (Mapa), Carlos F\u00e1varo, e o deputado estadual Wilson Santos (PSD) realizaram, no \u00faltimo s\u00e1bado (14), a entrega de m\u00e1quinas, implementos e equipamentos agr\u00edcolas por meio do Programa Nacional de Moderniza\u00e7\u00e3o e Apoio \u00e0 Produ\u00e7\u00e3o Agr\u00edcola (PROMAQ) do Governo Federal. A solenidade ocorreu no assentamento Dorcelina Folador, em V\u00e1rzea Grande, e beneficiou os munic\u00edpios de Acorizal, Gl\u00f3ria D&#8217;Oeste, Pontal do Araguaia, Poxor\u00e9u e Santa Rita do Trivelato.<\/p>\n\n\n\n<p>\u201cN\u00f3s temos um grande objetivo que \u00e9 equipar o campo para o cultivo da terra. As m\u00e1quinas e equipamentos tamb\u00e9m podem ser utilizados para melhorar as estradas vicinais, substituir pontes de madeira, entre outras a\u00e7\u00f5es. Nosso prop\u00f3sito \u00e9 fortalecer a parceria do governo federal com estados, munic\u00edpios e a popula\u00e7\u00e3o. Al\u00e9m dos equipamentos, levaremos tecnologia e capacita\u00e7\u00e3o aos parceiros. A agricultura familiar n\u00e3o se resume \u00e0 entrega de m\u00e1quinas &#8211; ela envolve uma estrutura completa para reduzir as desigualdades no campo. Preparar o solo \u00e9 um passo essencial para garantir o plantio\u201d, destacou o ministro F\u00e1varo.<\/p>\n\n\n\n<p>Wilson Santos elogiou a iniciativa e reafirmou seu compromisso com os pequenos produtores. \u201cQuando entrei para a pol\u00edtica, escolhi trabalhar ao lado dos pequenos. Eles precisam da boa pol\u00edtica para equilibrar essa balan\u00e7a. N\u00e3o adianta fazer reforma agr\u00e1ria sem corrigir a terra. \u00c9 preciso garantir financiamento, m\u00e1quinas, acesso \u00e0 \u00e1gua, comercializa\u00e7\u00e3o, transporte \u2014 um conjunto de condi\u00e7\u00f5es para que tudo funcione\u201d, afirmou.<\/p>\n\n\n\n<p>Na ocasi\u00e3o, o deputado tamb\u00e9m ressaltou a import\u00e2ncia do programa Solo Vivo, lan\u00e7ado no dia 24 de maio, no assentamento Santo Ant\u00f4nio da Fartura, em Campo Verde. Durante o lan\u00e7amento, foram entregues uma p\u00e1 carregadeira, dois tratores, uma calcareadeira e duas grades aradoras por munic\u00edpio contemplado, atendendo 11 assentamentos.<\/p>\n\n\n\n<p>\u201cEstou muito animado com o Solo Vivo. Na minha vis\u00e3o, ele vai transformar a realidade da reforma agr\u00e1ria no Brasil &#8211; e come\u00e7ou aqui, em Mato Grosso. Parab\u00e9ns ao ministro F\u00e1varo pela iniciativa de distribuir, em escala nacional, milhares de m\u00e1quinas que v\u00e3o aumentar a produ\u00e7\u00e3o da agricultura familiar, que \u00e9 quem realmente coloca comida na mesa. Na Fartura, por exemplo, o solo \u00e9 pedregoso, \u00e1cido e com baix\u00edssima fertilidade. A reforma agr\u00e1ria n\u00e3o \u00e9 apenas entregar a terra, \u00e9 garantir que a produ\u00e7\u00e3o chegue at\u00e9 a g\u00f4ndola do supermercado e, isso, \u00e9 um processo complexo\u201d, completou Wilson Santos.<\/p>\n\n\n\n<p>O PROMAQ tem como objetivo impulsionar a produ\u00e7\u00e3o agropecu\u00e1ria por meio da mecaniza\u00e7\u00e3o agr\u00edcola, com a\u00e7\u00f5es voltadas \u00e0 moderniza\u00e7\u00e3o das atividades no campo, ao aumento da efici\u00eancia produtiva e \u00e0 melhoria da qualidade de vida dos agricultores. A cerim\u00f4nia contou com a presen\u00e7a de prefeitos e vereadores dos munic\u00edpios contemplados pelo programa.<\/p>\n","protected":false},"excerpt":{"rendered":"<p>O ministro da Agricultura e Pecu\u00e1ria (Mapa), Carlos F\u00e1varo, e o deputado estadual Wilson Santos (PSD) realizaram, no \u00faltimo s\u00e1bado (14), a entrega de m\u00e1quinas, implementos e equipamentos agr\u00edcolas por meio do Programa Nacional de Moderniza\u00e7\u00e3o e Apoio \u00e0 Produ\u00e7\u00e3o Agr\u00edcola (PROMAQ) do Governo Federal. A solenidade ocorreu no assentamento Dorcelina Folador, em V\u00e1rzea Grande, [&hellip;]<\/p>\n","protected":false},"author":4,"featured_media":1636,"comment_status":"closed","ping_status":"open","sticky":false,"template":"","format":"standard","meta":{"footnotes":""},"categories":[13],"tags":[],"yoast_head":"<!-- This site is optimized with the Yoast SEO Premium plugin v21.5 (Yoast SEO v21.4) - https:\/\/yoast.com\/wordpress\/plugins\/seo\/ -->\n<title>Wilson Santos e F\u00e1varo entregam implementos agr\u00edcolas para fortalecer a produ\u00e7\u00e3o e reduzir desigualdades no campo - wilsonsantosmt.com.br<\/title>\n<meta name=\"robots\" content=\"index, follow, max-snippet:-1, max-image-preview:large, max-video-preview:-1\" \/>\n<link rel=\"canonical\" href=\"https:\/\/wilsonsantosmt.com.br\/index.php\/2025\/06\/18\/wilson-santos-e-favaro-entregam-implementos-agricolas-para-fortalecer-a-producao-e-reduzir-desigualdades-no-campo\/\" \/>\n<meta property=\"og:locale\" content=\"pt_BR\" \/>\n<meta property=\"og:type\" content=\"article\" \/>\n<meta property=\"og:title\" content=\"Wilson Santos e F\u00e1varo entregam implementos agr\u00edcolas para fortalecer a produ\u00e7\u00e3o e reduzir desigualdades no campo\" \/>\n<meta property=\"og:description\" content=\"O ministro da Agricultura e Pecu\u00e1ria (Mapa), Carlos F\u00e1varo, e o deputado estadual Wilson Santos (PSD) realizaram, no \u00faltimo s\u00e1bado (14), a entrega de m\u00e1quinas, implementos e equipamentos agr\u00edcolas por meio do Programa Nacional de Moderniza\u00e7\u00e3o e Apoio \u00e0 Produ\u00e7\u00e3o Agr\u00edcola (PROMAQ) do Governo Federal. A solenidade ocorreu no assentamento Dorcelina Folador, em V\u00e1rzea Grande, [&hellip;]\" \/>\n<meta property=\"og:url\" content=\"https:\/\/wilsonsantosmt.com.br\/index.php\/2025\/06\/18\/wilson-santos-e-favaro-entregam-implementos-agricolas-para-fortalecer-a-producao-e-reduzir-desigualdades-no-campo\/\" \/>\n<meta property=\"og:site_name\" content=\"wilsonsantosmt.com.br\" \/>\n<meta property=\"article:publisher\" content=\"https:\/\/www.facebook.com\/WilsonSantosMT\/\" \/>\n<meta property=\"article:published_time\" content=\"2025-06-18T17:21:00+00:00\" \/>\n<meta property=\"article:modified_time\" content=\"2025-06-18T17:21:03+00:00\" \/>\n<meta property=\"og:image\" content=\"http:\/\/wilsonsantosmt.com.br\/wp-content\/uploads\/2025\/06\/WhatsApp-Image-2025-06-16-at-19.45.22.jpeg\" \/>\n\t<meta property=\"og:image:width\" content=\"2560\" \/>\n\t<meta property=\"og:image:height\" content=\"1706\" \/>\n\t<meta property=\"og:image:type\" content=\"image\/jpeg\" \/>\n<meta name=\"author\" content=\"Samantha dos Anjos\" \/>\n<meta name=\"twitter:card\" content=\"summary_large_image\" \/>\n<meta name=\"twitter:label1\" content=\"Escrito por\" \/>\n\t<meta name=\"twitter:data1\" content=\"Samantha dos Anjos\" \/>\n\t<meta name=\"twitter:label2\" content=\"Est. tempo de leitura\" \/>\n\t<meta name=\"twitter:data2\" content=\"3 minutos\" \/>\n<script type=\"application\/ld+json\" class=\"yoast-schema-graph\">{\"@context\":\"https:\/\/schema.org\",\"@graph\":[{\"@type\":\"Article\",\"@id\":\"https:\/\/wilsonsantosmt.com.br\/index.php\/2025\/06\/18\/wilson-santos-e-favaro-entregam-implementos-agricolas-para-fortalecer-a-producao-e-reduzir-desigualdades-no-campo\/#article\",\"isPartOf\":{\"@id\":\"https:\/\/wilsonsantosmt.com.br\/index.php\/2025\/06\/18\/wilson-santos-e-favaro-entregam-implementos-agricolas-para-fortalecer-a-producao-e-reduzir-desigualdades-no-campo\/\"},\"author\":{\"name\":\"Samantha dos Anjos\",\"@id\":\"https:\/\/wilsonsantosmt.com.br\/#\/schema\/person\/1d097ee45f526dd0455dbad8c679932c\"},\"headline\":\"Wilson Santos e F\u00e1varo entregam implementos agr\u00edcolas para fortalecer a produ\u00e7\u00e3o e reduzir desigualdades no campo\",\"datePublished\":\"2025-06-18T17:21:00+00:00\",\"dateModified\":\"2025-06-18T17:21:03+00:00\",\"mainEntityOfPage\":{\"@id\":\"https:\/\/wilsonsantosmt.com.br\/index.php\/2025\/06\/18\/wilson-santos-e-favaro-entregam-implementos-agricolas-para-fortalecer-a-producao-e-reduzir-desigualdades-no-campo\/\"},\"wordCount\":494,\"publisher\":{\"@id\":\"https:\/\/wilsonsantosmt.com.br\/#\/schema\/person\/9de3c54961637a9eadb16bcbf895b1ef\"},\"articleSection\":[\"Not\u00edcias\"],\"inLanguage\":\"pt-BR\"},{\"@type\":\"WebPage\",\"@id\":\"https:\/\/wilsonsantosmt.com.br\/index.php\/2025\/06\/18\/wilson-santos-e-favaro-entregam-implementos-agricolas-para-fortalecer-a-producao-e-reduzir-desigualdades-no-campo\/\",\"url\":\"https:\/\/wilsonsantosmt.com.br\/index.php\/2025\/06\/18\/wilson-santos-e-favaro-entregam-implementos-agricolas-para-fortalecer-a-producao-e-reduzir-desigualdades-no-campo\/\",\"name\":\"Wilson Santos e F\u00e1varo entregam implementos agr\u00edcolas para fortalecer a produ\u00e7\u00e3o e reduzir desigualdades no campo - wilsonsantosmt.com.br\",\"isPartOf\":{\"@id\":\"https:\/\/wilsonsantosmt.com.br\/#website\"},\"datePublished\":\"2025-06-18T17:21:00+00:00\",\"dateModified\":\"2025-06-18T17:21:03+00:00\",\"breadcrumb\":{\"@id\":\"https:\/\/wilsonsantosmt.com.br\/index.php\/2025\/06\/18\/wilson-santos-e-favaro-entregam-implementos-agricolas-para-fortalecer-a-producao-e-reduzir-desigualdades-no-campo\/#breadcrumb\"},\"inLanguage\":\"pt-BR\",\"potentialAction\":[{\"@type\":\"ReadAction\",\"target\":[\"https:\/\/wilsonsantosmt.com.br\/index.php\/2025\/06\/18\/wilson-santos-e-favaro-entregam-implementos-agricolas-para-fortalecer-a-producao-e-reduzir-desigualdades-no-campo\/\"]}]},{\"@type\":\"BreadcrumbList\",\"@id\":\"https:\/\/wilsonsantosmt.com.br\/index.php\/2025\/06\/18\/wilson-santos-e-favaro-entregam-implementos-agricolas-para-fortalecer-a-producao-e-reduzir-desigualdades-no-campo\/#breadcrumb\",\"itemListElement\":[{\"@type\":\"ListItem\",\"position\":1,\"name\":\"In\u00edcio\",\"item\":\"https:\/\/wilsonsantosmt.com.br\/\"},{\"@type\":\"ListItem\",\"position\":2,\"name\":\"Not\u00edcias\",\"item\":\"https:\/\/wilsonsantosmt.com.br\/index.php\/category\/noticias\/\"},{\"@type\":\"ListItem\",\"position\":3,\"name\":\"Wilson Santos e F\u00e1varo entregam implementos agr\u00edcolas para fortalecer a produ\u00e7\u00e3o e reduzir desigualdades no campo\"}]},{\"@type\":\"WebSite\",\"@id\":\"https:\/\/wilsonsantosmt.com.br\/#website\",\"url\":\"https:\/\/wilsonsantosmt.com.br\/\",\"name\":\"wilsonsantosmt.com.br\",\"description\":\"\",\"publisher\":{\"@id\":\"https:\/\/wilsonsantosmt.com.br\/#\/schema\/person\/9de3c54961637a9eadb16bcbf895b1ef\"},\"potentialAction\":[{\"@type\":\"SearchAction\",\"target\":{\"@type\":\"EntryPoint\",\"urlTemplate\":\"https:\/\/wilsonsantosmt.com.br\/?s={search_term_string}\"},\"query-input\":\"required name=search_term_string\"}],\"inLanguage\":\"pt-BR\"},{\"@type\":[\"Person\",\"Organization\"],\"@id\":\"https:\/\/wilsonsantosmt.com.br\/#\/schema\/person\/9de3c54961637a9eadb16bcbf895b1ef\",\"name\":\"Wilson Santos\",\"image\":{\"@type\":\"ImageObject\",\"inLanguage\":\"pt-BR\",\"@id\":\"https:\/\/wilsonsantosmt.com.br\/#\/schema\/person\/image\/\",\"url\":\"https:\/\/wilsonsantosmt.com.br\/wp-content\/uploads\/2023\/11\/310828673_653254583023360_8795459643194608438_n.jpg\",\"contentUrl\":\"https:\/\/wilsonsantosmt.com.br\/wp-content\/uploads\/2023\/11\/310828673_653254583023360_8795459643194608438_n.jpg\",\"width\":1078,\"height\":1079,\"caption\":\"Wilson Santos\"},\"logo\":{\"@id\":\"https:\/\/wilsonsantosmt.com.br\/#\/schema\/person\/image\/\"},\"sameAs\":[\"http:\/\/wilsonsantosmt.com.br\",\"https:\/\/www.facebook.com\/WilsonSantosMT\/\",\"https:\/\/www.instagram.com\/wilsonsantosmt\/\",\"https:\/\/www.youtube.com\/@WilsonSantosWS\/videos\",\"https:\/\/pt.wikipedia.org\/wiki\/Wilson_Santos\"],\"honorificPrefix\":\"Sr\",\"gender\":\"masculino\",\"jobTitle\":\"Deputado Estadual\",\"worksFor\":\"Assembleia Legislativa de Mato Grosso\"},{\"@type\":\"Person\",\"@id\":\"https:\/\/wilsonsantosmt.com.br\/#\/schema\/person\/1d097ee45f526dd0455dbad8c679932c\",\"name\":\"Samantha dos Anjos\",\"image\":{\"@type\":\"ImageObject\",\"inLanguage\":\"pt-BR\",\"@id\":\"https:\/\/wilsonsantosmt.com.br\/#\/schema\/person\/image\/\",\"url\":\"https:\/\/secure.gravatar.com\/avatar\/7d8d0b6dd67d134a9fa841bee90c57c7?s=96&d=mm&r=g\",\"contentUrl\":\"https:\/\/secure.gravatar.com\/avatar\/7d8d0b6dd67d134a9fa841bee90c57c7?s=96&d=mm&r=g\",\"caption\":\"Samantha dos Anjos\"},\"url\":\"https:\/\/wilsonsantosmt.com.br\/index.php\/author\/samantha-dos-anjos\/\"}]}<\/script>\n<!-- \/ Yoast SEO Premium plugin. -->","yoast_head_json":{"title":"Wilson Santos e F\u00e1varo entregam implementos agr\u00edcolas para fortalecer a produ\u00e7\u00e3o e reduzir desigualdades no campo - wilsonsantosmt.com.br","robots":{"index":"index","follow":"follow","max-snippet":"max-snippet:-1","max-image-preview":"max-image-preview:large","max-video-preview":"max-video-preview:-1"},"canonical":"https:\/\/wilsonsantosmt.com.br\/index.php\/2025\/06\/18\/wilson-santos-e-favaro-entregam-implementos-agricolas-para-fortalecer-a-producao-e-reduzir-desigualdades-no-campo\/","og_locale":"pt_BR","og_type":"article","og_title":"Wilson Santos e F\u00e1varo entregam implementos agr\u00edcolas para fortalecer a produ\u00e7\u00e3o e reduzir desigualdades no campo","og_description":"O ministro da Agricultura e Pecu\u00e1ria (Mapa), Carlos F\u00e1varo, e o deputado estadual Wilson Santos (PSD) realizaram, no \u00faltimo s\u00e1bado (14), a entrega de m\u00e1quinas, implementos e equipamentos agr\u00edcolas por meio do Programa Nacional de Moderniza\u00e7\u00e3o e Apoio \u00e0 Produ\u00e7\u00e3o Agr\u00edcola (PROMAQ) do Governo Federal. A solenidade ocorreu no assentamento Dorcelina Folador, em V\u00e1rzea Grande, [&hellip;]","og_url":"https:\/\/wilsonsantosmt.com.br\/index.php\/2025\/06\/18\/wilson-santos-e-favaro-entregam-implementos-agricolas-para-fortalecer-a-producao-e-reduzir-desigualdades-no-campo\/","og_site_name":"wilsonsantosmt.com.br","article_publisher":"https:\/\/www.facebook.com\/WilsonSantosMT\/","article_published_time":"2025-06-18T17:21:00+00:00","article_modified_time":"2025-06-18T17:21:03+00:00","og_image":[{"width":2560,"height":1706,"url":"http:\/\/wilsonsantosmt.com.br\/wp-content\/uploads\/2025\/06\/WhatsApp-Image-2025-06-16-at-19.45.22.jpeg","type":"image\/jpeg"}],"author":"Samantha dos Anjos","twitter_card":"summary_large_image","twitter_misc":{"Escrito por":"Samantha dos Anjos","Est. tempo de leitura":"3 minutos"},"schema":{"@context":"https:\/\/schema.org","@graph":[{"@type":"Article","@id":"https:\/\/wilsonsantosmt.com.br\/index.php\/2025\/06\/18\/wilson-santos-e-favaro-entregam-implementos-agricolas-para-fortalecer-a-producao-e-reduzir-desigualdades-no-campo\/#article","isPartOf":{"@id":"https:\/\/wilsonsantosmt.com.br\/index.php\/2025\/06\/18\/wilson-santos-e-favaro-entregam-implementos-agricolas-para-fortalecer-a-producao-e-reduzir-desigualdades-no-campo\/"},"author":{"name":"Samantha dos Anjos","@id":"https:\/\/wilsonsantosmt.com.br\/#\/schema\/person\/1d097ee45f526dd0455dbad8c679932c"},"headline":"Wilson Santos e F\u00e1varo entregam implementos agr\u00edcolas para fortalecer a produ\u00e7\u00e3o e reduzir desigualdades no campo","datePublished":"2025-06-18T17:21:00+00:00","dateModified":"2025-06-18T17:21:03+00:00","mainEntityOfPage":{"@id":"https:\/\/wilsonsantosmt.com.br\/index.php\/2025\/06\/18\/wilson-santos-e-favaro-entregam-implementos-agricolas-para-fortalecer-a-producao-e-reduzir-desigualdades-no-campo\/"},"wordCount":494,"publisher":{"@id":"https:\/\/wilsonsantosmt.com.br\/#\/schema\/person\/9de3c54961637a9eadb16bcbf895b1ef"},"articleSection":["Not\u00edcias"],"inLanguage":"pt-BR"},{"@type":"WebPage","@id":"https:\/\/wilsonsantosmt.com.br\/index.php\/2025\/06\/18\/wilson-santos-e-favaro-entregam-implementos-agricolas-para-fortalecer-a-producao-e-reduzir-desigualdades-no-campo\/","url":"https:\/\/wilsonsantosmt.com.br\/index.php\/2025\/06\/18\/wilson-santos-e-favaro-entregam-implementos-agricolas-para-fortalecer-a-producao-e-reduzir-desigualdades-no-campo\/","name":"Wilson Santos e F\u00e1varo entregam implementos agr\u00edcolas para fortalecer a produ\u00e7\u00e3o e reduzir desigualdades no campo - wilsonsantosmt.com.br","isPartOf":{"@id":"https:\/\/wilsonsantosmt.com.br\/#website"},"datePublished":"2025-06-18T17:21:00+00:00","dateModified":"2025-06-18T17:21:03+00:00","breadcrumb":{"@id":"https:\/\/wilsonsantosmt.com.br\/index.php\/2025\/06\/18\/wilson-santos-e-favaro-entregam-implementos-agricolas-para-fortalecer-a-producao-e-reduzir-desigualdades-no-campo\/#breadcrumb"},"inLanguage":"pt-BR","potentialAction":[{"@type":"ReadAction","target":["https:\/\/wilsonsantosmt.com.br\/index.php\/2025\/06\/18\/wilson-santos-e-favaro-entregam-implementos-agricolas-para-fortalecer-a-producao-e-reduzir-desigualdades-no-campo\/"]}]},{"@type":"BreadcrumbList","@id":"https:\/\/wilsonsantosmt.com.br\/index.php\/2025\/06\/18\/wilson-santos-e-favaro-entregam-implementos-agricolas-para-fortalecer-a-producao-e-reduzir-desigualdades-no-campo\/#breadcrumb","itemListElement":[{"@type":"ListItem","position":1,"name":"In\u00edcio","item":"https:\/\/wilsonsantosmt.com.br\/"},{"@type":"ListItem","position":2,"name":"Not\u00edcias","item":"https:\/\/wilsonsantosmt.com.br\/index.php\/category\/noticias\/"},{"@type":"ListItem","position":3,"name":"Wilson Santos e F\u00e1varo entregam implementos agr\u00edcolas para fortalecer a produ\u00e7\u00e3o e reduzir desigualdades no campo"}]},{"@type":"WebSite","@id":"https:\/\/wilsonsantosmt.com.br\/#website","url":"https:\/\/wilsonsantosmt.com.br\/","name":"wilsonsantosmt.com.br","description":"","publisher":{"@id":"https:\/\/wilsonsantosmt.com.br\/#\/schema\/person\/9de3c54961637a9eadb16bcbf895b1ef"},"potentialAction":[{"@type":"SearchAction","target":{"@type":"EntryPoint","urlTemplate":"https:\/\/wilsonsantosmt.com.br\/?s={search_term_string}"},"query-input":"required name=search_term_string"}],"inLanguage":"pt-BR"},{"@type":["Person","Organization"],"@id":"https:\/\/wilsonsantosmt.com.br\/#\/schema\/person\/9de3c54961637a9eadb16bcbf895b1ef","name":"Wilson Santos","image":{"@type":"ImageObject","inLanguage":"pt-BR","@id":"https:\/\/wilsonsantosmt.com.br\/#\/schema\/person\/image\/","url":"https:\/\/wilsonsantosmt.com.br\/wp-content\/uploads\/2023\/11\/310828673_653254583023360_8795459643194608438_n.jpg","contentUrl":"https:\/\/wilsonsantosmt.com.br\/wp-content\/uploads\/2023\/11\/310828673_653254583023360_8795459643194608438_n.jpg","width":1078,"height":1079,"caption":"Wilson Santos"},"logo":{"@id":"https:\/\/wilsonsantosmt.com.br\/#\/schema\/person\/image\/"},"sameAs":["http:\/\/wilsonsantosmt.com.br","https:\/\/www.facebook.com\/WilsonSantosMT\/","https:\/\/www.instagram.com\/wilsonsantosmt\/","https:\/\/www.youtube.com\/@WilsonSantosWS\/videos","https:\/\/pt.wikipedia.org\/wiki\/Wilson_Santos"],"honorificPrefix":"Sr","gender":"masculino","jobTitle":"Deputado Estadual","worksFor":"Assembleia Legislativa de Mato Grosso"},{"@type":"Person","@id":"https:\/\/wilsonsantosmt.com.br\/#\/schema\/person\/1d097ee45f526dd0455dbad8c679932c","name":"Samantha dos Anjos","image":{"@type":"ImageObject","inLanguage":"pt-BR","@id":"https:\/\/wilsonsantosmt.com.br\/#\/schema\/person\/image\/","url":"https:\/\/secure.gravatar.com\/avatar\/7d8d0b6dd67d134a9fa841bee90c57c7?s=96&d=mm&r=g","contentUrl":"https:\/\/secure.gravatar.com\/avatar\/7d8d0b6dd67d134a9fa841bee90c57c7?s=96&d=mm&r=g","caption":"Samantha dos Anjos"},"url":"https:\/\/wilsonsantosmt.com.br\/index.php\/author\/samantha-dos-anjos\/"}]}},"_links":{"self":[{"href":"https:\/\/wilsonsantosmt.com.br\/index.php\/wp-json\/wp\/v2\/posts\/1634"}],"collection":[{"href":"https:\/\/wilsonsantosmt.com.br\/index.php\/wp-json\/wp\/v2\/posts"}],"about":[{"href":"https:\/\/wilsonsantosmt.com.br\/index.php\/wp-json\/wp\/v2\/types\/post"}],"author":[{"embeddable":true,"href":"https:\/\/wilsonsantosmt.com.br\/index.php\/wp-json\/wp\/v2\/users\/4"}],"replies":[{"embeddable":true,"href":"https:\/\/wilsonsantosmt.com.br\/index.php\/wp-json\/wp\/v2\/comments?post=1634"}],"version-history":[{"count":1,"href":"https:\/\/wilsonsantosmt.com.br\/index.php\/wp-json\/wp\/v2\/posts\/1634\/revisions"}],"predecessor-version":[{"id":1637,"href":"https:\/\/wilsonsantosmt.com.br\/index.php\/wp-json\/wp\/v2\/posts\/1634\/revisions\/1637"}],"wp:featuredmedia":[{"embeddable":true,"href":"https:\/\/wilsonsantosmt.com.br\/index.php\/wp-json\/wp\/v2\/media\/1636"}],"wp:attachment":[{"href":"https:\/\/wilsonsantosmt.com.br\/index.php\/wp-json\/wp\/v2\/media?parent=1634"}],"wp:term":[{"taxonomy":"category","embeddable":true,"href":"https:\/\/wilsonsantosmt.com.br\/index.php\/wp-json\/wp\/v2\/categories?post=1634"},{"taxonomy":"post_tag","embeddable":true,"href":"https:\/\/wilsonsantosmt.com.br\/index.php\/wp-json\/wp\/v2\/tags?post=1634"}],"curies":[{"name":"wp","href":"https:\/\/api.w.org\/{rel}","templated":true}]}}